{"id":55488,"date":"2023-10-07T11:01:06","date_gmt":"2023-10-07T09:01:06","guid":{"rendered":"https:\/\/gorica.info\/?p=55488"},"modified":"2023-10-07T11:01:06","modified_gmt":"2023-10-07T09:01:06","slug":"nacionalni-dan-borbe-protiv-raka-dojke-ruzicasta-kolona-obojala-srediste-velike-gorice","status":"publish","type":"post","link":"https:\/\/gorica.info\/en\/nacionalni-dan-borbe-protiv-raka-dojke-ruzicasta-kolona-obojala-srediste-velike-gorice\/","title":{"rendered":"Nacionalni dan borbe protiv raka dojke: Ru\u017ei\u010dasta kolona obojala sredi\u0161te Velike Gorice"},"content":{"rendered":"<p><strong>Nacionalni dan borbe protiv raka dojke<\/strong> i <strong>Dan ru\u017ei\u010daste vrpce<\/strong> prigodno je obilje\u017een i u Velikoj Gorici. <a href=\"https:\/\/gorica.info\/en\/2023\/10\/06\/dan-ruzicaste-vrpce-i-poruka-zenama-rak-dojke-se-moze-izlijeciti-ako-se-otkrije-u-pocetnom-stadiju-vodite-brigu-o-svom-zdravlju\/\">Udruga edukacijom protiv raka dojke<\/a> Zagreba\u010dke \u017eupanije organizirala je u subotu dru\u017eenje i \u0161etnju od prostorija udruge u Zagreba\u010dkoj 6 do Pu\u010dkog otvorenog u\u010dili\u0161ta. Brojne Velikogori\u010danke i Turopoljke te po koji mu\u0161karac, hodali su u subotu s porukom da je va\u017ena prevencija i rano otkrivanje raka dojke.<\/p>\n<p><strong><img fetchpriority=\"high\" decoding=\"async\" class=\"aligncenter wp-image-55500 size-large\" src=\"https:\/\/gorica.info\/wp-content\/uploads\/2023\/10\/dan-ruzicaste-vrpce4-1024x766.jpg\" alt=\"\" width=\"810\" height=\"606\" \/><\/strong><\/p>\n<p>Roza vrpca simbol je obilje\u017eavanja va\u017enosti ranog otkrivanja raka dojke jer 90% oboljelih \u017eena mo\u017ee se izlije\u010diti kada se bolest otkrije u po\u010detnom stadiju &#8211; rekla nam je <strong>\u0110ur\u0111a Dehin<\/strong>, predsjednica udruge.<\/p>\n<p><strong><img decoding=\"async\" class=\"aligncenter wp-image-55497 size-large\" src=\"https:\/\/gorica.info\/wp-content\/uploads\/2023\/10\/dan-ruzicaste-vrpce-durda-dehin-1024x766.jpg\" alt=\"\" width=\"810\" height=\"606\" srcset=\"https:\/\/gorica.info\/wp-content\/uploads\/2023\/10\/dan-ruzicaste-vrpce-durda-dehin-1024x766.jpg 1024w, https:\/\/gorica.info\/wp-content\/uploads\/2023\/10\/dan-ruzicaste-vrpce-durda-dehin-300x225.jpg 300w, https:\/\/gorica.info\/wp-content\/uploads\/2023\/10\/dan-ruzicaste-vrpce-durda-dehin-768x575.jpg 768w, https:\/\/gorica.info\/wp-content\/uploads\/2023\/10\/dan-ruzicaste-vrpce-durda-dehin-16x12.jpg 16w, https:\/\/gorica.info\/wp-content\/uploads\/2023\/10\/dan-ruzicaste-vrpce-durda-dehin-750x561.jpg 750w, https:\/\/gorica.info\/wp-content\/uploads\/2023\/10\/dan-ruzicaste-vrpce-durda-dehin.jpg 1069w\" sizes=\"(max-width: 810px) 100vw, 810px\" \/><\/strong><\/p>\n<p>\u2013 Ne okupljamo se da bi promovirali udrugu ve\u0107 da bi \u0161etnjom dali potporu oboljelim \u017eenama i da probudimo ljude kako bi postali svjesni va\u017enosti <strong>samopregleda i zdravstvenih pregleda<\/strong>. Organiziramo cijeli niz akcija kako bi potakli \u017eene da \u010de\u0161\u0107e idu lije\u010dniku. Nije sve \u0161to se na\u0111e na dojci tumor dojke, zato postoje ultrazvuk, mamograf, lije\u010dni\u010dki pregled. Svaka \u017eena najbolje poznaje svoje tijelo i samopregledom mo\u017ee otkriti promjene na dojci. Kada uo\u010dite promjenu, onda treba oti\u0107i lije\u010dniku \u2013 poru\u010dila je \u0110ur\u0111a Dehin.<\/p>\n<p>Sve je vi\u0161e \u017eena koje obolijevaju u mla\u0111oj \u017eivotnoj dobi, imamo iskustvo da djevojke u srednjo\u0161kolskoj dobi su ve\u0107 bile na operativnim zahvatima. Obi\u010dno se radi o djevojkama koje imaju obiteljsku anamnezu odnosno da je netko ve\u0107 u obitelji imao tumor dojke \u2013 ka\u017ee Dehin.<\/p>\n<p><strong><img decoding=\"async\" class=\"aligncenter wp-image-55501 size-large\" src=\"https:\/\/gorica.info\/wp-content\/uploads\/2023\/10\/dan-ruzicaste-vrpce-zvonko-kunic-martina-glasnovic-neven-karas-1024x766.jpg\" alt=\"\" width=\"810\" height=\"606\" srcset=\"https:\/\/gorica.info\/wp-content\/uploads\/2023\/10\/dan-ruzicaste-vrpce-zvonko-kunic-martina-glasnovic-neven-karas-1024x766.jpg 1024w, https:\/\/gorica.info\/wp-content\/uploads\/2023\/10\/dan-ruzicaste-vrpce-zvonko-kunic-martina-glasnovic-neven-karas-300x225.jpg 300w, https:\/\/gorica.info\/wp-content\/uploads\/2023\/10\/dan-ruzicaste-vrpce-zvonko-kunic-martina-glasnovic-neven-karas-768x575.jpg 768w, https:\/\/gorica.info\/wp-content\/uploads\/2023\/10\/dan-ruzicaste-vrpce-zvonko-kunic-martina-glasnovic-neven-karas-16x12.jpg 16w, https:\/\/gorica.info\/wp-content\/uploads\/2023\/10\/dan-ruzicaste-vrpce-zvonko-kunic-martina-glasnovic-neven-karas-750x561.jpg 750w, https:\/\/gorica.info\/wp-content\/uploads\/2023\/10\/dan-ruzicaste-vrpce-zvonko-kunic-martina-glasnovic-neven-karas.jpg 1069w\" sizes=\"(max-width: 810px) 100vw, 810px\" \/><\/strong><\/p>\n<p>Hrabre \u017eene do\u0161li su podr\u017eati i predsjednica Skup\u0161tine Zagreba\u010dke \u017eupanije <strong>Martina Glasnovi\u0107<\/strong>, do\u017eupan <strong>Ervin Kolarec<\/strong>, zamjenik gradona\u010delnika Velike Gorice<strong> Neven Karas<\/strong>, gradski vije\u0107nici <strong>Ivan Bekavac<\/strong> i <strong>Zvonko Kuni\u0107, <\/strong>ugledni gori\u010dki lije\u010dnici<strong> Maja i Nikola Leder&#8230;<\/strong>.<\/p>\n<p><strong><img loading=\"lazy\" decoding=\"async\" class=\"aligncenter wp-image-55496 size-large\" src=\"https:\/\/gorica.info\/wp-content\/uploads\/2023\/10\/dan-ruzicaste-vrpce7-1024x766.jpg\" alt=\"\" width=\"810\" height=\"606\" srcset=\"https:\/\/gorica.info\/wp-content\/uploads\/2023\/10\/dan-ruzicaste-vrpce7-1024x766.jpg 1024w, https:\/\/gorica.info\/wp-content\/uploads\/2023\/10\/dan-ruzicaste-vrpce7-300x225.jpg 300w, https:\/\/gorica.info\/wp-content\/uploads\/2023\/10\/dan-ruzicaste-vrpce7-768x575.jpg 768w, https:\/\/gorica.info\/wp-content\/uploads\/2023\/10\/dan-ruzicaste-vrpce7-16x12.jpg 16w, https:\/\/gorica.info\/wp-content\/uploads\/2023\/10\/dan-ruzicaste-vrpce7-750x561.jpg 750w, https:\/\/gorica.info\/wp-content\/uploads\/2023\/10\/dan-ruzicaste-vrpce7.jpg 1069w\" sizes=\"(max-width: 810px) 100vw, 810px\" \/><\/strong><\/p>\n<p><strong><img loading=\"lazy\" decoding=\"async\" class=\"aligncenter wp-image-55489 size-large\" src=\"https:\/\/gorica.info\/wp-content\/uploads\/2023\/10\/dan-ruzicaste-vrpce-ervin-kolarec-1024x766.jpg\" alt=\"\" width=\"810\" height=\"606\" srcset=\"https:\/\/gorica.info\/wp-content\/uploads\/2023\/10\/dan-ruzicaste-vrpce-ervin-kolarec-1024x766.jpg 1024w, https:\/\/gorica.info\/wp-content\/uploads\/2023\/10\/dan-ruzicaste-vrpce-ervin-kolarec-300x225.jpg 300w, https:\/\/gorica.info\/wp-content\/uploads\/2023\/10\/dan-ruzicaste-vrpce-ervin-kolarec-768x575.jpg 768w, https:\/\/gorica.info\/wp-content\/uploads\/2023\/10\/dan-ruzicaste-vrpce-ervin-kolarec-16x12.jpg 16w, https:\/\/gorica.info\/wp-content\/uploads\/2023\/10\/dan-ruzicaste-vrpce-ervin-kolarec-750x561.jpg 750w, https:\/\/gorica.info\/wp-content\/uploads\/2023\/10\/dan-ruzicaste-vrpce-ervin-kolarec.jpg 1069w\" sizes=\"(max-width: 810px) 100vw, 810px\" \/><\/strong><\/p>\n<p>\u2013 \u010cast mi je danas podr\u017eati na\u0161u udrugu i sve \u017eene, kako bi zajedno stavili naglasak na borbu protiv raka dojke. Drage dame, drage majke, drage djevojke pregled traje svega nekoliko minuta, izdvojite te minute pregledajte se i budite zdrave. Kada se na vrijeme otkrije, onda su zaista velike \u0161anse i za izlije\u010denje \u2013 rekao je do\u017eupan Kolarec.<\/p>\n<p>Rak dojke se naj\u010de\u0161\u0107e javlja u dobi iznad 50 godina, ali se mo\u017ee javiti i u mladih \u017eena. Postoje predispozicijski faktori za razvoj raka dojke, a to su genetska predispozicija, \u017eene koje su imale prvu menstruaciju prije 12. godine, koje nisu rodile ili su ra\u0111ale nakon 30. godine, one koje su u\u0161le u menopauzu nakon 55. godine i pretilost.<\/p>\n<p>Simptomi na koje svakako treba obratiti pozornost i potra\u017eiti lije\u010dni\u010dku pomo\u0107, a mogu upu\u0107ivati na rak dojke, su \u010dvor u dojci, iscjedak iz dojke, promjene na ko\u017ei dojke, uvu\u010dena bradavica, crvenilo, otok dojke te pove\u0107ani limfni \u010dvorovi ispod pazuha. Dan ru\u017ei\u010daste vrpce prigoda je za podsje\u0107anje i na te simptome koji se ne smiju zanemarivati.<\/p>\n<p><strong>\u00a0\u00a0<img loading=\"lazy\" decoding=\"async\" class=\"aligncenter wp-image-55491 size-large\" src=\"https:\/\/gorica.info\/wp-content\/uploads\/2023\/10\/dan-ruzicaste-vrpce12-1024x766.jpg\" alt=\"\" width=\"810\" height=\"606\" srcset=\"https:\/\/gorica.info\/wp-content\/uploads\/2023\/10\/dan-ruzicaste-vrpce12-1024x766.jpg 1024w, https:\/\/gorica.info\/wp-content\/uploads\/2023\/10\/dan-ruzicaste-vrpce12-300x225.jpg 300w, https:\/\/gorica.info\/wp-content\/uploads\/2023\/10\/dan-ruzicaste-vrpce12-768x575.jpg 768w, https:\/\/gorica.info\/wp-content\/uploads\/2023\/10\/dan-ruzicaste-vrpce12-16x12.jpg 16w, https:\/\/gorica.info\/wp-content\/uploads\/2023\/10\/dan-ruzicaste-vrpce12-750x561.jpg 750w, https:\/\/gorica.info\/wp-content\/uploads\/2023\/10\/dan-ruzicaste-vrpce12.jpg 1069w\" sizes=\"(max-width: 810px) 100vw, 810px\" \/><\/strong><\/p>\n<p><strong> <img loading=\"lazy\" decoding=\"async\" class=\"aligncenter wp-image-55492 size-large\" src=\"https:\/\/gorica.info\/wp-content\/uploads\/2023\/10\/dan-ruzicaste-vrpce11-1024x766.jpg\" alt=\"\" width=\"810\" height=\"606\" srcset=\"https:\/\/gorica.info\/wp-content\/uploads\/2023\/10\/dan-ruzicaste-vrpce11-1024x766.jpg 1024w, https:\/\/gorica.info\/wp-content\/uploads\/2023\/10\/dan-ruzicaste-vrpce11-300x225.jpg 300w, https:\/\/gorica.info\/wp-content\/uploads\/2023\/10\/dan-ruzicaste-vrpce11-768x575.jpg 768w, https:\/\/gorica.info\/wp-content\/uploads\/2023\/10\/dan-ruzicaste-vrpce11-16x12.jpg 16w, https:\/\/gorica.info\/wp-content\/uploads\/2023\/10\/dan-ruzicaste-vrpce11-750x561.jpg 750w, https:\/\/gorica.info\/wp-content\/uploads\/2023\/10\/dan-ruzicaste-vrpce11.jpg 1069w\" sizes=\"(max-width: 810px) 100vw, 810px\" \/><\/strong><\/p>\n<p><strong> <img loading=\"lazy\" decoding=\"async\" class=\"aligncenter wp-image-55493 size-large\" src=\"https:\/\/gorica.info\/wp-content\/uploads\/2023\/10\/dan-ruzicaste-vrpce10-1024x766.jpg\" alt=\"\" width=\"810\" height=\"606\" srcset=\"https:\/\/gorica.info\/wp-content\/uploads\/2023\/10\/dan-ruzicaste-vrpce10-1024x766.jpg 1024w, https:\/\/gorica.info\/wp-content\/uploads\/2023\/10\/dan-ruzicaste-vrpce10-300x225.jpg 300w, https:\/\/gorica.info\/wp-content\/uploads\/2023\/10\/dan-ruzicaste-vrpce10-768x575.jpg 768w, https:\/\/gorica.info\/wp-content\/uploads\/2023\/10\/dan-ruzicaste-vrpce10-16x12.jpg 16w, https:\/\/gorica.info\/wp-content\/uploads\/2023\/10\/dan-ruzicaste-vrpce10-750x561.jpg 750w, https:\/\/gorica.info\/wp-content\/uploads\/2023\/10\/dan-ruzicaste-vrpce10.jpg 1069w\" sizes=\"(max-width: 810px) 100vw, 810px\" \/><\/strong><\/p>\n<p><strong> <img loading=\"lazy\" decoding=\"async\" class=\"aligncenter wp-image-55494 size-large\" src=\"https:\/\/gorica.info\/wp-content\/uploads\/2023\/10\/dan-ruzicaste-vrpce9-1024x766.jpg\" alt=\"\" width=\"810\" height=\"606\" srcset=\"https:\/\/gorica.info\/wp-content\/uploads\/2023\/10\/dan-ruzicaste-vrpce9-1024x766.jpg 1024w, https:\/\/gorica.info\/wp-content\/uploads\/2023\/10\/dan-ruzicaste-vrpce9-300x225.jpg 300w, https:\/\/gorica.info\/wp-content\/uploads\/2023\/10\/dan-ruzicaste-vrpce9-768x575.jpg 768w, https:\/\/gorica.info\/wp-content\/uploads\/2023\/10\/dan-ruzicaste-vrpce9-16x12.jpg 16w, https:\/\/gorica.info\/wp-content\/uploads\/2023\/10\/dan-ruzicaste-vrpce9-750x561.jpg 750w, https:\/\/gorica.info\/wp-content\/uploads\/2023\/10\/dan-ruzicaste-vrpce9.jpg 1069w\" sizes=\"(max-width: 810px) 100vw, 810px\" \/><\/strong><\/p>\n<p><strong><img loading=\"lazy\" decoding=\"async\" class=\"aligncenter wp-image-55498 size-large\" src=\"https:\/\/gorica.info\/wp-content\/uploads\/2023\/10\/dan-ruzicaste-vrpce6-1024x766.jpg\" alt=\"\" width=\"810\" height=\"606\" srcset=\"https:\/\/gorica.info\/wp-content\/uploads\/2023\/10\/dan-ruzicaste-vrpce6-1024x766.jpg 1024w, https:\/\/gorica.info\/wp-content\/uploads\/2023\/10\/dan-ruzicaste-vrpce6-300x225.jpg 300w, https:\/\/gorica.info\/wp-content\/uploads\/2023\/10\/dan-ruzicaste-vrpce6-768x575.jpg 768w, https:\/\/gorica.info\/wp-content\/uploads\/2023\/10\/dan-ruzicaste-vrpce6-16x12.jpg 16w, https:\/\/gorica.info\/wp-content\/uploads\/2023\/10\/dan-ruzicaste-vrpce6-750x561.jpg 750w, https:\/\/gorica.info\/wp-content\/uploads\/2023\/10\/dan-ruzicaste-vrpce6.jpg 1069w\" sizes=\"(max-width: 810px) 100vw, 810px\" \/><\/strong><\/p>\n<p><strong> <img loading=\"lazy\" decoding=\"async\" class=\"aligncenter wp-image-55499 size-large\" src=\"https:\/\/gorica.info\/wp-content\/uploads\/2023\/10\/dan-ruzicaste-vrpce5-1024x766.jpg\" alt=\"\" width=\"810\" height=\"606\" srcset=\"https:\/\/gorica.info\/wp-content\/uploads\/2023\/10\/dan-ruzicaste-vrpce5-1024x766.jpg 1024w, https:\/\/gorica.info\/wp-content\/uploads\/2023\/10\/dan-ruzicaste-vrpce5-300x225.jpg 300w, https:\/\/gorica.info\/wp-content\/uploads\/2023\/10\/dan-ruzicaste-vrpce5-768x575.jpg 768w, https:\/\/gorica.info\/wp-content\/uploads\/2023\/10\/dan-ruzicaste-vrpce5-16x12.jpg 16w, https:\/\/gorica.info\/wp-content\/uploads\/2023\/10\/dan-ruzicaste-vrpce5-750x561.jpg 750w, https:\/\/gorica.info\/wp-content\/uploads\/2023\/10\/dan-ruzicaste-vrpce5.jpg 1069w\" sizes=\"(max-width: 810px) 100vw, 810px\" \/><\/strong><\/p>\n<p><strong><img loading=\"lazy\" decoding=\"async\" class=\"aligncenter wp-image-55502 size-large\" src=\"https:\/\/gorica.info\/wp-content\/uploads\/2023\/10\/dan-ruzicaste-vrpce3-1024x766.jpg\" alt=\"\" width=\"810\" height=\"606\" srcset=\"https:\/\/gorica.info\/wp-content\/uploads\/2023\/10\/dan-ruzicaste-vrpce3-1024x766.jpg 1024w, https:\/\/gorica.info\/wp-content\/uploads\/2023\/10\/dan-ruzicaste-vrpce3-300x225.jpg 300w, https:\/\/gorica.info\/wp-content\/uploads\/2023\/10\/dan-ruzicaste-vrpce3-768x575.jpg 768w, https:\/\/gorica.info\/wp-content\/uploads\/2023\/10\/dan-ruzicaste-vrpce3-16x12.jpg 16w, https:\/\/gorica.info\/wp-content\/uploads\/2023\/10\/dan-ruzicaste-vrpce3-750x561.jpg 750w, https:\/\/gorica.info\/wp-content\/uploads\/2023\/10\/dan-ruzicaste-vrpce3.jpg 1069w\" sizes=\"(max-width: 810px) 100vw, 810px\" \/><\/strong><\/p>\n<p><strong> <img loading=\"lazy\" decoding=\"async\" class=\"aligncenter wp-image-55503 size-large\" src=\"https:\/\/gorica.info\/wp-content\/uploads\/2023\/10\/dan-ruzicaste-vrpce2-1024x766.jpg\" alt=\"\" width=\"810\" height=\"606\" srcset=\"https:\/\/gorica.info\/wp-content\/uploads\/2023\/10\/dan-ruzicaste-vrpce2-1024x766.jpg 1024w, https:\/\/gorica.info\/wp-content\/uploads\/2023\/10\/dan-ruzicaste-vrpce2-300x225.jpg 300w, https:\/\/gorica.info\/wp-content\/uploads\/2023\/10\/dan-ruzicaste-vrpce2-768x575.jpg 768w, https:\/\/gorica.info\/wp-content\/uploads\/2023\/10\/dan-ruzicaste-vrpce2-16x12.jpg 16w, https:\/\/gorica.info\/wp-content\/uploads\/2023\/10\/dan-ruzicaste-vrpce2-750x561.jpg 750w, https:\/\/gorica.info\/wp-content\/uploads\/2023\/10\/dan-ruzicaste-vrpce2.jpg 1069w\" sizes=\"(max-width: 810px) 100vw, 810px\" \/><\/strong><\/p>\n<p><strong> <img loading=\"lazy\" decoding=\"async\" class=\"aligncenter wp-image-55504 size-large\" src=\"https:\/\/gorica.info\/wp-content\/uploads\/2023\/10\/dan-ruzicaste-vrpce1-e1696669702575-1024x601.jpg\" alt=\"\" width=\"810\" height=\"475\" srcset=\"https:\/\/gorica.info\/wp-content\/uploads\/2023\/10\/dan-ruzicaste-vrpce1-e1696669702575-1024x601.jpg 1024w, https:\/\/gorica.info\/wp-content\/uploads\/2023\/10\/dan-ruzicaste-vrpce1-e1696669702575-300x176.jpg 300w, https:\/\/gorica.info\/wp-content\/uploads\/2023\/10\/dan-ruzicaste-vrpce1-e1696669702575-768x450.jpg 768w, https:\/\/gorica.info\/wp-content\/uploads\/2023\/10\/dan-ruzicaste-vrpce1-e1696669702575-18x12.jpg 18w, https:\/\/gorica.info\/wp-content\/uploads\/2023\/10\/dan-ruzicaste-vrpce1-e1696669702575-750x440.jpg 750w, https:\/\/gorica.info\/wp-content\/uploads\/2023\/10\/dan-ruzicaste-vrpce1-e1696669702575.jpg 1069w\" sizes=\"(max-width: 810px) 100vw, 810px\" \/><\/strong><\/p>","protected":false},"excerpt":{"rendered":"<p>Nacionalni dan borbe protiv raka dojke i Dan ru\u017ei\u010daste vrpce prigodno je obilje\u017een i u Velikoj Gorici. Udruga edukacijom protiv raka dojke Zagreba\u010dke \u017eupanije organizirala je u subotu dru\u017eenje i \u0161etnju od prostorija udruge u Zagreba\u010dkoj 6 do Pu\u010dkog otvorenog u\u010dili\u0161ta. Brojne Velikogori\u010danke i Turopoljke te po koji mu\u0161karac, hodali su u subotu s porukom [&hellip;]<\/p>\n","protected":false},"author":23,"featured_media":55506,"comment_status":"open","ping_status":"open","sticky":false,"template":"","format":"standard","meta":{"limit_modified_date":"","last_modified_date":"","jnews-multi-image_gallery":[],"jnews_single_post":[],"jnews_primary_category":[],"jnews_override_counter":[],"footnotes":""},"categories":[86],"tags":[7384,611,11742,1263,11743,7368],"class_list":["post-55488","post","type-post","status-publish","format-standard","has-post-thumbnail","hentry","category-udruge","tag-dan-ruzicaste-vrpce","tag-ervin-kolarec","tag-nacionalni-dan","tag-rak-dojke","tag-ruzicasta-kolona","tag-durda-dehin"],"yoast_head":"<!-- This site is optimized with the Yoast SEO Premium plugin v27.4 (Yoast SEO v27.4) - https:\/\/yoast.com\/product\/yoast-seo-premium-wordpress\/ -->\n<title>Nacionalni dan borbe protiv raka dojke: Ru\u017ei\u010dasta kolona obojala sredi\u0161te Velike Gorice - Gorica Info<\/title>\n<meta name=\"description\" content=\"Nacionalni dan borbe protiv raka dojke: Ru\u017ei\u010dasta kolona obojala sredi\u0161te Velike Gorice i poslala poruku o va\u017enosti prevencije ove bolesti.\" \/>\n<meta name=\"robots\" content=\"index, follow, max-snippet:-1, max-image-preview:large, max-video-preview:-1\" \/>\n<link rel=\"canonical\" href=\"https:\/\/gorica.info\/en\/nacionalni-dan-borbe-protiv-raka-dojke-ruzicasta-kolona-obojala-srediste-velike-gorice\/\" \/>\n<meta property=\"og:locale\" content=\"en_US\" \/>\n<meta property=\"og:type\" content=\"article\" \/>\n<meta property=\"og:title\" content=\"Nacionalni dan borbe protiv raka dojke: Ru\u017ei\u010dasta kolona obojala sredi\u0161te Velike Gorice\" \/>\n<meta property=\"og:description\" content=\"Nacionalni dan borbe protiv raka dojke: Ru\u017ei\u010dasta kolona obojala sredi\u0161te Velike Gorice i poslala poruku o va\u017enosti prevencije ove bolesti.\" \/>\n<meta property=\"og:url\" content=\"https:\/\/gorica.info\/en\/nacionalni-dan-borbe-protiv-raka-dojke-ruzicasta-kolona-obojala-srediste-velike-gorice\/\" \/>\n<meta property=\"og:site_name\" content=\"Gorica Info\" \/>\n<meta property=\"article:publisher\" content=\"https:\/\/www.facebook.com\/Goricainfo-106005144489262\" \/>\n<meta property=\"article:published_time\" content=\"2023-10-07T09:01:06+00:00\" \/>\n<meta property=\"og:image\" content=\"https:\/\/gorica.info\/wp-content\/uploads\/2023\/10\/dan-ruzicaste-vrpce-2023-foto-goricainfo.jpg\" \/>\n\t<meta property=\"og:image:width\" content=\"1200\" \/>\n\t<meta property=\"og:image:height\" content=\"771\" \/>\n\t<meta property=\"og:image:type\" content=\"image\/jpeg\" \/>\n<meta name=\"author\" content=\"Gorica. info\" \/>\n<meta name=\"twitter:card\" content=\"summary_large_image\" \/>\n<meta name=\"twitter:creator\" content=\"@GoricaInfo\" \/>\n<meta name=\"twitter:site\" content=\"@GoricaInfo\" \/>\n<meta name=\"twitter:label1\" content=\"Written by\" \/>\n\t<meta name=\"twitter:data1\" content=\"Gorica. info\" \/>\n\t<meta name=\"twitter:label2\" content=\"Est. reading time\" \/>\n\t<meta name=\"twitter:data2\" content=\"6 minutes\" \/>\n<meta name=\"geo.placename\" content=\"Velika Gorica\" \/>\n<meta name=\"geo.region\" content=\"Croatia\" \/>\n<!-- \/ Yoast SEO Premium plugin. -->","yoast_head_json":{"title":"Nacionalni dan borbe protiv raka dojke: Ru\u017ei\u010dasta kolona obojala sredi\u0161te Velike Gorice - Gorica Info","description":"Nacionalni dan borbe protiv raka dojke: Ru\u017ei\u010dasta kolona obojala sredi\u0161te Velike Gorice i poslala poruku o va\u017enosti prevencije ove bolesti.","robots":{"index":"index","follow":"follow","max-snippet":"max-snippet:-1","max-image-preview":"max-image-preview:large","max-video-preview":"max-video-preview:-1"},"canonical":"https:\/\/gorica.info\/en\/nacionalni-dan-borbe-protiv-raka-dojke-ruzicasta-kolona-obojala-srediste-velike-gorice\/","og_locale":"en_US","og_type":"article","og_title":"Nacionalni dan borbe protiv raka dojke: Ru\u017ei\u010dasta kolona obojala sredi\u0161te Velike Gorice","og_description":"Nacionalni dan borbe protiv raka dojke: Ru\u017ei\u010dasta kolona obojala sredi\u0161te Velike Gorice i poslala poruku o va\u017enosti prevencije ove bolesti.","og_url":"https:\/\/gorica.info\/en\/nacionalni-dan-borbe-protiv-raka-dojke-ruzicasta-kolona-obojala-srediste-velike-gorice\/","og_site_name":"Gorica Info","article_publisher":"https:\/\/www.facebook.com\/Goricainfo-106005144489262","article_published_time":"2023-10-07T09:01:06+00:00","og_image":[{"width":1200,"height":771,"url":"https:\/\/gorica.info\/wp-content\/uploads\/2023\/10\/dan-ruzicaste-vrpce-2023-foto-goricainfo.jpg","type":"image\/jpeg"}],"author":"Gorica. info","twitter_card":"summary_large_image","twitter_creator":"@GoricaInfo","twitter_site":"@GoricaInfo","twitter_misc":{"Written by":"Gorica. info","Est. reading time":"6 minutes"},"schema":{"@context":"https:\/\/schema.org","@graph":[{"@type":"NewsArticle","@id":"https:\/\/gorica.info\/nacionalni-dan-borbe-protiv-raka-dojke-ruzicasta-kolona-obojala-srediste-velike-gorice\/#article","isPartOf":{"@id":"https:\/\/gorica.info\/nacionalni-dan-borbe-protiv-raka-dojke-ruzicasta-kolona-obojala-srediste-velike-gorice\/"},"author":{"name":"Gorica. info","@id":"https:\/\/gorica.info\/#\/schema\/person\/4499af1f22f322670b9b5977ccc2e3de"},"headline":"Nacionalni dan borbe protiv raka dojke: Ru\u017ei\u010dasta kolona obojala sredi\u0161te Velike Gorice","datePublished":"2023-10-07T09:01:06+00:00","mainEntityOfPage":{"@id":"https:\/\/gorica.info\/nacionalni-dan-borbe-protiv-raka-dojke-ruzicasta-kolona-obojala-srediste-velike-gorice\/"},"wordCount":496,"commentCount":0,"publisher":{"@id":"https:\/\/gorica.info\/#organization"},"image":{"@id":"https:\/\/gorica.info\/nacionalni-dan-borbe-protiv-raka-dojke-ruzicasta-kolona-obojala-srediste-velike-gorice\/#primaryimage"},"thumbnailUrl":"https:\/\/gorica.info\/wp-content\/uploads\/2023\/10\/dan-ruzicaste-vrpce-2023-foto-goricainfo.jpg","keywords":["dan ru\u017ei\u010daste vrpce","ervin kolarec","nacionalni dan","rak dojke","ru\u017ei\u010dasta kolona","\u0111ur\u0111a dehin"],"articleSection":["UDRUGE"],"inLanguage":"en-US","potentialAction":[{"@type":"CommentAction","name":"Comment","target":["https:\/\/gorica.info\/nacionalni-dan-borbe-protiv-raka-dojke-ruzicasta-kolona-obojala-srediste-velike-gorice\/#respond"]}],"copyrightYear":"2023","copyrightHolder":{"@id":"https:\/\/gorica.info\/en\/#organization"}},{"@type":"WebPage","@id":"https:\/\/gorica.info\/nacionalni-dan-borbe-protiv-raka-dojke-ruzicasta-kolona-obojala-srediste-velike-gorice\/","url":"https:\/\/gorica.info\/nacionalni-dan-borbe-protiv-raka-dojke-ruzicasta-kolona-obojala-srediste-velike-gorice\/","name":"Nacionalni dan borbe protiv raka dojke: Ru\u017ei\u010dasta kolona obojala sredi\u0161te Velike Gorice - Gorica Info","isPartOf":{"@id":"https:\/\/gorica.info\/#website"},"primaryImageOfPage":{"@id":"https:\/\/gorica.info\/nacionalni-dan-borbe-protiv-raka-dojke-ruzicasta-kolona-obojala-srediste-velike-gorice\/#primaryimage"},"image":{"@id":"https:\/\/gorica.info\/nacionalni-dan-borbe-protiv-raka-dojke-ruzicasta-kolona-obojala-srediste-velike-gorice\/#primaryimage"},"thumbnailUrl":"https:\/\/gorica.info\/wp-content\/uploads\/2023\/10\/dan-ruzicaste-vrpce-2023-foto-goricainfo.jpg","datePublished":"2023-10-07T09:01:06+00:00","description":"Nacionalni dan borbe protiv raka dojke: Ru\u017ei\u010dasta kolona obojala sredi\u0161te Velike Gorice i poslala poruku o va\u017enosti prevencije ove bolesti.","breadcrumb":{"@id":"https:\/\/gorica.info\/nacionalni-dan-borbe-protiv-raka-dojke-ruzicasta-kolona-obojala-srediste-velike-gorice\/#breadcrumb"},"inLanguage":"en-US","potentialAction":[{"@type":"ReadAction","target":["https:\/\/gorica.info\/nacionalni-dan-borbe-protiv-raka-dojke-ruzicasta-kolona-obojala-srediste-velike-gorice\/"]}]},{"@type":"ImageObject","inLanguage":"en-US","@id":"https:\/\/gorica.info\/nacionalni-dan-borbe-protiv-raka-dojke-ruzicasta-kolona-obojala-srediste-velike-gorice\/#primaryimage","url":"https:\/\/gorica.info\/wp-content\/uploads\/2023\/10\/dan-ruzicaste-vrpce-2023-foto-goricainfo.jpg","contentUrl":"https:\/\/gorica.info\/wp-content\/uploads\/2023\/10\/dan-ruzicaste-vrpce-2023-foto-goricainfo.jpg","width":1100,"height":707,"caption":"Foto: Gorica.info"},{"@type":"BreadcrumbList","@id":"https:\/\/gorica.info\/nacionalni-dan-borbe-protiv-raka-dojke-ruzicasta-kolona-obojala-srediste-velike-gorice\/#breadcrumb","itemListElement":[{"@type":"ListItem","position":1,"name":"Po\u010detna stranica","item":"https:\/\/gorica.info\/"},{"@type":"ListItem","position":2,"name":"Nacionalni dan borbe protiv raka dojke: Ru\u017ei\u010dasta kolona obojala sredi\u0161te Velike Gorice"}]},{"@type":"WebSite","@id":"https:\/\/gorica.info\/#website","url":"https:\/\/gorica.info\/","name":"Gorica Info","description":"Vijesti iz Velike Gorice i okolice.","publisher":{"@id":"https:\/\/gorica.info\/#organization"},"potentialAction":[{"@type":"SearchAction","target":{"@type":"EntryPoint","urlTemplate":"https:\/\/gorica.info\/?s={search_term_string}"},"query-input":{"@type":"PropertyValueSpecification","valueRequired":true,"valueName":"search_term_string"}}],"inLanguage":"en-US"},{"@type":["Organization","Place","NewsMediaOrganization"],"@id":"https:\/\/gorica.info\/#organization","name":"Gorica Info","url":"https:\/\/gorica.info\/","logo":{"@id":"https:\/\/gorica.info\/nacionalni-dan-borbe-protiv-raka-dojke-ruzicasta-kolona-obojala-srediste-velike-gorice\/#local-main-organization-logo"},"image":{"@id":"https:\/\/gorica.info\/nacionalni-dan-borbe-protiv-raka-dojke-ruzicasta-kolona-obojala-srediste-velike-gorice\/#local-main-organization-logo"},"sameAs":["https:\/\/www.facebook.com\/Goricainfo-106005144489262","https:\/\/x.com\/GoricaInfo","https:\/\/www.instagram.com\/gorica.info\/"],"address":{"@id":"https:\/\/gorica.info\/nacionalni-dan-borbe-protiv-raka-dojke-ruzicasta-kolona-obojala-srediste-velike-gorice\/#local-main-place-address"},"telephone":[],"openingHoursSpecification":[{"@type":"OpeningHoursSpecification","dayOfWeek":["Monday","Tuesday","Wednesday","Thursday","Friday","Saturday","Sunday"],"opens":"09:00","closes":"17:00"}],"email":"redakcija@gorica.info"},{"@type":"Person","@id":"https:\/\/gorica.info\/#\/schema\/person\/4499af1f22f322670b9b5977ccc2e3de","name":"Gorica. info","description":"Gorica.info je lokalni portal koji prati Veliku Goricu i okolici, svakodnevno donosi najnovije vijesti i pri\u010de, kulturna doga\u0111anja i aktualnosti koje oblikuju \u017eivot gra\u0111ana.","url":"https:\/\/gorica.info\/en\/author\/gorica-info\/"},{"@type":"PostalAddress","@id":"https:\/\/gorica.info\/nacionalni-dan-borbe-protiv-raka-dojke-ruzicasta-kolona-obojala-srediste-velike-gorice\/#local-main-place-address","streetAddress":"Horvatova 97","addressLocality":"Velika Gorica","postalCode":"10410","addressRegion":"Croatia","addressCountry":"HR"},{"@type":"ImageObject","inLanguage":"en-US","@id":"https:\/\/gorica.info\/nacionalni-dan-borbe-protiv-raka-dojke-ruzicasta-kolona-obojala-srediste-velike-gorice\/#local-main-organization-logo","url":"https:\/\/gorica.info\/wp-content\/uploads\/2024\/07\/Gorica-Info-Logo-mali.png","contentUrl":"https:\/\/gorica.info\/wp-content\/uploads\/2024\/07\/Gorica-Info-Logo-mali.png","width":450,"height":85,"caption":"Gorica Info"}]},"geo.placename":"Velika Gorica","geo.region":"Croatia"},"_links":{"self":[{"href":"https:\/\/gorica.info\/en\/wp-json\/wp\/v2\/posts\/55488","targetHints":{"allow":["GET"]}}],"collection":[{"href":"https:\/\/gorica.info\/en\/wp-json\/wp\/v2\/posts"}],"about":[{"href":"https:\/\/gorica.info\/en\/wp-json\/wp\/v2\/types\/post"}],"author":[{"embeddable":true,"href":"https:\/\/gorica.info\/en\/wp-json\/wp\/v2\/users\/23"}],"replies":[{"embeddable":true,"href":"https:\/\/gorica.info\/en\/wp-json\/wp\/v2\/comments?post=55488"}],"version-history":[{"count":0,"href":"https:\/\/gorica.info\/en\/wp-json\/wp\/v2\/posts\/55488\/revisions"}],"wp:featuredmedia":[{"embeddable":true,"href":"https:\/\/gorica.info\/en\/wp-json\/wp\/v2\/media\/55506"}],"wp:attachment":[{"href":"https:\/\/gorica.info\/en\/wp-json\/wp\/v2\/media?parent=55488"}],"wp:term":[{"taxonomy":"category","embeddable":true,"href":"https:\/\/gorica.info\/en\/wp-json\/wp\/v2\/categories?post=55488"},{"taxonomy":"post_tag","embeddable":true,"href":"https:\/\/gorica.info\/en\/wp-json\/wp\/v2\/tags?post=55488"}],"curies":[{"name":"wp","href":"https:\/\/api.w.org\/{rel}","templated":true}]}}