{"id":55683,"date":"2023-10-11T11:23:18","date_gmt":"2023-10-11T09:23:18","guid":{"rendered":"https:\/\/gorica.info\/?p=55683"},"modified":"2023-10-11T11:23:18","modified_gmt":"2023-10-11T09:23:18","slug":"foto-vrhunski-goricki-sportasi-i-sportasice-na-prijemu-kod-gradonaclenika-ackara","status":"publish","type":"post","link":"https:\/\/gorica.info\/en\/foto-vrhunski-goricki-sportasi-i-sportasice-na-prijemu-kod-gradonaclenika-ackara\/","title":{"rendered":"FOTO Vrhunski gori\u010dki sporta\u0161i i sporta\u0161ice na prijemu kod gradona\u010dlenika Kre\u0161imira A\u010dkara"},"content":{"rendered":"<p>Velikogori\u010dki vrhunski sporta\u0161i redoviti osvajaju medalje na turnirima, regionalnim, dr\u017eavnim, me\u0111unarodnim natjecanjima\u2026 Neke od njih ugostio je <a href=\"http:\/\/www.gorica.hr\/\">gradona\u010delnik<\/a> Kre\u0161imir A\u010dkar u gradskoj upravi i prigodni ih nagradio.<\/p>\n<p>To su \u010dlanovi<a href=\"https:\/\/gorica.info\/en\/2023\/10\/01\/velika-gorica-ima-drzavnog-prvaka-i-viceprvaka-u-hrvanju-blago-simic-zlatni-leonardo-kovacic-srebreni-a-luka-causic-broncani\/\"> Hrva\u010dkog kluba Velika Gorica 1991<\/a> <strong>Blago \u0160imi\u0107<\/strong>,<strong> Leonardo Kova\u010di\u0107<\/strong> i <strong>Luka \u010cau\u0161i\u0107<\/strong>, atleti\u010dari <strong>Dino Bo\u0161njak<\/strong> i <strong>Nina Vukovi\u0107<\/strong>, strijelci <strong>Renata i Mateo Zrinski<\/strong> iz Strelja\u010dkog kluba Plemenita\u0161. Nagra\u0111eni su i <strong>Anto Joski\u0107<\/strong>, hrvatski tenisa\u010d u kolicima i <strong>Tin Kauri\u0107<\/strong>, prvak Hrvatske u kategoriji M25 akvatlona i viceprvaka u sprint akvatlonu.<\/p>\n<p>&#8211; Velika Gorica svakoga dana dokazuje da je uistinu grad sporta. Mo\u017eemo svi biti ponosni na na\u0161e sporta\u0161e. Danas je bila prilika da neke od njih ugostimo u Gradskoj upravi, \u010destitamo im na sjajnim rezultatima i prigodno ih nagradimo \u2013 kazao je gradona\u010delnik.<\/p>\n<p><img fetchpriority=\"high\" decoding=\"async\" class=\"aligncenter wp-image-55686\" src=\"https:\/\/gorica.info\/wp-content\/uploads\/2023\/10\/sportasi-prijem3-300x262.jpg\" alt=\"\" width=\"800\" height=\"699\" srcset=\"https:\/\/gorica.info\/wp-content\/uploads\/2023\/10\/sportasi-prijem3-300x262.jpg 300w, https:\/\/gorica.info\/wp-content\/uploads\/2023\/10\/sportasi-prijem3-768x671.jpg 768w, https:\/\/gorica.info\/wp-content\/uploads\/2023\/10\/sportasi-prijem3-14x12.jpg 14w, https:\/\/gorica.info\/wp-content\/uploads\/2023\/10\/sportasi-prijem3-750x656.jpg 750w, https:\/\/gorica.info\/wp-content\/uploads\/2023\/10\/sportasi-prijem3.jpg 915w\" sizes=\"(max-width: 800px) 100vw, 800px\" \/><\/p>\n<p><img decoding=\"async\" class=\"aligncenter wp-image-55684 size-large\" src=\"https:\/\/gorica.info\/wp-content\/uploads\/2023\/10\/sportasi-prijem5-1024x754.jpg\" alt=\"\" width=\"810\" height=\"596\" srcset=\"https:\/\/gorica.info\/wp-content\/uploads\/2023\/10\/sportasi-prijem5-1024x754.jpg 1024w, https:\/\/gorica.info\/wp-content\/uploads\/2023\/10\/sportasi-prijem5-300x221.jpg 300w, https:\/\/gorica.info\/wp-content\/uploads\/2023\/10\/sportasi-prijem5-768x566.jpg 768w, https:\/\/gorica.info\/wp-content\/uploads\/2023\/10\/sportasi-prijem5-16x12.jpg 16w, https:\/\/gorica.info\/wp-content\/uploads\/2023\/10\/sportasi-prijem5-750x553.jpg 750w, https:\/\/gorica.info\/wp-content\/uploads\/2023\/10\/sportasi-prijem5-1140x840.jpg 1140w, https:\/\/gorica.info\/wp-content\/uploads\/2023\/10\/sportasi-prijem5.jpg 1086w\" sizes=\"(max-width: 810px) 100vw, 810px\" \/><\/p>\n<p><img decoding=\"async\" class=\"aligncenter wp-image-55685\" src=\"https:\/\/gorica.info\/wp-content\/uploads\/2023\/10\/sportasi-prijem4-300x249.jpg\" alt=\"\" width=\"800\" height=\"663\" srcset=\"https:\/\/gorica.info\/wp-content\/uploads\/2023\/10\/sportasi-prijem4-300x249.jpg 300w, https:\/\/gorica.info\/wp-content\/uploads\/2023\/10\/sportasi-prijem4-768x637.jpg 768w, https:\/\/gorica.info\/wp-content\/uploads\/2023\/10\/sportasi-prijem4-14x12.jpg 14w, https:\/\/gorica.info\/wp-content\/uploads\/2023\/10\/sportasi-prijem4-750x622.jpg 750w, https:\/\/gorica.info\/wp-content\/uploads\/2023\/10\/sportasi-prijem4.jpg 965w\" sizes=\"(max-width: 800px) 100vw, 800px\" \/> \u00a0<img loading=\"lazy\" decoding=\"async\" class=\"aligncenter wp-image-55687\" src=\"https:\/\/gorica.info\/wp-content\/uploads\/2023\/10\/sportasi-dino-bosnjak-300x261.jpg\" alt=\"\" width=\"800\" height=\"696\" srcset=\"https:\/\/gorica.info\/wp-content\/uploads\/2023\/10\/sportasi-dino-bosnjak-300x261.jpg 300w, https:\/\/gorica.info\/wp-content\/uploads\/2023\/10\/sportasi-dino-bosnjak-768x669.jpg 768w, https:\/\/gorica.info\/wp-content\/uploads\/2023\/10\/sportasi-dino-bosnjak-14x12.jpg 14w, https:\/\/gorica.info\/wp-content\/uploads\/2023\/10\/sportasi-dino-bosnjak-750x653.jpg 750w, https:\/\/gorica.info\/wp-content\/uploads\/2023\/10\/sportasi-dino-bosnjak.jpg 850w\" sizes=\"(max-width: 800px) 100vw, 800px\" \/><\/p>\n<p><img loading=\"lazy\" decoding=\"async\" class=\"aligncenter wp-image-55688\" src=\"https:\/\/gorica.info\/wp-content\/uploads\/2023\/10\/sportasi-prijem111102023-300x208.jpg\" alt=\"vrhunski\" width=\"800\" height=\"554\" srcset=\"https:\/\/gorica.info\/wp-content\/uploads\/2023\/10\/sportasi-prijem111102023-300x208.jpg 300w, https:\/\/gorica.info\/wp-content\/uploads\/2023\/10\/sportasi-prijem111102023-768x532.jpg 768w, https:\/\/gorica.info\/wp-content\/uploads\/2023\/10\/sportasi-prijem111102023-18x12.jpg 18w, https:\/\/gorica.info\/wp-content\/uploads\/2023\/10\/sportasi-prijem111102023-750x520.jpg 750w, https:\/\/gorica.info\/wp-content\/uploads\/2023\/10\/sportasi-prijem111102023.jpg 928w\" sizes=\"(max-width: 800px) 100vw, 800px\" \/><\/p>\n<p><img loading=\"lazy\" decoding=\"async\" class=\"aligncenter wp-image-55689\" src=\"https:\/\/gorica.info\/wp-content\/uploads\/2023\/10\/sportasi-ema-vukovic-300x268.jpg\" alt=\"vrhunski\" width=\"800\" height=\"715\" srcset=\"https:\/\/gorica.info\/wp-content\/uploads\/2023\/10\/sportasi-ema-vukovic-300x268.jpg 300w, https:\/\/gorica.info\/wp-content\/uploads\/2023\/10\/sportasi-ema-vukovic-768x687.jpg 768w, https:\/\/gorica.info\/wp-content\/uploads\/2023\/10\/sportasi-ema-vukovic-13x12.jpg 13w, https:\/\/gorica.info\/wp-content\/uploads\/2023\/10\/sportasi-ema-vukovic-750x671.jpg 750w, https:\/\/gorica.info\/wp-content\/uploads\/2023\/10\/sportasi-ema-vukovic.jpg 878w\" sizes=\"(max-width: 800px) 100vw, 800px\" \/><\/p>\n<p><img loading=\"lazy\" decoding=\"async\" class=\"aligncenter wp-image-55691 size-full\" src=\"https:\/\/gorica.info\/wp-content\/uploads\/2023\/10\/sportasi-prijem-gradska-uprava.jpg\" alt=\"vrhunski\" width=\"793\" height=\"800\" srcset=\"https:\/\/gorica.info\/wp-content\/uploads\/2023\/10\/sportasi-prijem-gradska-uprava.jpg 793w, https:\/\/gorica.info\/wp-content\/uploads\/2023\/10\/sportasi-prijem-gradska-uprava-297x300.jpg 297w, https:\/\/gorica.info\/wp-content\/uploads\/2023\/10\/sportasi-prijem-gradska-uprava-150x150.jpg 150w, https:\/\/gorica.info\/wp-content\/uploads\/2023\/10\/sportasi-prijem-gradska-uprava-768x775.jpg 768w, https:\/\/gorica.info\/wp-content\/uploads\/2023\/10\/sportasi-prijem-gradska-uprava-12x12.jpg 12w, https:\/\/gorica.info\/wp-content\/uploads\/2023\/10\/sportasi-prijem-gradska-uprava-75x75.jpg 75w, https:\/\/gorica.info\/wp-content\/uploads\/2023\/10\/sportasi-prijem-gradska-uprava-750x757.jpg 750w\" sizes=\"(max-width: 793px) 100vw, 793px\" \/><\/p>\n<p><img loading=\"lazy\" decoding=\"async\" class=\"aligncenter wp-image-55690\" src=\"https:\/\/gorica.info\/wp-content\/uploads\/2023\/10\/sportasi-kresimir-ackar-lana-krunic-lukinic-anri-targus-300x242.jpg\" alt=\"vrhunski\" width=\"800\" height=\"645\" srcset=\"https:\/\/gorica.info\/wp-content\/uploads\/2023\/10\/sportasi-kresimir-ackar-lana-krunic-lukinic-anri-targus-300x242.jpg 300w, https:\/\/gorica.info\/wp-content\/uploads\/2023\/10\/sportasi-kresimir-ackar-lana-krunic-lukinic-anri-targus-768x619.jpg 768w, https:\/\/gorica.info\/wp-content\/uploads\/2023\/10\/sportasi-kresimir-ackar-lana-krunic-lukinic-anri-targus-15x12.jpg 15w, https:\/\/gorica.info\/wp-content\/uploads\/2023\/10\/sportasi-kresimir-ackar-lana-krunic-lukinic-anri-targus-750x605.jpg 750w, https:\/\/gorica.info\/wp-content\/uploads\/2023\/10\/sportasi-kresimir-ackar-lana-krunic-lukinic-anri-targus.jpg 992w\" sizes=\"(max-width: 800px) 100vw, 800px\" \/><\/p>","protected":false},"excerpt":{"rendered":"<p>Velikogori\u010dki vrhunski sporta\u0161i redoviti osvajaju medalje na turnirima, regionalnim, dr\u017eavnim, me\u0111unarodnim natjecanjima\u2026 Neke od njih ugostio je gradona\u010delnik Kre\u0161imir A\u010dkar u gradskoj upravi i prigodni ih nagradio. To su \u010dlanovi Hrva\u010dkog kluba Velika Gorica 1991 Blago \u0160imi\u0107, Leonardo Kova\u010di\u0107 i Luka \u010cau\u0161i\u0107, atleti\u010dari Dino Bo\u0161njak i Nina Vukovi\u0107, strijelci Renata i Mateo Zrinski iz Strelja\u010dkog [&hellip;]<\/p>\n","protected":false},"author":23,"featured_media":55692,"comment_status":"open","ping_status":"open","sticky":false,"template":"","format":"standard","meta":{"limit_modified_date":"","last_modified_date":"","jnews-multi-image_gallery":[],"jnews_single_post":[],"jnews_primary_category":[],"jnews_override_counter":[],"footnotes":""},"categories":[99],"tags":[389,3047,253,488,1073],"class_list":["post-55683","post","type-post","status-publish","format-standard","has-post-thumbnail","hentry","category-sport","tag-dino-bosnjak","tag-hrvacki-klub-velika-gorica-1991","tag-kresimir-ackar","tag-nina-vukovic","tag-sportasi"],"yoast_head":"<!-- This site is optimized with the Yoast SEO Premium plugin v27.4 (Yoast SEO v27.4) - https:\/\/yoast.com\/product\/yoast-seo-premium-wordpress\/ -->\n<title>FOTO Vrhunski gori\u010dki sporta\u0161i i sporta\u0161ice na prijemu kod gradona\u010dlenika Kre\u0161imira A\u010dkara - Gorica Info<\/title>\n<meta name=\"description\" content=\"Vrhunski gori\u010dki sporta\u0161i i sporta\u0161ice na prijemu kod gradona\u010dlenika Kre\u0161imira A\u010dkara koji ih je prigodno nagradio.\" \/>\n<meta name=\"robots\" content=\"index, follow, max-snippet:-1, max-image-preview:large, max-video-preview:-1\" \/>\n<link rel=\"canonical\" href=\"https:\/\/gorica.info\/en\/foto-vrhunski-goricki-sportasi-i-sportasice-na-prijemu-kod-gradonaclenika-ackara\/\" \/>\n<meta property=\"og:locale\" content=\"en_US\" \/>\n<meta property=\"og:type\" content=\"article\" \/>\n<meta property=\"og:title\" content=\"FOTO Vrhunski gori\u010dki sporta\u0161i i sporta\u0161ice na prijemu kod gradona\u010dlenika Kre\u0161imira A\u010dkara\" \/>\n<meta property=\"og:description\" content=\"Vrhunski gori\u010dki sporta\u0161i i sporta\u0161ice na prijemu kod gradona\u010dlenika Kre\u0161imira A\u010dkara koji ih je prigodno nagradio.\" \/>\n<meta property=\"og:url\" content=\"https:\/\/gorica.info\/en\/foto-vrhunski-goricki-sportasi-i-sportasice-na-prijemu-kod-gradonaclenika-ackara\/\" \/>\n<meta property=\"og:site_name\" content=\"Gorica Info\" \/>\n<meta property=\"article:publisher\" content=\"https:\/\/www.facebook.com\/Goricainfo-106005144489262\" \/>\n<meta property=\"article:published_time\" content=\"2023-10-11T09:23:18+00:00\" \/>\n<meta property=\"og:image\" content=\"https:\/\/gorica.info\/wp-content\/uploads\/2023\/10\/sportasi-kresimir-ackar-11102023-e1697019057418.jpg\" \/>\n\t<meta property=\"og:image:width\" content=\"935\" \/>\n\t<meta property=\"og:image:height\" content=\"643\" \/>\n\t<meta property=\"og:image:type\" content=\"image\/jpeg\" \/>\n<meta name=\"author\" content=\"Gorica. info\" \/>\n<meta name=\"twitter:card\" content=\"summary_large_image\" \/>\n<meta name=\"twitter:creator\" content=\"@GoricaInfo\" \/>\n<meta name=\"twitter:site\" content=\"@GoricaInfo\" \/>\n<meta name=\"twitter:label1\" content=\"Written by\" \/>\n\t<meta name=\"twitter:data1\" content=\"Gorica. info\" \/>\n\t<meta name=\"twitter:label2\" content=\"Est. reading time\" \/>\n\t<meta name=\"twitter:data2\" content=\"3 minutes\" \/>\n<meta name=\"geo.placename\" content=\"Velika Gorica\" \/>\n<meta name=\"geo.region\" content=\"Croatia\" \/>\n<!-- \/ Yoast SEO Premium plugin. -->","yoast_head_json":{"title":"FOTO Vrhunski gori\u010dki sporta\u0161i i sporta\u0161ice na prijemu kod gradona\u010dlenika Kre\u0161imira A\u010dkara - Gorica Info","description":"Vrhunski gori\u010dki sporta\u0161i i sporta\u0161ice na prijemu kod gradona\u010dlenika Kre\u0161imira A\u010dkara koji ih je prigodno nagradio.","robots":{"index":"index","follow":"follow","max-snippet":"max-snippet:-1","max-image-preview":"max-image-preview:large","max-video-preview":"max-video-preview:-1"},"canonical":"https:\/\/gorica.info\/en\/foto-vrhunski-goricki-sportasi-i-sportasice-na-prijemu-kod-gradonaclenika-ackara\/","og_locale":"en_US","og_type":"article","og_title":"FOTO Vrhunski gori\u010dki sporta\u0161i i sporta\u0161ice na prijemu kod gradona\u010dlenika Kre\u0161imira A\u010dkara","og_description":"Vrhunski gori\u010dki sporta\u0161i i sporta\u0161ice na prijemu kod gradona\u010dlenika Kre\u0161imira A\u010dkara koji ih je prigodno nagradio.","og_url":"https:\/\/gorica.info\/en\/foto-vrhunski-goricki-sportasi-i-sportasice-na-prijemu-kod-gradonaclenika-ackara\/","og_site_name":"Gorica Info","article_publisher":"https:\/\/www.facebook.com\/Goricainfo-106005144489262","article_published_time":"2023-10-11T09:23:18+00:00","og_image":[{"width":935,"height":643,"url":"https:\/\/gorica.info\/wp-content\/uploads\/2023\/10\/sportasi-kresimir-ackar-11102023-e1697019057418.jpg","type":"image\/jpeg"}],"author":"Gorica. info","twitter_card":"summary_large_image","twitter_creator":"@GoricaInfo","twitter_site":"@GoricaInfo","twitter_misc":{"Written by":"Gorica. info","Est. reading time":"3 minutes"},"schema":{"@context":"https:\/\/schema.org","@graph":[{"@type":"NewsArticle","@id":"https:\/\/gorica.info\/foto-vrhunski-goricki-sportasi-i-sportasice-na-prijemu-kod-gradonaclenika-ackara\/#article","isPartOf":{"@id":"https:\/\/gorica.info\/foto-vrhunski-goricki-sportasi-i-sportasice-na-prijemu-kod-gradonaclenika-ackara\/"},"author":{"name":"Gorica. info","@id":"https:\/\/gorica.info\/#\/schema\/person\/4499af1f22f322670b9b5977ccc2e3de"},"headline":"FOTO Vrhunski gori\u010dki sporta\u0161i i sporta\u0161ice na prijemu kod gradona\u010dlenika Kre\u0161imira A\u010dkara","datePublished":"2023-10-11T09:23:18+00:00","mainEntityOfPage":{"@id":"https:\/\/gorica.info\/foto-vrhunski-goricki-sportasi-i-sportasice-na-prijemu-kod-gradonaclenika-ackara\/"},"wordCount":157,"commentCount":0,"publisher":{"@id":"https:\/\/gorica.info\/#organization"},"image":{"@id":"https:\/\/gorica.info\/foto-vrhunski-goricki-sportasi-i-sportasice-na-prijemu-kod-gradonaclenika-ackara\/#primaryimage"},"thumbnailUrl":"https:\/\/gorica.info\/wp-content\/uploads\/2023\/10\/sportasi-kresimir-ackar-11102023-e1697019057418.jpg","keywords":["Dino Bo\u0161njak","hrva\u010dki klub velika gorica 1991","Kre\u0161imir A\u010dkar","Nina Vukovi\u0107","sporta\u0161i"],"articleSection":["SPORT"],"inLanguage":"en-US","potentialAction":[{"@type":"CommentAction","name":"Comment","target":["https:\/\/gorica.info\/foto-vrhunski-goricki-sportasi-i-sportasice-na-prijemu-kod-gradonaclenika-ackara\/#respond"]}],"copyrightYear":"2023","copyrightHolder":{"@id":"https:\/\/gorica.info\/en\/#organization"}},{"@type":"WebPage","@id":"https:\/\/gorica.info\/foto-vrhunski-goricki-sportasi-i-sportasice-na-prijemu-kod-gradonaclenika-ackara\/","url":"https:\/\/gorica.info\/foto-vrhunski-goricki-sportasi-i-sportasice-na-prijemu-kod-gradonaclenika-ackara\/","name":"FOTO Vrhunski gori\u010dki sporta\u0161i i sporta\u0161ice na prijemu kod gradona\u010dlenika Kre\u0161imira A\u010dkara - Gorica Info","isPartOf":{"@id":"https:\/\/gorica.info\/#website"},"primaryImageOfPage":{"@id":"https:\/\/gorica.info\/foto-vrhunski-goricki-sportasi-i-sportasice-na-prijemu-kod-gradonaclenika-ackara\/#primaryimage"},"image":{"@id":"https:\/\/gorica.info\/foto-vrhunski-goricki-sportasi-i-sportasice-na-prijemu-kod-gradonaclenika-ackara\/#primaryimage"},"thumbnailUrl":"https:\/\/gorica.info\/wp-content\/uploads\/2023\/10\/sportasi-kresimir-ackar-11102023-e1697019057418.jpg","datePublished":"2023-10-11T09:23:18+00:00","description":"Vrhunski gori\u010dki sporta\u0161i i sporta\u0161ice na prijemu kod gradona\u010dlenika Kre\u0161imira A\u010dkara koji ih je prigodno nagradio.","breadcrumb":{"@id":"https:\/\/gorica.info\/foto-vrhunski-goricki-sportasi-i-sportasice-na-prijemu-kod-gradonaclenika-ackara\/#breadcrumb"},"inLanguage":"en-US","potentialAction":[{"@type":"ReadAction","target":["https:\/\/gorica.info\/foto-vrhunski-goricki-sportasi-i-sportasice-na-prijemu-kod-gradonaclenika-ackara\/"]}]},{"@type":"ImageObject","inLanguage":"en-US","@id":"https:\/\/gorica.info\/foto-vrhunski-goricki-sportasi-i-sportasice-na-prijemu-kod-gradonaclenika-ackara\/#primaryimage","url":"https:\/\/gorica.info\/wp-content\/uploads\/2023\/10\/sportasi-kresimir-ackar-11102023-e1697019057418.jpg","contentUrl":"https:\/\/gorica.info\/wp-content\/uploads\/2023\/10\/sportasi-kresimir-ackar-11102023-e1697019057418.jpg","width":935,"height":643,"caption":"Foto: FB K. A\u010dkara"},{"@type":"BreadcrumbList","@id":"https:\/\/gorica.info\/foto-vrhunski-goricki-sportasi-i-sportasice-na-prijemu-kod-gradonaclenika-ackara\/#breadcrumb","itemListElement":[{"@type":"ListItem","position":1,"name":"Po\u010detna stranica","item":"https:\/\/gorica.info\/"},{"@type":"ListItem","position":2,"name":"FOTO Vrhunski gori\u010dki sporta\u0161i i sporta\u0161ice na prijemu kod gradona\u010dlenika Kre\u0161imira A\u010dkara"}]},{"@type":"WebSite","@id":"https:\/\/gorica.info\/#website","url":"https:\/\/gorica.info\/","name":"Gorica Info","description":"Vijesti iz Velike Gorice i okolice.","publisher":{"@id":"https:\/\/gorica.info\/#organization"},"potentialAction":[{"@type":"SearchAction","target":{"@type":"EntryPoint","urlTemplate":"https:\/\/gorica.info\/?s={search_term_string}"},"query-input":{"@type":"PropertyValueSpecification","valueRequired":true,"valueName":"search_term_string"}}],"inLanguage":"en-US"},{"@type":["Organization","Place","NewsMediaOrganization"],"@id":"https:\/\/gorica.info\/#organization","name":"Gorica Info","url":"https:\/\/gorica.info\/","logo":{"@id":"https:\/\/gorica.info\/foto-vrhunski-goricki-sportasi-i-sportasice-na-prijemu-kod-gradonaclenika-ackara\/#local-main-organization-logo"},"image":{"@id":"https:\/\/gorica.info\/foto-vrhunski-goricki-sportasi-i-sportasice-na-prijemu-kod-gradonaclenika-ackara\/#local-main-organization-logo"},"sameAs":["https:\/\/www.facebook.com\/Goricainfo-106005144489262","https:\/\/x.com\/GoricaInfo","https:\/\/www.instagram.com\/gorica.info\/"],"address":{"@id":"https:\/\/gorica.info\/foto-vrhunski-goricki-sportasi-i-sportasice-na-prijemu-kod-gradonaclenika-ackara\/#local-main-place-address"},"telephone":[],"openingHoursSpecification":[{"@type":"OpeningHoursSpecification","dayOfWeek":["Monday","Tuesday","Wednesday","Thursday","Friday","Saturday","Sunday"],"opens":"09:00","closes":"17:00"}],"email":"redakcija@gorica.info"},{"@type":"Person","@id":"https:\/\/gorica.info\/#\/schema\/person\/4499af1f22f322670b9b5977ccc2e3de","name":"Gorica. info","description":"Gorica.info je lokalni portal koji prati Veliku Goricu i okolici, svakodnevno donosi najnovije vijesti i pri\u010de, kulturna doga\u0111anja i aktualnosti koje oblikuju \u017eivot gra\u0111ana.","url":"https:\/\/gorica.info\/en\/author\/gorica-info\/"},{"@type":"PostalAddress","@id":"https:\/\/gorica.info\/foto-vrhunski-goricki-sportasi-i-sportasice-na-prijemu-kod-gradonaclenika-ackara\/#local-main-place-address","streetAddress":"Horvatova 97","addressLocality":"Velika Gorica","postalCode":"10410","addressRegion":"Croatia","addressCountry":"HR"},{"@type":"ImageObject","inLanguage":"en-US","@id":"https:\/\/gorica.info\/foto-vrhunski-goricki-sportasi-i-sportasice-na-prijemu-kod-gradonaclenika-ackara\/#local-main-organization-logo","url":"https:\/\/gorica.info\/wp-content\/uploads\/2024\/07\/Gorica-Info-Logo-mali.png","contentUrl":"https:\/\/gorica.info\/wp-content\/uploads\/2024\/07\/Gorica-Info-Logo-mali.png","width":450,"height":85,"caption":"Gorica Info"}]},"geo.placename":"Velika Gorica","geo.region":"Croatia"},"_links":{"self":[{"href":"https:\/\/gorica.info\/en\/wp-json\/wp\/v2\/posts\/55683","targetHints":{"allow":["GET"]}}],"collection":[{"href":"https:\/\/gorica.info\/en\/wp-json\/wp\/v2\/posts"}],"about":[{"href":"https:\/\/gorica.info\/en\/wp-json\/wp\/v2\/types\/post"}],"author":[{"embeddable":true,"href":"https:\/\/gorica.info\/en\/wp-json\/wp\/v2\/users\/23"}],"replies":[{"embeddable":true,"href":"https:\/\/gorica.info\/en\/wp-json\/wp\/v2\/comments?post=55683"}],"version-history":[{"count":0,"href":"https:\/\/gorica.info\/en\/wp-json\/wp\/v2\/posts\/55683\/revisions"}],"wp:featuredmedia":[{"embeddable":true,"href":"https:\/\/gorica.info\/en\/wp-json\/wp\/v2\/media\/55692"}],"wp:attachment":[{"href":"https:\/\/gorica.info\/en\/wp-json\/wp\/v2\/media?parent=55683"}],"wp:term":[{"taxonomy":"category","embeddable":true,"href":"https:\/\/gorica.info\/en\/wp-json\/wp\/v2\/categories?post=55683"},{"taxonomy":"post_tag","embeddable":true,"href":"https:\/\/gorica.info\/en\/wp-json\/wp\/v2\/tags?post=55683"}],"curies":[{"name":"wp","href":"https:\/\/api.w.org\/{rel}","templated":true}]}}