{"id":55913,"date":"2023-10-16T07:43:40","date_gmt":"2023-10-16T05:43:40","guid":{"rendered":"https:\/\/gorica.info\/?p=55913"},"modified":"2023-10-16T07:43:40","modified_gmt":"2023-10-16T05:43:40","slug":"iz-hep-a-najavili-radove-ovaj-tjedan-bez-struje-brojna-goricka-okolna-naselja","status":"publish","type":"post","link":"https:\/\/gorica.info\/en\/iz-hep-a-najavili-radove-ovaj-tjedan-bez-struje-brojna-goricka-okolna-naselja\/","title":{"rendered":"Iz HEP-a najavili radove: Ovaj tjedan bez struje brojna gori\u010dka okolna naselja"},"content":{"rendered":"<p><strong>HEP<\/strong> i ovaj tjedan nastavlja s radovima na gori\u010dkom podru\u010dju. U <strong>ponedjeljak<\/strong> \u0107e bez struje od 8 do 16 sati biti naselja <strong>Ribnica<\/strong> (\u017delingradska ulica od ku\u0107nog broja 63 do 125 i od 70 do 92 i <strong>\u010ci\u010dka Poljana<\/strong> (od ku\u0107nog broja broja od 1 do 43 i od 2 do 42).<\/p>\n<p>U <strong>utorak<\/strong> su <a href=\"https:\/\/gorica.info\/en\/2022\/10\/09\/lijecnici-nisu-uspjeli-spasiti-muskarca-kojeg-je-udarila-struja-dok-je-radio-u-trafostanici\/\">radovi<\/a> su u <strong>Lukini\u0107 Brdu<\/strong>, <strong>\u017du\u017ei\u0107 Brdu<\/strong>, <strong>Skender Brdu<\/strong> i <strong>Lijevim \u0160tefankima<\/strong>.<\/p>\n<p>U <strong>srijedu<\/strong> je na rasporedu <strong>Kravarski Gladovec<\/strong> i<strong> Donji Hru\u0161evec<\/strong>.<\/p>\n<p>Struje u <strong>\u010detvrtak<\/strong> ne\u0107e imati mje\u0161tani <strong>Ku\u010da<\/strong>, <strong>\u010ci\u010dke Poljane<\/strong> i <strong>Ribnice<\/strong>.<\/p>\n<p>U Ku\u010dama \u0107e bez struje biti Pucekovi\u0107i od ku\u0107nog broja 17 do 79 i od 22 do 84, Ulica Franje Lu\u010di\u0107a, Ulica Mije Fabijan\u010di\u0107a Mi\u0161kova, Ulica Matije Gupca, Ulica Miroslava Krle\u017ee, Ulica Augusta \u0160enoe i Smiljani\u010deva ulica. Bez struje \u0107e biti i dio naselja Ribnica i to \u017delingradska ulica od ku\u0107nog broja 63 do 125 i od 70 do 92 te cijelo naselje \u010ci\u010dka Poljana.<\/p>\n<p>U slu\u010daju lo\u0161ih vremenskih uvjeta <a href=\"https:\/\/www.hep.hr\/ods\/bez-struje\/19?dp=zagreb&amp;el=114&amp;datum=19.10.2023\">radovi<\/a> se odga\u0111aju, poru\u010duju iz HEP-a.<\/p>","protected":false},"excerpt":{"rendered":"<p>HEP i ovaj tjedan nastavlja s radovima na gori\u010dkom podru\u010dju. U ponedjeljak \u0107e bez struje od 8 do 16 sati biti naselja Ribnica (\u017delingradska ulica od ku\u0107nog broja 63 do 125 i od 70 do 92 i \u010ci\u010dka Poljana (od ku\u0107nog broja broja od 1 do 43 i od 2 do 42). U utorak su [&hellip;]<\/p>\n","protected":false},"author":23,"featured_media":55914,"comment_status":"open","ping_status":"open","sticky":false,"template":"","format":"standard","meta":{"limit_modified_date":"","last_modified_date":"","jnews-multi-image_gallery":[],"jnews_single_post":[],"jnews_primary_category":[],"jnews_override_counter":[],"footnotes":""},"categories":[96],"tags":[1206,3423,10063,153,1527],"class_list":["post-55913","post","type-post","status-publish","format-standard","has-post-thumbnail","hentry","category-vijesti","tag-hep","tag-mjestani","tag-naselja","tag-radovi","tag-struja"],"yoast_head":"<!-- This site is optimized with the Yoast SEO Premium plugin v27.4 (Yoast SEO v27.4) - https:\/\/yoast.com\/product\/yoast-seo-premium-wordpress\/ -->\n<title>Iz HEP-a najavili radove: Ovaj tjedan bez struje brojna gori\u010dka okolna naselja - Gorica Info<\/title>\n<meta name=\"description\" content=\"Iz HEP-a najavili radove: Ovaj tjedan bez struje brojna gori\u010dka okolna naselja. Provjerite je li i va\u0161a ulica na popisu.\" \/>\n<meta name=\"robots\" content=\"index, follow, max-snippet:-1, max-image-preview:large, max-video-preview:-1\" \/>\n<link rel=\"canonical\" href=\"https:\/\/gorica.info\/en\/iz-hep-a-najavili-radove-ovaj-tjedan-bez-struje-brojna-goricka-okolna-naselja\/\" \/>\n<meta property=\"og:locale\" content=\"en_US\" \/>\n<meta property=\"og:type\" content=\"article\" \/>\n<meta property=\"og:title\" content=\"Iz HEP-a najavili radove: Ovaj tjedan bez struje brojna gori\u010dka okolna naselja\" \/>\n<meta property=\"og:description\" content=\"Iz HEP-a najavili radove: Ovaj tjedan bez struje brojna gori\u010dka okolna naselja. Provjerite je li i va\u0161a ulica na popisu.\" \/>\n<meta property=\"og:url\" content=\"https:\/\/gorica.info\/en\/iz-hep-a-najavili-radove-ovaj-tjedan-bez-struje-brojna-goricka-okolna-naselja\/\" \/>\n<meta property=\"og:site_name\" content=\"Gorica Info\" \/>\n<meta property=\"article:publisher\" content=\"https:\/\/www.facebook.com\/Goricainfo-106005144489262\" \/>\n<meta property=\"article:published_time\" content=\"2023-10-16T05:43:40+00:00\" \/>\n<meta property=\"og:image\" content=\"https:\/\/gorica.info\/wp-content\/uploads\/2023\/10\/struja-stupovi-foto-unsplah-e1697436861597.jpg\" \/>\n\t<meta property=\"og:image:width\" content=\"533\" \/>\n\t<meta property=\"og:image:height\" content=\"658\" \/>\n\t<meta property=\"og:image:type\" content=\"image\/jpeg\" \/>\n<meta name=\"author\" content=\"Gorica. info\" \/>\n<meta name=\"twitter:card\" content=\"summary_large_image\" \/>\n<meta name=\"twitter:creator\" content=\"@GoricaInfo\" \/>\n<meta name=\"twitter:site\" content=\"@GoricaInfo\" \/>\n<meta name=\"twitter:label1\" content=\"Written by\" \/>\n\t<meta name=\"twitter:data1\" content=\"Gorica. info\" \/>\n\t<meta name=\"twitter:label2\" content=\"Est. reading time\" \/>\n\t<meta name=\"twitter:data2\" content=\"1 minute\" \/>\n<meta name=\"geo.placename\" content=\"Velika Gorica\" \/>\n<meta name=\"geo.region\" content=\"Croatia\" \/>\n<!-- \/ Yoast SEO Premium plugin. -->","yoast_head_json":{"title":"Iz HEP-a najavili radove: Ovaj tjedan bez struje brojna gori\u010dka okolna naselja - Gorica Info","description":"Iz HEP-a najavili radove: Ovaj tjedan bez struje brojna gori\u010dka okolna naselja. Provjerite je li i va\u0161a ulica na popisu.","robots":{"index":"index","follow":"follow","max-snippet":"max-snippet:-1","max-image-preview":"max-image-preview:large","max-video-preview":"max-video-preview:-1"},"canonical":"https:\/\/gorica.info\/en\/iz-hep-a-najavili-radove-ovaj-tjedan-bez-struje-brojna-goricka-okolna-naselja\/","og_locale":"en_US","og_type":"article","og_title":"Iz HEP-a najavili radove: Ovaj tjedan bez struje brojna gori\u010dka okolna naselja","og_description":"Iz HEP-a najavili radove: Ovaj tjedan bez struje brojna gori\u010dka okolna naselja. Provjerite je li i va\u0161a ulica na popisu.","og_url":"https:\/\/gorica.info\/en\/iz-hep-a-najavili-radove-ovaj-tjedan-bez-struje-brojna-goricka-okolna-naselja\/","og_site_name":"Gorica Info","article_publisher":"https:\/\/www.facebook.com\/Goricainfo-106005144489262","article_published_time":"2023-10-16T05:43:40+00:00","og_image":[{"width":533,"height":658,"url":"https:\/\/gorica.info\/wp-content\/uploads\/2023\/10\/struja-stupovi-foto-unsplah-e1697436861597.jpg","type":"image\/jpeg"}],"author":"Gorica. info","twitter_card":"summary_large_image","twitter_creator":"@GoricaInfo","twitter_site":"@GoricaInfo","twitter_misc":{"Written by":"Gorica. info","Est. reading time":"1 minute"},"schema":{"@context":"https:\/\/schema.org","@graph":[{"@type":"NewsArticle","@id":"https:\/\/gorica.info\/iz-hep-a-najavili-radove-ovaj-tjedan-bez-struje-brojna-goricka-okolna-naselja\/#article","isPartOf":{"@id":"https:\/\/gorica.info\/iz-hep-a-najavili-radove-ovaj-tjedan-bez-struje-brojna-goricka-okolna-naselja\/"},"author":{"name":"Gorica. info","@id":"https:\/\/gorica.info\/#\/schema\/person\/4499af1f22f322670b9b5977ccc2e3de"},"headline":"Iz HEP-a najavili radove: Ovaj tjedan bez struje brojna gori\u010dka okolna naselja","datePublished":"2023-10-16T05:43:40+00:00","mainEntityOfPage":{"@id":"https:\/\/gorica.info\/iz-hep-a-najavili-radove-ovaj-tjedan-bez-struje-brojna-goricka-okolna-naselja\/"},"wordCount":186,"commentCount":0,"publisher":{"@id":"https:\/\/gorica.info\/#organization"},"image":{"@id":"https:\/\/gorica.info\/iz-hep-a-najavili-radove-ovaj-tjedan-bez-struje-brojna-goricka-okolna-naselja\/#primaryimage"},"thumbnailUrl":"https:\/\/gorica.info\/wp-content\/uploads\/2023\/10\/struja-stupovi-foto-unsplah-e1697436861597.jpg","keywords":["hep","mje\u0161tani","naselja","radovi","struja"],"articleSection":["VIJESTI"],"inLanguage":"en-US","potentialAction":[{"@type":"CommentAction","name":"Comment","target":["https:\/\/gorica.info\/iz-hep-a-najavili-radove-ovaj-tjedan-bez-struje-brojna-goricka-okolna-naselja\/#respond"]}],"copyrightYear":"2023","copyrightHolder":{"@id":"https:\/\/gorica.info\/en\/#organization"}},{"@type":"WebPage","@id":"https:\/\/gorica.info\/iz-hep-a-najavili-radove-ovaj-tjedan-bez-struje-brojna-goricka-okolna-naselja\/","url":"https:\/\/gorica.info\/iz-hep-a-najavili-radove-ovaj-tjedan-bez-struje-brojna-goricka-okolna-naselja\/","name":"Iz HEP-a najavili radove: Ovaj tjedan bez struje brojna gori\u010dka okolna naselja - Gorica Info","isPartOf":{"@id":"https:\/\/gorica.info\/#website"},"primaryImageOfPage":{"@id":"https:\/\/gorica.info\/iz-hep-a-najavili-radove-ovaj-tjedan-bez-struje-brojna-goricka-okolna-naselja\/#primaryimage"},"image":{"@id":"https:\/\/gorica.info\/iz-hep-a-najavili-radove-ovaj-tjedan-bez-struje-brojna-goricka-okolna-naselja\/#primaryimage"},"thumbnailUrl":"https:\/\/gorica.info\/wp-content\/uploads\/2023\/10\/struja-stupovi-foto-unsplah-e1697436861597.jpg","datePublished":"2023-10-16T05:43:40+00:00","description":"Iz HEP-a najavili radove: Ovaj tjedan bez struje brojna gori\u010dka okolna naselja. Provjerite je li i va\u0161a ulica na popisu.","breadcrumb":{"@id":"https:\/\/gorica.info\/iz-hep-a-najavili-radove-ovaj-tjedan-bez-struje-brojna-goricka-okolna-naselja\/#breadcrumb"},"inLanguage":"en-US","potentialAction":[{"@type":"ReadAction","target":["https:\/\/gorica.info\/iz-hep-a-najavili-radove-ovaj-tjedan-bez-struje-brojna-goricka-okolna-naselja\/"]}]},{"@type":"ImageObject","inLanguage":"en-US","@id":"https:\/\/gorica.info\/iz-hep-a-najavili-radove-ovaj-tjedan-bez-struje-brojna-goricka-okolna-naselja\/#primaryimage","url":"https:\/\/gorica.info\/wp-content\/uploads\/2023\/10\/struja-stupovi-foto-unsplah-e1697436861597.jpg","contentUrl":"https:\/\/gorica.info\/wp-content\/uploads\/2023\/10\/struja-stupovi-foto-unsplah-e1697436861597.jpg","width":533,"height":658,"caption":"Foto: Unsplah"},{"@type":"BreadcrumbList","@id":"https:\/\/gorica.info\/iz-hep-a-najavili-radove-ovaj-tjedan-bez-struje-brojna-goricka-okolna-naselja\/#breadcrumb","itemListElement":[{"@type":"ListItem","position":1,"name":"Po\u010detna stranica","item":"https:\/\/gorica.info\/"},{"@type":"ListItem","position":2,"name":"Iz HEP-a najavili radove: Ovaj tjedan bez struje brojna gori\u010dka okolna naselja"}]},{"@type":"WebSite","@id":"https:\/\/gorica.info\/#website","url":"https:\/\/gorica.info\/","name":"Gorica Info","description":"Vijesti iz Velike Gorice i okolice.","publisher":{"@id":"https:\/\/gorica.info\/#organization"},"potentialAction":[{"@type":"SearchAction","target":{"@type":"EntryPoint","urlTemplate":"https:\/\/gorica.info\/?s={search_term_string}"},"query-input":{"@type":"PropertyValueSpecification","valueRequired":true,"valueName":"search_term_string"}}],"inLanguage":"en-US"},{"@type":["Organization","Place","NewsMediaOrganization"],"@id":"https:\/\/gorica.info\/#organization","name":"Gorica Info","url":"https:\/\/gorica.info\/","logo":{"@id":"https:\/\/gorica.info\/iz-hep-a-najavili-radove-ovaj-tjedan-bez-struje-brojna-goricka-okolna-naselja\/#local-main-organization-logo"},"image":{"@id":"https:\/\/gorica.info\/iz-hep-a-najavili-radove-ovaj-tjedan-bez-struje-brojna-goricka-okolna-naselja\/#local-main-organization-logo"},"sameAs":["https:\/\/www.facebook.com\/Goricainfo-106005144489262","https:\/\/x.com\/GoricaInfo","https:\/\/www.instagram.com\/gorica.info\/"],"address":{"@id":"https:\/\/gorica.info\/iz-hep-a-najavili-radove-ovaj-tjedan-bez-struje-brojna-goricka-okolna-naselja\/#local-main-place-address"},"telephone":[],"openingHoursSpecification":[{"@type":"OpeningHoursSpecification","dayOfWeek":["Monday","Tuesday","Wednesday","Thursday","Friday","Saturday","Sunday"],"opens":"09:00","closes":"17:00"}],"email":"redakcija@gorica.info"},{"@type":"Person","@id":"https:\/\/gorica.info\/#\/schema\/person\/4499af1f22f322670b9b5977ccc2e3de","name":"Gorica. info","description":"Gorica.info je lokalni portal koji prati Veliku Goricu i okolici, svakodnevno donosi najnovije vijesti i pri\u010de, kulturna doga\u0111anja i aktualnosti koje oblikuju \u017eivot gra\u0111ana.","url":"https:\/\/gorica.info\/en\/author\/gorica-info\/"},{"@type":"PostalAddress","@id":"https:\/\/gorica.info\/iz-hep-a-najavili-radove-ovaj-tjedan-bez-struje-brojna-goricka-okolna-naselja\/#local-main-place-address","streetAddress":"Horvatova 97","addressLocality":"Velika Gorica","postalCode":"10410","addressRegion":"Croatia","addressCountry":"HR"},{"@type":"ImageObject","inLanguage":"en-US","@id":"https:\/\/gorica.info\/iz-hep-a-najavili-radove-ovaj-tjedan-bez-struje-brojna-goricka-okolna-naselja\/#local-main-organization-logo","url":"https:\/\/gorica.info\/wp-content\/uploads\/2024\/07\/Gorica-Info-Logo-mali.png","contentUrl":"https:\/\/gorica.info\/wp-content\/uploads\/2024\/07\/Gorica-Info-Logo-mali.png","width":450,"height":85,"caption":"Gorica Info"}]},"geo.placename":"Velika Gorica","geo.region":"Croatia"},"_links":{"self":[{"href":"https:\/\/gorica.info\/en\/wp-json\/wp\/v2\/posts\/55913","targetHints":{"allow":["GET"]}}],"collection":[{"href":"https:\/\/gorica.info\/en\/wp-json\/wp\/v2\/posts"}],"about":[{"href":"https:\/\/gorica.info\/en\/wp-json\/wp\/v2\/types\/post"}],"author":[{"embeddable":true,"href":"https:\/\/gorica.info\/en\/wp-json\/wp\/v2\/users\/23"}],"replies":[{"embeddable":true,"href":"https:\/\/gorica.info\/en\/wp-json\/wp\/v2\/comments?post=55913"}],"version-history":[{"count":0,"href":"https:\/\/gorica.info\/en\/wp-json\/wp\/v2\/posts\/55913\/revisions"}],"wp:featuredmedia":[{"embeddable":true,"href":"https:\/\/gorica.info\/en\/wp-json\/wp\/v2\/media\/55914"}],"wp:attachment":[{"href":"https:\/\/gorica.info\/en\/wp-json\/wp\/v2\/media?parent=55913"}],"wp:term":[{"taxonomy":"category","embeddable":true,"href":"https:\/\/gorica.info\/en\/wp-json\/wp\/v2\/categories?post=55913"},{"taxonomy":"post_tag","embeddable":true,"href":"https:\/\/gorica.info\/en\/wp-json\/wp\/v2\/tags?post=55913"}],"curies":[{"name":"wp","href":"https:\/\/api.w.org\/{rel}","templated":true}]}}