{"id":55992,"date":"2023-10-18T08:12:52","date_gmt":"2023-10-18T06:12:52","guid":{"rendered":"https:\/\/gorica.info\/?p=55992"},"modified":"2023-10-18T08:12:52","modified_gmt":"2023-10-18T06:12:52","slug":"treca-sreca-objavljen-dugo-ocekivani-natjecaj-za-izgradnju-gorickog-procistaca-radovi-bi-trebali-poceti-na-proljece","status":"publish","type":"post","link":"https:\/\/gorica.info\/en\/treca-sreca-objavljen-dugo-ocekivani-natjecaj-za-izgradnju-gorickog-procistaca-radovi-bi-trebali-poceti-na-proljece\/","title":{"rendered":"Tre\u0107a sre\u0107a: Objavljen dugo o\u010dekivani natje\u010daj za izgradnju gori\u010dkog pro\u010dista\u010da. Radovi bi trebali po\u010deti na prolje\u0107e"},"content":{"rendered":"<p>Dugo o\u010dekivani <strong>tre\u0107i natje\u010daj<\/strong> za izgradnju velikogori\u010dkog pro\u010dista\u010da napokon je objavljen. Procijenjena vrijednost radova je<strong> 21,2 milijuna eura<\/strong> bez PDV-a. Tvrtka koja dobije posao morat \u0107e izgraditi novi pro\u010dista\u010d za <strong>36 mjeseci<\/strong>. Rok za dostavu ponuda je<strong> 27. studenoga<\/strong> u 12 sati, a po\u010detak radova predvi\u0111en je za <strong>prolje\u0107e sljede\u0107e godine.<\/strong><\/p>\n<p>Ho\u0107e li se na tre\u0107em natje\u010daju napokon uspjeti odabrati izvo\u0111a\u010d radova ostaje nam tek naga\u0111ati. Podsjetimo, prvi natje\u010daj je <strong>poni\u0161ten sredinom listopada 2020. godine<\/strong>. Kao slu\u017ebeni razlog je navedeno to \u0161to su ponude, Strabaga AG i Elektrocentra Petek, bile daleko ve\u0107e od procijenjene vrijednosti nabave. Strabag AG je ponudio cijenu od 139,9 milijuna kuna bez PDV-a, a Elektrocentar Petek 118,9 milijuna kuna bez PDV-a.<\/p>\n<p>A pravi razlog se krio u sumnji u namje\u0161tanje natje\u010daja zbog \u010dega su u Remetincu nekoliko mjeseci proveli prvi \u010dovjek Velike Gorice Dra\u017een Bari\u0161i\u0107, vlasnik Elektrocentra Petek Kre\u0161o Petek i tada\u0161nji direktor VG Vodoopskrbe Tomislav Jelisavac.<\/p>\n<p>Nije bilo sre\u0107e ni s drugim natje\u010dajem na kojem je za izvo\u0111a\u010da odabran <strong>austrijski Strabag<\/strong>. Na tu odluku se \u017ealila tvrtka Elektrocentar Petek, a Dr\u017eavna komisija za kontrolu postupaka javne nabave poni\u0161tila je odluku VG Vodoopskrbe.<\/p>\n<p><a href=\"https:\/\/www.vgvodoopskrba.hr\/naslovna\/\">VG Vodoopskrba<\/a> morala je isplatiti i <strong>100.000 kuna Elektrocentru Petek<\/strong> za naknadu tro\u0161kova \u017ealbenog postupka.<\/p>\n<p>Zanimljivo je kako je jedno<a href=\"https:\/\/gorica.info\/en\/2022\/12\/21\/povjerenstvo-predlozilo-vg-vodoopskrbi-ponistiti-natjecaj-za-izgradnju-velikogorickog-procistaca\/\"> povjerenstvo<\/a> VG Vodoopskrbe utvrdilo kako je ponuda Strabaga najbolja te da zadovoljava sve uvjete natje\u010daja, a onda je drugo povjerenstvo otkrilo kako ta \u00a0ponuda ne udovoljava kriterijima tehni\u010dke i stru\u010dne sposobnosti jer Strabag nemu iskustva u izgradnji i projektiranju ure\u0111aja za pro\u010di\u0161\u0107avanje komunalnih otpadnih voda.<\/p>","protected":false},"excerpt":{"rendered":"<p>Dugo o\u010dekivani tre\u0107i natje\u010daj za izgradnju velikogori\u010dkog pro\u010dista\u010da napokon je objavljen. Procijenjena vrijednost radova je 21,2 milijuna eura bez PDV-a. Tvrtka koja dobije posao morat \u0107e izgraditi novi pro\u010dista\u010d za 36 mjeseci. Rok za dostavu ponuda je 27. studenoga u 12 sati, a po\u010detak radova predvi\u0111en je za prolje\u0107e sljede\u0107e godine. Ho\u0107e li se na [&hellip;]<\/p>\n","protected":false},"author":23,"featured_media":55993,"comment_status":"open","ping_status":"open","sticky":false,"template":"","format":"standard","meta":{"limit_modified_date":"","last_modified_date":"","jnews-multi-image_gallery":[],"jnews_single_post":[],"jnews_primary_category":[],"jnews_override_counter":[],"footnotes":""},"categories":[91],"tags":[854,1375,1211,11856,122],"class_list":["post-55992","post","type-post","status-publish","format-standard","has-post-thumbnail","hentry","category-vg-vazno","tag-izgradnja","tag-javna-nabava","tag-procistac","tag-treci-natjecaj","tag-velika-gorica"],"yoast_head":"<!-- This site is optimized with the Yoast SEO Premium plugin v27.4 (Yoast SEO v27.4) - https:\/\/yoast.com\/product\/yoast-seo-premium-wordpress\/ -->\n<title>Tre\u0107a sre\u0107a: Objavljen dugo o\u010dekivani natje\u010daj za izgradnju gori\u010dkog pro\u010dista\u010da. Radovi bi trebali po\u010deti na prolje\u0107e - Gorica Info<\/title>\n<meta name=\"description\" content=\"Tre\u0107a sre\u0107a: Objavljen dugo o\u010dekivani natje\u010daj za izgradnju gori\u010dkog pro\u010dista\u010da. Radovi bi trebali po\u010deti na prolje\u0107e\" \/>\n<meta name=\"robots\" content=\"index, follow, max-snippet:-1, max-image-preview:large, max-video-preview:-1\" \/>\n<link rel=\"canonical\" href=\"https:\/\/gorica.info\/en\/treca-sreca-objavljen-dugo-ocekivani-natjecaj-za-izgradnju-gorickog-procistaca-radovi-bi-trebali-poceti-na-proljece\/\" \/>\n<meta property=\"og:locale\" content=\"en_US\" \/>\n<meta property=\"og:type\" content=\"article\" \/>\n<meta property=\"og:title\" content=\"Tre\u0107a sre\u0107a: Objavljen dugo o\u010dekivani natje\u010daj za izgradnju gori\u010dkog pro\u010dista\u010da. Radovi bi trebali po\u010deti na prolje\u0107e\" \/>\n<meta property=\"og:description\" content=\"Tre\u0107a sre\u0107a: Objavljen dugo o\u010dekivani natje\u010daj za izgradnju gori\u010dkog pro\u010dista\u010da. Radovi bi trebali po\u010deti na prolje\u0107e\" \/>\n<meta property=\"og:url\" content=\"https:\/\/gorica.info\/en\/treca-sreca-objavljen-dugo-ocekivani-natjecaj-za-izgradnju-gorickog-procistaca-radovi-bi-trebali-poceti-na-proljece\/\" \/>\n<meta property=\"og:site_name\" content=\"Gorica Info\" \/>\n<meta property=\"article:publisher\" content=\"https:\/\/www.facebook.com\/Goricainfo-106005144489262\" \/>\n<meta property=\"article:published_time\" content=\"2023-10-18T06:12:52+00:00\" \/>\n<meta property=\"og:image\" content=\"https:\/\/gorica.info\/wp-content\/uploads\/2023\/10\/procistac3-vg_Fotor.jpg\" \/>\n\t<meta property=\"og:image:width\" content=\"1200\" \/>\n\t<meta property=\"og:image:height\" content=\"703\" \/>\n\t<meta property=\"og:image:type\" content=\"image\/jpeg\" \/>\n<meta name=\"author\" content=\"Gorica. info\" \/>\n<meta name=\"twitter:card\" content=\"summary_large_image\" \/>\n<meta name=\"twitter:creator\" content=\"@GoricaInfo\" \/>\n<meta name=\"twitter:site\" content=\"@GoricaInfo\" \/>\n<meta name=\"twitter:label1\" content=\"Written by\" \/>\n\t<meta name=\"twitter:data1\" content=\"Gorica. info\" \/>\n\t<meta name=\"twitter:label2\" content=\"Est. reading time\" \/>\n\t<meta name=\"twitter:data2\" content=\"2 minutes\" \/>\n<meta name=\"geo.placename\" content=\"Velika Gorica\" \/>\n<meta name=\"geo.region\" content=\"Croatia\" \/>\n<!-- \/ Yoast SEO Premium plugin. -->","yoast_head_json":{"title":"Tre\u0107a sre\u0107a: Objavljen dugo o\u010dekivani natje\u010daj za izgradnju gori\u010dkog pro\u010dista\u010da. Radovi bi trebali po\u010deti na prolje\u0107e - Gorica Info","description":"Tre\u0107a sre\u0107a: Objavljen dugo o\u010dekivani natje\u010daj za izgradnju gori\u010dkog pro\u010dista\u010da. Radovi bi trebali po\u010deti na prolje\u0107e","robots":{"index":"index","follow":"follow","max-snippet":"max-snippet:-1","max-image-preview":"max-image-preview:large","max-video-preview":"max-video-preview:-1"},"canonical":"https:\/\/gorica.info\/en\/treca-sreca-objavljen-dugo-ocekivani-natjecaj-za-izgradnju-gorickog-procistaca-radovi-bi-trebali-poceti-na-proljece\/","og_locale":"en_US","og_type":"article","og_title":"Tre\u0107a sre\u0107a: Objavljen dugo o\u010dekivani natje\u010daj za izgradnju gori\u010dkog pro\u010dista\u010da. Radovi bi trebali po\u010deti na prolje\u0107e","og_description":"Tre\u0107a sre\u0107a: Objavljen dugo o\u010dekivani natje\u010daj za izgradnju gori\u010dkog pro\u010dista\u010da. Radovi bi trebali po\u010deti na prolje\u0107e","og_url":"https:\/\/gorica.info\/en\/treca-sreca-objavljen-dugo-ocekivani-natjecaj-za-izgradnju-gorickog-procistaca-radovi-bi-trebali-poceti-na-proljece\/","og_site_name":"Gorica Info","article_publisher":"https:\/\/www.facebook.com\/Goricainfo-106005144489262","article_published_time":"2023-10-18T06:12:52+00:00","og_image":[{"width":1200,"height":703,"url":"https:\/\/gorica.info\/wp-content\/uploads\/2023\/10\/procistac3-vg_Fotor.jpg","type":"image\/jpeg"}],"author":"Gorica. info","twitter_card":"summary_large_image","twitter_creator":"@GoricaInfo","twitter_site":"@GoricaInfo","twitter_misc":{"Written by":"Gorica. info","Est. reading time":"2 minutes"},"schema":{"@context":"https:\/\/schema.org","@graph":[{"@type":"NewsArticle","@id":"https:\/\/gorica.info\/treca-sreca-objavljen-dugo-ocekivani-natjecaj-za-izgradnju-gorickog-procistaca-radovi-bi-trebali-poceti-na-proljece\/#article","isPartOf":{"@id":"https:\/\/gorica.info\/treca-sreca-objavljen-dugo-ocekivani-natjecaj-za-izgradnju-gorickog-procistaca-radovi-bi-trebali-poceti-na-proljece\/"},"author":{"name":"Gorica. info","@id":"https:\/\/gorica.info\/#\/schema\/person\/4499af1f22f322670b9b5977ccc2e3de"},"headline":"Tre\u0107a sre\u0107a: Objavljen dugo o\u010dekivani natje\u010daj za izgradnju gori\u010dkog pro\u010dista\u010da. Radovi bi trebali po\u010deti na prolje\u0107e","datePublished":"2023-10-18T06:12:52+00:00","mainEntityOfPage":{"@id":"https:\/\/gorica.info\/treca-sreca-objavljen-dugo-ocekivani-natjecaj-za-izgradnju-gorickog-procistaca-radovi-bi-trebali-poceti-na-proljece\/"},"wordCount":308,"commentCount":0,"publisher":{"@id":"https:\/\/gorica.info\/#organization"},"image":{"@id":"https:\/\/gorica.info\/treca-sreca-objavljen-dugo-ocekivani-natjecaj-za-izgradnju-gorickog-procistaca-radovi-bi-trebali-poceti-na-proljece\/#primaryimage"},"thumbnailUrl":"https:\/\/gorica.info\/wp-content\/uploads\/2023\/10\/procistac3-vg_Fotor.jpg","keywords":["izgradnja","javna nabava","pro\u010dista\u010d","tre\u0107i natje\u010daj","Velika Gorica"],"articleSection":["VG VA\u017dNO"],"inLanguage":"en-US","potentialAction":[{"@type":"CommentAction","name":"Comment","target":["https:\/\/gorica.info\/treca-sreca-objavljen-dugo-ocekivani-natjecaj-za-izgradnju-gorickog-procistaca-radovi-bi-trebali-poceti-na-proljece\/#respond"]}],"copyrightYear":"2023","copyrightHolder":{"@id":"https:\/\/gorica.info\/en\/#organization"}},{"@type":"WebPage","@id":"https:\/\/gorica.info\/treca-sreca-objavljen-dugo-ocekivani-natjecaj-za-izgradnju-gorickog-procistaca-radovi-bi-trebali-poceti-na-proljece\/","url":"https:\/\/gorica.info\/treca-sreca-objavljen-dugo-ocekivani-natjecaj-za-izgradnju-gorickog-procistaca-radovi-bi-trebali-poceti-na-proljece\/","name":"Tre\u0107a sre\u0107a: Objavljen dugo o\u010dekivani natje\u010daj za izgradnju gori\u010dkog pro\u010dista\u010da. Radovi bi trebali po\u010deti na prolje\u0107e - Gorica Info","isPartOf":{"@id":"https:\/\/gorica.info\/#website"},"primaryImageOfPage":{"@id":"https:\/\/gorica.info\/treca-sreca-objavljen-dugo-ocekivani-natjecaj-za-izgradnju-gorickog-procistaca-radovi-bi-trebali-poceti-na-proljece\/#primaryimage"},"image":{"@id":"https:\/\/gorica.info\/treca-sreca-objavljen-dugo-ocekivani-natjecaj-za-izgradnju-gorickog-procistaca-radovi-bi-trebali-poceti-na-proljece\/#primaryimage"},"thumbnailUrl":"https:\/\/gorica.info\/wp-content\/uploads\/2023\/10\/procistac3-vg_Fotor.jpg","datePublished":"2023-10-18T06:12:52+00:00","description":"Tre\u0107a sre\u0107a: Objavljen dugo o\u010dekivani natje\u010daj za izgradnju gori\u010dkog pro\u010dista\u010da. Radovi bi trebali po\u010deti na prolje\u0107e","breadcrumb":{"@id":"https:\/\/gorica.info\/treca-sreca-objavljen-dugo-ocekivani-natjecaj-za-izgradnju-gorickog-procistaca-radovi-bi-trebali-poceti-na-proljece\/#breadcrumb"},"inLanguage":"en-US","potentialAction":[{"@type":"ReadAction","target":["https:\/\/gorica.info\/treca-sreca-objavljen-dugo-ocekivani-natjecaj-za-izgradnju-gorickog-procistaca-radovi-bi-trebali-poceti-na-proljece\/"]}]},{"@type":"ImageObject","inLanguage":"en-US","@id":"https:\/\/gorica.info\/treca-sreca-objavljen-dugo-ocekivani-natjecaj-za-izgradnju-gorickog-procistaca-radovi-bi-trebali-poceti-na-proljece\/#primaryimage","url":"https:\/\/gorica.info\/wp-content\/uploads\/2023\/10\/procistac3-vg_Fotor.jpg","contentUrl":"https:\/\/gorica.info\/wp-content\/uploads\/2023\/10\/procistac3-vg_Fotor.jpg","width":1100,"height":644,"caption":"Foto: Gorica.info"},{"@type":"BreadcrumbList","@id":"https:\/\/gorica.info\/treca-sreca-objavljen-dugo-ocekivani-natjecaj-za-izgradnju-gorickog-procistaca-radovi-bi-trebali-poceti-na-proljece\/#breadcrumb","itemListElement":[{"@type":"ListItem","position":1,"name":"Po\u010detna stranica","item":"https:\/\/gorica.info\/"},{"@type":"ListItem","position":2,"name":"Tre\u0107a sre\u0107a: Objavljen dugo o\u010dekivani natje\u010daj za izgradnju gori\u010dkog pro\u010dista\u010da. Radovi bi trebali po\u010deti na prolje\u0107e"}]},{"@type":"WebSite","@id":"https:\/\/gorica.info\/#website","url":"https:\/\/gorica.info\/","name":"Gorica Info","description":"Vijesti iz Velike Gorice i okolice.","publisher":{"@id":"https:\/\/gorica.info\/#organization"},"potentialAction":[{"@type":"SearchAction","target":{"@type":"EntryPoint","urlTemplate":"https:\/\/gorica.info\/?s={search_term_string}"},"query-input":{"@type":"PropertyValueSpecification","valueRequired":true,"valueName":"search_term_string"}}],"inLanguage":"en-US"},{"@type":["Organization","Place","NewsMediaOrganization"],"@id":"https:\/\/gorica.info\/#organization","name":"Gorica Info","url":"https:\/\/gorica.info\/","logo":{"@id":"https:\/\/gorica.info\/treca-sreca-objavljen-dugo-ocekivani-natjecaj-za-izgradnju-gorickog-procistaca-radovi-bi-trebali-poceti-na-proljece\/#local-main-organization-logo"},"image":{"@id":"https:\/\/gorica.info\/treca-sreca-objavljen-dugo-ocekivani-natjecaj-za-izgradnju-gorickog-procistaca-radovi-bi-trebali-poceti-na-proljece\/#local-main-organization-logo"},"sameAs":["https:\/\/www.facebook.com\/Goricainfo-106005144489262","https:\/\/x.com\/GoricaInfo","https:\/\/www.instagram.com\/gorica.info\/"],"address":{"@id":"https:\/\/gorica.info\/treca-sreca-objavljen-dugo-ocekivani-natjecaj-za-izgradnju-gorickog-procistaca-radovi-bi-trebali-poceti-na-proljece\/#local-main-place-address"},"telephone":[],"openingHoursSpecification":[{"@type":"OpeningHoursSpecification","dayOfWeek":["Monday","Tuesday","Wednesday","Thursday","Friday","Saturday","Sunday"],"opens":"09:00","closes":"17:00"}],"email":"redakcija@gorica.info"},{"@type":"Person","@id":"https:\/\/gorica.info\/#\/schema\/person\/4499af1f22f322670b9b5977ccc2e3de","name":"Gorica. info","description":"Gorica.info je lokalni portal koji prati Veliku Goricu i okolici, svakodnevno donosi najnovije vijesti i pri\u010de, kulturna doga\u0111anja i aktualnosti koje oblikuju \u017eivot gra\u0111ana.","url":"https:\/\/gorica.info\/en\/author\/gorica-info\/"},{"@type":"PostalAddress","@id":"https:\/\/gorica.info\/treca-sreca-objavljen-dugo-ocekivani-natjecaj-za-izgradnju-gorickog-procistaca-radovi-bi-trebali-poceti-na-proljece\/#local-main-place-address","streetAddress":"Horvatova 97","addressLocality":"Velika Gorica","postalCode":"10410","addressRegion":"Croatia","addressCountry":"HR"},{"@type":"ImageObject","inLanguage":"en-US","@id":"https:\/\/gorica.info\/treca-sreca-objavljen-dugo-ocekivani-natjecaj-za-izgradnju-gorickog-procistaca-radovi-bi-trebali-poceti-na-proljece\/#local-main-organization-logo","url":"https:\/\/gorica.info\/wp-content\/uploads\/2024\/07\/Gorica-Info-Logo-mali.png","contentUrl":"https:\/\/gorica.info\/wp-content\/uploads\/2024\/07\/Gorica-Info-Logo-mali.png","width":450,"height":85,"caption":"Gorica Info"}]},"geo.placename":"Velika Gorica","geo.region":"Croatia"},"_links":{"self":[{"href":"https:\/\/gorica.info\/en\/wp-json\/wp\/v2\/posts\/55992","targetHints":{"allow":["GET"]}}],"collection":[{"href":"https:\/\/gorica.info\/en\/wp-json\/wp\/v2\/posts"}],"about":[{"href":"https:\/\/gorica.info\/en\/wp-json\/wp\/v2\/types\/post"}],"author":[{"embeddable":true,"href":"https:\/\/gorica.info\/en\/wp-json\/wp\/v2\/users\/23"}],"replies":[{"embeddable":true,"href":"https:\/\/gorica.info\/en\/wp-json\/wp\/v2\/comments?post=55992"}],"version-history":[{"count":0,"href":"https:\/\/gorica.info\/en\/wp-json\/wp\/v2\/posts\/55992\/revisions"}],"wp:featuredmedia":[{"embeddable":true,"href":"https:\/\/gorica.info\/en\/wp-json\/wp\/v2\/media\/55993"}],"wp:attachment":[{"href":"https:\/\/gorica.info\/en\/wp-json\/wp\/v2\/media?parent=55992"}],"wp:term":[{"taxonomy":"category","embeddable":true,"href":"https:\/\/gorica.info\/en\/wp-json\/wp\/v2\/categories?post=55992"},{"taxonomy":"post_tag","embeddable":true,"href":"https:\/\/gorica.info\/en\/wp-json\/wp\/v2\/tags?post=55992"}],"curies":[{"name":"wp","href":"https:\/\/api.w.org\/{rel}","templated":true}]}}