{"id":56014,"date":"2023-10-18T13:51:46","date_gmt":"2023-10-18T11:51:46","guid":{"rendered":"https:\/\/gorica.info\/?p=56014"},"modified":"2023-10-18T13:51:46","modified_gmt":"2023-10-18T11:51:46","slug":"vlada-popustila-iako-je-neradan-dan-cvjecari-ce-na-blagdan-svih-svetih-smjeti-prodavati-cvijece","status":"publish","type":"post","link":"https:\/\/gorica.info\/en\/vlada-popustila-iako-je-neradan-dan-cvjecari-ce-na-blagdan-svih-svetih-smjeti-prodavati-cvijece\/","title":{"rendered":"Vlada popustila: Iako je neradni dan cvje\u0107ari \u0107e na blagdan Svih svetih smjeti prodavati cvije\u0107e"},"content":{"rendered":"<p><strong>Prodaja cvije\u0107a<\/strong> i svije\u0107a na blagdan <a href=\"https:\/\/gorica.info\/en\/2022\/11\/01\/danas-se-slavi-blagdan-svi-svetih-znate-li-zasto-palimo-svijece-na-grobovima-nasih-najmilijih\/\">Svih svetih<\/a> bit \u0107e ipak dopu\u0161tena iako je taj dan neradan. Najavio je to premijer <strong>Andrej Plenkovi\u0107<\/strong> u srijedu kazav\u0161i kako \u0107e Vlada donijeti odluku po kojoj \u0107e se uz blagdan Svih svetih iznimno dozvoliti prodaja cvije\u0107a i svije\u0107a. Naime, Zakon o trgovini zabranjuje rad trgovcima nedjeljom i blagdanima \u0161to je cvje\u0107are dovele u velike probleme. Svi svete su naime dan kada imaju najve\u0107i promet.<\/p>\n<p>&#8211; Donijet \u0107emo odluku na Vladi da bi taj dan iznimno mogle raditi specijalizirane prodavaonice, prodavati se cvije\u0107e i svije\u0107e,\u00a0 kako bi ono \u0161to je na\u0161a tradicija i po\u0161tovanje prema onima kojih nema bili sasvim normalni &#8211; rekao je premijer Plenkovi\u0107 u Rijeci.<\/p>\n<p>Plenkovi\u0107 je tako preduhitrio gradona\u010delnike i na\u010delnike koji su najavljivali da \u0107e 1. studenoga proglasiti sajmenim danom.<\/p>\n<p>Udruga <a href=\"https:\/\/www.facebook.com\/groups\/glaspoduzetnika\">Glas poduzetnika<\/a> (UGP) pozvala je gradove i op\u0107ine da dozvole rad cvje\u0107arnama za dan Svih svetih te tako omogu\u0107e svojim sugra\u0111anima rad na dan kada ostvaruju najve\u0107e promete.<\/p>\n<p>&#8211; Smatramo da je blagdan Svih svetih naro\u010dito va\u017ean za cvje\u0107arne, koje se tjednima pripremaju za narud\u017ebe da bi svojim kupcima i sugra\u0111anima omogu\u0107ile da kupe aran\u017emane i svije\u0107e za grobove svojih najmilijih te nam je nezamislivo da ove godine to ne\u0107e biti mogu\u0107e, poru\u010dili su iz UGP-a.<\/p>\n<p>UGP je pozvao gradona\u010delnike i na\u010delnike op\u0107ina u Hrvatskoj da za blagdan Svih svetih proglase manifestacije ili sajamske dane u svojim gradovima i op\u0107inama kako bi poduzetnici iz sektora trgovine, a naro\u010dito cvje\u0107arne i suvenirnice mogli raditi.<\/p>","protected":false},"excerpt":{"rendered":"<p>Prodaja cvije\u0107a i svije\u0107a na blagdan Svih svetih bit \u0107e ipak dopu\u0161tena iako je taj dan neradan. Najavio je to premijer Andrej Plenkovi\u0107 u srijedu kazav\u0161i kako \u0107e Vlada donijeti odluku po kojoj \u0107e se uz blagdan Svih svetih iznimno dozvoliti prodaja cvije\u0107a i svije\u0107a. Naime, Zakon o trgovini zabranjuje rad trgovcima nedjeljom i blagdanima [&hellip;]<\/p>\n","protected":false},"author":23,"featured_media":56015,"comment_status":"open","ping_status":"open","sticky":false,"template":"","format":"standard","meta":{"limit_modified_date":"","last_modified_date":"","jnews-multi-image_gallery":[],"jnews_single_post":[],"jnews_primary_category":[],"jnews_override_counter":[],"footnotes":""},"categories":[96],"tags":[300,4365,5628,10916,9954,1469],"class_list":["post-56014","post","type-post","status-publish","format-standard","has-post-thumbnail","hentry","category-vijesti","tag-andrej-plenkovic","tag-blagdan","tag-glas-poduzetnika","tag-neradni-dan","tag-prodaja-cvijeca","tag-svi-sveti"],"yoast_head":"<!-- This site is optimized with the Yoast SEO Premium plugin v27.4 (Yoast SEO v27.4) - https:\/\/yoast.com\/product\/yoast-seo-premium-wordpress\/ -->\n<title>Vlada popustila: Iako je neradni dan cvje\u0107ari \u0107e na blagdan Svih svetih smjeti prodavati cvije\u0107e - Gorica Info<\/title>\n<meta name=\"description\" content=\"Vlada popustila: Iako je neradan dan cvje\u0107ari \u0107e na blagdan Svih svetih smjeti prodavati cvije\u0107e, najavio je premijer A. Plenkovi\u0107.\" \/>\n<meta name=\"robots\" content=\"index, follow, max-snippet:-1, max-image-preview:large, max-video-preview:-1\" \/>\n<link rel=\"canonical\" href=\"https:\/\/gorica.info\/en\/vlada-popustila-iako-je-neradan-dan-cvjecari-ce-na-blagdan-svih-svetih-smjeti-prodavati-cvijece\/\" \/>\n<meta property=\"og:locale\" content=\"en_US\" \/>\n<meta property=\"og:type\" content=\"article\" \/>\n<meta property=\"og:title\" content=\"Vlada popustila: Iako je neradni dan cvje\u0107ari \u0107e na blagdan Svih svetih smjeti prodavati cvije\u0107e\" \/>\n<meta property=\"og:description\" content=\"Vlada popustila: Iako je neradan dan cvje\u0107ari \u0107e na blagdan Svih svetih smjeti prodavati cvije\u0107e, najavio je premijer A. Plenkovi\u0107.\" \/>\n<meta property=\"og:url\" content=\"https:\/\/gorica.info\/en\/vlada-popustila-iako-je-neradan-dan-cvjecari-ce-na-blagdan-svih-svetih-smjeti-prodavati-cvijece\/\" \/>\n<meta property=\"og:site_name\" content=\"Gorica Info\" \/>\n<meta property=\"article:publisher\" content=\"https:\/\/www.facebook.com\/Goricainfo-106005144489262\" \/>\n<meta property=\"article:published_time\" content=\"2023-10-18T11:51:46+00:00\" \/>\n<meta property=\"og:image\" content=\"https:\/\/gorica.info\/wp-content\/uploads\/2023\/10\/cvijece-svi-sveti1.jpg\" \/>\n\t<meta property=\"og:image:width\" content=\"1024\" \/>\n\t<meta property=\"og:image:height\" content=\"766\" \/>\n\t<meta property=\"og:image:type\" content=\"image\/jpeg\" \/>\n<meta name=\"author\" content=\"Gorica. info\" \/>\n<meta name=\"twitter:card\" content=\"summary_large_image\" \/>\n<meta name=\"twitter:creator\" content=\"@GoricaInfo\" \/>\n<meta name=\"twitter:site\" content=\"@GoricaInfo\" \/>\n<meta name=\"twitter:label1\" content=\"Written by\" \/>\n\t<meta name=\"twitter:data1\" content=\"Gorica. info\" \/>\n\t<meta name=\"twitter:label2\" content=\"Est. reading time\" \/>\n\t<meta name=\"twitter:data2\" content=\"2 minutes\" \/>\n<meta name=\"geo.placename\" content=\"Velika Gorica\" \/>\n<meta name=\"geo.region\" content=\"Croatia\" \/>\n<!-- \/ Yoast SEO Premium plugin. -->","yoast_head_json":{"title":"Vlada popustila: Iako je neradni dan cvje\u0107ari \u0107e na blagdan Svih svetih smjeti prodavati cvije\u0107e - Gorica Info","description":"Vlada popustila: Iako je neradan dan cvje\u0107ari \u0107e na blagdan Svih svetih smjeti prodavati cvije\u0107e, najavio je premijer A. Plenkovi\u0107.","robots":{"index":"index","follow":"follow","max-snippet":"max-snippet:-1","max-image-preview":"max-image-preview:large","max-video-preview":"max-video-preview:-1"},"canonical":"https:\/\/gorica.info\/en\/vlada-popustila-iako-je-neradan-dan-cvjecari-ce-na-blagdan-svih-svetih-smjeti-prodavati-cvijece\/","og_locale":"en_US","og_type":"article","og_title":"Vlada popustila: Iako je neradni dan cvje\u0107ari \u0107e na blagdan Svih svetih smjeti prodavati cvije\u0107e","og_description":"Vlada popustila: Iako je neradan dan cvje\u0107ari \u0107e na blagdan Svih svetih smjeti prodavati cvije\u0107e, najavio je premijer A. Plenkovi\u0107.","og_url":"https:\/\/gorica.info\/en\/vlada-popustila-iako-je-neradan-dan-cvjecari-ce-na-blagdan-svih-svetih-smjeti-prodavati-cvijece\/","og_site_name":"Gorica Info","article_publisher":"https:\/\/www.facebook.com\/Goricainfo-106005144489262","article_published_time":"2023-10-18T11:51:46+00:00","og_image":[{"width":1024,"height":766,"url":"https:\/\/gorica.info\/wp-content\/uploads\/2023\/10\/cvijece-svi-sveti1.jpg","type":"image\/jpeg"}],"author":"Gorica. info","twitter_card":"summary_large_image","twitter_creator":"@GoricaInfo","twitter_site":"@GoricaInfo","twitter_misc":{"Written by":"Gorica. info","Est. reading time":"2 minutes"},"schema":{"@context":"https:\/\/schema.org","@graph":[{"@type":"NewsArticle","@id":"https:\/\/gorica.info\/vlada-popustila-iako-je-neradan-dan-cvjecari-ce-na-blagdan-svih-svetih-smjeti-prodavati-cvijece\/#article","isPartOf":{"@id":"https:\/\/gorica.info\/vlada-popustila-iako-je-neradan-dan-cvjecari-ce-na-blagdan-svih-svetih-smjeti-prodavati-cvijece\/"},"author":{"name":"Gorica. info","@id":"https:\/\/gorica.info\/#\/schema\/person\/4499af1f22f322670b9b5977ccc2e3de"},"headline":"Vlada popustila: Iako je neradni dan cvje\u0107ari \u0107e na blagdan Svih svetih smjeti prodavati cvije\u0107e","datePublished":"2023-10-18T11:51:46+00:00","mainEntityOfPage":{"@id":"https:\/\/gorica.info\/vlada-popustila-iako-je-neradan-dan-cvjecari-ce-na-blagdan-svih-svetih-smjeti-prodavati-cvijece\/"},"wordCount":297,"commentCount":0,"publisher":{"@id":"https:\/\/gorica.info\/#organization"},"image":{"@id":"https:\/\/gorica.info\/vlada-popustila-iako-je-neradan-dan-cvjecari-ce-na-blagdan-svih-svetih-smjeti-prodavati-cvijece\/#primaryimage"},"thumbnailUrl":"https:\/\/gorica.info\/wp-content\/uploads\/2023\/10\/cvijece-svi-sveti1.jpg","keywords":["Andrej Plenkovi\u0107","blagdan","glas poduzetnika","neradni dan","prodaja cvije\u0107a","svi sveti"],"articleSection":["VIJESTI"],"inLanguage":"en-US","potentialAction":[{"@type":"CommentAction","name":"Comment","target":["https:\/\/gorica.info\/vlada-popustila-iako-je-neradan-dan-cvjecari-ce-na-blagdan-svih-svetih-smjeti-prodavati-cvijece\/#respond"]}],"copyrightYear":"2023","copyrightHolder":{"@id":"https:\/\/gorica.info\/en\/#organization"}},{"@type":"WebPage","@id":"https:\/\/gorica.info\/vlada-popustila-iako-je-neradan-dan-cvjecari-ce-na-blagdan-svih-svetih-smjeti-prodavati-cvijece\/","url":"https:\/\/gorica.info\/vlada-popustila-iako-je-neradan-dan-cvjecari-ce-na-blagdan-svih-svetih-smjeti-prodavati-cvijece\/","name":"Vlada popustila: Iako je neradni dan cvje\u0107ari \u0107e na blagdan Svih svetih smjeti prodavati cvije\u0107e - Gorica Info","isPartOf":{"@id":"https:\/\/gorica.info\/#website"},"primaryImageOfPage":{"@id":"https:\/\/gorica.info\/vlada-popustila-iako-je-neradan-dan-cvjecari-ce-na-blagdan-svih-svetih-smjeti-prodavati-cvijece\/#primaryimage"},"image":{"@id":"https:\/\/gorica.info\/vlada-popustila-iako-je-neradan-dan-cvjecari-ce-na-blagdan-svih-svetih-smjeti-prodavati-cvijece\/#primaryimage"},"thumbnailUrl":"https:\/\/gorica.info\/wp-content\/uploads\/2023\/10\/cvijece-svi-sveti1.jpg","datePublished":"2023-10-18T11:51:46+00:00","description":"Vlada popustila: Iako je neradan dan cvje\u0107ari \u0107e na blagdan Svih svetih smjeti prodavati cvije\u0107e, najavio je premijer A. Plenkovi\u0107.","breadcrumb":{"@id":"https:\/\/gorica.info\/vlada-popustila-iako-je-neradan-dan-cvjecari-ce-na-blagdan-svih-svetih-smjeti-prodavati-cvijece\/#breadcrumb"},"inLanguage":"en-US","potentialAction":[{"@type":"ReadAction","target":["https:\/\/gorica.info\/vlada-popustila-iako-je-neradan-dan-cvjecari-ce-na-blagdan-svih-svetih-smjeti-prodavati-cvijece\/"]}]},{"@type":"ImageObject","inLanguage":"en-US","@id":"https:\/\/gorica.info\/vlada-popustila-iako-je-neradan-dan-cvjecari-ce-na-blagdan-svih-svetih-smjeti-prodavati-cvijece\/#primaryimage","url":"https:\/\/gorica.info\/wp-content\/uploads\/2023\/10\/cvijece-svi-sveti1.jpg","contentUrl":"https:\/\/gorica.info\/wp-content\/uploads\/2023\/10\/cvijece-svi-sveti1.jpg","width":1024,"height":766,"caption":"Foto: Gorica.info"},{"@type":"BreadcrumbList","@id":"https:\/\/gorica.info\/vlada-popustila-iako-je-neradan-dan-cvjecari-ce-na-blagdan-svih-svetih-smjeti-prodavati-cvijece\/#breadcrumb","itemListElement":[{"@type":"ListItem","position":1,"name":"Po\u010detna stranica","item":"https:\/\/gorica.info\/"},{"@type":"ListItem","position":2,"name":"Vlada popustila: Iako je neradni dan cvje\u0107ari \u0107e na blagdan Svih svetih smjeti prodavati cvije\u0107e"}]},{"@type":"WebSite","@id":"https:\/\/gorica.info\/#website","url":"https:\/\/gorica.info\/","name":"Gorica Info","description":"Vijesti iz Velike Gorice i okolice.","publisher":{"@id":"https:\/\/gorica.info\/#organization"},"potentialAction":[{"@type":"SearchAction","target":{"@type":"EntryPoint","urlTemplate":"https:\/\/gorica.info\/?s={search_term_string}"},"query-input":{"@type":"PropertyValueSpecification","valueRequired":true,"valueName":"search_term_string"}}],"inLanguage":"en-US"},{"@type":["Organization","Place","NewsMediaOrganization"],"@id":"https:\/\/gorica.info\/#organization","name":"Gorica Info","url":"https:\/\/gorica.info\/","logo":{"@id":"https:\/\/gorica.info\/vlada-popustila-iako-je-neradan-dan-cvjecari-ce-na-blagdan-svih-svetih-smjeti-prodavati-cvijece\/#local-main-organization-logo"},"image":{"@id":"https:\/\/gorica.info\/vlada-popustila-iako-je-neradan-dan-cvjecari-ce-na-blagdan-svih-svetih-smjeti-prodavati-cvijece\/#local-main-organization-logo"},"sameAs":["https:\/\/www.facebook.com\/Goricainfo-106005144489262","https:\/\/x.com\/GoricaInfo","https:\/\/www.instagram.com\/gorica.info\/"],"address":{"@id":"https:\/\/gorica.info\/vlada-popustila-iako-je-neradan-dan-cvjecari-ce-na-blagdan-svih-svetih-smjeti-prodavati-cvijece\/#local-main-place-address"},"telephone":[],"openingHoursSpecification":[{"@type":"OpeningHoursSpecification","dayOfWeek":["Monday","Tuesday","Wednesday","Thursday","Friday","Saturday","Sunday"],"opens":"09:00","closes":"17:00"}],"email":"redakcija@gorica.info"},{"@type":"Person","@id":"https:\/\/gorica.info\/#\/schema\/person\/4499af1f22f322670b9b5977ccc2e3de","name":"Gorica. info","description":"Gorica.info je lokalni portal koji prati Veliku Goricu i okolici, svakodnevno donosi najnovije vijesti i pri\u010de, kulturna doga\u0111anja i aktualnosti koje oblikuju \u017eivot gra\u0111ana.","url":"https:\/\/gorica.info\/en\/author\/gorica-info\/"},{"@type":"PostalAddress","@id":"https:\/\/gorica.info\/vlada-popustila-iako-je-neradan-dan-cvjecari-ce-na-blagdan-svih-svetih-smjeti-prodavati-cvijece\/#local-main-place-address","streetAddress":"Horvatova 97","addressLocality":"Velika Gorica","postalCode":"10410","addressRegion":"Croatia","addressCountry":"HR"},{"@type":"ImageObject","inLanguage":"en-US","@id":"https:\/\/gorica.info\/vlada-popustila-iako-je-neradan-dan-cvjecari-ce-na-blagdan-svih-svetih-smjeti-prodavati-cvijece\/#local-main-organization-logo","url":"https:\/\/gorica.info\/wp-content\/uploads\/2024\/07\/Gorica-Info-Logo-mali.png","contentUrl":"https:\/\/gorica.info\/wp-content\/uploads\/2024\/07\/Gorica-Info-Logo-mali.png","width":450,"height":85,"caption":"Gorica Info"}]},"geo.placename":"Velika Gorica","geo.region":"Croatia"},"_links":{"self":[{"href":"https:\/\/gorica.info\/en\/wp-json\/wp\/v2\/posts\/56014","targetHints":{"allow":["GET"]}}],"collection":[{"href":"https:\/\/gorica.info\/en\/wp-json\/wp\/v2\/posts"}],"about":[{"href":"https:\/\/gorica.info\/en\/wp-json\/wp\/v2\/types\/post"}],"author":[{"embeddable":true,"href":"https:\/\/gorica.info\/en\/wp-json\/wp\/v2\/users\/23"}],"replies":[{"embeddable":true,"href":"https:\/\/gorica.info\/en\/wp-json\/wp\/v2\/comments?post=56014"}],"version-history":[{"count":0,"href":"https:\/\/gorica.info\/en\/wp-json\/wp\/v2\/posts\/56014\/revisions"}],"wp:featuredmedia":[{"embeddable":true,"href":"https:\/\/gorica.info\/en\/wp-json\/wp\/v2\/media\/56015"}],"wp:attachment":[{"href":"https:\/\/gorica.info\/en\/wp-json\/wp\/v2\/media?parent=56014"}],"wp:term":[{"taxonomy":"category","embeddable":true,"href":"https:\/\/gorica.info\/en\/wp-json\/wp\/v2\/categories?post=56014"},{"taxonomy":"post_tag","embeddable":true,"href":"https:\/\/gorica.info\/en\/wp-json\/wp\/v2\/tags?post=56014"}],"curies":[{"name":"wp","href":"https:\/\/api.w.org\/{rel}","templated":true}]}}