{"id":56326,"date":"2023-10-25T10:20:26","date_gmt":"2023-10-25T08:20:26","guid":{"rendered":"https:\/\/gorica.info\/?p=56326"},"modified":"2023-10-25T10:20:26","modified_gmt":"2023-10-25T08:20:26","slug":"pocela-prodaja-cvijeca-za-blagdan-svih-svetih-ove-godine-platit-cemo-puno-vise-za-jedan-grob-trebat-ce-vam-gotovo-100-eura","status":"publish","type":"post","link":"https:\/\/gorica.info\/en\/pocela-prodaja-cvijeca-za-blagdan-svih-svetih-ove-godine-platit-cemo-puno-vise-za-jedan-grob-trebat-ce-vam-gotovo-100-eura\/","title":{"rendered":"Po\u010dela prodaja cvije\u0107a za blagdan Svih svetih: Ove godine platit \u0107emo puno vi\u0161e. Za jedan grob trebat \u0107e vam gotovo 100 eura"},"content":{"rendered":"<p>Po\u010dela je <strong>prodaja cvije\u0107a<\/strong> za blagdan<a href=\"https:\/\/gorica.info\/en\/2022\/10\/29\/bogata-ponuda-za-sisvete-cvijece-i-aranzmani-poskupjeli-kupci-gundaju-a-zadovoljni-nisu-ni-prodavaci\/\"> Svih svetih<\/a>. Na gori\u010dkom Tr\u017enom centru tek je nekoliko prodava\u010da sa cvije\u0107em i aran\u017emanima, prava ponuda sti\u017ee za vikend uo\u010di blagdana. Istaknute cijene pokazuju da \u0107emo ove godine morati dublje posegnuti u d\u017eep.<\/p>\n<p>Prodava\u010di s kojima smo razgovarali priznaju da su ne\u0161to <strong>digli cijene<\/strong> jer su im jako poskupjeli svi repromaterijali. No kupci koje smo jutros zatekli na Tr\u017enom centru ka\u017eu da im se \u010dini da su cvije\u0107e i aran\u017emani poskupjeli vi\u0161e od 20 posto. Rijetki su jutros kupovali, vi\u0161e su se raspitivali za cijene.<\/p>\n<p><img fetchpriority=\"high\" decoding=\"async\" class=\"aligncenter wp-image-56330\" src=\"https:\/\/gorica.info\/wp-content\/uploads\/2023\/10\/cvijece-svi-svete1-300x225.jpg\" alt=\"\" width=\"800\" height=\"599\" srcset=\"https:\/\/gorica.info\/wp-content\/uploads\/2023\/10\/cvijece-svi-svete1-300x225.jpg 300w, https:\/\/gorica.info\/wp-content\/uploads\/2023\/10\/cvijece-svi-svete1-768x575.jpg 768w, https:\/\/gorica.info\/wp-content\/uploads\/2023\/10\/cvijece-svi-svete1-16x12.jpg 16w, https:\/\/gorica.info\/wp-content\/uploads\/2023\/10\/cvijece-svi-svete1-750x562.jpg 750w, https:\/\/gorica.info\/wp-content\/uploads\/2023\/10\/cvijece-svi-svete1.jpg 1000w\" sizes=\"(max-width: 800px) 100vw, 800px\" \/><\/p>\n<p><strong>Lon\u010danice multiflore<\/strong> koje su lani ko\u0161tale<strong> 25-30 kuna<\/strong>, ove godine cijene im se kre\u0107u <strong>od 6 do 9 eura<\/strong>. Krizanteme smo lani pla\u0107ali po<strong> 15 kuna<\/strong>, sada su<strong> tri eura<\/strong>. Manji aran\u017emani su <strong>od 20 do 30 eura, <\/strong>a oni ve\u0107i su dvostruko skuplji.<\/p>\n<p>Ako imate samo jedan grob koji trebate ukrasit i kupite jedan ve\u0107i aran\u017eman, jedan manji, nekoliko svije\u0107a i teglu multiflore, iznos bi mogao biti i stotinjak eura.<\/p>\n<p><img decoding=\"async\" class=\"aligncenter wp-image-56331\" src=\"https:\/\/gorica.info\/wp-content\/uploads\/2023\/10\/cvijece-svi-svete-cijene-300x225.jpg\" alt=\"prodaja cvije\u0107a\" width=\"800\" height=\"599\" srcset=\"https:\/\/gorica.info\/wp-content\/uploads\/2023\/10\/cvijece-svi-svete-cijene-300x225.jpg 300w, https:\/\/gorica.info\/wp-content\/uploads\/2023\/10\/cvijece-svi-svete-cijene-768x575.jpg 768w, https:\/\/gorica.info\/wp-content\/uploads\/2023\/10\/cvijece-svi-svete-cijene-16x12.jpg 16w, https:\/\/gorica.info\/wp-content\/uploads\/2023\/10\/cvijece-svi-svete-cijene-750x562.jpg 750w, https:\/\/gorica.info\/wp-content\/uploads\/2023\/10\/cvijece-svi-svete-cijene.jpg 1000w\" sizes=\"(max-width: 800px) 100vw, 800px\" \/><\/p>\n<p>Cijena cvije\u0107a i svije\u0107a ne\u0161to su ni\u017ee u trgova\u010dkim centrima, vrijedi pogledati kataloge i usporediti cijene.<\/p>\n<p>Krizanteme multiflora u posudi u Lidlu ko\u0161taju<strong> 7,77 eura<\/strong>. Mala multiflora je 3,39 eura. Svje\u017ei cvjetni aran\u017emani su od 17,99 do 37,99 eura.\u00a0U Kauflandu su multiflore u teglama ve\u0107eg promjera 7,49 eura, krizanteme u tegli 9,99 eura, a buketi s tri krizanteme stoje 4,19 eura.<\/p>\n<p><img decoding=\"async\" class=\"aligncenter wp-image-56328\" src=\"https:\/\/gorica.info\/wp-content\/uploads\/2023\/10\/cvijece-svi-svete3-300x225.jpg\" alt=\"prodaja svije\u0107a\" width=\"800\" height=\"599\" srcset=\"https:\/\/gorica.info\/wp-content\/uploads\/2023\/10\/cvijece-svi-svete3-300x225.jpg 300w, https:\/\/gorica.info\/wp-content\/uploads\/2023\/10\/cvijece-svi-svete3-768x575.jpg 768w, https:\/\/gorica.info\/wp-content\/uploads\/2023\/10\/cvijece-svi-svete3-16x12.jpg 16w, https:\/\/gorica.info\/wp-content\/uploads\/2023\/10\/cvijece-svi-svete3-750x562.jpg 750w, https:\/\/gorica.info\/wp-content\/uploads\/2023\/10\/cvijece-svi-svete3.jpg 1000w\" sizes=\"(max-width: 800px) 100vw, 800px\" \/>\u00a0\u00a0<img loading=\"lazy\" decoding=\"async\" class=\"aligncenter wp-image-56329\" src=\"https:\/\/gorica.info\/wp-content\/uploads\/2023\/10\/cvijece-svi-svete2-300x225.jpg\" alt=\"prodaja cvije\u0107a\" width=\"800\" height=\"599\" srcset=\"https:\/\/gorica.info\/wp-content\/uploads\/2023\/10\/cvijece-svi-svete2-300x225.jpg 300w, https:\/\/gorica.info\/wp-content\/uploads\/2023\/10\/cvijece-svi-svete2-768x575.jpg 768w, https:\/\/gorica.info\/wp-content\/uploads\/2023\/10\/cvijece-svi-svete2-16x12.jpg 16w, https:\/\/gorica.info\/wp-content\/uploads\/2023\/10\/cvijece-svi-svete2-750x562.jpg 750w, https:\/\/gorica.info\/wp-content\/uploads\/2023\/10\/cvijece-svi-svete2.jpg 1000w\" sizes=\"(max-width: 800px) 100vw, 800px\" \/><\/p>","protected":false},"excerpt":{"rendered":"<p>Po\u010dela je prodaja cvije\u0107a za blagdan Svih svetih. Na gori\u010dkom Tr\u017enom centru tek je nekoliko prodava\u010da sa cvije\u0107em i aran\u017emanima, prava ponuda sti\u017ee za vikend uo\u010di blagdana. Istaknute cijene pokazuju da \u0107emo ove godine morati dublje posegnuti u d\u017eep. Prodava\u010di s kojima smo razgovarali priznaju da su ne\u0161to digli cijene jer su im jako poskupjeli [&hellip;]<\/p>\n","protected":false},"author":23,"featured_media":56327,"comment_status":"open","ping_status":"open","sticky":false,"template":"","format":"standard","meta":{"limit_modified_date":"","last_modified_date":"","jnews-multi-image_gallery":[],"jnews_single_post":[],"jnews_primary_category":[],"jnews_override_counter":[],"footnotes":""},"categories":[109],"tags":[4365,774,3166,1497,11937,1469],"class_list":["post-56326","post","type-post","status-publish","format-standard","has-post-thumbnail","hentry","category-zivot","tag-blagdan","tag-cijene","tag-cvijece","tag-krizanteme","tag-multiflora","tag-svi-sveti"],"yoast_head":"<!-- This site is optimized with the Yoast SEO Premium plugin v27.4 (Yoast SEO v27.4) - https:\/\/yoast.com\/product\/yoast-seo-premium-wordpress\/ -->\n<title>Po\u010dela prodaja cvije\u0107a za blagdan Svih svetih: Ove godine platit \u0107emo puno vi\u0161e. Za jedan grob trebat \u0107e vam gotovo 100 eura - Gorica Info<\/title>\n<meta name=\"description\" content=\"Po\u010dela prodaja cvije\u0107a za blagdan Svih svetih: Ove godine platit \u0107emo puno vi\u0161e. Za jedan grob trebat \u0107e vam gotovo 100 eura\" \/>\n<meta name=\"robots\" content=\"index, follow, max-snippet:-1, max-image-preview:large, max-video-preview:-1\" \/>\n<link rel=\"canonical\" href=\"https:\/\/gorica.info\/en\/pocela-prodaja-cvijeca-za-blagdan-svih-svetih-ove-godine-platit-cemo-puno-vise-za-jedan-grob-trebat-ce-vam-gotovo-100-eura\/\" \/>\n<meta property=\"og:locale\" content=\"en_US\" \/>\n<meta property=\"og:type\" content=\"article\" \/>\n<meta property=\"og:title\" content=\"Po\u010dela prodaja cvije\u0107a za blagdan Svih svetih: Ove godine platit \u0107emo puno vi\u0161e. Za jedan grob trebat \u0107e vam gotovo 100 eura\" \/>\n<meta property=\"og:description\" content=\"Po\u010dela prodaja cvije\u0107a za blagdan Svih svetih: Ove godine platit \u0107emo puno vi\u0161e. Za jedan grob trebat \u0107e vam gotovo 100 eura\" \/>\n<meta property=\"og:url\" content=\"https:\/\/gorica.info\/en\/pocela-prodaja-cvijeca-za-blagdan-svih-svetih-ove-godine-platit-cemo-puno-vise-za-jedan-grob-trebat-ce-vam-gotovo-100-eura\/\" \/>\n<meta property=\"og:site_name\" content=\"Gorica Info\" \/>\n<meta property=\"article:publisher\" content=\"https:\/\/www.facebook.com\/Goricainfo-106005144489262\" \/>\n<meta property=\"article:published_time\" content=\"2023-10-25T08:20:26+00:00\" \/>\n<meta property=\"og:image\" content=\"https:\/\/gorica.info\/wp-content\/uploads\/2023\/10\/cvijece-svi-svete2023.jpg\" \/>\n\t<meta property=\"og:image:width\" content=\"1200\" \/>\n\t<meta property=\"og:image:height\" content=\"771\" \/>\n\t<meta property=\"og:image:type\" content=\"image\/jpeg\" \/>\n<meta name=\"author\" content=\"Gorica. info\" \/>\n<meta name=\"twitter:card\" content=\"summary_large_image\" \/>\n<meta name=\"twitter:creator\" content=\"@GoricaInfo\" \/>\n<meta name=\"twitter:site\" content=\"@GoricaInfo\" \/>\n<meta name=\"twitter:label1\" content=\"Written by\" \/>\n\t<meta name=\"twitter:data1\" content=\"Gorica. info\" \/>\n\t<meta name=\"twitter:label2\" content=\"Est. reading time\" \/>\n\t<meta name=\"twitter:data2\" content=\"3 minutes\" \/>\n<meta name=\"geo.placename\" content=\"Velika Gorica\" \/>\n<meta name=\"geo.region\" content=\"Croatia\" \/>\n<!-- \/ Yoast SEO Premium plugin. -->","yoast_head_json":{"title":"Po\u010dela prodaja cvije\u0107a za blagdan Svih svetih: Ove godine platit \u0107emo puno vi\u0161e. Za jedan grob trebat \u0107e vam gotovo 100 eura - Gorica Info","description":"Po\u010dela prodaja cvije\u0107a za blagdan Svih svetih: Ove godine platit \u0107emo puno vi\u0161e. Za jedan grob trebat \u0107e vam gotovo 100 eura","robots":{"index":"index","follow":"follow","max-snippet":"max-snippet:-1","max-image-preview":"max-image-preview:large","max-video-preview":"max-video-preview:-1"},"canonical":"https:\/\/gorica.info\/en\/pocela-prodaja-cvijeca-za-blagdan-svih-svetih-ove-godine-platit-cemo-puno-vise-za-jedan-grob-trebat-ce-vam-gotovo-100-eura\/","og_locale":"en_US","og_type":"article","og_title":"Po\u010dela prodaja cvije\u0107a za blagdan Svih svetih: Ove godine platit \u0107emo puno vi\u0161e. Za jedan grob trebat \u0107e vam gotovo 100 eura","og_description":"Po\u010dela prodaja cvije\u0107a za blagdan Svih svetih: Ove godine platit \u0107emo puno vi\u0161e. Za jedan grob trebat \u0107e vam gotovo 100 eura","og_url":"https:\/\/gorica.info\/en\/pocela-prodaja-cvijeca-za-blagdan-svih-svetih-ove-godine-platit-cemo-puno-vise-za-jedan-grob-trebat-ce-vam-gotovo-100-eura\/","og_site_name":"Gorica Info","article_publisher":"https:\/\/www.facebook.com\/Goricainfo-106005144489262","article_published_time":"2023-10-25T08:20:26+00:00","og_image":[{"width":1200,"height":771,"url":"https:\/\/gorica.info\/wp-content\/uploads\/2023\/10\/cvijece-svi-svete2023.jpg","type":"image\/jpeg"}],"author":"Gorica. info","twitter_card":"summary_large_image","twitter_creator":"@GoricaInfo","twitter_site":"@GoricaInfo","twitter_misc":{"Written by":"Gorica. info","Est. reading time":"3 minutes"},"schema":{"@context":"https:\/\/schema.org","@graph":[{"@type":"NewsArticle","@id":"https:\/\/gorica.info\/pocela-prodaja-cvijeca-za-blagdan-svih-svetih-ove-godine-platit-cemo-puno-vise-za-jedan-grob-trebat-ce-vam-gotovo-100-eura\/#article","isPartOf":{"@id":"https:\/\/gorica.info\/pocela-prodaja-cvijeca-za-blagdan-svih-svetih-ove-godine-platit-cemo-puno-vise-za-jedan-grob-trebat-ce-vam-gotovo-100-eura\/"},"author":{"name":"Gorica. info","@id":"https:\/\/gorica.info\/#\/schema\/person\/4499af1f22f322670b9b5977ccc2e3de"},"headline":"Po\u010dela prodaja cvije\u0107a za blagdan Svih svetih: Ove godine platit \u0107emo puno vi\u0161e. Za jedan grob trebat \u0107e vam gotovo 100 eura","datePublished":"2023-10-25T08:20:26+00:00","mainEntityOfPage":{"@id":"https:\/\/gorica.info\/pocela-prodaja-cvijeca-za-blagdan-svih-svetih-ove-godine-platit-cemo-puno-vise-za-jedan-grob-trebat-ce-vam-gotovo-100-eura\/"},"wordCount":271,"commentCount":0,"publisher":{"@id":"https:\/\/gorica.info\/#organization"},"image":{"@id":"https:\/\/gorica.info\/pocela-prodaja-cvijeca-za-blagdan-svih-svetih-ove-godine-platit-cemo-puno-vise-za-jedan-grob-trebat-ce-vam-gotovo-100-eura\/#primaryimage"},"thumbnailUrl":"https:\/\/gorica.info\/wp-content\/uploads\/2023\/10\/cvijece-svi-svete2023.jpg","keywords":["blagdan","cijene","cvije\u0107e","krizanteme","multiflora","svi sveti"],"articleSection":["\u017dIVOT"],"inLanguage":"en-US","potentialAction":[{"@type":"CommentAction","name":"Comment","target":["https:\/\/gorica.info\/pocela-prodaja-cvijeca-za-blagdan-svih-svetih-ove-godine-platit-cemo-puno-vise-za-jedan-grob-trebat-ce-vam-gotovo-100-eura\/#respond"]}],"copyrightYear":"2023","copyrightHolder":{"@id":"https:\/\/gorica.info\/en\/#organization"}},{"@type":"WebPage","@id":"https:\/\/gorica.info\/pocela-prodaja-cvijeca-za-blagdan-svih-svetih-ove-godine-platit-cemo-puno-vise-za-jedan-grob-trebat-ce-vam-gotovo-100-eura\/","url":"https:\/\/gorica.info\/pocela-prodaja-cvijeca-za-blagdan-svih-svetih-ove-godine-platit-cemo-puno-vise-za-jedan-grob-trebat-ce-vam-gotovo-100-eura\/","name":"Po\u010dela prodaja cvije\u0107a za blagdan Svih svetih: Ove godine platit \u0107emo puno vi\u0161e. Za jedan grob trebat \u0107e vam gotovo 100 eura - Gorica Info","isPartOf":{"@id":"https:\/\/gorica.info\/#website"},"primaryImageOfPage":{"@id":"https:\/\/gorica.info\/pocela-prodaja-cvijeca-za-blagdan-svih-svetih-ove-godine-platit-cemo-puno-vise-za-jedan-grob-trebat-ce-vam-gotovo-100-eura\/#primaryimage"},"image":{"@id":"https:\/\/gorica.info\/pocela-prodaja-cvijeca-za-blagdan-svih-svetih-ove-godine-platit-cemo-puno-vise-za-jedan-grob-trebat-ce-vam-gotovo-100-eura\/#primaryimage"},"thumbnailUrl":"https:\/\/gorica.info\/wp-content\/uploads\/2023\/10\/cvijece-svi-svete2023.jpg","datePublished":"2023-10-25T08:20:26+00:00","description":"Po\u010dela prodaja cvije\u0107a za blagdan Svih svetih: Ove godine platit \u0107emo puno vi\u0161e. Za jedan grob trebat \u0107e vam gotovo 100 eura","breadcrumb":{"@id":"https:\/\/gorica.info\/pocela-prodaja-cvijeca-za-blagdan-svih-svetih-ove-godine-platit-cemo-puno-vise-za-jedan-grob-trebat-ce-vam-gotovo-100-eura\/#breadcrumb"},"inLanguage":"en-US","potentialAction":[{"@type":"ReadAction","target":["https:\/\/gorica.info\/pocela-prodaja-cvijeca-za-blagdan-svih-svetih-ove-godine-platit-cemo-puno-vise-za-jedan-grob-trebat-ce-vam-gotovo-100-eura\/"]}]},{"@type":"ImageObject","inLanguage":"en-US","@id":"https:\/\/gorica.info\/pocela-prodaja-cvijeca-za-blagdan-svih-svetih-ove-godine-platit-cemo-puno-vise-za-jedan-grob-trebat-ce-vam-gotovo-100-eura\/#primaryimage","url":"https:\/\/gorica.info\/wp-content\/uploads\/2023\/10\/cvijece-svi-svete2023.jpg","contentUrl":"https:\/\/gorica.info\/wp-content\/uploads\/2023\/10\/cvijece-svi-svete2023.jpg","width":1100,"height":707,"caption":"Prava ponuda cvije\u0107a sti\u017ee ovaj vikend \/ Foto: Gorica.info"},{"@type":"BreadcrumbList","@id":"https:\/\/gorica.info\/pocela-prodaja-cvijeca-za-blagdan-svih-svetih-ove-godine-platit-cemo-puno-vise-za-jedan-grob-trebat-ce-vam-gotovo-100-eura\/#breadcrumb","itemListElement":[{"@type":"ListItem","position":1,"name":"Po\u010detna stranica","item":"https:\/\/gorica.info\/"},{"@type":"ListItem","position":2,"name":"Po\u010dela prodaja cvije\u0107a za blagdan Svih svetih: Ove godine platit \u0107emo puno vi\u0161e. Za jedan grob trebat \u0107e vam gotovo 100 eura"}]},{"@type":"WebSite","@id":"https:\/\/gorica.info\/#website","url":"https:\/\/gorica.info\/","name":"Gorica Info","description":"Vijesti iz Velike Gorice i okolice.","publisher":{"@id":"https:\/\/gorica.info\/#organization"},"potentialAction":[{"@type":"SearchAction","target":{"@type":"EntryPoint","urlTemplate":"https:\/\/gorica.info\/?s={search_term_string}"},"query-input":{"@type":"PropertyValueSpecification","valueRequired":true,"valueName":"search_term_string"}}],"inLanguage":"en-US"},{"@type":["Organization","Place","NewsMediaOrganization"],"@id":"https:\/\/gorica.info\/#organization","name":"Gorica Info","url":"https:\/\/gorica.info\/","logo":{"@id":"https:\/\/gorica.info\/pocela-prodaja-cvijeca-za-blagdan-svih-svetih-ove-godine-platit-cemo-puno-vise-za-jedan-grob-trebat-ce-vam-gotovo-100-eura\/#local-main-organization-logo"},"image":{"@id":"https:\/\/gorica.info\/pocela-prodaja-cvijeca-za-blagdan-svih-svetih-ove-godine-platit-cemo-puno-vise-za-jedan-grob-trebat-ce-vam-gotovo-100-eura\/#local-main-organization-logo"},"sameAs":["https:\/\/www.facebook.com\/Goricainfo-106005144489262","https:\/\/x.com\/GoricaInfo","https:\/\/www.instagram.com\/gorica.info\/"],"address":{"@id":"https:\/\/gorica.info\/pocela-prodaja-cvijeca-za-blagdan-svih-svetih-ove-godine-platit-cemo-puno-vise-za-jedan-grob-trebat-ce-vam-gotovo-100-eura\/#local-main-place-address"},"telephone":[],"openingHoursSpecification":[{"@type":"OpeningHoursSpecification","dayOfWeek":["Monday","Tuesday","Wednesday","Thursday","Friday","Saturday","Sunday"],"opens":"09:00","closes":"17:00"}],"email":"redakcija@gorica.info"},{"@type":"Person","@id":"https:\/\/gorica.info\/#\/schema\/person\/4499af1f22f322670b9b5977ccc2e3de","name":"Gorica. info","description":"Gorica.info je lokalni portal koji prati Veliku Goricu i okolici, svakodnevno donosi najnovije vijesti i pri\u010de, kulturna doga\u0111anja i aktualnosti koje oblikuju \u017eivot gra\u0111ana.","url":"https:\/\/gorica.info\/en\/author\/gorica-info\/"},{"@type":"PostalAddress","@id":"https:\/\/gorica.info\/pocela-prodaja-cvijeca-za-blagdan-svih-svetih-ove-godine-platit-cemo-puno-vise-za-jedan-grob-trebat-ce-vam-gotovo-100-eura\/#local-main-place-address","streetAddress":"Horvatova 97","addressLocality":"Velika Gorica","postalCode":"10410","addressRegion":"Croatia","addressCountry":"HR"},{"@type":"ImageObject","inLanguage":"en-US","@id":"https:\/\/gorica.info\/pocela-prodaja-cvijeca-za-blagdan-svih-svetih-ove-godine-platit-cemo-puno-vise-za-jedan-grob-trebat-ce-vam-gotovo-100-eura\/#local-main-organization-logo","url":"https:\/\/gorica.info\/wp-content\/uploads\/2024\/07\/Gorica-Info-Logo-mali.png","contentUrl":"https:\/\/gorica.info\/wp-content\/uploads\/2024\/07\/Gorica-Info-Logo-mali.png","width":450,"height":85,"caption":"Gorica Info"}]},"geo.placename":"Velika Gorica","geo.region":"Croatia"},"_links":{"self":[{"href":"https:\/\/gorica.info\/en\/wp-json\/wp\/v2\/posts\/56326","targetHints":{"allow":["GET"]}}],"collection":[{"href":"https:\/\/gorica.info\/en\/wp-json\/wp\/v2\/posts"}],"about":[{"href":"https:\/\/gorica.info\/en\/wp-json\/wp\/v2\/types\/post"}],"author":[{"embeddable":true,"href":"https:\/\/gorica.info\/en\/wp-json\/wp\/v2\/users\/23"}],"replies":[{"embeddable":true,"href":"https:\/\/gorica.info\/en\/wp-json\/wp\/v2\/comments?post=56326"}],"version-history":[{"count":0,"href":"https:\/\/gorica.info\/en\/wp-json\/wp\/v2\/posts\/56326\/revisions"}],"wp:featuredmedia":[{"embeddable":true,"href":"https:\/\/gorica.info\/en\/wp-json\/wp\/v2\/media\/56327"}],"wp:attachment":[{"href":"https:\/\/gorica.info\/en\/wp-json\/wp\/v2\/media?parent=56326"}],"wp:term":[{"taxonomy":"category","embeddable":true,"href":"https:\/\/gorica.info\/en\/wp-json\/wp\/v2\/categories?post=56326"},{"taxonomy":"post_tag","embeddable":true,"href":"https:\/\/gorica.info\/en\/wp-json\/wp\/v2\/tags?post=56326"}],"curies":[{"name":"wp","href":"https:\/\/api.w.org\/{rel}","templated":true}]}}