{"id":56338,"date":"2023-10-25T12:20:08","date_gmt":"2023-10-25T10:20:08","guid":{"rendered":"https:\/\/gorica.info\/?p=56338"},"modified":"2023-10-25T12:20:08","modified_gmt":"2023-10-25T10:20:08","slug":"sena-i-andrej-nastavili-su-obiteljsku-tradiciju-upoznajte-prirodne-kreme-za-ruke-azena","status":"publish","type":"post","link":"https:\/\/gorica.info\/en\/sena-i-andrej-nastavili-su-obiteljsku-tradiciju-upoznajte-prirodne-kreme-za-ruke-azena\/","title":{"rendered":"Senna i Andrej nastavili su obiteljsku tradiciju koju je zapo\u010deo njihov djed Antun Azeni\u0107: Upoznajte prirodne kreme za ruke \u201eAzena"},"content":{"rendered":"<p>Obiteljski korijeni i <a href=\"https:\/\/gorica.info\/en\/2021\/12\/04\/cajevi-su-odlicni-pripravci-koji-pomazu-u-borbi-sa-zimskim-infekcijama\/\">tradicija<\/a> ostali su vje\u010dna inspiracija jednoj od najpoznatijih hrvatskih odbojka\u0161ica, <strong>Senni U\u0161i\u0107 Jogunic<\/strong>i, te njezinom brati\u0107u <strong>Andreju Azeni\u0107u<\/strong> koji \u0107e u emisiji <strong>\u201eStartaj Hrvatska\u201c<\/strong> na Novoj TV predstaviti svoje prirodne kreme za ruke \u201e<strong>Azena<\/strong>\u201c.<\/p>\n<p>Ova inspirativna obiteljska pri\u010da koja stoji iza \u201eAzene\u201c zapo\u010dela je <strong>prije 40 godina<\/strong> s njihovim djedom Antunom, jednim od poznatih travara. U djetinjstvu, Senna i Andrej, mnogo vremena provodili su s bakom i djedom koji im je usadio ljubav prema prirodi i prenio brojna vrijedna znanja o ljekovitim u\u010dincima biljaka.<\/p>\n<p><img fetchpriority=\"high\" decoding=\"async\" class=\"aligncenter wp-image-56339 size-large\" src=\"https:\/\/gorica.info\/wp-content\/uploads\/2023\/10\/azena-promo-nova-tv-1024x683.jpg\" alt=\"\" width=\"810\" height=\"540\" srcset=\"https:\/\/gorica.info\/wp-content\/uploads\/2023\/10\/azena-promo-nova-tv-1024x683.jpg 1024w, https:\/\/gorica.info\/wp-content\/uploads\/2023\/10\/azena-promo-nova-tv-300x200.jpg 300w, https:\/\/gorica.info\/wp-content\/uploads\/2023\/10\/azena-promo-nova-tv-768x512.jpg 768w, https:\/\/gorica.info\/wp-content\/uploads\/2023\/10\/azena-promo-nova-tv-18x12.jpg 18w, https:\/\/gorica.info\/wp-content\/uploads\/2023\/10\/azena-promo-nova-tv-750x500.jpg 750w, https:\/\/gorica.info\/wp-content\/uploads\/2023\/10\/azena-promo-nova-tv-1140x760.jpg 1140w, https:\/\/gorica.info\/wp-content\/uploads\/2023\/10\/azena-promo-nova-tv.jpg 1100w\" sizes=\"(max-width: 810px) 100vw, 810px\" \/><\/p>\n<h4><strong>&#8220;Umjesto legi\u0107a i kockica, mi smo se igrali biljkama&#8221;<\/strong><\/h4>\n<p>&#8211; Netko se igra s legi\u0107ima, netko s kockicama, a mi smo se igrali s biljkicama. Tek smo sada svjesni koliko je djed bio ispred svog vremena &#8211; ka\u017ee Senna.<\/p>\n<p>Kako su godine prolazile, Senna se sve vi\u0161e po\u010dela posve\u0107ivati sportu. Dok je njezina sportska karijera uspje\u0161no napredovala, Andrej je od djeda poduzetnika u\u010dio zanat. Kad je djed preminuo, Andrej je ostao s bakom i odlu\u010dio proizvode koje su radili, poput <strong>\u010dajeva<\/strong>, pro\u0161iriti na kozmetiku. Svaku je novu kremu slao Senni, pa i onda kada ju je njezina sportska karijera odvodila u inozemstvo.<\/p>\n<p>Paketi koji su joj stizali od brati\u0107a, nisu usre\u0107ivali samo nju, ve\u0107 i njezine kolegice koje su znale tra\u017eiti i neke druge mirise u pojedinoj kremi, a Andrej, kojeg Senna zove \u201ezeleni \u010darobnjak\u201c, bi onda dao sve od sebe da tra\u017eeni miris uklopi u proizvod.<\/p>\n<h4><strong>Umjesto sportom, Senna se danas bavi proizvodnjom prirodne kozmetike<\/strong><\/h4>\n<p>Na vrhuncu karijere Senna je odlu\u010dila napraviti zaokret u \u017eivotu i posvetiti se obitelji, a obitelj joj je bila podr\u0161ka i kada je donijela odluku da se umjesto sportom bavi proizvodnjom prirodne kozmetike s Andrejem.<\/p>\n<p>&#8211; Rekla sam im da bih voljela cijelu sebe dati u obitelj i obiteljski posao &#8211; ispri\u010dala je Senna koja zajedno s brati\u0107em Andrejem s istom stra\u0161\u0107u i entuzijazmom nastavlja voditi i \u0161iriti obiteljski posao.<\/p>\n<p>&#8211; Pri\u010da o <a href=\"https:\/\/azena.hr\/hr\/nasa-prica\/#\">Azeni<\/a> je pri\u010da o obitelji, pri\u010da o Hrvatskoj, jer se cijela na\u0161a filozofija vrti oko hrvatske prirode. Mi i dalje nismo svjesni koja prirodna bogatstva u Hrvatskoj imamo, a za kojima vani pla\u010du &#8211; kazala je Senna.<\/p>\n<p>Kako je tekao njihov put od djetinjstva do otkrivanja da je proizvodnja prirodne kozmetike upravo ono \u010dime se \u017eele baviti, kao i kako je izgledao cijeli proces od prijave u emisiju do postavljanja proizvoda na police trgovina <strong>SPAR Hrvatska<\/strong>, ne propustite pogledati u novoj epizodi emisije \u201eStartaj Hrvatska\u201c u nedjelju od 16 sati na Novoj TV.<\/p>","protected":false},"excerpt":{"rendered":"<p>Obiteljski korijeni i tradicija ostali su vje\u010dna inspiracija jednoj od najpoznatijih hrvatskih odbojka\u0161ica, Senni U\u0161i\u0107 Jogunici, te njezinom brati\u0107u Andreju Azeni\u0107u koji \u0107e u emisiji \u201eStartaj Hrvatska\u201c na Novoj TV predstaviti svoje prirodne kreme za ruke \u201eAzena\u201c. Ova inspirativna obiteljska pri\u010da koja stoji iza \u201eAzene\u201c zapo\u010dela je prije 40 godina s njihovim djedom Antunom, jednim [&hellip;]<\/p>\n","protected":false},"author":25,"featured_media":56340,"comment_status":"open","ping_status":"open","sticky":false,"template":"","format":"standard","meta":{"limit_modified_date":"","last_modified_date":"","jnews-multi-image_gallery":[],"jnews_single_post":[],"jnews_primary_category":[],"jnews_override_counter":[],"footnotes":""},"categories":[109],"tags":[11938,11939,11940,11941,11942,11943,3588],"class_list":["post-56338","post","type-post","status-publish","format-standard","has-post-thumbnail","hentry","category-zivot","tag-andrej-azenic","tag-antun-azenic","tag-azena","tag-prirodna-krema-za-ruke","tag-senna-usic-jogunica","tag-spar-hrvatska","tag-tradicija"],"yoast_head":"<!-- This site is optimized with the Yoast SEO Premium plugin v27.4 (Yoast SEO v27.4) - https:\/\/yoast.com\/product\/yoast-seo-premium-wordpress\/ -->\n<title>Senna i Andrej nastavili su obiteljsku tradiciju koju je zapo\u010deo njihov djed Antun Azeni\u0107: Upoznajte prirodne kreme za ruke \u201eAzena - Gorica Info<\/title>\n<meta name=\"description\" content=\"Senna i Andrej nastavili su obiteljsku tradiciju koju je zapo\u010deo njihov djed Antun Azeni\u0107: Upoznajte prirodne kreme za ruke \u201eAzena\" \/>\n<meta name=\"robots\" content=\"index, follow, max-snippet:-1, max-image-preview:large, max-video-preview:-1\" \/>\n<link rel=\"canonical\" href=\"https:\/\/gorica.info\/en\/sena-i-andrej-nastavili-su-obiteljsku-tradiciju-upoznajte-prirodne-kreme-za-ruke-azena\/\" \/>\n<meta property=\"og:locale\" content=\"en_US\" \/>\n<meta property=\"og:type\" content=\"article\" \/>\n<meta property=\"og:title\" content=\"Senna i Andrej nastavili su obiteljsku tradiciju koju je zapo\u010deo njihov djed Antun Azeni\u0107: Upoznajte prirodne kreme za ruke \u201eAzena\" \/>\n<meta property=\"og:description\" content=\"Senna i Andrej nastavili su obiteljsku tradiciju koju je zapo\u010deo njihov djed Antun Azeni\u0107: Upoznajte prirodne kreme za ruke \u201eAzena\" \/>\n<meta property=\"og:url\" content=\"https:\/\/gorica.info\/en\/sena-i-andrej-nastavili-su-obiteljsku-tradiciju-upoznajte-prirodne-kreme-za-ruke-azena\/\" \/>\n<meta property=\"og:site_name\" content=\"Gorica Info\" \/>\n<meta property=\"article:publisher\" content=\"https:\/\/www.facebook.com\/Goricainfo-106005144489262\" \/>\n<meta property=\"article:published_time\" content=\"2023-10-25T10:20:08+00:00\" \/>\n<meta property=\"og:image\" content=\"https:\/\/gorica.info\/wp-content\/uploads\/2023\/10\/Azena-Startaj-Hrvatska.jpg\" \/>\n\t<meta property=\"og:image:width\" content=\"1095\" \/>\n\t<meta property=\"og:image:height\" content=\"800\" \/>\n\t<meta property=\"og:image:type\" content=\"image\/jpeg\" \/>\n<meta name=\"author\" content=\"Marta Horvat\" \/>\n<meta name=\"twitter:card\" content=\"summary_large_image\" \/>\n<meta name=\"twitter:creator\" content=\"@GoricaInfo\" \/>\n<meta name=\"twitter:site\" content=\"@GoricaInfo\" \/>\n<meta name=\"twitter:label1\" content=\"Written by\" \/>\n\t<meta name=\"twitter:data1\" content=\"Marta Horvat\" \/>\n\t<meta name=\"twitter:label2\" content=\"Est. reading time\" \/>\n\t<meta name=\"twitter:data2\" content=\"3 minutes\" \/>\n<meta name=\"geo.placename\" content=\"Velika Gorica\" \/>\n<meta name=\"geo.region\" content=\"Croatia\" \/>\n<!-- \/ Yoast SEO Premium plugin. -->","yoast_head_json":{"title":"Senna i Andrej nastavili su obiteljsku tradiciju koju je zapo\u010deo njihov djed Antun Azeni\u0107: Upoznajte prirodne kreme za ruke \u201eAzena - Gorica Info","description":"Senna i Andrej nastavili su obiteljsku tradiciju koju je zapo\u010deo njihov djed Antun Azeni\u0107: Upoznajte prirodne kreme za ruke \u201eAzena","robots":{"index":"index","follow":"follow","max-snippet":"max-snippet:-1","max-image-preview":"max-image-preview:large","max-video-preview":"max-video-preview:-1"},"canonical":"https:\/\/gorica.info\/en\/sena-i-andrej-nastavili-su-obiteljsku-tradiciju-upoznajte-prirodne-kreme-za-ruke-azena\/","og_locale":"en_US","og_type":"article","og_title":"Senna i Andrej nastavili su obiteljsku tradiciju koju je zapo\u010deo njihov djed Antun Azeni\u0107: Upoznajte prirodne kreme za ruke \u201eAzena","og_description":"Senna i Andrej nastavili su obiteljsku tradiciju koju je zapo\u010deo njihov djed Antun Azeni\u0107: Upoznajte prirodne kreme za ruke \u201eAzena","og_url":"https:\/\/gorica.info\/en\/sena-i-andrej-nastavili-su-obiteljsku-tradiciju-upoznajte-prirodne-kreme-za-ruke-azena\/","og_site_name":"Gorica Info","article_publisher":"https:\/\/www.facebook.com\/Goricainfo-106005144489262","article_published_time":"2023-10-25T10:20:08+00:00","og_image":[{"width":1095,"height":800,"url":"https:\/\/gorica.info\/wp-content\/uploads\/2023\/10\/Azena-Startaj-Hrvatska.jpg","type":"image\/jpeg"}],"author":"Marta Horvat","twitter_card":"summary_large_image","twitter_creator":"@GoricaInfo","twitter_site":"@GoricaInfo","twitter_misc":{"Written by":"Marta Horvat","Est. reading time":"3 minutes"},"schema":{"@context":"https:\/\/schema.org","@graph":[{"@type":"NewsArticle","@id":"https:\/\/gorica.info\/sena-i-andrej-nastavili-su-obiteljsku-tradiciju-upoznajte-prirodne-kreme-za-ruke-azena\/#article","isPartOf":{"@id":"https:\/\/gorica.info\/sena-i-andrej-nastavili-su-obiteljsku-tradiciju-upoznajte-prirodne-kreme-za-ruke-azena\/"},"author":{"name":"Marta Horvat","@id":"https:\/\/gorica.info\/#\/schema\/person\/b2df2f6fb2a9073c0fa5af2672befd52"},"headline":"Senna i Andrej nastavili su obiteljsku tradiciju koju je zapo\u010deo njihov djed Antun Azeni\u0107: Upoznajte prirodne kreme za ruke \u201eAzena","datePublished":"2023-10-25T10:20:08+00:00","mainEntityOfPage":{"@id":"https:\/\/gorica.info\/sena-i-andrej-nastavili-su-obiteljsku-tradiciju-upoznajte-prirodne-kreme-za-ruke-azena\/"},"wordCount":460,"commentCount":0,"publisher":{"@id":"https:\/\/gorica.info\/#organization"},"image":{"@id":"https:\/\/gorica.info\/sena-i-andrej-nastavili-su-obiteljsku-tradiciju-upoznajte-prirodne-kreme-za-ruke-azena\/#primaryimage"},"thumbnailUrl":"https:\/\/gorica.info\/wp-content\/uploads\/2023\/10\/Azena-Startaj-Hrvatska.jpg","keywords":["andrej azeni\u0107","antun azeni\u0107","azena","prirodna krema za ruke","senna u\u0161i\u0107 jogunica","spar hrvatska","tradicija"],"articleSection":["\u017dIVOT"],"inLanguage":"en-US","potentialAction":[{"@type":"CommentAction","name":"Comment","target":["https:\/\/gorica.info\/sena-i-andrej-nastavili-su-obiteljsku-tradiciju-upoznajte-prirodne-kreme-za-ruke-azena\/#respond"]}],"copyrightYear":"2023","copyrightHolder":{"@id":"https:\/\/gorica.info\/en\/#organization"}},{"@type":"WebPage","@id":"https:\/\/gorica.info\/sena-i-andrej-nastavili-su-obiteljsku-tradiciju-upoznajte-prirodne-kreme-za-ruke-azena\/","url":"https:\/\/gorica.info\/sena-i-andrej-nastavili-su-obiteljsku-tradiciju-upoznajte-prirodne-kreme-za-ruke-azena\/","name":"Senna i Andrej nastavili su obiteljsku tradiciju koju je zapo\u010deo njihov djed Antun Azeni\u0107: Upoznajte prirodne kreme za ruke \u201eAzena - Gorica Info","isPartOf":{"@id":"https:\/\/gorica.info\/#website"},"primaryImageOfPage":{"@id":"https:\/\/gorica.info\/sena-i-andrej-nastavili-su-obiteljsku-tradiciju-upoznajte-prirodne-kreme-za-ruke-azena\/#primaryimage"},"image":{"@id":"https:\/\/gorica.info\/sena-i-andrej-nastavili-su-obiteljsku-tradiciju-upoznajte-prirodne-kreme-za-ruke-azena\/#primaryimage"},"thumbnailUrl":"https:\/\/gorica.info\/wp-content\/uploads\/2023\/10\/Azena-Startaj-Hrvatska.jpg","datePublished":"2023-10-25T10:20:08+00:00","description":"Senna i Andrej nastavili su obiteljsku tradiciju koju je zapo\u010deo njihov djed Antun Azeni\u0107: Upoznajte prirodne kreme za ruke \u201eAzena","breadcrumb":{"@id":"https:\/\/gorica.info\/sena-i-andrej-nastavili-su-obiteljsku-tradiciju-upoznajte-prirodne-kreme-za-ruke-azena\/#breadcrumb"},"inLanguage":"en-US","potentialAction":[{"@type":"ReadAction","target":["https:\/\/gorica.info\/sena-i-andrej-nastavili-su-obiteljsku-tradiciju-upoznajte-prirodne-kreme-za-ruke-azena\/"]}]},{"@type":"ImageObject","inLanguage":"en-US","@id":"https:\/\/gorica.info\/sena-i-andrej-nastavili-su-obiteljsku-tradiciju-upoznajte-prirodne-kreme-za-ruke-azena\/#primaryimage","url":"https:\/\/gorica.info\/wp-content\/uploads\/2023\/10\/Azena-Startaj-Hrvatska.jpg","contentUrl":"https:\/\/gorica.info\/wp-content\/uploads\/2023\/10\/Azena-Startaj-Hrvatska.jpg","width":1095,"height":800,"caption":"Foto: Promo Nova TV"},{"@type":"BreadcrumbList","@id":"https:\/\/gorica.info\/sena-i-andrej-nastavili-su-obiteljsku-tradiciju-upoznajte-prirodne-kreme-za-ruke-azena\/#breadcrumb","itemListElement":[{"@type":"ListItem","position":1,"name":"Po\u010detna stranica","item":"https:\/\/gorica.info\/"},{"@type":"ListItem","position":2,"name":"Senna i Andrej nastavili su obiteljsku tradiciju koju je zapo\u010deo njihov djed Antun Azeni\u0107: Upoznajte prirodne kreme za ruke \u201eAzena"}]},{"@type":"WebSite","@id":"https:\/\/gorica.info\/#website","url":"https:\/\/gorica.info\/","name":"Gorica Info","description":"Vijesti iz Velike Gorice i okolice.","publisher":{"@id":"https:\/\/gorica.info\/#organization"},"potentialAction":[{"@type":"SearchAction","target":{"@type":"EntryPoint","urlTemplate":"https:\/\/gorica.info\/?s={search_term_string}"},"query-input":{"@type":"PropertyValueSpecification","valueRequired":true,"valueName":"search_term_string"}}],"inLanguage":"en-US"},{"@type":["Organization","Place","NewsMediaOrganization"],"@id":"https:\/\/gorica.info\/#organization","name":"Gorica Info","url":"https:\/\/gorica.info\/","logo":{"@id":"https:\/\/gorica.info\/sena-i-andrej-nastavili-su-obiteljsku-tradiciju-upoznajte-prirodne-kreme-za-ruke-azena\/#local-main-organization-logo"},"image":{"@id":"https:\/\/gorica.info\/sena-i-andrej-nastavili-su-obiteljsku-tradiciju-upoznajte-prirodne-kreme-za-ruke-azena\/#local-main-organization-logo"},"sameAs":["https:\/\/www.facebook.com\/Goricainfo-106005144489262","https:\/\/x.com\/GoricaInfo","https:\/\/www.instagram.com\/gorica.info\/"],"address":{"@id":"https:\/\/gorica.info\/sena-i-andrej-nastavili-su-obiteljsku-tradiciju-upoznajte-prirodne-kreme-za-ruke-azena\/#local-main-place-address"},"telephone":[],"openingHoursSpecification":[{"@type":"OpeningHoursSpecification","dayOfWeek":["Monday","Tuesday","Wednesday","Thursday","Friday","Saturday","Sunday"],"opens":"09:00","closes":"17:00"}],"email":"redakcija@gorica.info"},{"@type":"Person","@id":"https:\/\/gorica.info\/#\/schema\/person\/b2df2f6fb2a9073c0fa5af2672befd52","name":"Marta Horvat","description":"Marta Horvat je studentica koja redovito pi\u0161e za portal, prati sva gradska doga\u0111anja i u\u017eiva isprobavati nove recept koje dijeli s na\u0161im \u010ditateljima.","url":"https:\/\/gorica.info\/en\/author\/marta-horvat\/"},{"@type":"PostalAddress","@id":"https:\/\/gorica.info\/sena-i-andrej-nastavili-su-obiteljsku-tradiciju-upoznajte-prirodne-kreme-za-ruke-azena\/#local-main-place-address","streetAddress":"Horvatova 97","addressLocality":"Velika Gorica","postalCode":"10410","addressRegion":"Croatia","addressCountry":"HR"},{"@type":"ImageObject","inLanguage":"en-US","@id":"https:\/\/gorica.info\/sena-i-andrej-nastavili-su-obiteljsku-tradiciju-upoznajte-prirodne-kreme-za-ruke-azena\/#local-main-organization-logo","url":"https:\/\/gorica.info\/wp-content\/uploads\/2024\/07\/Gorica-Info-Logo-mali.png","contentUrl":"https:\/\/gorica.info\/wp-content\/uploads\/2024\/07\/Gorica-Info-Logo-mali.png","width":450,"height":85,"caption":"Gorica Info"}]},"geo.placename":"Velika Gorica","geo.region":"Croatia"},"_links":{"self":[{"href":"https:\/\/gorica.info\/en\/wp-json\/wp\/v2\/posts\/56338","targetHints":{"allow":["GET"]}}],"collection":[{"href":"https:\/\/gorica.info\/en\/wp-json\/wp\/v2\/posts"}],"about":[{"href":"https:\/\/gorica.info\/en\/wp-json\/wp\/v2\/types\/post"}],"author":[{"embeddable":true,"href":"https:\/\/gorica.info\/en\/wp-json\/wp\/v2\/users\/25"}],"replies":[{"embeddable":true,"href":"https:\/\/gorica.info\/en\/wp-json\/wp\/v2\/comments?post=56338"}],"version-history":[{"count":0,"href":"https:\/\/gorica.info\/en\/wp-json\/wp\/v2\/posts\/56338\/revisions"}],"wp:featuredmedia":[{"embeddable":true,"href":"https:\/\/gorica.info\/en\/wp-json\/wp\/v2\/media\/56340"}],"wp:attachment":[{"href":"https:\/\/gorica.info\/en\/wp-json\/wp\/v2\/media?parent=56338"}],"wp:term":[{"taxonomy":"category","embeddable":true,"href":"https:\/\/gorica.info\/en\/wp-json\/wp\/v2\/categories?post=56338"},{"taxonomy":"post_tag","embeddable":true,"href":"https:\/\/gorica.info\/en\/wp-json\/wp\/v2\/tags?post=56338"}],"curies":[{"name":"wp","href":"https:\/\/api.w.org\/{rel}","templated":true}]}}