{"id":56424,"date":"2023-10-27T10:45:15","date_gmt":"2023-10-27T08:45:15","guid":{"rendered":"https:\/\/gorica.info\/?p=56424"},"modified":"2023-10-27T10:45:15","modified_gmt":"2023-10-27T08:45:15","slug":"uzas-netko-je-upucao-dva-psa-dok-je-vlasnica-setala-s-njima-oko-jezera-kod-zapresica","status":"publish","type":"post","link":"https:\/\/gorica.info\/en\/uzas-netko-je-upucao-dva-psa-dok-je-vlasnica-setala-s-njima-oko-jezera-kod-zapresica\/","title":{"rendered":"U\u017eas: Netko je upucao dva psa dok je vlasnica \u0161etala s njima oko jezera kod Zapre\u0161i\u0107a"},"content":{"rendered":"<p><strong>Tijekom \u0161etnje<\/strong> oko jezera Zajarko kod <strong>Zapre\u0161i\u0107a<\/strong> netko je <strong>upucao dva psa<\/strong>. O\u010dajna i zgro\u017eena vlasnica pasa objavila je na dru\u0161tvenim mre\u017eama da je netko iz lova\u010dke pu\u0161ke pucao na njezine ljubimce. O svemu je obavije\u0161tena <a href=\"https:\/\/gorica.info\/en\/2023\/10\/26\/muskarac-53-osumnjicen-za-ubijanje-i-mucenje-zivotinja-s-balkona-pucao-u-magarce-koje-je-ranio\/\">policija<\/a> koja je potvrdila da provodi kriminalisti\u010dko istra\u017eivanje.<\/p>\n<p>Vlasnica pasa prepri\u010dala je kako se obi\u010dna \u0161etnja pretvorila u bol.<\/p>\n<p>&#8211; Pucanj, pucanj, cvile\u017e psa i tre\u0107i pucanj. Na taj na\u010din mi je danas oduzeta obitelj. Nije svima jasno i uop\u0107e ne mora biti, ali svojim psima dugujem neizmjernu zahvalnost kao \u010dlanovima obitelji. Tri hica, dva psa. \u010cetvrtak ujutro. <strong>Psi su umrli<\/strong> na puteljku gdje prolaze ljudi. Moji psi bili vezani ili ne &#8211; usmr\u0107eni su na podru\u010dju gdje hodam i ja. Ja kao i drugi ljudi sa psima i djecom. Po\u010detak \u0161umice preko potoka. Tko mo\u017ee dva psa naciljati i ubiti jednim hicem ako nije profesionalac \u2013 zapitala se vlasnica.<\/p>\n<p>\u2013 Dva psa, Sebastijan i Tila, ubijena su u jutarnjoj \u0161etnji sa svojom vlasnicom oko jezera Zajarki kod Zapre\u0161i\u0107a \u2013 objavili su iz <a href=\"https:\/\/web.facebook.com\/spas.udruga?locale=hr_HR\">udruge S-PAS<\/a> by Gloria Malin na svojim dru\u0161tvenim mre\u017eama. Sebastijan je udomljen iz udruge, tada se zvao Egon.<\/p>\n<p>&#8211; Danas je umro Egon. Umrla je i njegova pse\u0107a sestra. Upucani su. Tamo gdje su \u0161etali svaki dan. Trebala je biti jutarnja \u0161etnja, a zavila nas je sve u crno &#8211; napisali su na FB.<\/p>","protected":false},"excerpt":{"rendered":"<p>Tijekom \u0161etnje oko jezera Zajarko kod Zapre\u0161i\u0107a netko je upucao dva psa. O\u010dajna i zgro\u017eena vlasnica pasa objavila je na dru\u0161tvenim mre\u017eama da je netko iz lova\u010dke pu\u0161ke pucao na njezine ljubimce. O svemu je obavije\u0161tena policija koja je potvrdila da provodi kriminalisti\u010dko istra\u017eivanje. Vlasnica pasa prepri\u010dala je kako se obi\u010dna \u0161etnja pretvorila u bol. [&hellip;]<\/p>\n","protected":false},"author":23,"featured_media":56425,"comment_status":"open","ping_status":"open","sticky":false,"template":"","format":"standard","meta":{"limit_modified_date":"","last_modified_date":"","jnews-multi-image_gallery":[],"jnews_single_post":[],"jnews_primary_category":[],"jnews_override_counter":[],"footnotes":""},"categories":[96],"tags":[1098,266,11968,11969,11970,2083],"class_list":["post-56424","post","type-post","status-publish","format-standard","has-post-thumbnail","hentry","category-vijesti","tag-istraga","tag-policija","tag-upucana-dva-psa","tag-uzas-kod-zapresica","tag-vlasnica","tag-zapresic"],"yoast_head":"<!-- This site is optimized with the Yoast SEO Premium plugin v27.4 (Yoast SEO v27.4) - https:\/\/yoast.com\/product\/yoast-seo-premium-wordpress\/ -->\n<title>U\u017eas: Netko je upucao dva psa dok je vlasnica \u0161etala s njima oko jezera kod Zapre\u0161i\u0107a - Gorica Info<\/title>\n<meta name=\"description\" content=\"U\u017eas: Netko je upucao dva psa dok je vlasnica \u0161etala s njima oko jezera Zajarki kod Zapre\u0161i\u0107a. Policija provodi istragu.\" \/>\n<meta name=\"robots\" content=\"index, follow, max-snippet:-1, max-image-preview:large, max-video-preview:-1\" \/>\n<link rel=\"canonical\" href=\"https:\/\/gorica.info\/en\/uzas-netko-je-upucao-dva-psa-dok-je-vlasnica-setala-s-njima-oko-jezera-kod-zapresica\/\" \/>\n<meta property=\"og:locale\" content=\"en_US\" \/>\n<meta property=\"og:type\" content=\"article\" \/>\n<meta property=\"og:title\" content=\"U\u017eas: Netko je upucao dva psa dok je vlasnica \u0161etala s njima oko jezera kod Zapre\u0161i\u0107a\" \/>\n<meta property=\"og:description\" content=\"U\u017eas: Netko je upucao dva psa dok je vlasnica \u0161etala s njima oko jezera Zajarki kod Zapre\u0161i\u0107a. Policija provodi istragu.\" \/>\n<meta property=\"og:url\" content=\"https:\/\/gorica.info\/en\/uzas-netko-je-upucao-dva-psa-dok-je-vlasnica-setala-s-njima-oko-jezera-kod-zapresica\/\" \/>\n<meta property=\"og:site_name\" content=\"Gorica Info\" \/>\n<meta property=\"article:publisher\" content=\"https:\/\/www.facebook.com\/Goricainfo-106005144489262\" \/>\n<meta property=\"article:published_time\" content=\"2023-10-27T08:45:15+00:00\" \/>\n<meta property=\"og:image\" content=\"https:\/\/gorica.info\/wp-content\/uploads\/2023\/10\/upucana-dva-psa-foto-fb-e1698398183247.jpg\" \/>\n\t<meta property=\"og:image:width\" content=\"450\" \/>\n\t<meta property=\"og:image:height\" content=\"400\" \/>\n\t<meta property=\"og:image:type\" content=\"image\/jpeg\" \/>\n<meta name=\"author\" content=\"Gorica. info\" \/>\n<meta name=\"twitter:card\" content=\"summary_large_image\" \/>\n<meta name=\"twitter:creator\" content=\"@GoricaInfo\" \/>\n<meta name=\"twitter:site\" content=\"@GoricaInfo\" \/>\n<meta name=\"twitter:label1\" content=\"Written by\" \/>\n\t<meta name=\"twitter:data1\" content=\"Gorica. info\" \/>\n\t<meta name=\"twitter:label2\" content=\"Est. reading time\" \/>\n\t<meta name=\"twitter:data2\" content=\"2 minutes\" \/>\n<meta name=\"geo.placename\" content=\"Velika Gorica\" \/>\n<meta name=\"geo.region\" content=\"Croatia\" \/>\n<!-- \/ Yoast SEO Premium plugin. -->","yoast_head_json":{"title":"U\u017eas: Netko je upucao dva psa dok je vlasnica \u0161etala s njima oko jezera kod Zapre\u0161i\u0107a - Gorica Info","description":"U\u017eas: Netko je upucao dva psa dok je vlasnica \u0161etala s njima oko jezera Zajarki kod Zapre\u0161i\u0107a. Policija provodi istragu.","robots":{"index":"index","follow":"follow","max-snippet":"max-snippet:-1","max-image-preview":"max-image-preview:large","max-video-preview":"max-video-preview:-1"},"canonical":"https:\/\/gorica.info\/en\/uzas-netko-je-upucao-dva-psa-dok-je-vlasnica-setala-s-njima-oko-jezera-kod-zapresica\/","og_locale":"en_US","og_type":"article","og_title":"U\u017eas: Netko je upucao dva psa dok je vlasnica \u0161etala s njima oko jezera kod Zapre\u0161i\u0107a","og_description":"U\u017eas: Netko je upucao dva psa dok je vlasnica \u0161etala s njima oko jezera Zajarki kod Zapre\u0161i\u0107a. Policija provodi istragu.","og_url":"https:\/\/gorica.info\/en\/uzas-netko-je-upucao-dva-psa-dok-je-vlasnica-setala-s-njima-oko-jezera-kod-zapresica\/","og_site_name":"Gorica Info","article_publisher":"https:\/\/www.facebook.com\/Goricainfo-106005144489262","article_published_time":"2023-10-27T08:45:15+00:00","og_image":[{"width":450,"height":400,"url":"https:\/\/gorica.info\/wp-content\/uploads\/2023\/10\/upucana-dva-psa-foto-fb-e1698398183247.jpg","type":"image\/jpeg"}],"author":"Gorica. info","twitter_card":"summary_large_image","twitter_creator":"@GoricaInfo","twitter_site":"@GoricaInfo","twitter_misc":{"Written by":"Gorica. info","Est. reading time":"2 minutes"},"schema":{"@context":"https:\/\/schema.org","@graph":[{"@type":"NewsArticle","@id":"https:\/\/gorica.info\/uzas-netko-je-upucao-dva-psa-dok-je-vlasnica-setala-s-njima-oko-jezera-kod-zapresica\/#article","isPartOf":{"@id":"https:\/\/gorica.info\/uzas-netko-je-upucao-dva-psa-dok-je-vlasnica-setala-s-njima-oko-jezera-kod-zapresica\/"},"author":{"name":"Gorica. info","@id":"https:\/\/gorica.info\/#\/schema\/person\/4499af1f22f322670b9b5977ccc2e3de"},"headline":"U\u017eas: Netko je upucao dva psa dok je vlasnica \u0161etala s njima oko jezera kod Zapre\u0161i\u0107a","datePublished":"2023-10-27T08:45:15+00:00","mainEntityOfPage":{"@id":"https:\/\/gorica.info\/uzas-netko-je-upucao-dva-psa-dok-je-vlasnica-setala-s-njima-oko-jezera-kod-zapresica\/"},"wordCount":264,"commentCount":0,"publisher":{"@id":"https:\/\/gorica.info\/#organization"},"image":{"@id":"https:\/\/gorica.info\/uzas-netko-je-upucao-dva-psa-dok-je-vlasnica-setala-s-njima-oko-jezera-kod-zapresica\/#primaryimage"},"thumbnailUrl":"https:\/\/gorica.info\/wp-content\/uploads\/2023\/10\/upucana-dva-psa-foto-fb-e1698398183247.jpg","keywords":["istraga","policija","upucana dva psa","u\u017eas kod zapre\u0161i\u0107a","vlasnica","zapre\u0161i\u0107"],"articleSection":["VIJESTI"],"inLanguage":"en-US","potentialAction":[{"@type":"CommentAction","name":"Comment","target":["https:\/\/gorica.info\/uzas-netko-je-upucao-dva-psa-dok-je-vlasnica-setala-s-njima-oko-jezera-kod-zapresica\/#respond"]}],"copyrightYear":"2023","copyrightHolder":{"@id":"https:\/\/gorica.info\/en\/#organization"}},{"@type":"WebPage","@id":"https:\/\/gorica.info\/uzas-netko-je-upucao-dva-psa-dok-je-vlasnica-setala-s-njima-oko-jezera-kod-zapresica\/","url":"https:\/\/gorica.info\/uzas-netko-je-upucao-dva-psa-dok-je-vlasnica-setala-s-njima-oko-jezera-kod-zapresica\/","name":"U\u017eas: Netko je upucao dva psa dok je vlasnica \u0161etala s njima oko jezera kod Zapre\u0161i\u0107a - Gorica Info","isPartOf":{"@id":"https:\/\/gorica.info\/#website"},"primaryImageOfPage":{"@id":"https:\/\/gorica.info\/uzas-netko-je-upucao-dva-psa-dok-je-vlasnica-setala-s-njima-oko-jezera-kod-zapresica\/#primaryimage"},"image":{"@id":"https:\/\/gorica.info\/uzas-netko-je-upucao-dva-psa-dok-je-vlasnica-setala-s-njima-oko-jezera-kod-zapresica\/#primaryimage"},"thumbnailUrl":"https:\/\/gorica.info\/wp-content\/uploads\/2023\/10\/upucana-dva-psa-foto-fb-e1698398183247.jpg","datePublished":"2023-10-27T08:45:15+00:00","description":"U\u017eas: Netko je upucao dva psa dok je vlasnica \u0161etala s njima oko jezera Zajarki kod Zapre\u0161i\u0107a. Policija provodi istragu.","breadcrumb":{"@id":"https:\/\/gorica.info\/uzas-netko-je-upucao-dva-psa-dok-je-vlasnica-setala-s-njima-oko-jezera-kod-zapresica\/#breadcrumb"},"inLanguage":"en-US","potentialAction":[{"@type":"ReadAction","target":["https:\/\/gorica.info\/uzas-netko-je-upucao-dva-psa-dok-je-vlasnica-setala-s-njima-oko-jezera-kod-zapresica\/"]}]},{"@type":"ImageObject","inLanguage":"en-US","@id":"https:\/\/gorica.info\/uzas-netko-je-upucao-dva-psa-dok-je-vlasnica-setala-s-njima-oko-jezera-kod-zapresica\/#primaryimage","url":"https:\/\/gorica.info\/wp-content\/uploads\/2023\/10\/upucana-dva-psa-foto-fb-e1698398183247.jpg","contentUrl":"https:\/\/gorica.info\/wp-content\/uploads\/2023\/10\/upucana-dva-psa-foto-fb-e1698398183247.jpg","width":450,"height":400,"caption":"Foto: FB Udruga S-Pas"},{"@type":"BreadcrumbList","@id":"https:\/\/gorica.info\/uzas-netko-je-upucao-dva-psa-dok-je-vlasnica-setala-s-njima-oko-jezera-kod-zapresica\/#breadcrumb","itemListElement":[{"@type":"ListItem","position":1,"name":"Po\u010detna stranica","item":"https:\/\/gorica.info\/"},{"@type":"ListItem","position":2,"name":"U\u017eas: Netko je upucao dva psa dok je vlasnica \u0161etala s njima oko jezera kod Zapre\u0161i\u0107a"}]},{"@type":"WebSite","@id":"https:\/\/gorica.info\/#website","url":"https:\/\/gorica.info\/","name":"Gorica Info","description":"Vijesti iz Velike Gorice i okolice.","publisher":{"@id":"https:\/\/gorica.info\/#organization"},"potentialAction":[{"@type":"SearchAction","target":{"@type":"EntryPoint","urlTemplate":"https:\/\/gorica.info\/?s={search_term_string}"},"query-input":{"@type":"PropertyValueSpecification","valueRequired":true,"valueName":"search_term_string"}}],"inLanguage":"en-US"},{"@type":["Organization","Place","NewsMediaOrganization"],"@id":"https:\/\/gorica.info\/#organization","name":"Gorica Info","url":"https:\/\/gorica.info\/","logo":{"@id":"https:\/\/gorica.info\/uzas-netko-je-upucao-dva-psa-dok-je-vlasnica-setala-s-njima-oko-jezera-kod-zapresica\/#local-main-organization-logo"},"image":{"@id":"https:\/\/gorica.info\/uzas-netko-je-upucao-dva-psa-dok-je-vlasnica-setala-s-njima-oko-jezera-kod-zapresica\/#local-main-organization-logo"},"sameAs":["https:\/\/www.facebook.com\/Goricainfo-106005144489262","https:\/\/x.com\/GoricaInfo","https:\/\/www.instagram.com\/gorica.info\/"],"address":{"@id":"https:\/\/gorica.info\/uzas-netko-je-upucao-dva-psa-dok-je-vlasnica-setala-s-njima-oko-jezera-kod-zapresica\/#local-main-place-address"},"telephone":[],"openingHoursSpecification":[{"@type":"OpeningHoursSpecification","dayOfWeek":["Monday","Tuesday","Wednesday","Thursday","Friday","Saturday","Sunday"],"opens":"09:00","closes":"17:00"}],"email":"redakcija@gorica.info"},{"@type":"Person","@id":"https:\/\/gorica.info\/#\/schema\/person\/4499af1f22f322670b9b5977ccc2e3de","name":"Gorica. info","description":"Gorica.info je lokalni portal koji prati Veliku Goricu i okolici, svakodnevno donosi najnovije vijesti i pri\u010de, kulturna doga\u0111anja i aktualnosti koje oblikuju \u017eivot gra\u0111ana.","url":"https:\/\/gorica.info\/en\/author\/gorica-info\/"},{"@type":"PostalAddress","@id":"https:\/\/gorica.info\/uzas-netko-je-upucao-dva-psa-dok-je-vlasnica-setala-s-njima-oko-jezera-kod-zapresica\/#local-main-place-address","streetAddress":"Horvatova 97","addressLocality":"Velika Gorica","postalCode":"10410","addressRegion":"Croatia","addressCountry":"HR"},{"@type":"ImageObject","inLanguage":"en-US","@id":"https:\/\/gorica.info\/uzas-netko-je-upucao-dva-psa-dok-je-vlasnica-setala-s-njima-oko-jezera-kod-zapresica\/#local-main-organization-logo","url":"https:\/\/gorica.info\/wp-content\/uploads\/2024\/07\/Gorica-Info-Logo-mali.png","contentUrl":"https:\/\/gorica.info\/wp-content\/uploads\/2024\/07\/Gorica-Info-Logo-mali.png","width":450,"height":85,"caption":"Gorica Info"}]},"geo.placename":"Velika Gorica","geo.region":"Croatia"},"_links":{"self":[{"href":"https:\/\/gorica.info\/en\/wp-json\/wp\/v2\/posts\/56424","targetHints":{"allow":["GET"]}}],"collection":[{"href":"https:\/\/gorica.info\/en\/wp-json\/wp\/v2\/posts"}],"about":[{"href":"https:\/\/gorica.info\/en\/wp-json\/wp\/v2\/types\/post"}],"author":[{"embeddable":true,"href":"https:\/\/gorica.info\/en\/wp-json\/wp\/v2\/users\/23"}],"replies":[{"embeddable":true,"href":"https:\/\/gorica.info\/en\/wp-json\/wp\/v2\/comments?post=56424"}],"version-history":[{"count":0,"href":"https:\/\/gorica.info\/en\/wp-json\/wp\/v2\/posts\/56424\/revisions"}],"wp:featuredmedia":[{"embeddable":true,"href":"https:\/\/gorica.info\/en\/wp-json\/wp\/v2\/media\/56425"}],"wp:attachment":[{"href":"https:\/\/gorica.info\/en\/wp-json\/wp\/v2\/media?parent=56424"}],"wp:term":[{"taxonomy":"category","embeddable":true,"href":"https:\/\/gorica.info\/en\/wp-json\/wp\/v2\/categories?post=56424"},{"taxonomy":"post_tag","embeddable":true,"href":"https:\/\/gorica.info\/en\/wp-json\/wp\/v2\/tags?post=56424"}],"curies":[{"name":"wp","href":"https:\/\/api.w.org\/{rel}","templated":true}]}}