{"id":57056,"date":"2023-11-11T10:36:51","date_gmt":"2023-11-11T09:36:51","guid":{"rendered":"https:\/\/gorica.info\/?p=57056"},"modified":"2023-11-11T10:36:51","modified_gmt":"2023-11-11T09:36:51","slug":"u-frontalnom-sudaru-kod-velike-gorice-ozlijedene-cetiri-osobe-medu-njima-i-dvoje-djece-nesrecu-skrivila-26-godisnja-vozacica","status":"publish","type":"post","link":"https:\/\/gorica.info\/en\/u-frontalnom-sudaru-kod-velike-gorice-ozlijedene-cetiri-osobe-medu-njima-i-dvoje-djece-nesrecu-skrivila-26-godisnja-vozacica\/","title":{"rendered":"U frontalnom sudaru kod Velike Gorice ozlije\u0111ene \u010detiri osobe, me\u0111u njima i dvoje djece: Nesre\u0107u skrivila 26-godi\u0161nja voza\u010dica"},"content":{"rendered":"<p><strong>U prometnoj nesre\u0107i<\/strong> koja se u petak dogodila na cesti od Velike Gorice prema Starom \u010ci\u010du, ozlije\u0111ene su <strong>\u010detiri osobe,<\/strong> a me\u0111u njima i <strong>dvoje djece<\/strong>. <a href=\"https:\/\/gorica.info\/en\/2023\/11\/10\/teska-nesreca-kod-velike-gorice-prekinut-promet-na-cesti-velika-gorica-staro-cice-koristi-se-obilazak-kroz-novo-cice\/\">Nesre\u0107u<\/a> je skrivila 26-godi\u0161nja voza\u010dica, izvijestila je policija. Podsjetimo, nesre\u0107a se dogodila oko 8.20 sati. Voza\u010dica (26) je upravljala osobnim automobilom zagreba\u010dkih registarskih oznaka kolnikom D30 na podru\u010dju Velike Gorice u smjeru sjeverozapada.<\/p>\n<p>Dolaskom do Velikogori\u010dke ulice, voza\u010dica se nije kretala sredinom obilje\u017eene prometne trake, ve\u0107 je <strong>pre\u0161la vozilom<\/strong> na traku namijenjenu za kretanje vozila iz suprotnog smjera, a zatim naletjela na teretno vozilo zagreba\u010dkih registarskih oznaka kojim je upravljao 53-godi\u0161njak.<\/p>\n<p>U prometnoj nesre\u0107i<strong> te\u0161ko je ozlije\u0111en maloljetni putnik<\/strong> u osobnom automobilu te mu je lije\u010dni\u010dka pomo\u0107 pru\u017eena u Klini\u010dkom bolni\u010dkom centru Zagreb.<\/p>\n<p>Tako\u0111er, te\u0161ke ozljede je zadobio i <strong>voza\u010d teretnog vozila<\/strong> kojemu je lije\u010dni\u010dka pomo\u0107 pru\u017eena u Klini\u010dkoj bolnici Dubrava, dok su<strong> lak\u0161e ozlije\u0111eni 26-godi\u0161nja voza\u010dica<\/strong> i\u00a0 jo\u0161<strong> jedna maloljetna osoba<\/strong> koja se nalazila u svojstvu putnika u osobnom automobilu zagreba\u010dkih registarskih oznaka, rekli su iz <a href=\"https:\/\/zagrebacka-policija.gov.hr\/vijesti\/prometna-nesreca-na-podrucju-velike-gorice-95708\/95708\">policije<\/a>.<\/p>","protected":false},"excerpt":{"rendered":"<p>U prometnoj nesre\u0107i koja se u petak dogodila na cesti od Velike Gorice prema Starom \u010ci\u010du, ozlije\u0111ene su \u010detiri osobe, a me\u0111u njima i dvoje djece. Nesre\u0107u je skrivila 26-godi\u0161nja voza\u010dica, izvijestila je policija. Podsjetimo, nesre\u0107a se dogodila oko 8.20 sati. Voza\u010dica (26) je upravljala osobnim automobilom zagreba\u010dkih registarskih oznaka kolnikom D30 na podru\u010dju Velike [&hellip;]<\/p>\n","protected":false},"author":23,"featured_media":57057,"comment_status":"open","ping_status":"open","sticky":false,"template":"","format":"standard","meta":{"limit_modified_date":"","last_modified_date":"","jnews-multi-image_gallery":[],"jnews_single_post":[],"jnews_primary_category":[],"jnews_override_counter":[],"footnotes":""},"categories":[93],"tags":[9610,983,519,12210,122],"class_list":["post-57056","post","type-post","status-publish","format-standard","has-post-thumbnail","hentry","category-crna-kronika","tag-frontalni-sudar","tag-mlada-vozacica","tag-nesreca","tag-ozlijedena-djeca","tag-velika-gorica"],"yoast_head":"<!-- This site is optimized with the Yoast SEO Premium plugin v27.4 (Yoast SEO v27.4) - https:\/\/yoast.com\/product\/yoast-seo-premium-wordpress\/ -->\n<title>U frontalnom sudaru kod Velike Gorice ozlije\u0111ene \u010detiri osobe, me\u0111u njima i dvoje djece: Nesre\u0107u skrivila 26-godi\u0161nja voza\u010dica - Gorica Info<\/title>\n<meta name=\"description\" content=\"U frontalnom sudaru kod Velike Gorice ozlije\u0111ene su \u010detiri osobe me\u0111u njima i dvoje djece: Nesre\u0107u skrivila 26-godi\u0161nja voza\u010dica.\" \/>\n<meta name=\"robots\" content=\"index, follow, max-snippet:-1, max-image-preview:large, max-video-preview:-1\" \/>\n<link rel=\"canonical\" href=\"https:\/\/gorica.info\/en\/u-frontalnom-sudaru-kod-velike-gorice-ozlijedene-cetiri-osobe-medu-njima-i-dvoje-djece-nesrecu-skrivila-26-godisnja-vozacica\/\" \/>\n<meta property=\"og:locale\" content=\"en_US\" \/>\n<meta property=\"og:type\" content=\"article\" \/>\n<meta property=\"og:title\" content=\"U frontalnom sudaru kod Velike Gorice ozlije\u0111ene \u010detiri osobe, me\u0111u njima i dvoje djece: Nesre\u0107u skrivila 26-godi\u0161nja voza\u010dica\" \/>\n<meta property=\"og:description\" content=\"U frontalnom sudaru kod Velike Gorice ozlije\u0111ene su \u010detiri osobe me\u0111u njima i dvoje djece: Nesre\u0107u skrivila 26-godi\u0161nja voza\u010dica.\" \/>\n<meta property=\"og:url\" content=\"https:\/\/gorica.info\/en\/u-frontalnom-sudaru-kod-velike-gorice-ozlijedene-cetiri-osobe-medu-njima-i-dvoje-djece-nesrecu-skrivila-26-godisnja-vozacica\/\" \/>\n<meta property=\"og:site_name\" content=\"Gorica Info\" \/>\n<meta property=\"article:publisher\" content=\"https:\/\/www.facebook.com\/Goricainfo-106005144489262\" \/>\n<meta property=\"article:published_time\" content=\"2023-11-11T09:36:51+00:00\" \/>\n<meta property=\"og:image\" content=\"https:\/\/gorica.info\/wp-content\/uploads\/2023\/11\/hitna-pomoc-vg2022.jpg\" \/>\n\t<meta property=\"og:image:width\" content=\"1070\" \/>\n\t<meta property=\"og:image:height\" content=\"800\" \/>\n\t<meta property=\"og:image:type\" content=\"image\/jpeg\" \/>\n<meta name=\"author\" content=\"Gorica. info\" \/>\n<meta name=\"twitter:card\" content=\"summary_large_image\" \/>\n<meta name=\"twitter:creator\" content=\"@GoricaInfo\" \/>\n<meta name=\"twitter:site\" content=\"@GoricaInfo\" \/>\n<meta name=\"twitter:label1\" content=\"Written by\" \/>\n\t<meta name=\"twitter:data1\" content=\"Gorica. info\" \/>\n\t<meta name=\"twitter:label2\" content=\"Est. reading time\" \/>\n\t<meta name=\"twitter:data2\" content=\"1 minute\" \/>\n<meta name=\"geo.placename\" content=\"Velika Gorica\" \/>\n<meta name=\"geo.region\" content=\"Croatia\" \/>\n<!-- \/ Yoast SEO Premium plugin. -->","yoast_head_json":{"title":"U frontalnom sudaru kod Velike Gorice ozlije\u0111ene \u010detiri osobe, me\u0111u njima i dvoje djece: Nesre\u0107u skrivila 26-godi\u0161nja voza\u010dica - Gorica Info","description":"U frontalnom sudaru kod Velike Gorice ozlije\u0111ene su \u010detiri osobe me\u0111u njima i dvoje djece: Nesre\u0107u skrivila 26-godi\u0161nja voza\u010dica.","robots":{"index":"index","follow":"follow","max-snippet":"max-snippet:-1","max-image-preview":"max-image-preview:large","max-video-preview":"max-video-preview:-1"},"canonical":"https:\/\/gorica.info\/en\/u-frontalnom-sudaru-kod-velike-gorice-ozlijedene-cetiri-osobe-medu-njima-i-dvoje-djece-nesrecu-skrivila-26-godisnja-vozacica\/","og_locale":"en_US","og_type":"article","og_title":"U frontalnom sudaru kod Velike Gorice ozlije\u0111ene \u010detiri osobe, me\u0111u njima i dvoje djece: Nesre\u0107u skrivila 26-godi\u0161nja voza\u010dica","og_description":"U frontalnom sudaru kod Velike Gorice ozlije\u0111ene su \u010detiri osobe me\u0111u njima i dvoje djece: Nesre\u0107u skrivila 26-godi\u0161nja voza\u010dica.","og_url":"https:\/\/gorica.info\/en\/u-frontalnom-sudaru-kod-velike-gorice-ozlijedene-cetiri-osobe-medu-njima-i-dvoje-djece-nesrecu-skrivila-26-godisnja-vozacica\/","og_site_name":"Gorica Info","article_publisher":"https:\/\/www.facebook.com\/Goricainfo-106005144489262","article_published_time":"2023-11-11T09:36:51+00:00","og_image":[{"width":1070,"height":800,"url":"https:\/\/gorica.info\/wp-content\/uploads\/2023\/11\/hitna-pomoc-vg2022.jpg","type":"image\/jpeg"}],"author":"Gorica. info","twitter_card":"summary_large_image","twitter_creator":"@GoricaInfo","twitter_site":"@GoricaInfo","twitter_misc":{"Written by":"Gorica. info","Est. reading time":"1 minute"},"schema":{"@context":"https:\/\/schema.org","@graph":[{"@type":"NewsArticle","@id":"https:\/\/gorica.info\/u-frontalnom-sudaru-kod-velike-gorice-ozlijedene-cetiri-osobe-medu-njima-i-dvoje-djece-nesrecu-skrivila-26-godisnja-vozacica\/#article","isPartOf":{"@id":"https:\/\/gorica.info\/u-frontalnom-sudaru-kod-velike-gorice-ozlijedene-cetiri-osobe-medu-njima-i-dvoje-djece-nesrecu-skrivila-26-godisnja-vozacica\/"},"author":{"name":"Gorica. info","@id":"https:\/\/gorica.info\/#\/schema\/person\/4499af1f22f322670b9b5977ccc2e3de"},"headline":"U frontalnom sudaru kod Velike Gorice ozlije\u0111ene \u010detiri osobe, me\u0111u njima i dvoje djece: Nesre\u0107u skrivila 26-godi\u0161nja voza\u010dica","datePublished":"2023-11-11T09:36:51+00:00","mainEntityOfPage":{"@id":"https:\/\/gorica.info\/u-frontalnom-sudaru-kod-velike-gorice-ozlijedene-cetiri-osobe-medu-njima-i-dvoje-djece-nesrecu-skrivila-26-godisnja-vozacica\/"},"wordCount":221,"commentCount":0,"publisher":{"@id":"https:\/\/gorica.info\/#organization"},"image":{"@id":"https:\/\/gorica.info\/u-frontalnom-sudaru-kod-velike-gorice-ozlijedene-cetiri-osobe-medu-njima-i-dvoje-djece-nesrecu-skrivila-26-godisnja-vozacica\/#primaryimage"},"thumbnailUrl":"https:\/\/gorica.info\/wp-content\/uploads\/2023\/11\/hitna-pomoc-vg2022.jpg","keywords":["frontalni sudar","mlada voza\u010dica","nesre\u0107a","ozlije\u0111ena djeca","Velika Gorica"],"articleSection":["CRNA KRONIKA"],"inLanguage":"en-US","potentialAction":[{"@type":"CommentAction","name":"Comment","target":["https:\/\/gorica.info\/u-frontalnom-sudaru-kod-velike-gorice-ozlijedene-cetiri-osobe-medu-njima-i-dvoje-djece-nesrecu-skrivila-26-godisnja-vozacica\/#respond"]}],"copyrightYear":"2023","copyrightHolder":{"@id":"https:\/\/gorica.info\/en\/#organization"}},{"@type":"WebPage","@id":"https:\/\/gorica.info\/u-frontalnom-sudaru-kod-velike-gorice-ozlijedene-cetiri-osobe-medu-njima-i-dvoje-djece-nesrecu-skrivila-26-godisnja-vozacica\/","url":"https:\/\/gorica.info\/u-frontalnom-sudaru-kod-velike-gorice-ozlijedene-cetiri-osobe-medu-njima-i-dvoje-djece-nesrecu-skrivila-26-godisnja-vozacica\/","name":"U frontalnom sudaru kod Velike Gorice ozlije\u0111ene \u010detiri osobe, me\u0111u njima i dvoje djece: Nesre\u0107u skrivila 26-godi\u0161nja voza\u010dica - Gorica Info","isPartOf":{"@id":"https:\/\/gorica.info\/#website"},"primaryImageOfPage":{"@id":"https:\/\/gorica.info\/u-frontalnom-sudaru-kod-velike-gorice-ozlijedene-cetiri-osobe-medu-njima-i-dvoje-djece-nesrecu-skrivila-26-godisnja-vozacica\/#primaryimage"},"image":{"@id":"https:\/\/gorica.info\/u-frontalnom-sudaru-kod-velike-gorice-ozlijedene-cetiri-osobe-medu-njima-i-dvoje-djece-nesrecu-skrivila-26-godisnja-vozacica\/#primaryimage"},"thumbnailUrl":"https:\/\/gorica.info\/wp-content\/uploads\/2023\/11\/hitna-pomoc-vg2022.jpg","datePublished":"2023-11-11T09:36:51+00:00","description":"U frontalnom sudaru kod Velike Gorice ozlije\u0111ene su \u010detiri osobe me\u0111u njima i dvoje djece: Nesre\u0107u skrivila 26-godi\u0161nja voza\u010dica.","breadcrumb":{"@id":"https:\/\/gorica.info\/u-frontalnom-sudaru-kod-velike-gorice-ozlijedene-cetiri-osobe-medu-njima-i-dvoje-djece-nesrecu-skrivila-26-godisnja-vozacica\/#breadcrumb"},"inLanguage":"en-US","potentialAction":[{"@type":"ReadAction","target":["https:\/\/gorica.info\/u-frontalnom-sudaru-kod-velike-gorice-ozlijedene-cetiri-osobe-medu-njima-i-dvoje-djece-nesrecu-skrivila-26-godisnja-vozacica\/"]}]},{"@type":"ImageObject","inLanguage":"en-US","@id":"https:\/\/gorica.info\/u-frontalnom-sudaru-kod-velike-gorice-ozlijedene-cetiri-osobe-medu-njima-i-dvoje-djece-nesrecu-skrivila-26-godisnja-vozacica\/#primaryimage","url":"https:\/\/gorica.info\/wp-content\/uploads\/2023\/11\/hitna-pomoc-vg2022.jpg","contentUrl":"https:\/\/gorica.info\/wp-content\/uploads\/2023\/11\/hitna-pomoc-vg2022.jpg","width":1070,"height":800,"caption":"Foto: Gorica.info"},{"@type":"BreadcrumbList","@id":"https:\/\/gorica.info\/u-frontalnom-sudaru-kod-velike-gorice-ozlijedene-cetiri-osobe-medu-njima-i-dvoje-djece-nesrecu-skrivila-26-godisnja-vozacica\/#breadcrumb","itemListElement":[{"@type":"ListItem","position":1,"name":"Po\u010detna stranica","item":"https:\/\/gorica.info\/"},{"@type":"ListItem","position":2,"name":"U frontalnom sudaru kod Velike Gorice ozlije\u0111ene \u010detiri osobe, me\u0111u njima i dvoje djece: Nesre\u0107u skrivila 26-godi\u0161nja voza\u010dica"}]},{"@type":"WebSite","@id":"https:\/\/gorica.info\/#website","url":"https:\/\/gorica.info\/","name":"Gorica Info","description":"Vijesti iz Velike Gorice i okolice.","publisher":{"@id":"https:\/\/gorica.info\/#organization"},"potentialAction":[{"@type":"SearchAction","target":{"@type":"EntryPoint","urlTemplate":"https:\/\/gorica.info\/?s={search_term_string}"},"query-input":{"@type":"PropertyValueSpecification","valueRequired":true,"valueName":"search_term_string"}}],"inLanguage":"en-US"},{"@type":["Organization","Place","NewsMediaOrganization"],"@id":"https:\/\/gorica.info\/#organization","name":"Gorica Info","url":"https:\/\/gorica.info\/","logo":{"@id":"https:\/\/gorica.info\/u-frontalnom-sudaru-kod-velike-gorice-ozlijedene-cetiri-osobe-medu-njima-i-dvoje-djece-nesrecu-skrivila-26-godisnja-vozacica\/#local-main-organization-logo"},"image":{"@id":"https:\/\/gorica.info\/u-frontalnom-sudaru-kod-velike-gorice-ozlijedene-cetiri-osobe-medu-njima-i-dvoje-djece-nesrecu-skrivila-26-godisnja-vozacica\/#local-main-organization-logo"},"sameAs":["https:\/\/www.facebook.com\/Goricainfo-106005144489262","https:\/\/x.com\/GoricaInfo","https:\/\/www.instagram.com\/gorica.info\/"],"address":{"@id":"https:\/\/gorica.info\/u-frontalnom-sudaru-kod-velike-gorice-ozlijedene-cetiri-osobe-medu-njima-i-dvoje-djece-nesrecu-skrivila-26-godisnja-vozacica\/#local-main-place-address"},"telephone":[],"openingHoursSpecification":[{"@type":"OpeningHoursSpecification","dayOfWeek":["Monday","Tuesday","Wednesday","Thursday","Friday","Saturday","Sunday"],"opens":"09:00","closes":"17:00"}],"email":"redakcija@gorica.info"},{"@type":"Person","@id":"https:\/\/gorica.info\/#\/schema\/person\/4499af1f22f322670b9b5977ccc2e3de","name":"Gorica. info","description":"Gorica.info je lokalni portal koji prati Veliku Goricu i okolici, svakodnevno donosi najnovije vijesti i pri\u010de, kulturna doga\u0111anja i aktualnosti koje oblikuju \u017eivot gra\u0111ana.","url":"https:\/\/gorica.info\/en\/author\/gorica-info\/"},{"@type":"PostalAddress","@id":"https:\/\/gorica.info\/u-frontalnom-sudaru-kod-velike-gorice-ozlijedene-cetiri-osobe-medu-njima-i-dvoje-djece-nesrecu-skrivila-26-godisnja-vozacica\/#local-main-place-address","streetAddress":"Horvatova 97","addressLocality":"Velika Gorica","postalCode":"10410","addressRegion":"Croatia","addressCountry":"HR"},{"@type":"ImageObject","inLanguage":"en-US","@id":"https:\/\/gorica.info\/u-frontalnom-sudaru-kod-velike-gorice-ozlijedene-cetiri-osobe-medu-njima-i-dvoje-djece-nesrecu-skrivila-26-godisnja-vozacica\/#local-main-organization-logo","url":"https:\/\/gorica.info\/wp-content\/uploads\/2024\/07\/Gorica-Info-Logo-mali.png","contentUrl":"https:\/\/gorica.info\/wp-content\/uploads\/2024\/07\/Gorica-Info-Logo-mali.png","width":450,"height":85,"caption":"Gorica Info"}]},"geo.placename":"Velika Gorica","geo.region":"Croatia"},"_links":{"self":[{"href":"https:\/\/gorica.info\/en\/wp-json\/wp\/v2\/posts\/57056","targetHints":{"allow":["GET"]}}],"collection":[{"href":"https:\/\/gorica.info\/en\/wp-json\/wp\/v2\/posts"}],"about":[{"href":"https:\/\/gorica.info\/en\/wp-json\/wp\/v2\/types\/post"}],"author":[{"embeddable":true,"href":"https:\/\/gorica.info\/en\/wp-json\/wp\/v2\/users\/23"}],"replies":[{"embeddable":true,"href":"https:\/\/gorica.info\/en\/wp-json\/wp\/v2\/comments?post=57056"}],"version-history":[{"count":0,"href":"https:\/\/gorica.info\/en\/wp-json\/wp\/v2\/posts\/57056\/revisions"}],"wp:featuredmedia":[{"embeddable":true,"href":"https:\/\/gorica.info\/en\/wp-json\/wp\/v2\/media\/57057"}],"wp:attachment":[{"href":"https:\/\/gorica.info\/en\/wp-json\/wp\/v2\/media?parent=57056"}],"wp:term":[{"taxonomy":"category","embeddable":true,"href":"https:\/\/gorica.info\/en\/wp-json\/wp\/v2\/categories?post=57056"},{"taxonomy":"post_tag","embeddable":true,"href":"https:\/\/gorica.info\/en\/wp-json\/wp\/v2\/tags?post=57056"}],"curies":[{"name":"wp","href":"https:\/\/api.w.org\/{rel}","templated":true}]}}