{"id":57197,"date":"2023-11-14T18:10:30","date_gmt":"2023-11-14T17:10:30","guid":{"rendered":"https:\/\/gorica.info\/?p=57197"},"modified":"2023-11-14T18:10:30","modified_gmt":"2023-11-14T17:10:30","slug":"otac-osuden-na-pet-godina-zatvora-nemilosrdno-tresao-bebu-koja-je-umrla-od-izljeva-krvi-u-mozak","status":"publish","type":"post","link":"https:\/\/gorica.info\/en\/otac-osuden-na-pet-godina-zatvora-nemilosrdno-tresao-bebu-koja-je-umrla-od-izljeva-krvi-u-mozak\/","title":{"rendered":"Otac osu\u0111en na pet godina zatvora: Nemilosrdno tresao dvomjese\u010dnu bebu koja je umrla od izljeva krvi u mozak"},"content":{"rendered":"<p><strong>\u017dupanijski sud<\/strong> u <a href=\"https:\/\/gorica.info\/en\/2023\/04\/05\/zupanijski-sud-u-velikoj-gorici-u-pritvor-poslao-dvojac-koji-je-pljackao-bankomate-ukrali-vise-od-92-000-eura\/\">Velikoj Gorici<\/a> nepravomo\u0107no je osudio <strong>24-godi\u0161njeg \u0110. U.<\/strong>\u00a0na <strong>pet godina zatvora<\/strong> zbog smrti sina starog dva mjeseca i \u0161est dana. Dijete je <strong>umrlo 30. o\u017eujka<\/strong> pro\u0161le godine na Odjelu za pedijatrijsku medicinu KBC Zagreb, a otac je optu\u017een da ga je energi\u010dno tresao zbog \u010dega je beba dobila<strong> izljev krvi u mozak<\/strong>.<\/p>\n<p>Dojen\u010de je zavr\u0161ilo u bolnici u komi nakon \u0161to ga je otac tresao do te mjere da je izgubilo svijest i prestalo disati.<\/p>\n<p>Na po\u010detku su\u0111enja na \u017dupanijskom sudu u Velikoj Gorici otac je negirao krivnju. U tome je ustrajao sve do kraja su\u0111enja kada je, umjesto da iznese obranu i ispri\u010da svoju stranu pri\u010de, kazao kako ne \u017eeli iznositi obranu te da nije kriv.<\/p>\n<p>Tijekom su\u0111enja ispitano je niz svjedoka, a klju\u010dne odgovore dalo je i vje\u0161ta\u010denje, pi\u0161e <a href=\"https:\/\/www.jutarnji.hr\/vijesti\/crna-kronika\/horor-kod-velike-gorice-otac-manijakalno-tresao-bebu-koja-je-umrla-dobio-je-pet-godina-zatvora-15394286\">Jutarnji list.<\/a><\/p>","protected":false},"excerpt":{"rendered":"<p>\u017dupanijski sud u Velikoj Gorici nepravomo\u0107no je osudio 24-godi\u0161njeg \u0110. U.\u00a0na pet godina zatvora zbog smrti sina starog dva mjeseca i \u0161est dana. Dijete je umrlo 30. o\u017eujka pro\u0161le godine na Odjelu za pedijatrijsku medicinu KBC Zagreb, a otac je optu\u017een da ga je energi\u010dno tresao zbog \u010dega je beba dobila izljev krvi u mozak. [&hellip;]<\/p>\n","protected":false},"author":23,"featured_media":57198,"comment_status":"open","ping_status":"open","sticky":false,"template":"","format":"standard","meta":{"limit_modified_date":"","last_modified_date":"","jnews-multi-image_gallery":[],"jnews_single_post":[],"jnews_primary_category":[],"jnews_override_counter":[],"footnotes":""},"categories":[93],"tags":[12274,12276,5559,1640,12277,3358],"class_list":["post-57197","post","type-post","status-publish","format-standard","has-post-thumbnail","hentry","category-crna-kronika","tag-dojence","tag-izljev-krvi-u-mozak","tag-otac","tag-presuda","tag-tresao-bebu","tag-zupanijski-sud"],"yoast_head":"<!-- This site is optimized with the Yoast SEO Premium plugin v27.5 (Yoast SEO v27.5) - https:\/\/yoast.com\/product\/yoast-seo-premium-wordpress\/ -->\n<title>Otac osu\u0111en na pet godina zatvora: Nemilosrdno tresao dvomjese\u010dnu bebu koja je umrla od izljeva krvi u mozak - Gorica Info<\/title>\n<meta name=\"description\" content=\"Otac osu\u0111en na pet godina zatvora: Nemilosrdno tresao dvomjese\u010dnu bebu koja je umrla od izljeva krvi u mozak.\" \/>\n<meta name=\"robots\" content=\"index, follow, max-snippet:-1, max-image-preview:large, max-video-preview:-1\" \/>\n<link rel=\"canonical\" href=\"https:\/\/gorica.info\/en\/otac-osuden-na-pet-godina-zatvora-nemilosrdno-tresao-bebu-koja-je-umrla-od-izljeva-krvi-u-mozak\/\" \/>\n<meta property=\"og:locale\" content=\"en_US\" \/>\n<meta property=\"og:type\" content=\"article\" \/>\n<meta property=\"og:title\" content=\"Otac osu\u0111en na pet godina zatvora: Nemilosrdno tresao dvomjese\u010dnu bebu koja je umrla od izljeva krvi u mozak\" \/>\n<meta property=\"og:description\" content=\"Otac osu\u0111en na pet godina zatvora: Nemilosrdno tresao dvomjese\u010dnu bebu koja je umrla od izljeva krvi u mozak.\" \/>\n<meta property=\"og:url\" content=\"https:\/\/gorica.info\/en\/otac-osuden-na-pet-godina-zatvora-nemilosrdno-tresao-bebu-koja-je-umrla-od-izljeva-krvi-u-mozak\/\" \/>\n<meta property=\"og:site_name\" content=\"Gorica Info\" \/>\n<meta property=\"article:publisher\" content=\"https:\/\/www.facebook.com\/Goricainfo-106005144489262\" \/>\n<meta property=\"article:published_time\" content=\"2023-11-14T17:10:30+00:00\" \/>\n<meta property=\"og:image\" content=\"https:\/\/gorica.info\/wp-content\/uploads\/2023\/11\/zupanijski-sud-scaled-e1673028395950-2048x1357-1.jpg\" \/>\n\t<meta property=\"og:image:width\" content=\"1200\" \/>\n\t<meta property=\"og:image:height\" content=\"795\" \/>\n\t<meta property=\"og:image:type\" content=\"image\/jpeg\" \/>\n<meta name=\"author\" content=\"Gorica. info\" \/>\n<meta name=\"twitter:card\" content=\"summary_large_image\" \/>\n<meta name=\"twitter:creator\" content=\"@GoricaInfo\" \/>\n<meta name=\"twitter:site\" content=\"@GoricaInfo\" \/>\n<meta name=\"twitter:label1\" content=\"Written by\" \/>\n\t<meta name=\"twitter:data1\" content=\"Gorica. info\" \/>\n\t<meta name=\"twitter:label2\" content=\"Est. reading time\" \/>\n\t<meta name=\"twitter:data2\" content=\"1 minute\" \/>\n<meta name=\"geo.placename\" content=\"Velika Gorica\" \/>\n<meta name=\"geo.region\" content=\"Croatia\" \/>\n<!-- \/ Yoast SEO Premium plugin. -->","yoast_head_json":{"title":"Otac osu\u0111en na pet godina zatvora: Nemilosrdno tresao dvomjese\u010dnu bebu koja je umrla od izljeva krvi u mozak - Gorica Info","description":"Otac osu\u0111en na pet godina zatvora: Nemilosrdno tresao dvomjese\u010dnu bebu koja je umrla od izljeva krvi u mozak.","robots":{"index":"index","follow":"follow","max-snippet":"max-snippet:-1","max-image-preview":"max-image-preview:large","max-video-preview":"max-video-preview:-1"},"canonical":"https:\/\/gorica.info\/en\/otac-osuden-na-pet-godina-zatvora-nemilosrdno-tresao-bebu-koja-je-umrla-od-izljeva-krvi-u-mozak\/","og_locale":"en_US","og_type":"article","og_title":"Otac osu\u0111en na pet godina zatvora: Nemilosrdno tresao dvomjese\u010dnu bebu koja je umrla od izljeva krvi u mozak","og_description":"Otac osu\u0111en na pet godina zatvora: Nemilosrdno tresao dvomjese\u010dnu bebu koja je umrla od izljeva krvi u mozak.","og_url":"https:\/\/gorica.info\/en\/otac-osuden-na-pet-godina-zatvora-nemilosrdno-tresao-bebu-koja-je-umrla-od-izljeva-krvi-u-mozak\/","og_site_name":"Gorica Info","article_publisher":"https:\/\/www.facebook.com\/Goricainfo-106005144489262","article_published_time":"2023-11-14T17:10:30+00:00","og_image":[{"width":1200,"height":795,"url":"https:\/\/gorica.info\/wp-content\/uploads\/2023\/11\/zupanijski-sud-scaled-e1673028395950-2048x1357-1.jpg","type":"image\/jpeg"}],"author":"Gorica. info","twitter_card":"summary_large_image","twitter_creator":"@GoricaInfo","twitter_site":"@GoricaInfo","twitter_misc":{"Written by":"Gorica. info","Est. reading time":"1 minute"},"schema":{"@context":"https:\/\/schema.org","@graph":[{"@type":"NewsArticle","@id":"https:\/\/gorica.info\/otac-osuden-na-pet-godina-zatvora-nemilosrdno-tresao-bebu-koja-je-umrla-od-izljeva-krvi-u-mozak\/#article","isPartOf":{"@id":"https:\/\/gorica.info\/otac-osuden-na-pet-godina-zatvora-nemilosrdno-tresao-bebu-koja-je-umrla-od-izljeva-krvi-u-mozak\/"},"author":{"name":"Gorica. info","@id":"https:\/\/gorica.info\/#\/schema\/person\/4499af1f22f322670b9b5977ccc2e3de"},"headline":"Otac osu\u0111en na pet godina zatvora: Nemilosrdno tresao dvomjese\u010dnu bebu koja je umrla od izljeva krvi u mozak","datePublished":"2023-11-14T17:10:30+00:00","mainEntityOfPage":{"@id":"https:\/\/gorica.info\/otac-osuden-na-pet-godina-zatvora-nemilosrdno-tresao-bebu-koja-je-umrla-od-izljeva-krvi-u-mozak\/"},"wordCount":173,"commentCount":0,"publisher":{"@id":"https:\/\/gorica.info\/#organization"},"image":{"@id":"https:\/\/gorica.info\/otac-osuden-na-pet-godina-zatvora-nemilosrdno-tresao-bebu-koja-je-umrla-od-izljeva-krvi-u-mozak\/#primaryimage"},"thumbnailUrl":"https:\/\/gorica.info\/wp-content\/uploads\/2023\/11\/zupanijski-sud-scaled-e1673028395950-2048x1357-1.jpg","keywords":["dojen\u010de","izljev krvi u mozak","otac","presuda","tresao bebu","\u017eupanijski sud"],"articleSection":["CRNA KRONIKA"],"inLanguage":"en-US","potentialAction":[{"@type":"CommentAction","name":"Comment","target":["https:\/\/gorica.info\/otac-osuden-na-pet-godina-zatvora-nemilosrdno-tresao-bebu-koja-je-umrla-od-izljeva-krvi-u-mozak\/#respond"]}],"copyrightYear":"2023","copyrightHolder":{"@id":"https:\/\/gorica.info\/en\/#organization"}},{"@type":"WebPage","@id":"https:\/\/gorica.info\/otac-osuden-na-pet-godina-zatvora-nemilosrdno-tresao-bebu-koja-je-umrla-od-izljeva-krvi-u-mozak\/","url":"https:\/\/gorica.info\/otac-osuden-na-pet-godina-zatvora-nemilosrdno-tresao-bebu-koja-je-umrla-od-izljeva-krvi-u-mozak\/","name":"Otac osu\u0111en na pet godina zatvora: Nemilosrdno tresao dvomjese\u010dnu bebu koja je umrla od izljeva krvi u mozak - Gorica Info","isPartOf":{"@id":"https:\/\/gorica.info\/#website"},"primaryImageOfPage":{"@id":"https:\/\/gorica.info\/otac-osuden-na-pet-godina-zatvora-nemilosrdno-tresao-bebu-koja-je-umrla-od-izljeva-krvi-u-mozak\/#primaryimage"},"image":{"@id":"https:\/\/gorica.info\/otac-osuden-na-pet-godina-zatvora-nemilosrdno-tresao-bebu-koja-je-umrla-od-izljeva-krvi-u-mozak\/#primaryimage"},"thumbnailUrl":"https:\/\/gorica.info\/wp-content\/uploads\/2023\/11\/zupanijski-sud-scaled-e1673028395950-2048x1357-1.jpg","datePublished":"2023-11-14T17:10:30+00:00","description":"Otac osu\u0111en na pet godina zatvora: Nemilosrdno tresao dvomjese\u010dnu bebu koja je umrla od izljeva krvi u mozak.","breadcrumb":{"@id":"https:\/\/gorica.info\/otac-osuden-na-pet-godina-zatvora-nemilosrdno-tresao-bebu-koja-je-umrla-od-izljeva-krvi-u-mozak\/#breadcrumb"},"inLanguage":"en-US","potentialAction":[{"@type":"ReadAction","target":["https:\/\/gorica.info\/otac-osuden-na-pet-godina-zatvora-nemilosrdno-tresao-bebu-koja-je-umrla-od-izljeva-krvi-u-mozak\/"]}]},{"@type":"ImageObject","inLanguage":"en-US","@id":"https:\/\/gorica.info\/otac-osuden-na-pet-godina-zatvora-nemilosrdno-tresao-bebu-koja-je-umrla-od-izljeva-krvi-u-mozak\/#primaryimage","url":"https:\/\/gorica.info\/wp-content\/uploads\/2023\/11\/zupanijski-sud-scaled-e1673028395950-2048x1357-1.jpg","contentUrl":"https:\/\/gorica.info\/wp-content\/uploads\/2023\/11\/zupanijski-sud-scaled-e1673028395950-2048x1357-1.jpg","width":1100,"height":729,"caption":"Foto: Gorica.info"},{"@type":"BreadcrumbList","@id":"https:\/\/gorica.info\/otac-osuden-na-pet-godina-zatvora-nemilosrdno-tresao-bebu-koja-je-umrla-od-izljeva-krvi-u-mozak\/#breadcrumb","itemListElement":[{"@type":"ListItem","position":1,"name":"Po\u010detna stranica","item":"https:\/\/gorica.info\/"},{"@type":"ListItem","position":2,"name":"Otac osu\u0111en na pet godina zatvora: Nemilosrdno tresao dvomjese\u010dnu bebu koja je umrla od izljeva krvi u mozak"}]},{"@type":"WebSite","@id":"https:\/\/gorica.info\/#website","url":"https:\/\/gorica.info\/","name":"Gorica Info","description":"Vijesti iz Velike Gorice i okolice.","publisher":{"@id":"https:\/\/gorica.info\/#organization"},"potentialAction":[{"@type":"SearchAction","target":{"@type":"EntryPoint","urlTemplate":"https:\/\/gorica.info\/?s={search_term_string}"},"query-input":{"@type":"PropertyValueSpecification","valueRequired":true,"valueName":"search_term_string"}}],"inLanguage":"en-US"},{"@type":["Organization","Place","NewsMediaOrganization"],"@id":"https:\/\/gorica.info\/#organization","name":"Gorica Info","url":"https:\/\/gorica.info\/","logo":{"@id":"https:\/\/gorica.info\/otac-osuden-na-pet-godina-zatvora-nemilosrdno-tresao-bebu-koja-je-umrla-od-izljeva-krvi-u-mozak\/#local-main-organization-logo"},"image":{"@id":"https:\/\/gorica.info\/otac-osuden-na-pet-godina-zatvora-nemilosrdno-tresao-bebu-koja-je-umrla-od-izljeva-krvi-u-mozak\/#local-main-organization-logo"},"sameAs":["https:\/\/www.facebook.com\/Goricainfo-106005144489262","https:\/\/x.com\/GoricaInfo","https:\/\/www.instagram.com\/gorica.info\/"],"address":{"@id":"https:\/\/gorica.info\/otac-osuden-na-pet-godina-zatvora-nemilosrdno-tresao-bebu-koja-je-umrla-od-izljeva-krvi-u-mozak\/#local-main-place-address"},"telephone":[],"openingHoursSpecification":[{"@type":"OpeningHoursSpecification","dayOfWeek":["Monday","Tuesday","Wednesday","Thursday","Friday","Saturday","Sunday"],"opens":"09:00","closes":"17:00"}],"email":"redakcija@gorica.info"},{"@type":"Person","@id":"https:\/\/gorica.info\/#\/schema\/person\/4499af1f22f322670b9b5977ccc2e3de","name":"Gorica. info","description":"Gorica.info je lokalni portal koji prati Veliku Goricu i okolici, svakodnevno donosi najnovije vijesti i pri\u010de, kulturna doga\u0111anja i aktualnosti koje oblikuju \u017eivot gra\u0111ana.","url":"https:\/\/gorica.info\/en\/author\/gorica-info\/"},{"@type":"PostalAddress","@id":"https:\/\/gorica.info\/otac-osuden-na-pet-godina-zatvora-nemilosrdno-tresao-bebu-koja-je-umrla-od-izljeva-krvi-u-mozak\/#local-main-place-address","streetAddress":"Horvatova 97","addressLocality":"Velika Gorica","postalCode":"10410","addressRegion":"Croatia","addressCountry":"HR"},{"@type":"ImageObject","inLanguage":"en-US","@id":"https:\/\/gorica.info\/otac-osuden-na-pet-godina-zatvora-nemilosrdno-tresao-bebu-koja-je-umrla-od-izljeva-krvi-u-mozak\/#local-main-organization-logo","url":"https:\/\/gorica.info\/wp-content\/uploads\/2024\/07\/Gorica-Info-Logo-mali.png","contentUrl":"https:\/\/gorica.info\/wp-content\/uploads\/2024\/07\/Gorica-Info-Logo-mali.png","width":450,"height":85,"caption":"Gorica Info"}]},"geo.placename":"Velika Gorica","geo.region":"Croatia"},"_links":{"self":[{"href":"https:\/\/gorica.info\/en\/wp-json\/wp\/v2\/posts\/57197","targetHints":{"allow":["GET"]}}],"collection":[{"href":"https:\/\/gorica.info\/en\/wp-json\/wp\/v2\/posts"}],"about":[{"href":"https:\/\/gorica.info\/en\/wp-json\/wp\/v2\/types\/post"}],"author":[{"embeddable":true,"href":"https:\/\/gorica.info\/en\/wp-json\/wp\/v2\/users\/23"}],"replies":[{"embeddable":true,"href":"https:\/\/gorica.info\/en\/wp-json\/wp\/v2\/comments?post=57197"}],"version-history":[{"count":0,"href":"https:\/\/gorica.info\/en\/wp-json\/wp\/v2\/posts\/57197\/revisions"}],"wp:featuredmedia":[{"embeddable":true,"href":"https:\/\/gorica.info\/en\/wp-json\/wp\/v2\/media\/57198"}],"wp:attachment":[{"href":"https:\/\/gorica.info\/en\/wp-json\/wp\/v2\/media?parent=57197"}],"wp:term":[{"taxonomy":"category","embeddable":true,"href":"https:\/\/gorica.info\/en\/wp-json\/wp\/v2\/categories?post=57197"},{"taxonomy":"post_tag","embeddable":true,"href":"https:\/\/gorica.info\/en\/wp-json\/wp\/v2\/tags?post=57197"}],"curies":[{"name":"wp","href":"https:\/\/api.w.org\/{rel}","templated":true}]}}