{"id":57605,"date":"2023-11-27T11:43:04","date_gmt":"2023-11-27T10:43:04","guid":{"rendered":"https:\/\/gorica.info\/?p=57605"},"modified":"2023-11-27T11:43:04","modified_gmt":"2023-11-27T10:43:04","slug":"djecak-koji-je-dozivio-vrsnjacko-nasilje-imao-sam-ruzne-snove-ispocetka-nisam-zelio-niti-ici-u-setnju-bojao-sam-se-i-za-sebe-i-za-mamu","status":"publish","type":"post","link":"https:\/\/gorica.info\/en\/djecak-koji-je-dozivio-vrsnjacko-nasilje-imao-sam-ruzne-snove-ispocetka-nisam-zelio-niti-ici-u-setnju-bojao-sam-se-i-za-sebe-i-za-mamu\/","title":{"rendered":"Dje\u010dak koji je do\u017eivio vr\u0161nja\u010dko nasilje: Imao sam ru\u017ene snove. Ispo\u010detka nisam \u017eelio niti i\u0107i u \u0161etnju. Bojao sam se i za sebe i za mamu&#8230;"},"content":{"rendered":"<p>Da vr\u0161nja\u010dko nasilje ostavlja<strong> dugotrajne posljedice<\/strong> na djecu koja su mu izlo\u017eena nije nikakav revolucionaran zaklju\u010dak. No, onima koji se s takvim nasiljem nisu susreli vjerojatno \u0107e dubina traume i straha biti jasnija iz pri\u010de dje\u010daka koji je do\u017eivio vr\u0161nja\u010dko nasilje.<\/p>\n<p><strong>&#8211; Kad te napadnu<\/strong>, a ni sam ne zna\u0161 za\u0161to i la\u017eno te optu\u017ee, nije lako. Ismijavali su me i neki za koje sam mislio da su mi prijatelji. Bilo mi je jako te\u0161ko i\u0107i u \u0161kolu, osje\u0107ati poglede na sebi, primijetio sam da me mnogi sa\u017ealijevaju. S druge strane, trzao sam na sve, lo\u0161e sam spavao, gotovo nikako, imao sam ru\u017ene snove, a da ne govorim da nisam htio mami ni do trgovine oti\u0107i jer sam se bojao da \u0107e me netko do\u010dekati. Ispo\u010detka nisam ni s mamom u \u0161etnju htio, bojao sam se da se skrivaju iza drve\u0107a i da \u0107e mi ozlijediti i mamu \u2013 tako nam do\u017eivljeno nasilje opisuje jedan tinejd\u017eer.<\/p>\n<p><strong>Ka\u017ee kako i osam mjeseci nakon \u0161to su ga napali<\/strong> i tukli i dalje je oprezan.<\/p>\n<p>&#8211; Ne bojim ih se, samo ne \u017eelim imati posla s njima. Krenuo sam u srednju \u0161kolu, ne osje\u0107am se ugro\u017eeno, stvarno se nadam da se ovako ne\u0161to vi\u0161e ni meni, ali ni ikome ne\u0107e dogoditi \u2013 poru\u010duje dje\u010dak koji jo\u0161 uvijek ide kod psihijatra.<\/p>\n<p><a href=\"https:\/\/gorica.info\/en\/2023\/05\/10\/psihologinja-sanda-puljiz-vidovic-savjetuje-kako-popraviti-ocjene-na-kraju-skolske-godine-i-prezivjeti-stres-na-maturi\/\"><strong>Psihologinja Sanda Puljiz Vidovi\u0107<\/strong>,<\/a> ravnateljica gori\u010dkog Centra za djecu, mlade i obitelj upozorava kako dijete koje do\u017eivljava nasilje ima razli\u010dite posljedice. Ako se nasilje dugotrajno doga\u0111a to mo\u017ee imati posljedice i kasnije za \u017eivot, osoba mo\u017ee biti depresivna s manjkom samopouzdanja \u2013 poja\u0161njava Puljiz Vidovi\u0107.<\/p>\n<figure id=\"attachment_54613\" aria-describedby=\"caption-attachment-54613\" style=\"width: 500px\" class=\"wp-caption alignleft\"><img fetchpriority=\"high\" decoding=\"async\" class=\"wp-image-54613\" src=\"https:\/\/gorica.info\/wp-content\/uploads\/2023\/09\/sanda-puljiz-vidovic-foto-privatna-arhiva-e1695303148905.png\" alt=\"\" width=\"500\" height=\"376\" srcset=\"https:\/\/gorica.info\/wp-content\/uploads\/2023\/09\/sanda-puljiz-vidovic-foto-privatna-arhiva-e1695303148905.png 625w, https:\/\/gorica.info\/wp-content\/uploads\/2023\/09\/sanda-puljiz-vidovic-foto-privatna-arhiva-e1695303148905-300x226.png 300w, https:\/\/gorica.info\/wp-content\/uploads\/2023\/09\/sanda-puljiz-vidovic-foto-privatna-arhiva-e1695303148905-16x12.png 16w\" sizes=\"(max-width: 500px) 100vw, 500px\" \/><figcaption id=\"caption-attachment-54613\" class=\"wp-caption-text\">Sanda Puljiz Vidovi\u0107 Centar za djecu, mlade i obitelj vodi punih 20 godina \/ Foto: Privatna arhiva<\/figcaption><\/figure>\n<p>Ako roditelj primijete da dijete iz \u0161kole dolazi s masnicama, potrganom odje\u0107om, tra\u017ei vi\u0161e novca, to su jasni vidljivi znakovi nasilja. Dijete po\u010dinje izbjegavati \u0161kolu, ne pozivaju ga na ro\u0111endane, ima psihosomatske tegobe, boli ga trbuh, glava, pada \u0161kolski uspjeh. Sve su to pokazatelji da se ne\u0161to doga\u0111a. Pozivam roditelje da prate svoju djecu, da nau\u010de prepoznavati znakove koji su vidljivi. Razgovarajte i slu\u0161ajte djecu, kroz zajedni\u010dke aktivnosti pri\u010dajte s djecom, slu\u0161ajte \u0161to im se doga\u0111a u \u0161koli, pitajte ih kako se osje\u0107aju, \u0161to misle o nekom doga\u0111aju\u2026Kroz razgovor se puno toga mo\u017ee doznati \u2013 savjetuje psihologinja.<\/p>\n<p><strong>\u0160kole na razli\u010dite na\u010dine poku\u0161avaju sprije\u010diti nasilje<\/strong>, organiziraju preventivne programe, radionice za u\u010denike, nastavnici redovito de\u017euraju po odmorom i obilaze \u0161kolske hodnike.<\/p>\n<p>U Dugom Selu su osim preventivnih programa odlu\u010dili uvesti i za\u0161titare u \u0161kole i to godinu dana nakon vr\u0161nja\u010dkog nasilja koje je potreslo Hrvatsku. Tada je ispred \u0161kole te\u0161ko ozlije\u0111en 15-godi\u0161njak. Ovo je prvi slu\u010daj u Hrvatskoj u kojem za\u0161titari slu\u017ee za prevencije i suzbijanje vr\u0161nja\u010dkog nasilja.<\/p>\n<p>Gori\u010dke \u0161kole provode razli\u010dite preventivne programe kako bi sprije\u010dile vr\u0161nja\u010dko nasilje.<\/p>\n<p><strong>U Gimnaziji Velika Gorica provode preventivni program,<\/strong> na satu razrednog odjela, izvannastavnim aktivnostima i kroz redovnu nastavu. Tako\u0111er u\u010denici sudjeluju u razli\u010ditim aktivnostima koje su same po sebi <a href=\"https:\/\/mzo.gov.hr\/UserDocsImages\/dokumenti\/StrucnaTijela\/Nenasilje\/Sprecavanje%20nasilja%20u%20skoli%20-%20prakticni%20prirucnik.pdf\">za\u0161tita od nasilja<\/a>.<\/p>\n<p>&#8211; Timski radimo na prevenciji neprihvatljivog pona\u0161anja, na satu razrednog odjela provodimo pedago\u0161ke radionice, stru\u010dni tim radi individualno i grupno. Organiziramo i pedago\u0161ke radionice za roditelje, pod nazivom \u201eOdgovorno roditeljstvo\u201c, na kojima dajemo podr\u0161ku na\u0161im roditeljima i osna\u017eujemo ih za razli\u010dite situacije. Svi nastavnici, razrednici, stru\u010dne suradnice i ravnateljica zajedni\u010dki rade na prevenciji nasilja u na\u0161oj \u0161koli \u2013 <a href=\"https:\/\/gorica.info\/en\/2023\/07\/21\/maturanti-goricke-gimnazije-ostvarili-sjajne-rezultate-uspjeli-su-se-upisati-na-fer-gradevinski-fakultet-fsb\/\">poja\u0161njava <strong>Brankica \u017dugaj<\/strong>,<\/a> ravnateljica Gimnazije Velika Gorica.<\/p>\n<p><strong>\u017divimo u izazovnom vremenu<\/strong>, ka\u017ee \u017dugaj, kada u\u010denik mo\u017ee biti izlo\u017een nasilju preko dru\u0161tvenih mre\u017ea i u svojoj sobi.<\/p>\n<p>&#8211; Ukoliko imamo saznanja o takvim oblicima pona\u0161anja, zajedni\u010dkim snagama razrednici, pedagoginja, psihologinja, ravnateljica i roditelj djelujemo i suo\u010davamo se s takvim situacijama. Izuzetno je va\u017eno da odrasli odmah reagiraju jer time pokazujemo u\u010deniku da nam je stalo i dajemo mu osje\u0107aj sigurnosti i za\u0161tite. U takvim situacijama je nu\u017eno raditi s u\u010denikom koji je nasilan i onim koje je do\u017eivjelo nasilje \u2013 rekla je ravnateljica \u017dugaj.<\/p>\n<figure id=\"attachment_52028\" aria-describedby=\"caption-attachment-52028\" style=\"width: 500px\" class=\"wp-caption alignright\"><img decoding=\"async\" class=\"wp-image-52028\" src=\"https:\/\/gorica.info\/wp-content\/uploads\/2023\/07\/brankica-zugaj-foto-goricainfo-300x224.jpg\" alt=\"gimnazije\" width=\"500\" height=\"374\" srcset=\"https:\/\/gorica.info\/wp-content\/uploads\/2023\/07\/brankica-zugaj-foto-goricainfo-300x224.jpg 300w, https:\/\/gorica.info\/wp-content\/uploads\/2023\/07\/brankica-zugaj-foto-goricainfo-1024x766.jpg 1024w, https:\/\/gorica.info\/wp-content\/uploads\/2023\/07\/brankica-zugaj-foto-goricainfo-768x574.jpg 768w, https:\/\/gorica.info\/wp-content\/uploads\/2023\/07\/brankica-zugaj-foto-goricainfo-16x12.jpg 16w, https:\/\/gorica.info\/wp-content\/uploads\/2023\/07\/brankica-zugaj-foto-goricainfo-750x561.jpg 750w, https:\/\/gorica.info\/wp-content\/uploads\/2023\/07\/brankica-zugaj-foto-goricainfo.jpg 1070w\" sizes=\"(max-width: 500px) 100vw, 500px\" \/><figcaption id=\"caption-attachment-52028\" class=\"wp-caption-text\">Brankica \u017dugaj, ravnateljica Gimnazije Velika Gorica \/ Foto: Gorica.info<\/figcaption><\/figure>\n<p>Na pitanje ima li razlike u na\u010dinu na koji u\u010denici i u\u010denici \u010dine nasilje, Brankica \u017dugaj ka\u017ee da djevojke znaju \u0161iriti glasine, pi\u0161u zlobne poruke, pri\u010daju la\u017ene izmi\u0161ljene pri\u010de, ogovaraju, isklju\u010duju, namjerno ne pozivaju na ro\u0111endane\u2026 De\u010dki su skloniji naguravanju, direktnom vrije\u0111anju s neprimjerenim rije\u010dima.<\/p>\n<p><strong>Sve takve situacije poku\u0161avamo rije\u0161iti u \u0161koli<\/strong>, ka\u017ee \u017dugaj.<br \/>\nBilo je nekoliko slu\u010dajeva gdje smo uklju\u010dili Centar za socijalni rad<br \/>\ni policiju. Naravno da po Protokolu obavijestimo sve nadle\u017ene institucije. Moj tim i ja smo izuzetno zadovoljni sa suradnjom nadle\u017enih institucija, mo\u017eda je to prednost male sredine, ali svi brzo reagiraju i zajedni\u010dkim snagama radimo za dobrobit svakog na\u0161eg u\u010denika i roditelja. Za slu\u010dajeve nasilje naj\u010de\u0161\u0107e doznaju kada se djeca jave stru\u010dnim suradnicama, a imali su situacija kada su ih o tome obavijestili roditelji.<\/p>\n<p>Koliko se s u\u010denicima razgovarao o problemima vr\u0161nja\u010dkog nasilja?<\/p>\n<p>Na satima razrednog odjela, Vije\u0107u u\u010denika i ostalim aktivnostima se svakodnevno razgovara o tim temama. Na\u0161i u\u010denici su aktivno sudjelovali i na Erasmus projektu na temu nasilja &#8211; isti\u010de Brankica \u017dugaj.<\/p>\n<p><strong>\u0160to u\u010diniti ako do\u017eivi\u0161 nasilje ili si svjedok nasilja?<\/strong> Pitanje je to na koje je ponekad te\u0161ko na\u0107i pravi odgovor.<\/p>\n<p>Stoga donosimo savjete policije:<\/p>\n<p>&#8211; Ako te netko zlostavlja, nemoj \u0161utjeti i trpjeti!<\/p>\n<p>&#8211; Ostani smiren i ne pokazuj strah.<\/p>\n<p>&#8211; Makni se \u0161to prije od napada\u010da ili izaziva\u010da.<\/p>\n<p>&#8211; Nikad na nasilje ne uzvra\u0107aj nasiljem.<\/p>\n<p>&#8211; Ako se boji\u0161, pozovi prijatelje da budu blizu tebe.<\/p>\n<p>&#8211; Povjeri se odrasloj osobi \u2013 nisi &#8221;tu\u017eibaba&#8221; ako prijavi\u0161 nasilje.<\/p>\n<p>&#8211; Upamti: nisi kriv za to \u0161to ti se doga\u0111a!<\/p>\n<p>&#8211; Ne daj da te nagovore da sudjeluje\u0161 u nasilju prema drugima ni kad se radi o ruganju.<\/p>\n<p>&#8211; Kad vidi\u0161 zlostavljanje, odmah reci odraslima u koje ima\u0161 povjerenja.<\/p>\n<p>&#8211; Ako vidi\u0161 da nekoga stalno gnjave, poka\u017ei mu da si na njegovoj strani i sprijatelji se s njim.<\/p>\n<p><strong>\u0160to u\u010dini ako je va\u0161e dijete \u017ertva nasilja?<\/strong><\/p>\n<p>&#8211; Ostanite smireni i strpljivi \u2013 ne reagirajte impulzivno!<\/p>\n<p>&#8211; Saslu\u0161ajte svoje dijete i vjerujte mu.<\/p>\n<p>&#8211; Nemojte kritizirati dijete niti ga okrivljavati.<\/p>\n<p>&#8211; Ne poti\u010dite dijete na osve\u0107ivanje.<\/p>\n<p>&#8211; Poka\u017eite djetetu da vam je stalo do njega i da \u017eelite uspje\u0161no rije\u0161ite problem.<\/p>\n<p>&#8211; Ohrabrite dijete i nau\u010dite ga kako da se zauzme za sebe.<\/p>\n<p>&#8211; Pomozite djetetu da upozna nove prijatelje i da razvija svoje pozitivne osobine.<\/p>\n<p>&#8211; Ukoliko je potrebno, potra\u017eite pomo\u0107 stru\u010dnjaka.<\/p>\n<p>&#8211; Obavijestite o doga\u0111aju odgovornu osobu u \u0161koli i tra\u017eite da vam ka\u017ee \u0161to \u0107e \u0161kola poduzeti.<\/p>\n<p>&#8211; Bez obzira o kavom se obliku nasilja radilo, kada ga vidimo, potrebno je reagirati i zaustaviti ga jer na\u0161u pomo\u0107 trebaju, kako dijete koja trpi nasilje, tako i dijete koje koristi nasilje.<\/p>\n<p><strong>Tekstove iz serijala \u201dVr\u0161nja\u010dko nasilje i va\u0161e dijete\u201d mo\u017eete pro\u010ditati na sljede\u0107im linkovima<\/strong>:<\/p>\n<p><strong><a href=\"https:\/\/gorica.info\/en\/2023\/07\/31\/postaje-li-vrsnjacko-nasilje-sve-okrutnije-zlostavljanje-je-najcesce-medu-ucenicima-visih-razreda-osnovne-skole-a-71-nastavnika-upoce-ne-reagira\/\"><span class=\"entry-title-primary\">Postaje li vr\u0161nja\u010dko nasilje sve okrutnije: Zlostavljanja je najvi\u0161e me\u0111u u\u010denicima 4. i 8. razreda osnovne \u0161kole, a 71% u\u010ditelja ne reagira<\/span><\/a><\/strong><\/p>\n<p><strong><a href=\"https:\/\/gorica.info\/en\/2023\/08\/14\/ispovijest-velikogoricanke-ciji-je-sin-bio-zrtva-vrsnjackog-nasilja-zivimo-u-nocnoj-mori-u-kojoj-neki-pomazu-neke-nije-briga-a-pozar-gasimo-tabletama\/\">Ispovijest Velikogori\u010danke \u010diji je sin bio \u017ertva vr\u0161nja\u010dkog nasilja: \u017divimo u no\u0107noj mori u kojoj neki poma\u017eu, neke nije briga, a \u201cpo\u017ear gasimo\u201c tabletama<\/a><\/strong><\/p>\n<p><strong><a href=\"https:\/\/gorica.info\/en\/2023\/09\/07\/intervju-pravobraniteljica-za-djecu-vrsnjacko-nasilje\/\">INTERVJU Helenca Pirnat Dragi\u010devi\u0107, pravobraniteljica za djecu: Vr\u0161nja\u010dko nasilje ne bi trebale rje\u0161avati dru\u0161tvene mre\u017ee niti \u201culica\u201c<\/a><\/strong><\/p>\n<p><a href=\"https:\/\/gorica.info\/en\/2023\/09\/22\/intervju-sanda-puljiz-vidovic\/\"><strong>INTERVJU Sanda Puljiz Vidovi\u0107, ravnateljica gori\u010dkog Centra za djecu, mlade i obitelj: Va\u017eno je razlikovati dje\u010dji sukob i vr\u0161nja\u010dko nasilje<\/strong><\/a><\/p>\n<p><a href=\"https:\/\/gorica.info\/en\/2023\/10\/16\/vrsnjackog-nasilja-sve-je-vise-posebno-nakon-nastave-jedna-skola-u-zagrebackoj-zupaniji-uvodi-zastitare\/\"><strong>Vr\u0161nja\u010dkog nasilja sve je vi\u0161e, posebno nakon nastave: Jedna \u0161kola u Zagreba\u010dkoj \u017eupaniji uvodi za\u0161titare<\/strong><\/a><\/p>\n<p><a href=\"https:\/\/gorica.info\/en\/2023\/11\/11\/katarina-sikiric-lukic-o-vrsnjackom-nasilju-se-ne-smije-sutjeti-trebamo-osnaziti-djecu-i-nauciti-ih-kako-ga-prepoznati\/\"><strong>Katarina Sikir\u0107 Luki\u0107: O vr\u0161nja\u010dkom nasilju se ne smije \u0161utjeti. Trebamo osna\u017eiti djecu i nau\u010diti ih kako ga prepoznati<\/strong><\/a><\/p>\n<p><em><strong>Tekst je objavljen u sklopu projekta poticanja novinarske izvrsnosti u elektroni\u010dkim publikacijama Agencije za elektroni\u010dke medije.<\/strong><\/em><\/p>","protected":false},"excerpt":{"rendered":"<p>Da vr\u0161nja\u010dko nasilje ostavlja dugotrajne posljedice na djecu koja su mu izlo\u017eena nije nikakav revolucionaran zaklju\u010dak. No, onima koji se s takvim nasiljem nisu susreli vjerojatno \u0107e dubina traume i straha biti jasnija iz pri\u010de dje\u010daka koji je do\u017eivio vr\u0161nja\u010dko nasilje. &#8211; Kad te napadnu, a ni sam ne zna\u0161 za\u0161to i la\u017eno te optu\u017ee, [&hellip;]<\/p>\n","protected":false},"author":27,"featured_media":42539,"comment_status":"open","ping_status":"open","sticky":false,"template":"","format":"standard","meta":{"limit_modified_date":"","last_modified_date":"","jnews-multi-image_gallery":[],"jnews_single_post":[],"jnews_primary_category":[],"jnews_override_counter":[],"footnotes":""},"categories":[109],"tags":[4754,266,909,504,4039],"class_list":["post-57605","post","type-post","status-publish","format-standard","has-post-thumbnail","hentry","category-zivot","tag-brankica-zugaj","tag-policija","tag-sanda-puljiz-vidovic","tag-savjeti","tag-vrsnjacko-nasilje"],"yoast_head":"<!-- This site is optimized with the Yoast SEO Premium plugin v27.4 (Yoast SEO v27.4) - https:\/\/yoast.com\/product\/yoast-seo-premium-wordpress\/ -->\n<title>Dje\u010dak koji je do\u017eivio vr\u0161nja\u010dko nasilje: Imao sam ru\u017ene snove. Ispo\u010detka nisam \u017eelio niti i\u0107i u \u0161etnju. Bojao sam se i za sebe i za mamu... - Gorica Info<\/title>\n<meta name=\"description\" content=\"Koliko vr\u0161nja\u010dko nasilje utje\u010de na osobu koja ga do\u017eivi svjedo\u010di za Goriciu.info tinejd\u017eer koji je prije osam mjeseci do\u017eivio fizi\u010dki napad\" \/>\n<meta name=\"robots\" content=\"index, follow, max-snippet:-1, max-image-preview:large, max-video-preview:-1\" \/>\n<link rel=\"canonical\" href=\"https:\/\/gorica.info\/en\/djecak-koji-je-dozivio-vrsnjacko-nasilje-imao-sam-ruzne-snove-ispocetka-nisam-zelio-niti-ici-u-setnju-bojao-sam-se-i-za-sebe-i-za-mamu\/\" \/>\n<meta property=\"og:locale\" content=\"en_US\" \/>\n<meta property=\"og:type\" content=\"article\" \/>\n<meta property=\"og:title\" content=\"Dje\u010dak koji je do\u017eivio vr\u0161nja\u010dko nasilje: Imao sam ru\u017ene snove. Ispo\u010detka nisam \u017eelio niti i\u0107i u \u0161etnju. Bojao sam se i za sebe i za mamu...\" \/>\n<meta property=\"og:description\" content=\"Koliko vr\u0161nja\u010dko nasilje utje\u010de na osobu koja ga do\u017eivi svjedo\u010di za Goriciu.info tinejd\u017eer koji je prije osam mjeseci do\u017eivio fizi\u010dki napad\" \/>\n<meta property=\"og:url\" content=\"https:\/\/gorica.info\/en\/djecak-koji-je-dozivio-vrsnjacko-nasilje-imao-sam-ruzne-snove-ispocetka-nisam-zelio-niti-ici-u-setnju-bojao-sam-se-i-za-sebe-i-za-mamu\/\" \/>\n<meta property=\"og:site_name\" content=\"Gorica Info\" \/>\n<meta property=\"article:publisher\" content=\"https:\/\/www.facebook.com\/Goricainfo-106005144489262\" \/>\n<meta property=\"article:published_time\" content=\"2023-11-27T10:43:04+00:00\" \/>\n<meta property=\"og:image\" content=\"https:\/\/gorica.info\/wp-content\/uploads\/2023\/01\/nasilje-mladi-foto-pixabay.jpg\" \/>\n\t<meta property=\"og:image:width\" content=\"1200\" \/>\n\t<meta property=\"og:image:height\" content=\"676\" \/>\n\t<meta property=\"og:image:type\" content=\"image\/jpeg\" \/>\n<meta name=\"author\" content=\"\u017deljana Ivanu\u0161\" \/>\n<meta name=\"twitter:card\" content=\"summary_large_image\" \/>\n<meta name=\"twitter:creator\" content=\"@GoricaInfo\" \/>\n<meta name=\"twitter:site\" content=\"@GoricaInfo\" \/>\n<meta name=\"twitter:label1\" content=\"Written by\" \/>\n\t<meta name=\"twitter:data1\" content=\"\u017deljana Ivanu\u0161\" \/>\n\t<meta name=\"twitter:label2\" content=\"Est. reading time\" \/>\n\t<meta name=\"twitter:data2\" content=\"7 minutes\" \/>\n<meta name=\"geo.placename\" content=\"Velika Gorica\" \/>\n<meta name=\"geo.region\" content=\"Croatia\" \/>\n<!-- \/ Yoast SEO Premium plugin. -->","yoast_head_json":{"title":"Dje\u010dak koji je do\u017eivio vr\u0161nja\u010dko nasilje: Imao sam ru\u017ene snove. Ispo\u010detka nisam \u017eelio niti i\u0107i u \u0161etnju. Bojao sam se i za sebe i za mamu... - Gorica Info","description":"Koliko vr\u0161nja\u010dko nasilje utje\u010de na osobu koja ga do\u017eivi svjedo\u010di za Goriciu.info tinejd\u017eer koji je prije osam mjeseci do\u017eivio fizi\u010dki napad","robots":{"index":"index","follow":"follow","max-snippet":"max-snippet:-1","max-image-preview":"max-image-preview:large","max-video-preview":"max-video-preview:-1"},"canonical":"https:\/\/gorica.info\/en\/djecak-koji-je-dozivio-vrsnjacko-nasilje-imao-sam-ruzne-snove-ispocetka-nisam-zelio-niti-ici-u-setnju-bojao-sam-se-i-za-sebe-i-za-mamu\/","og_locale":"en_US","og_type":"article","og_title":"Dje\u010dak koji je do\u017eivio vr\u0161nja\u010dko nasilje: Imao sam ru\u017ene snove. Ispo\u010detka nisam \u017eelio niti i\u0107i u \u0161etnju. Bojao sam se i za sebe i za mamu...","og_description":"Koliko vr\u0161nja\u010dko nasilje utje\u010de na osobu koja ga do\u017eivi svjedo\u010di za Goriciu.info tinejd\u017eer koji je prije osam mjeseci do\u017eivio fizi\u010dki napad","og_url":"https:\/\/gorica.info\/en\/djecak-koji-je-dozivio-vrsnjacko-nasilje-imao-sam-ruzne-snove-ispocetka-nisam-zelio-niti-ici-u-setnju-bojao-sam-se-i-za-sebe-i-za-mamu\/","og_site_name":"Gorica Info","article_publisher":"https:\/\/www.facebook.com\/Goricainfo-106005144489262","article_published_time":"2023-11-27T10:43:04+00:00","og_image":[{"width":1200,"height":676,"url":"https:\/\/gorica.info\/wp-content\/uploads\/2023\/01\/nasilje-mladi-foto-pixabay.jpg","type":"image\/jpeg"}],"author":"\u017deljana Ivanu\u0161","twitter_card":"summary_large_image","twitter_creator":"@GoricaInfo","twitter_site":"@GoricaInfo","twitter_misc":{"Written by":"\u017deljana Ivanu\u0161","Est. reading time":"7 minutes"},"schema":{"@context":"https:\/\/schema.org","@graph":[{"@type":"NewsArticle","@id":"https:\/\/gorica.info\/djecak-koji-je-dozivio-vrsnjacko-nasilje-imao-sam-ruzne-snove-ispocetka-nisam-zelio-niti-ici-u-setnju-bojao-sam-se-i-za-sebe-i-za-mamu\/#article","isPartOf":{"@id":"https:\/\/gorica.info\/djecak-koji-je-dozivio-vrsnjacko-nasilje-imao-sam-ruzne-snove-ispocetka-nisam-zelio-niti-ici-u-setnju-bojao-sam-se-i-za-sebe-i-za-mamu\/"},"author":{"name":"\u017deljana Ivanu\u0161","@id":"https:\/\/gorica.info\/#\/schema\/person\/27c741d7b5580e4ebfe54fbcbbb7048b"},"headline":"Dje\u010dak koji je do\u017eivio vr\u0161nja\u010dko nasilje: Imao sam ru\u017ene snove. Ispo\u010detka nisam \u017eelio niti i\u0107i u \u0161etnju. Bojao sam se i za sebe i za mamu&#8230;","datePublished":"2023-11-27T10:43:04+00:00","mainEntityOfPage":{"@id":"https:\/\/gorica.info\/djecak-koji-je-dozivio-vrsnjacko-nasilje-imao-sam-ruzne-snove-ispocetka-nisam-zelio-niti-ici-u-setnju-bojao-sam-se-i-za-sebe-i-za-mamu\/"},"wordCount":1478,"commentCount":0,"publisher":{"@id":"https:\/\/gorica.info\/#organization"},"image":{"@id":"https:\/\/gorica.info\/djecak-koji-je-dozivio-vrsnjacko-nasilje-imao-sam-ruzne-snove-ispocetka-nisam-zelio-niti-ici-u-setnju-bojao-sam-se-i-za-sebe-i-za-mamu\/#primaryimage"},"thumbnailUrl":"https:\/\/gorica.info\/wp-content\/uploads\/2023\/01\/nasilje-mladi-foto-pixabay.jpg","keywords":["brankica \u017eugaj","policija","sanda puljiz vidovi\u0107","savjeti","vr\u0161nja\u010dko nasilje"],"articleSection":["\u017dIVOT"],"inLanguage":"en-US","potentialAction":[{"@type":"CommentAction","name":"Comment","target":["https:\/\/gorica.info\/djecak-koji-je-dozivio-vrsnjacko-nasilje-imao-sam-ruzne-snove-ispocetka-nisam-zelio-niti-ici-u-setnju-bojao-sam-se-i-za-sebe-i-za-mamu\/#respond"]}],"copyrightYear":"2023","copyrightHolder":{"@id":"https:\/\/gorica.info\/en\/#organization"}},{"@type":"WebPage","@id":"https:\/\/gorica.info\/djecak-koji-je-dozivio-vrsnjacko-nasilje-imao-sam-ruzne-snove-ispocetka-nisam-zelio-niti-ici-u-setnju-bojao-sam-se-i-za-sebe-i-za-mamu\/","url":"https:\/\/gorica.info\/djecak-koji-je-dozivio-vrsnjacko-nasilje-imao-sam-ruzne-snove-ispocetka-nisam-zelio-niti-ici-u-setnju-bojao-sam-se-i-za-sebe-i-za-mamu\/","name":"Dje\u010dak koji je do\u017eivio vr\u0161nja\u010dko nasilje: Imao sam ru\u017ene snove. Ispo\u010detka nisam \u017eelio niti i\u0107i u \u0161etnju. Bojao sam se i za sebe i za mamu... - Gorica Info","isPartOf":{"@id":"https:\/\/gorica.info\/#website"},"primaryImageOfPage":{"@id":"https:\/\/gorica.info\/djecak-koji-je-dozivio-vrsnjacko-nasilje-imao-sam-ruzne-snove-ispocetka-nisam-zelio-niti-ici-u-setnju-bojao-sam-se-i-za-sebe-i-za-mamu\/#primaryimage"},"image":{"@id":"https:\/\/gorica.info\/djecak-koji-je-dozivio-vrsnjacko-nasilje-imao-sam-ruzne-snove-ispocetka-nisam-zelio-niti-ici-u-setnju-bojao-sam-se-i-za-sebe-i-za-mamu\/#primaryimage"},"thumbnailUrl":"https:\/\/gorica.info\/wp-content\/uploads\/2023\/01\/nasilje-mladi-foto-pixabay.jpg","datePublished":"2023-11-27T10:43:04+00:00","description":"Koliko vr\u0161nja\u010dko nasilje utje\u010de na osobu koja ga do\u017eivi svjedo\u010di za Goriciu.info tinejd\u017eer koji je prije osam mjeseci do\u017eivio fizi\u010dki napad","breadcrumb":{"@id":"https:\/\/gorica.info\/djecak-koji-je-dozivio-vrsnjacko-nasilje-imao-sam-ruzne-snove-ispocetka-nisam-zelio-niti-ici-u-setnju-bojao-sam-se-i-za-sebe-i-za-mamu\/#breadcrumb"},"inLanguage":"en-US","potentialAction":[{"@type":"ReadAction","target":["https:\/\/gorica.info\/djecak-koji-je-dozivio-vrsnjacko-nasilje-imao-sam-ruzne-snove-ispocetka-nisam-zelio-niti-ici-u-setnju-bojao-sam-se-i-za-sebe-i-za-mamu\/"]}]},{"@type":"ImageObject","inLanguage":"en-US","@id":"https:\/\/gorica.info\/djecak-koji-je-dozivio-vrsnjacko-nasilje-imao-sam-ruzne-snove-ispocetka-nisam-zelio-niti-ici-u-setnju-bojao-sam-se-i-za-sebe-i-za-mamu\/#primaryimage","url":"https:\/\/gorica.info\/wp-content\/uploads\/2023\/01\/nasilje-mladi-foto-pixabay.jpg","contentUrl":"https:\/\/gorica.info\/wp-content\/uploads\/2023\/01\/nasilje-mladi-foto-pixabay.jpg","width":1100,"height":620,"caption":"Ilustracija: Pixabay"},{"@type":"BreadcrumbList","@id":"https:\/\/gorica.info\/djecak-koji-je-dozivio-vrsnjacko-nasilje-imao-sam-ruzne-snove-ispocetka-nisam-zelio-niti-ici-u-setnju-bojao-sam-se-i-za-sebe-i-za-mamu\/#breadcrumb","itemListElement":[{"@type":"ListItem","position":1,"name":"Po\u010detna stranica","item":"https:\/\/gorica.info\/"},{"@type":"ListItem","position":2,"name":"Dje\u010dak koji je do\u017eivio vr\u0161nja\u010dko nasilje: Imao sam ru\u017ene snove. Ispo\u010detka nisam \u017eelio niti i\u0107i u \u0161etnju. Bojao sam se i za sebe i za mamu&#8230;"}]},{"@type":"WebSite","@id":"https:\/\/gorica.info\/#website","url":"https:\/\/gorica.info\/","name":"Gorica Info","description":"Vijesti iz Velike Gorice i okolice.","publisher":{"@id":"https:\/\/gorica.info\/#organization"},"potentialAction":[{"@type":"SearchAction","target":{"@type":"EntryPoint","urlTemplate":"https:\/\/gorica.info\/?s={search_term_string}"},"query-input":{"@type":"PropertyValueSpecification","valueRequired":true,"valueName":"search_term_string"}}],"inLanguage":"en-US"},{"@type":["Organization","Place","NewsMediaOrganization"],"@id":"https:\/\/gorica.info\/#organization","name":"Gorica Info","url":"https:\/\/gorica.info\/","logo":{"@id":"https:\/\/gorica.info\/djecak-koji-je-dozivio-vrsnjacko-nasilje-imao-sam-ruzne-snove-ispocetka-nisam-zelio-niti-ici-u-setnju-bojao-sam-se-i-za-sebe-i-za-mamu\/#local-main-organization-logo"},"image":{"@id":"https:\/\/gorica.info\/djecak-koji-je-dozivio-vrsnjacko-nasilje-imao-sam-ruzne-snove-ispocetka-nisam-zelio-niti-ici-u-setnju-bojao-sam-se-i-za-sebe-i-za-mamu\/#local-main-organization-logo"},"sameAs":["https:\/\/www.facebook.com\/Goricainfo-106005144489262","https:\/\/x.com\/GoricaInfo","https:\/\/www.instagram.com\/gorica.info\/"],"address":{"@id":"https:\/\/gorica.info\/djecak-koji-je-dozivio-vrsnjacko-nasilje-imao-sam-ruzne-snove-ispocetka-nisam-zelio-niti-ici-u-setnju-bojao-sam-se-i-za-sebe-i-za-mamu\/#local-main-place-address"},"telephone":[],"openingHoursSpecification":[{"@type":"OpeningHoursSpecification","dayOfWeek":["Monday","Tuesday","Wednesday","Thursday","Friday","Saturday","Sunday"],"opens":"09:00","closes":"17:00"}],"email":"redakcija@gorica.info"},{"@type":"Person","@id":"https:\/\/gorica.info\/#\/schema\/person\/27c741d7b5580e4ebfe54fbcbbb7048b","name":"\u017deljana Ivanu\u0161","description":"\u017deljana Ivanu\u0161 je glavna urednica, osniva\u010dica i vlasnica portala. U\u017eiva u svakodnevnom radu, pisanju i ure\u0111ivanju tekstova.","url":"https:\/\/gorica.info\/en\/author\/zeljana-ivanus\/"},{"@type":"PostalAddress","@id":"https:\/\/gorica.info\/djecak-koji-je-dozivio-vrsnjacko-nasilje-imao-sam-ruzne-snove-ispocetka-nisam-zelio-niti-ici-u-setnju-bojao-sam-se-i-za-sebe-i-za-mamu\/#local-main-place-address","streetAddress":"Horvatova 97","addressLocality":"Velika Gorica","postalCode":"10410","addressRegion":"Croatia","addressCountry":"HR"},{"@type":"ImageObject","inLanguage":"en-US","@id":"https:\/\/gorica.info\/djecak-koji-je-dozivio-vrsnjacko-nasilje-imao-sam-ruzne-snove-ispocetka-nisam-zelio-niti-ici-u-setnju-bojao-sam-se-i-za-sebe-i-za-mamu\/#local-main-organization-logo","url":"https:\/\/gorica.info\/wp-content\/uploads\/2024\/07\/Gorica-Info-Logo-mali.png","contentUrl":"https:\/\/gorica.info\/wp-content\/uploads\/2024\/07\/Gorica-Info-Logo-mali.png","width":450,"height":85,"caption":"Gorica Info"}]},"geo.placename":"Velika Gorica","geo.region":"Croatia"},"_links":{"self":[{"href":"https:\/\/gorica.info\/en\/wp-json\/wp\/v2\/posts\/57605","targetHints":{"allow":["GET"]}}],"collection":[{"href":"https:\/\/gorica.info\/en\/wp-json\/wp\/v2\/posts"}],"about":[{"href":"https:\/\/gorica.info\/en\/wp-json\/wp\/v2\/types\/post"}],"author":[{"embeddable":true,"href":"https:\/\/gorica.info\/en\/wp-json\/wp\/v2\/users\/27"}],"replies":[{"embeddable":true,"href":"https:\/\/gorica.info\/en\/wp-json\/wp\/v2\/comments?post=57605"}],"version-history":[{"count":0,"href":"https:\/\/gorica.info\/en\/wp-json\/wp\/v2\/posts\/57605\/revisions"}],"wp:featuredmedia":[{"embeddable":true,"href":"https:\/\/gorica.info\/en\/wp-json\/wp\/v2\/media\/42539"}],"wp:attachment":[{"href":"https:\/\/gorica.info\/en\/wp-json\/wp\/v2\/media?parent=57605"}],"wp:term":[{"taxonomy":"category","embeddable":true,"href":"https:\/\/gorica.info\/en\/wp-json\/wp\/v2\/categories?post=57605"},{"taxonomy":"post_tag","embeddable":true,"href":"https:\/\/gorica.info\/en\/wp-json\/wp\/v2\/tags?post=57605"}],"curies":[{"name":"wp","href":"https:\/\/api.w.org\/{rel}","templated":true}]}}