{"id":57701,"date":"2023-11-29T12:17:55","date_gmt":"2023-11-29T11:17:55","guid":{"rendered":"https:\/\/gorica.info\/?p=57701"},"modified":"2023-11-29T12:17:55","modified_gmt":"2023-11-29T11:17:55","slug":"velika-materijalna-steta-iz-kruga-poduzeca-ukradeni-kablovi-vrijedni-nekoliko-desetaka-tisuca-eura","status":"publish","type":"post","link":"https:\/\/gorica.info\/en\/velika-materijalna-steta-iz-kruga-poduzeca-ukradeni-kablovi-vrijedni-nekoliko-desetaka-tisuca-eura\/","title":{"rendered":"Velika materijalna \u0161teta: Iz kruga poduze\u0107a ukradeni kablovi vrijedni nekoliko desetaka tisu\u0107a eura"},"content":{"rendered":"<p>S <strong>gradili\u0161ta poduze\u0107a<\/strong> u Velikoj Gorici<strong> nepoznat lopov<\/strong> ukrao je kablove vrijedne <strong>nekoliko desetaka tisu\u0107a eura<\/strong>.<\/p>\n<p>&#8211; Provala se dogodila izme\u0111u nedjelje i ponedjeljka u poslovnoj zoni Meridain 16 u ulici Zelena aleja u krug trgova\u010dkog dru\u0161tva &#8211; objavila je <a href=\"https:\/\/zagrebacka-policija.gov.hr\/vijesti\/provala-na-gradilistu-na-podrucju-velike-gorice\/95898\">Policijska uprava zagreba\u010dka<\/a>.<\/p>\n<p><a href=\"https:\/\/gorica.info\/en\/2021\/10\/27\/policija-uhvatila-trojicu-lopova-koji-su-ukrali-vrijedni-bakreni-kabel-s-gradilista-u-velikoj-gorici\/\">Policija<\/a> traga za po\u010diniteljem.<\/p>","protected":false},"excerpt":{"rendered":"<p>S gradili\u0161ta poduze\u0107a u Velikoj Gorici nepoznat lopov ukrao je kablove vrijedne nekoliko desetaka tisu\u0107a eura. &#8211; Provala se dogodila izme\u0111u nedjelje i ponedjeljka u poslovnoj zoni Meridain 16 u ulici Zelena aleja u krug trgova\u010dkog dru\u0161tva &#8211; objavila je Policijska uprava zagreba\u010dka. Policija traga za po\u010diniteljem.<\/p>","protected":false},"author":25,"featured_media":57702,"comment_status":"open","ping_status":"open","sticky":false,"template":"","format":"standard","meta":{"limit_modified_date":"","last_modified_date":"","jnews-multi-image_gallery":[],"jnews_single_post":[],"jnews_primary_category":[],"jnews_override_counter":[],"footnotes":""},"categories":[93],"tags":[4020,4006,4304,12423,122],"class_list":["post-57701","post","type-post","status-publish","format-standard","has-post-thumbnail","hentry","category-crna-kronika","tag-gradiliste","tag-materijalna-steta","tag-nepoznati-pocinitelj","tag-ukradeni-kablovi","tag-velika-gorica"],"yoast_head":"<!-- This site is optimized with the Yoast SEO Premium plugin v27.4 (Yoast SEO v27.4) - https:\/\/yoast.com\/product\/yoast-seo-premium-wordpress\/ -->\n<title>Velika materijalna \u0161teta: Iz kruga poduze\u0107a ukradeni kablovi vrijedni nekoliko desetaka tisu\u0107a eura - Gorica Info<\/title>\n<meta name=\"description\" content=\"Velika materijalna \u0161teta: Iz kruga poduze\u0107a na podru\u010dju Velike Gorice ukradeni kablovi vrijedni nekoliko desetaka tisu\u0107a eura.\" \/>\n<meta name=\"robots\" content=\"index, follow, max-snippet:-1, max-image-preview:large, max-video-preview:-1\" \/>\n<link rel=\"canonical\" href=\"https:\/\/gorica.info\/en\/velika-materijalna-steta-iz-kruga-poduzeca-ukradeni-kablovi-vrijedni-nekoliko-desetaka-tisuca-eura\/\" \/>\n<meta property=\"og:locale\" content=\"en_US\" \/>\n<meta property=\"og:type\" content=\"article\" \/>\n<meta property=\"og:title\" content=\"Velika materijalna \u0161teta: Iz kruga poduze\u0107a ukradeni kablovi vrijedni nekoliko desetaka tisu\u0107a eura\" \/>\n<meta property=\"og:description\" content=\"Velika materijalna \u0161teta: Iz kruga poduze\u0107a na podru\u010dju Velike Gorice ukradeni kablovi vrijedni nekoliko desetaka tisu\u0107a eura.\" \/>\n<meta property=\"og:url\" content=\"https:\/\/gorica.info\/en\/velika-materijalna-steta-iz-kruga-poduzeca-ukradeni-kablovi-vrijedni-nekoliko-desetaka-tisuca-eura\/\" \/>\n<meta property=\"og:site_name\" content=\"Gorica Info\" \/>\n<meta property=\"article:publisher\" content=\"https:\/\/www.facebook.com\/Goricainfo-106005144489262\" \/>\n<meta property=\"article:published_time\" content=\"2023-11-29T11:17:55+00:00\" \/>\n<meta property=\"og:image\" content=\"https:\/\/gorica.info\/wp-content\/uploads\/2023\/11\/meridian16-vg_Fotor-e1701256605762.jpg\" \/>\n\t<meta property=\"og:image:width\" content=\"1060\" \/>\n\t<meta property=\"og:image:height\" content=\"632\" \/>\n\t<meta property=\"og:image:type\" content=\"image\/jpeg\" \/>\n<meta name=\"author\" content=\"Marta Horvat\" \/>\n<meta name=\"twitter:card\" content=\"summary_large_image\" \/>\n<meta name=\"twitter:creator\" content=\"@GoricaInfo\" \/>\n<meta name=\"twitter:site\" content=\"@GoricaInfo\" \/>\n<meta name=\"twitter:label1\" content=\"Written by\" \/>\n\t<meta name=\"twitter:data1\" content=\"Marta Horvat\" \/>\n\t<meta name=\"twitter:label2\" content=\"Est. reading time\" \/>\n\t<meta name=\"twitter:data2\" content=\"1 minute\" \/>\n<meta name=\"geo.placename\" content=\"Velika Gorica\" \/>\n<meta name=\"geo.region\" content=\"Croatia\" \/>\n<!-- \/ Yoast SEO Premium plugin. -->","yoast_head_json":{"title":"Velika materijalna \u0161teta: Iz kruga poduze\u0107a ukradeni kablovi vrijedni nekoliko desetaka tisu\u0107a eura - Gorica Info","description":"Velika materijalna \u0161teta: Iz kruga poduze\u0107a na podru\u010dju Velike Gorice ukradeni kablovi vrijedni nekoliko desetaka tisu\u0107a eura.","robots":{"index":"index","follow":"follow","max-snippet":"max-snippet:-1","max-image-preview":"max-image-preview:large","max-video-preview":"max-video-preview:-1"},"canonical":"https:\/\/gorica.info\/en\/velika-materijalna-steta-iz-kruga-poduzeca-ukradeni-kablovi-vrijedni-nekoliko-desetaka-tisuca-eura\/","og_locale":"en_US","og_type":"article","og_title":"Velika materijalna \u0161teta: Iz kruga poduze\u0107a ukradeni kablovi vrijedni nekoliko desetaka tisu\u0107a eura","og_description":"Velika materijalna \u0161teta: Iz kruga poduze\u0107a na podru\u010dju Velike Gorice ukradeni kablovi vrijedni nekoliko desetaka tisu\u0107a eura.","og_url":"https:\/\/gorica.info\/en\/velika-materijalna-steta-iz-kruga-poduzeca-ukradeni-kablovi-vrijedni-nekoliko-desetaka-tisuca-eura\/","og_site_name":"Gorica Info","article_publisher":"https:\/\/www.facebook.com\/Goricainfo-106005144489262","article_published_time":"2023-11-29T11:17:55+00:00","og_image":[{"width":1060,"height":632,"url":"https:\/\/gorica.info\/wp-content\/uploads\/2023\/11\/meridian16-vg_Fotor-e1701256605762.jpg","type":"image\/jpeg"}],"author":"Marta Horvat","twitter_card":"summary_large_image","twitter_creator":"@GoricaInfo","twitter_site":"@GoricaInfo","twitter_misc":{"Written by":"Marta Horvat","Est. reading time":"1 minute"},"schema":{"@context":"https:\/\/schema.org","@graph":[{"@type":"NewsArticle","@id":"https:\/\/gorica.info\/velika-materijalna-steta-iz-kruga-poduzeca-ukradeni-kablovi-vrijedni-nekoliko-desetaka-tisuca-eura\/#article","isPartOf":{"@id":"https:\/\/gorica.info\/velika-materijalna-steta-iz-kruga-poduzeca-ukradeni-kablovi-vrijedni-nekoliko-desetaka-tisuca-eura\/"},"author":{"name":"Marta Horvat","@id":"https:\/\/gorica.info\/#\/schema\/person\/b2df2f6fb2a9073c0fa5af2672befd52"},"headline":"Velika materijalna \u0161teta: Iz kruga poduze\u0107a ukradeni kablovi vrijedni nekoliko desetaka tisu\u0107a eura","datePublished":"2023-11-29T11:17:55+00:00","mainEntityOfPage":{"@id":"https:\/\/gorica.info\/velika-materijalna-steta-iz-kruga-poduzeca-ukradeni-kablovi-vrijedni-nekoliko-desetaka-tisuca-eura\/"},"wordCount":69,"commentCount":0,"publisher":{"@id":"https:\/\/gorica.info\/#organization"},"image":{"@id":"https:\/\/gorica.info\/velika-materijalna-steta-iz-kruga-poduzeca-ukradeni-kablovi-vrijedni-nekoliko-desetaka-tisuca-eura\/#primaryimage"},"thumbnailUrl":"https:\/\/gorica.info\/wp-content\/uploads\/2023\/11\/meridian16-vg_Fotor-e1701256605762.jpg","keywords":["gradili\u0161te","materijalna \u0161teta","nepoznati po\u010dinitelj","ukradeni kablovi","Velika Gorica"],"articleSection":["CRNA KRONIKA"],"inLanguage":"en-US","potentialAction":[{"@type":"CommentAction","name":"Comment","target":["https:\/\/gorica.info\/velika-materijalna-steta-iz-kruga-poduzeca-ukradeni-kablovi-vrijedni-nekoliko-desetaka-tisuca-eura\/#respond"]}],"copyrightYear":"2023","copyrightHolder":{"@id":"https:\/\/gorica.info\/en\/#organization"}},{"@type":"WebPage","@id":"https:\/\/gorica.info\/velika-materijalna-steta-iz-kruga-poduzeca-ukradeni-kablovi-vrijedni-nekoliko-desetaka-tisuca-eura\/","url":"https:\/\/gorica.info\/velika-materijalna-steta-iz-kruga-poduzeca-ukradeni-kablovi-vrijedni-nekoliko-desetaka-tisuca-eura\/","name":"Velika materijalna \u0161teta: Iz kruga poduze\u0107a ukradeni kablovi vrijedni nekoliko desetaka tisu\u0107a eura - Gorica Info","isPartOf":{"@id":"https:\/\/gorica.info\/#website"},"primaryImageOfPage":{"@id":"https:\/\/gorica.info\/velika-materijalna-steta-iz-kruga-poduzeca-ukradeni-kablovi-vrijedni-nekoliko-desetaka-tisuca-eura\/#primaryimage"},"image":{"@id":"https:\/\/gorica.info\/velika-materijalna-steta-iz-kruga-poduzeca-ukradeni-kablovi-vrijedni-nekoliko-desetaka-tisuca-eura\/#primaryimage"},"thumbnailUrl":"https:\/\/gorica.info\/wp-content\/uploads\/2023\/11\/meridian16-vg_Fotor-e1701256605762.jpg","datePublished":"2023-11-29T11:17:55+00:00","description":"Velika materijalna \u0161teta: Iz kruga poduze\u0107a na podru\u010dju Velike Gorice ukradeni kablovi vrijedni nekoliko desetaka tisu\u0107a eura.","breadcrumb":{"@id":"https:\/\/gorica.info\/velika-materijalna-steta-iz-kruga-poduzeca-ukradeni-kablovi-vrijedni-nekoliko-desetaka-tisuca-eura\/#breadcrumb"},"inLanguage":"en-US","potentialAction":[{"@type":"ReadAction","target":["https:\/\/gorica.info\/velika-materijalna-steta-iz-kruga-poduzeca-ukradeni-kablovi-vrijedni-nekoliko-desetaka-tisuca-eura\/"]}]},{"@type":"ImageObject","inLanguage":"en-US","@id":"https:\/\/gorica.info\/velika-materijalna-steta-iz-kruga-poduzeca-ukradeni-kablovi-vrijedni-nekoliko-desetaka-tisuca-eura\/#primaryimage","url":"https:\/\/gorica.info\/wp-content\/uploads\/2023\/11\/meridian16-vg_Fotor-e1701256605762.jpg","contentUrl":"https:\/\/gorica.info\/wp-content\/uploads\/2023\/11\/meridian16-vg_Fotor-e1701256605762.jpg","width":1060,"height":632,"caption":"Arhivska fotografija_ Gorica.info"},{"@type":"BreadcrumbList","@id":"https:\/\/gorica.info\/velika-materijalna-steta-iz-kruga-poduzeca-ukradeni-kablovi-vrijedni-nekoliko-desetaka-tisuca-eura\/#breadcrumb","itemListElement":[{"@type":"ListItem","position":1,"name":"Po\u010detna stranica","item":"https:\/\/gorica.info\/"},{"@type":"ListItem","position":2,"name":"Velika materijalna \u0161teta: Iz kruga poduze\u0107a ukradeni kablovi vrijedni nekoliko desetaka tisu\u0107a eura"}]},{"@type":"WebSite","@id":"https:\/\/gorica.info\/#website","url":"https:\/\/gorica.info\/","name":"Gorica Info","description":"Vijesti iz Velike Gorice i okolice.","publisher":{"@id":"https:\/\/gorica.info\/#organization"},"potentialAction":[{"@type":"SearchAction","target":{"@type":"EntryPoint","urlTemplate":"https:\/\/gorica.info\/?s={search_term_string}"},"query-input":{"@type":"PropertyValueSpecification","valueRequired":true,"valueName":"search_term_string"}}],"inLanguage":"en-US"},{"@type":["Organization","Place","NewsMediaOrganization"],"@id":"https:\/\/gorica.info\/#organization","name":"Gorica Info","url":"https:\/\/gorica.info\/","logo":{"@id":"https:\/\/gorica.info\/velika-materijalna-steta-iz-kruga-poduzeca-ukradeni-kablovi-vrijedni-nekoliko-desetaka-tisuca-eura\/#local-main-organization-logo"},"image":{"@id":"https:\/\/gorica.info\/velika-materijalna-steta-iz-kruga-poduzeca-ukradeni-kablovi-vrijedni-nekoliko-desetaka-tisuca-eura\/#local-main-organization-logo"},"sameAs":["https:\/\/www.facebook.com\/Goricainfo-106005144489262","https:\/\/x.com\/GoricaInfo","https:\/\/www.instagram.com\/gorica.info\/"],"address":{"@id":"https:\/\/gorica.info\/velika-materijalna-steta-iz-kruga-poduzeca-ukradeni-kablovi-vrijedni-nekoliko-desetaka-tisuca-eura\/#local-main-place-address"},"telephone":[],"openingHoursSpecification":[{"@type":"OpeningHoursSpecification","dayOfWeek":["Monday","Tuesday","Wednesday","Thursday","Friday","Saturday","Sunday"],"opens":"09:00","closes":"17:00"}],"email":"redakcija@gorica.info"},{"@type":"Person","@id":"https:\/\/gorica.info\/#\/schema\/person\/b2df2f6fb2a9073c0fa5af2672befd52","name":"Marta Horvat","description":"Marta Horvat je studentica koja redovito pi\u0161e za portal, prati sva gradska doga\u0111anja i u\u017eiva isprobavati nove recept koje dijeli s na\u0161im \u010ditateljima.","url":"https:\/\/gorica.info\/en\/author\/marta-horvat\/"},{"@type":"PostalAddress","@id":"https:\/\/gorica.info\/velika-materijalna-steta-iz-kruga-poduzeca-ukradeni-kablovi-vrijedni-nekoliko-desetaka-tisuca-eura\/#local-main-place-address","streetAddress":"Horvatova 97","addressLocality":"Velika Gorica","postalCode":"10410","addressRegion":"Croatia","addressCountry":"HR"},{"@type":"ImageObject","inLanguage":"en-US","@id":"https:\/\/gorica.info\/velika-materijalna-steta-iz-kruga-poduzeca-ukradeni-kablovi-vrijedni-nekoliko-desetaka-tisuca-eura\/#local-main-organization-logo","url":"https:\/\/gorica.info\/wp-content\/uploads\/2024\/07\/Gorica-Info-Logo-mali.png","contentUrl":"https:\/\/gorica.info\/wp-content\/uploads\/2024\/07\/Gorica-Info-Logo-mali.png","width":450,"height":85,"caption":"Gorica Info"}]},"geo.placename":"Velika Gorica","geo.region":"Croatia"},"_links":{"self":[{"href":"https:\/\/gorica.info\/en\/wp-json\/wp\/v2\/posts\/57701","targetHints":{"allow":["GET"]}}],"collection":[{"href":"https:\/\/gorica.info\/en\/wp-json\/wp\/v2\/posts"}],"about":[{"href":"https:\/\/gorica.info\/en\/wp-json\/wp\/v2\/types\/post"}],"author":[{"embeddable":true,"href":"https:\/\/gorica.info\/en\/wp-json\/wp\/v2\/users\/25"}],"replies":[{"embeddable":true,"href":"https:\/\/gorica.info\/en\/wp-json\/wp\/v2\/comments?post=57701"}],"version-history":[{"count":0,"href":"https:\/\/gorica.info\/en\/wp-json\/wp\/v2\/posts\/57701\/revisions"}],"wp:featuredmedia":[{"embeddable":true,"href":"https:\/\/gorica.info\/en\/wp-json\/wp\/v2\/media\/57702"}],"wp:attachment":[{"href":"https:\/\/gorica.info\/en\/wp-json\/wp\/v2\/media?parent=57701"}],"wp:term":[{"taxonomy":"category","embeddable":true,"href":"https:\/\/gorica.info\/en\/wp-json\/wp\/v2\/categories?post=57701"},{"taxonomy":"post_tag","embeddable":true,"href":"https:\/\/gorica.info\/en\/wp-json\/wp\/v2\/tags?post=57701"}],"curies":[{"name":"wp","href":"https:\/\/api.w.org\/{rel}","templated":true}]}}