{"id":57775,"date":"2023-12-01T06:05:22","date_gmt":"2023-12-01T05:05:22","guid":{"rendered":"https:\/\/gorica.info\/?p=57775"},"modified":"2023-12-01T06:05:22","modified_gmt":"2023-12-01T05:05:22","slug":"gradske-vijecnike-danas-ceka-dugacak-radni-dan-dnevni-red-ima-23-tocke-a-oko-nekih-ce-sigurno-biti-povisenih-tonova","status":"publish","type":"post","link":"https:\/\/gorica.info\/en\/gradske-vijecnike-danas-ceka-dugacak-radni-dan-dnevni-red-ima-23-tocke-a-oko-nekih-ce-sigurno-biti-povisenih-tonova\/","title":{"rendered":"Gradske vije\u0107nike danas \u010deka duga\u010dak radni dan: Dnevni red ima 23 to\u010dke, a oko nekih \u0107e sigurno biti povi\u0161enih tonova"},"content":{"rendered":"<p><strong>Posljednja radna<\/strong> sjednica <strong>Gradskog vije\u0107a<\/strong> u ovoj godini odr\u017eat \u0107e se u <strong>petak, 1. prosinca<\/strong>, a dnevni red je podu\u017ei,<strong> ima 23 to\u010dke<\/strong>, \u0161to zna\u010di da bi sjednica mogla potrajati do kasnih ve\u010dernjih sati.<\/p>\n<p>Iz Gradskog vije\u0107a odlazi vije\u0107nik GLAS-a <strong>Goran Beus Richmbergh<\/strong> koji je podnio zahtjev za mirovanje mandata iz osobnih razloga. Na njegovo mjesto dolazi <a href=\"https:\/\/gorica.info\/en\/2021\/07\/19\/projekt-polozaj-zena-u-lokalnoj-politici-stela-dragica-svracak-glas\/\"><strong>Stela Svra\u010dak<\/strong><\/a> koja \u0107e danas polo\u017eiti prisegu.<\/p>\n<p>Pred gori\u010dke vije\u0107nike sti\u017ee<strong> rebalans prora\u010duna<\/strong> za ovu godinu te <strong>prora\u010dun<\/strong> za sljede\u0107u godinu. Prora\u010dun za 2024. godinu najve\u0107i je prora\u010dun u povijesti Velike Gorice \u201ete\u017eak\u201c<a href=\"https:\/\/gorica.info\/en\/2023\/11\/30\/gradonacelnik-ackar-predstavio-proracun-za-sljedecu-godinu-tezak-122-milijuna-eura\/\"> <strong>122 milijuna eura<\/strong><\/a>, odnosno 29 milijuna eura ve\u0107i od ovogodi\u0161njeg. Oporba \u0107e sigurno biti glasna u kritiziranju predlo\u017eenog prora\u010duna, a vladaju\u0107i \u0107e ga braniti da je razvojan i socijalan, donosi nove projekte, izgradnju \u0161kola i vrti\u0107a&#8230; Sigurno \u0107e se posebno<strong> isticati besplatni vrti\u0107i<\/strong>\u00a0od sljede\u0107e pedago\u0161ke godine (rujan 2024.).<\/p>\n<p>Vije\u0107nici \u0107e raspravljati i o Izvje\u0161\u0107u o radu gradona\u010delnika za prvih \u0161est mjeseci ove godine.<\/p>\n<p>\u2013 Grad Velika Gorica nastavlja sa dosad najopse\u017enijim programom pobolj\u0161anja prometne infrastrukture grada, a rezultati su vidljivi na svakom koraku. Odlu\u010dili smo se maksimalno posvetiti rje\u0161avanju komunalnih problema na\u0161ih sugra\u0111ana, ne samo na u\u017eem podru\u010dju grada ve\u0107 i u svim ruralnim podru\u010djima kako bi adekvatno pobolj\u0161ali kvalitetu \u017eivota svih ljudi, bez obzira \u017eive li u urbanome ili ruralnom dijelu \u2013 navodi se u uvodnom dijelu izvje\u0161\u0107a koje <strong>ima 26 stranica<\/strong>\u00a0i donosi detalje rada po odjelima i slu\u017ebama.<\/p>\n<p>Na dnevnom redu je i odluka o <strong>lokalnim porezima<\/strong> Velike Gorice. Zbog zakonskih promjena ukinuta je obveza pla\u0107anja prireza porezu na dohodak u visini stope od 12%. To zna\u010di da \u0107e gra\u0111ani Velike Gorice po\u010dev\u0161i od 1. sije\u010dnja idu\u0107e godine<strong> ostvarivati vi\u0161i dohodak<\/strong> (pla\u0107e) od nesamostalnog rada i samostalne djelatnosti. Lokalni porez koji \u0107e se pla\u0107ati je jedino <strong>porez na ku\u0107e za odmor<\/strong> koji se pla\u0107a godi\u0161nje<strong> 0,80 eura<\/strong> po \u010detvornom mjestu.<\/p>\n<h4><strong>Margareta Bi\u0161kupi\u0107 \u010curla nastavlja voditi Muzej Turopolja<\/strong><\/h4>\n<p><strong>Upravno vije\u0107e Muzeja Turopolja<\/strong> na Gradsko vije\u0107e \u0161alje prijedlog imenovanja <strong>Margarete Bi\u0161kupi\u0107 \u010curle<\/strong> na mjesto ravnateljice muzeja. Na natje\u010daj, koji je bio u objavljen u listopadu, stigla je samo prijava sada\u0161nje ravnateljice Bi\u0161kupi\u0107 \u010curle, a nakon provedenog postupka Upravno vije\u0107e predla\u017ee je za ravnateljicu i sljede\u0107e \u010detiri godine.<\/p>\n<p>Ponovno je na dnevnom redu i<strong> Izvje\u0161\u0107e o radu Savjeta mladih Grada Velike Gorice<\/strong> za pro\u0161lu godinu o kojem se trebalo raspravljati jo\u0161 u srpnju, ali je nakon primjedbi SDP-ovog <strong>Ozrena Robi\u0107a<\/strong> povu\u010deno na doradu.<\/p>\n<p>Vije\u0107nici \u0107e glasati, vjerujemo jednoglasno, za prijedlog dodjele javnih priznanja Grada Velike Gorice. Za dodjelu Povelje Grada Velike Gorice za \u017eivotno djelo predlo\u017een je<strong> Drago Kolarec<\/strong> (VG Foto). Nagradu Grada Velike Gorice s likom Franje Lu\u010di\u0107a dobit \u0107e <strong>Mario Stipeti\u0107<\/strong> (DVD Ribnica), <strong>Josip Mu\u010dnjak<\/strong> (\u017dRK Udarnik) i <strong>Josip Leder<\/strong> <strong>Kvaka<\/strong> (NK Radnik). Nagrada Grada Velike Gorice Kr\u010dka vrata pripast \u0107e lije\u010dniku <strong>Miljenku Lederu<\/strong>. Zlatna Turopoljska podgutnica ide u ruke <strong>Lidije Capkovi\u0107 Martinek<\/strong> i <strong>Zorana Posti\u0107a<\/strong>. Nagradu Turopoljsko srce pripast \u0107e <a href=\"https:\/\/gorica.info\/en\/2023\/11\/26\/godisnje-nagrade-grada-velike-gorice-drago-kolarec-dobit-ce-povelju-za-zivotno-djelo-a-nas-kolumnist-sinisa-drobnjak-turopoljsko-srce\/\">na\u0161em kolumnisti<\/a> <strong>Sini\u0161i Drobnjaku<\/strong>, <strong>Josipu Jan\u010di\u0107u Babrigi<\/strong> te <strong>Damiru Pil\u010diku<\/strong>.<\/p>\n<h4><strong>Za rad stranaka namijenjeno vi\u0161e od 25 tisu\u0107a eura<\/strong><\/h4>\n<p>Na\u0161i izabrani vije\u0107nici \u0107e sigurno jednoglasno podr\u017eati i <strong>financiranje politi\u010dkih stranaka<\/strong> zastupljenih u Gradskom vije\u0107u za sljede\u0107u godinu. Njihov rad gra\u0111ani \u0107e financirati s <strong>25.327,00 eura<\/strong>. HDZ-u ide najvi\u0161e novca jer ima najvi\u0161e vije\u0107nika,<strong> 8381 eura<\/strong>, SDP \u0107e dobiti <strong>4697 eura<\/strong>, Most <strong>3776 eura<\/strong>, a Domovinski pokret <strong>2763 eura<\/strong>. Stranka rada i solidarnosti koja nosi ime pokojnog Milana Bandi\u0107a dobit \u0107e <strong>1934 eura<\/strong>, a GLAS <strong>1013 eura<\/strong>. Najmanji iznos pripast \u0107e HSS-u, HSP-u i Nezavisnoj listi Stjepana Ko\u017ei\u0107a (imaju po jednog vije\u0107nika) <strong>921 euro<\/strong>.<\/p>\n<p><strong>Vlasnicima ku\u0107nih ljubimaca<\/strong> sti\u017eu nova pravila i uvjeti dr\u017eanja. \u0160to sve ona propisuju mo\u017eete pro\u010ditati <a href=\"https:\/\/gorica.info\/en\/2023\/08\/28\/kucni-ljubimci\/\">ovdje<\/a>, a da \u0107e o ovoj to\u010dki \u017eustro raspravljati najavio je nezadovoljni<a href=\"https:\/\/gorica.info\/en\/2023\/11\/30\/most-nezadovoljan-gradskom-odlukom-okucnim-ljubimcima\/\"> Most<\/a> na konferenciji za novinare u \u010detvrtak. U Mostu smatraju da \u0107e \u201eodluka ograni\u010diti \u017eivotne mogu\u0107nosti ku\u0107nim ljubimcima i njihovim vlasnicima\u201c.<\/p>\n<h4><strong>Aglomeracija opet zadnja to\u010dka dnevnog reda<\/strong><\/h4>\n<p>Najve\u0107i komunalni projekt u povijesti Velike Gorice, <strong>aglomeracija i izgradnja pro\u010dista\u010da<\/strong>, ponovno su zadnja to\u010dka dnevnog reda. U materijalima za sjednicu objavljeno je uobi\u010dajeno <strong>kratko izvje\u0161\u0107e<\/strong> u kojem se navodi u kojoj je fazi projekt.<\/p>\n<p>\u201eFizi\u010dka realizacija projekta izvo\u0111a\u010da radova na aglomeraciji Velika Gorica, s datumom 31.listopada, je 99,40 %.\u00a0Radovi na izgradnji novih gravitacijskih i tla\u010dnih kolektora su zavr\u0161eni u svim naseljima. Izvo\u0111a\u010dima radova ostalo je zavr\u0161iti sanacije prema prijavljenim nedostacima na asfaltiranim prometnicama u pojedinim naseljima, te radove na sanaciji ve\u0107 prije izgra\u0111enih dijelova sustava odvodnje (radi se zamjena revizijskih okana i dijela kanalizacijskih kolektora) u naseljima Bu\u0161evec i Ogulinec.<\/p>\n<p>Financijska realizacija projekta na cjelinama A1, A2 i A3 do 31. listopada je 55.996.108,99 eura od ukupno ugovorenih 59.677.759,55 eura\u201c, pi\u0161e u izvje\u0161taju.<\/p>\n<p>Otvaranje ponuda za izgradnju<a href=\"https:\/\/gorica.info\/en\/2023\/11\/30\/goricki-sdp-tvrdi-od-procistaca-i-novih-prikljucivanja-korisnika-na-izgradenu-mrezu-odvodnje-nece-biti-nista\/\"> pro\u010dista\u010da<\/a> najavljeno je za 14. prosinca u 12 sati.<\/p>\n<p>Cijeli dnevni red s materijalima mo\u017eete pogledati<a href=\"https:\/\/onedrive.live.com\/?authkey=%21AJknqp7Ow%5FYydtw&amp;id=61B8E75EA69BBFDD%216696&amp;cid=61B8E75EA69BBFDD\"> ovdje<\/a>.<\/p>","protected":false},"excerpt":{"rendered":"<p>Posljednja radna sjednica Gradskog vije\u0107a u ovoj godini odr\u017eat \u0107e se u petak, 1. prosinca, a dnevni red je podu\u017ei, ima 23 to\u010dke, \u0161to zna\u010di da bi sjednica mogla potrajati do kasnih ve\u010dernjih sati. Iz Gradskog vije\u0107a odlazi vije\u0107nik GLAS-a Goran Beus Richmbergh koji je podnio zahtjev za mirovanje mandata iz osobnih razloga. Na njegovo [&hellip;]<\/p>\n","protected":false},"author":23,"featured_media":57776,"comment_status":"open","ping_status":"open","sticky":false,"template":"","format":"standard","meta":{"limit_modified_date":"","last_modified_date":"","jnews-multi-image_gallery":[],"jnews_single_post":[],"jnews_primary_category":[],"jnews_override_counter":[],"footnotes":""},"categories":[89],"tags":[1134,9006,1137,2114,1613,12434,4077,12435],"class_list":["post-57775","post","type-post","status-publish","format-standard","has-post-thumbnail","hentry","category-politicka-arena","tag-aglomeracija","tag-dnevni-red","tag-gradsko-vijece","tag-kucni-ljubimci","tag-oporba","tag-stela-svracak","tag-vijecnici","tag-vladajuci"],"yoast_head":"<!-- This site is optimized with the Yoast SEO Premium plugin v27.4 (Yoast SEO v27.4) - https:\/\/yoast.com\/product\/yoast-seo-premium-wordpress\/ -->\n<title>Gradske vije\u0107nike danas \u010deka duga\u010dak radni dan: Dnevni red ima 23 to\u010dke, a oko nekih \u0107e sigurno biti povi\u0161enih tonova - Gorica Info<\/title>\n<meta name=\"description\" content=\"Gradske vije\u0107nike danas \u010deka duga\u010dak radni dan: Dnevni red ima 23 to\u010dke, a oko nekih \u0107e sigurno biti povi\u0161enih tonova\" \/>\n<meta name=\"robots\" content=\"index, follow, max-snippet:-1, max-image-preview:large, max-video-preview:-1\" \/>\n<link rel=\"canonical\" href=\"https:\/\/gorica.info\/en\/gradske-vijecnike-danas-ceka-dugacak-radni-dan-dnevni-red-ima-23-tocke-a-oko-nekih-ce-sigurno-biti-povisenih-tonova\/\" \/>\n<meta property=\"og:locale\" content=\"en_US\" \/>\n<meta property=\"og:type\" content=\"article\" \/>\n<meta property=\"og:title\" content=\"Gradske vije\u0107nike danas \u010deka duga\u010dak radni dan: Dnevni red ima 23 to\u010dke, a oko nekih \u0107e sigurno biti povi\u0161enih tonova\" \/>\n<meta property=\"og:description\" content=\"Gradske vije\u0107nike danas \u010deka duga\u010dak radni dan: Dnevni red ima 23 to\u010dke, a oko nekih \u0107e sigurno biti povi\u0161enih tonova\" \/>\n<meta property=\"og:url\" content=\"https:\/\/gorica.info\/en\/gradske-vijecnike-danas-ceka-dugacak-radni-dan-dnevni-red-ima-23-tocke-a-oko-nekih-ce-sigurno-biti-povisenih-tonova\/\" \/>\n<meta property=\"og:site_name\" content=\"Gorica Info\" \/>\n<meta property=\"article:publisher\" content=\"https:\/\/www.facebook.com\/Goricainfo-106005144489262\" \/>\n<meta property=\"article:published_time\" content=\"2023-12-01T05:05:22+00:00\" \/>\n<meta property=\"og:image\" content=\"https:\/\/gorica.info\/wp-content\/uploads\/2023\/11\/gradsko-vijece-kresimir-ackar-11072023.jpg\" \/>\n\t<meta property=\"og:image:width\" content=\"1068\" \/>\n\t<meta property=\"og:image:height\" content=\"800\" \/>\n\t<meta property=\"og:image:type\" content=\"image\/jpeg\" \/>\n<meta name=\"author\" content=\"Gorica. info\" \/>\n<meta name=\"twitter:card\" content=\"summary_large_image\" \/>\n<meta name=\"twitter:creator\" content=\"@GoricaInfo\" \/>\n<meta name=\"twitter:site\" content=\"@GoricaInfo\" \/>\n<meta name=\"twitter:label1\" content=\"Written by\" \/>\n\t<meta name=\"twitter:data1\" content=\"Gorica. info\" \/>\n\t<meta name=\"twitter:label2\" content=\"Est. reading time\" \/>\n\t<meta name=\"twitter:data2\" content=\"5 minutes\" \/>\n<meta name=\"geo.placename\" content=\"Velika Gorica\" \/>\n<meta name=\"geo.region\" content=\"Croatia\" \/>\n<!-- \/ Yoast SEO Premium plugin. -->","yoast_head_json":{"title":"Gradske vije\u0107nike danas \u010deka duga\u010dak radni dan: Dnevni red ima 23 to\u010dke, a oko nekih \u0107e sigurno biti povi\u0161enih tonova - Gorica Info","description":"Gradske vije\u0107nike danas \u010deka duga\u010dak radni dan: Dnevni red ima 23 to\u010dke, a oko nekih \u0107e sigurno biti povi\u0161enih tonova","robots":{"index":"index","follow":"follow","max-snippet":"max-snippet:-1","max-image-preview":"max-image-preview:large","max-video-preview":"max-video-preview:-1"},"canonical":"https:\/\/gorica.info\/en\/gradske-vijecnike-danas-ceka-dugacak-radni-dan-dnevni-red-ima-23-tocke-a-oko-nekih-ce-sigurno-biti-povisenih-tonova\/","og_locale":"en_US","og_type":"article","og_title":"Gradske vije\u0107nike danas \u010deka duga\u010dak radni dan: Dnevni red ima 23 to\u010dke, a oko nekih \u0107e sigurno biti povi\u0161enih tonova","og_description":"Gradske vije\u0107nike danas \u010deka duga\u010dak radni dan: Dnevni red ima 23 to\u010dke, a oko nekih \u0107e sigurno biti povi\u0161enih tonova","og_url":"https:\/\/gorica.info\/en\/gradske-vijecnike-danas-ceka-dugacak-radni-dan-dnevni-red-ima-23-tocke-a-oko-nekih-ce-sigurno-biti-povisenih-tonova\/","og_site_name":"Gorica Info","article_publisher":"https:\/\/www.facebook.com\/Goricainfo-106005144489262","article_published_time":"2023-12-01T05:05:22+00:00","og_image":[{"width":1068,"height":800,"url":"https:\/\/gorica.info\/wp-content\/uploads\/2023\/11\/gradsko-vijece-kresimir-ackar-11072023.jpg","type":"image\/jpeg"}],"author":"Gorica. info","twitter_card":"summary_large_image","twitter_creator":"@GoricaInfo","twitter_site":"@GoricaInfo","twitter_misc":{"Written by":"Gorica. info","Est. reading time":"5 minutes"},"schema":{"@context":"https:\/\/schema.org","@graph":[{"@type":"NewsArticle","@id":"https:\/\/gorica.info\/gradske-vijecnike-danas-ceka-dugacak-radni-dan-dnevni-red-ima-23-tocke-a-oko-nekih-ce-sigurno-biti-povisenih-tonova\/#article","isPartOf":{"@id":"https:\/\/gorica.info\/gradske-vijecnike-danas-ceka-dugacak-radni-dan-dnevni-red-ima-23-tocke-a-oko-nekih-ce-sigurno-biti-povisenih-tonova\/"},"author":{"name":"Gorica. info","@id":"https:\/\/gorica.info\/#\/schema\/person\/4499af1f22f322670b9b5977ccc2e3de"},"headline":"Gradske vije\u0107nike danas \u010deka duga\u010dak radni dan: Dnevni red ima 23 to\u010dke, a oko nekih \u0107e sigurno biti povi\u0161enih tonova","datePublished":"2023-12-01T05:05:22+00:00","mainEntityOfPage":{"@id":"https:\/\/gorica.info\/gradske-vijecnike-danas-ceka-dugacak-radni-dan-dnevni-red-ima-23-tocke-a-oko-nekih-ce-sigurno-biti-povisenih-tonova\/"},"wordCount":903,"commentCount":0,"publisher":{"@id":"https:\/\/gorica.info\/#organization"},"image":{"@id":"https:\/\/gorica.info\/gradske-vijecnike-danas-ceka-dugacak-radni-dan-dnevni-red-ima-23-tocke-a-oko-nekih-ce-sigurno-biti-povisenih-tonova\/#primaryimage"},"thumbnailUrl":"https:\/\/gorica.info\/wp-content\/uploads\/2023\/11\/gradsko-vijece-kresimir-ackar-11072023.jpg","keywords":["aglomeracija","dnevni red","gradsko vije\u0107e","ku\u0107ni ljubimci","oporba","stela svra\u010dak","vije\u0107nici","vladaju\u0107i"],"articleSection":["POLITI\u010cKA ARENA"],"inLanguage":"en-US","potentialAction":[{"@type":"CommentAction","name":"Comment","target":["https:\/\/gorica.info\/gradske-vijecnike-danas-ceka-dugacak-radni-dan-dnevni-red-ima-23-tocke-a-oko-nekih-ce-sigurno-biti-povisenih-tonova\/#respond"]}],"copyrightYear":"2023","copyrightHolder":{"@id":"https:\/\/gorica.info\/en\/#organization"}},{"@type":"WebPage","@id":"https:\/\/gorica.info\/gradske-vijecnike-danas-ceka-dugacak-radni-dan-dnevni-red-ima-23-tocke-a-oko-nekih-ce-sigurno-biti-povisenih-tonova\/","url":"https:\/\/gorica.info\/gradske-vijecnike-danas-ceka-dugacak-radni-dan-dnevni-red-ima-23-tocke-a-oko-nekih-ce-sigurno-biti-povisenih-tonova\/","name":"Gradske vije\u0107nike danas \u010deka duga\u010dak radni dan: Dnevni red ima 23 to\u010dke, a oko nekih \u0107e sigurno biti povi\u0161enih tonova - Gorica Info","isPartOf":{"@id":"https:\/\/gorica.info\/#website"},"primaryImageOfPage":{"@id":"https:\/\/gorica.info\/gradske-vijecnike-danas-ceka-dugacak-radni-dan-dnevni-red-ima-23-tocke-a-oko-nekih-ce-sigurno-biti-povisenih-tonova\/#primaryimage"},"image":{"@id":"https:\/\/gorica.info\/gradske-vijecnike-danas-ceka-dugacak-radni-dan-dnevni-red-ima-23-tocke-a-oko-nekih-ce-sigurno-biti-povisenih-tonova\/#primaryimage"},"thumbnailUrl":"https:\/\/gorica.info\/wp-content\/uploads\/2023\/11\/gradsko-vijece-kresimir-ackar-11072023.jpg","datePublished":"2023-12-01T05:05:22+00:00","description":"Gradske vije\u0107nike danas \u010deka duga\u010dak radni dan: Dnevni red ima 23 to\u010dke, a oko nekih \u0107e sigurno biti povi\u0161enih tonova","breadcrumb":{"@id":"https:\/\/gorica.info\/gradske-vijecnike-danas-ceka-dugacak-radni-dan-dnevni-red-ima-23-tocke-a-oko-nekih-ce-sigurno-biti-povisenih-tonova\/#breadcrumb"},"inLanguage":"en-US","potentialAction":[{"@type":"ReadAction","target":["https:\/\/gorica.info\/gradske-vijecnike-danas-ceka-dugacak-radni-dan-dnevni-red-ima-23-tocke-a-oko-nekih-ce-sigurno-biti-povisenih-tonova\/"]}]},{"@type":"ImageObject","inLanguage":"en-US","@id":"https:\/\/gorica.info\/gradske-vijecnike-danas-ceka-dugacak-radni-dan-dnevni-red-ima-23-tocke-a-oko-nekih-ce-sigurno-biti-povisenih-tonova\/#primaryimage","url":"https:\/\/gorica.info\/wp-content\/uploads\/2023\/11\/gradsko-vijece-kresimir-ackar-11072023.jpg","contentUrl":"https:\/\/gorica.info\/wp-content\/uploads\/2023\/11\/gradsko-vijece-kresimir-ackar-11072023.jpg","width":1068,"height":800,"caption":"Foto: Gorica.info"},{"@type":"BreadcrumbList","@id":"https:\/\/gorica.info\/gradske-vijecnike-danas-ceka-dugacak-radni-dan-dnevni-red-ima-23-tocke-a-oko-nekih-ce-sigurno-biti-povisenih-tonova\/#breadcrumb","itemListElement":[{"@type":"ListItem","position":1,"name":"Po\u010detna stranica","item":"https:\/\/gorica.info\/"},{"@type":"ListItem","position":2,"name":"Gradske vije\u0107nike danas \u010deka duga\u010dak radni dan: Dnevni red ima 23 to\u010dke, a oko nekih \u0107e sigurno biti povi\u0161enih tonova"}]},{"@type":"WebSite","@id":"https:\/\/gorica.info\/#website","url":"https:\/\/gorica.info\/","name":"Gorica Info","description":"Vijesti iz Velike Gorice i okolice.","publisher":{"@id":"https:\/\/gorica.info\/#organization"},"potentialAction":[{"@type":"SearchAction","target":{"@type":"EntryPoint","urlTemplate":"https:\/\/gorica.info\/?s={search_term_string}"},"query-input":{"@type":"PropertyValueSpecification","valueRequired":true,"valueName":"search_term_string"}}],"inLanguage":"en-US"},{"@type":["Organization","Place","NewsMediaOrganization"],"@id":"https:\/\/gorica.info\/#organization","name":"Gorica Info","url":"https:\/\/gorica.info\/","logo":{"@id":"https:\/\/gorica.info\/gradske-vijecnike-danas-ceka-dugacak-radni-dan-dnevni-red-ima-23-tocke-a-oko-nekih-ce-sigurno-biti-povisenih-tonova\/#local-main-organization-logo"},"image":{"@id":"https:\/\/gorica.info\/gradske-vijecnike-danas-ceka-dugacak-radni-dan-dnevni-red-ima-23-tocke-a-oko-nekih-ce-sigurno-biti-povisenih-tonova\/#local-main-organization-logo"},"sameAs":["https:\/\/www.facebook.com\/Goricainfo-106005144489262","https:\/\/x.com\/GoricaInfo","https:\/\/www.instagram.com\/gorica.info\/"],"address":{"@id":"https:\/\/gorica.info\/gradske-vijecnike-danas-ceka-dugacak-radni-dan-dnevni-red-ima-23-tocke-a-oko-nekih-ce-sigurno-biti-povisenih-tonova\/#local-main-place-address"},"telephone":[],"openingHoursSpecification":[{"@type":"OpeningHoursSpecification","dayOfWeek":["Monday","Tuesday","Wednesday","Thursday","Friday","Saturday","Sunday"],"opens":"09:00","closes":"17:00"}],"email":"redakcija@gorica.info"},{"@type":"Person","@id":"https:\/\/gorica.info\/#\/schema\/person\/4499af1f22f322670b9b5977ccc2e3de","name":"Gorica. info","description":"Gorica.info je lokalni portal koji prati Veliku Goricu i okolici, svakodnevno donosi najnovije vijesti i pri\u010de, kulturna doga\u0111anja i aktualnosti koje oblikuju \u017eivot gra\u0111ana.","url":"https:\/\/gorica.info\/en\/author\/gorica-info\/"},{"@type":"PostalAddress","@id":"https:\/\/gorica.info\/gradske-vijecnike-danas-ceka-dugacak-radni-dan-dnevni-red-ima-23-tocke-a-oko-nekih-ce-sigurno-biti-povisenih-tonova\/#local-main-place-address","streetAddress":"Horvatova 97","addressLocality":"Velika Gorica","postalCode":"10410","addressRegion":"Croatia","addressCountry":"HR"},{"@type":"ImageObject","inLanguage":"en-US","@id":"https:\/\/gorica.info\/gradske-vijecnike-danas-ceka-dugacak-radni-dan-dnevni-red-ima-23-tocke-a-oko-nekih-ce-sigurno-biti-povisenih-tonova\/#local-main-organization-logo","url":"https:\/\/gorica.info\/wp-content\/uploads\/2024\/07\/Gorica-Info-Logo-mali.png","contentUrl":"https:\/\/gorica.info\/wp-content\/uploads\/2024\/07\/Gorica-Info-Logo-mali.png","width":450,"height":85,"caption":"Gorica Info"}]},"geo.placename":"Velika Gorica","geo.region":"Croatia"},"_links":{"self":[{"href":"https:\/\/gorica.info\/en\/wp-json\/wp\/v2\/posts\/57775","targetHints":{"allow":["GET"]}}],"collection":[{"href":"https:\/\/gorica.info\/en\/wp-json\/wp\/v2\/posts"}],"about":[{"href":"https:\/\/gorica.info\/en\/wp-json\/wp\/v2\/types\/post"}],"author":[{"embeddable":true,"href":"https:\/\/gorica.info\/en\/wp-json\/wp\/v2\/users\/23"}],"replies":[{"embeddable":true,"href":"https:\/\/gorica.info\/en\/wp-json\/wp\/v2\/comments?post=57775"}],"version-history":[{"count":0,"href":"https:\/\/gorica.info\/en\/wp-json\/wp\/v2\/posts\/57775\/revisions"}],"wp:featuredmedia":[{"embeddable":true,"href":"https:\/\/gorica.info\/en\/wp-json\/wp\/v2\/media\/57776"}],"wp:attachment":[{"href":"https:\/\/gorica.info\/en\/wp-json\/wp\/v2\/media?parent=57775"}],"wp:term":[{"taxonomy":"category","embeddable":true,"href":"https:\/\/gorica.info\/en\/wp-json\/wp\/v2\/categories?post=57775"},{"taxonomy":"post_tag","embeddable":true,"href":"https:\/\/gorica.info\/en\/wp-json\/wp\/v2\/tags?post=57775"}],"curies":[{"name":"wp","href":"https:\/\/api.w.org\/{rel}","templated":true}]}}