{"id":58722,"date":"2023-12-20T14:34:01","date_gmt":"2023-12-20T13:34:01","guid":{"rendered":"https:\/\/gorica.info\/?p=58722"},"modified":"2023-12-20T14:34:01","modified_gmt":"2023-12-20T13:34:01","slug":"srednjoskolski-dan-na-adventu-u-gorici-dodite-na-besplatnu-frizuru-manikuru-i-pocastite-se-najfinijim-koktelima","status":"publish","type":"post","link":"https:\/\/gorica.info\/en\/srednjoskolski-dan-na-adventu-u-gorici-dodite-na-besplatnu-frizuru-manikuru-i-pocastite-se-najfinijim-koktelima\/","title":{"rendered":"Srednjo\u0161kolski dan na Adventu u Gorici: Do\u0111ite na besplatnu frizuru ili manikuru i po\u010dastite se najfinijim koktelima"},"content":{"rendered":"<p>Na <a href=\"https:\/\/gorica.info\/en\/2023\/12\/03\/poceo-je-carobni-advent-u-gorici-dodite-zabavite-se-i-uzivajte-u-hrani-i-picu-po-prihvatljivim-cijenama\/\">Advent u Gorici<\/a> u \u010detvrtak sti\u017eu<strong> srednjo\u0161kolci iz Srednje strukovne \u0161kole<\/strong> koji se \u0161koluju za uslu\u017ena zanimanja. <strong>Od 16 do 20 sati<\/strong> u<strong> Uredu Bake Bo\u017ei\u0107njak<\/strong> budu\u0107i pedikeri, frizeri i konobari <a href=\"http:\/\/www.ss-strukovna-velikagorica.skole.hr\/\">Srednje strukovne \u0161kole<\/a> pokazat \u0107e \u0161to znaju i umiju.<\/p>\n<p>Sve koji do\u0111u po\u010dastit \u0107e<strong> besplatnom frizurom ili manikurom<\/strong>, a uz to mo\u0107i \u0107ete isprobati i <strong>najfinije koktele<\/strong>.<\/p>\n<p><img fetchpriority=\"high\" decoding=\"async\" class=\"aligncenter wp-image-58723 size-large\" src=\"https:\/\/gorica.info\/wp-content\/uploads\/2023\/12\/advent-srednjoskolski-dan1-1024x768.jpg\" alt=\"\" width=\"810\" height=\"608\" srcset=\"https:\/\/gorica.info\/wp-content\/uploads\/2023\/12\/advent-srednjoskolski-dan1-1024x768.jpg 1024w, https:\/\/gorica.info\/wp-content\/uploads\/2023\/12\/advent-srednjoskolski-dan1-300x225.jpg 300w, https:\/\/gorica.info\/wp-content\/uploads\/2023\/12\/advent-srednjoskolski-dan1-768x576.jpg 768w, https:\/\/gorica.info\/wp-content\/uploads\/2023\/12\/advent-srednjoskolski-dan1-16x12.jpg 16w, https:\/\/gorica.info\/wp-content\/uploads\/2023\/12\/advent-srednjoskolski-dan1-750x562.jpg 750w, https:\/\/gorica.info\/wp-content\/uploads\/2023\/12\/advent-srednjoskolski-dan1.jpg 1067w\" sizes=\"(max-width: 810px) 100vw, 810px\" \/><\/p>","protected":false},"excerpt":{"rendered":"<p>Na Advent u Gorici u \u010detvrtak sti\u017eu srednjo\u0161kolci iz Srednje strukovne \u0161kole koji se \u0161koluju za uslu\u017ena zanimanja. Od 16 do 20 sati u Uredu Bake Bo\u017ei\u0107njak budu\u0107i pedikeri, frizeri i konobari Srednje strukovne \u0161kole pokazat \u0107e \u0161to znaju i umiju. Sve koji do\u0111u po\u010dastit \u0107e besplatnom frizurom ili manikurom, a uz to mo\u0107i \u0107ete [&hellip;]<\/p>\n","protected":false},"author":23,"featured_media":58724,"comment_status":"open","ping_status":"open","sticky":false,"template":"","format":"standard","meta":{"limit_modified_date":"","last_modified_date":"","jnews-multi-image_gallery":[],"jnews_single_post":[],"jnews_primary_category":[],"jnews_override_counter":[],"footnotes":""},"categories":[96],"tags":[8114,12671,7861,5943,12672,194],"class_list":["post-58722","post","type-post","status-publish","format-standard","has-post-thumbnail","hentry","category-vijesti","tag-advent-u-gorici","tag-besplatno-friziranje","tag-kokteli","tag-manikura","tag-srednjoskolski-dan","tag-ucenici"],"yoast_head":"<!-- This site is optimized with the Yoast SEO Premium plugin v27.4 (Yoast SEO v27.4) - https:\/\/yoast.com\/product\/yoast-seo-premium-wordpress\/ -->\n<title>Srednjo\u0161kolski dan na Adventu u Gorici: Do\u0111ite na besplatnu frizuru ili manikuru i po\u010dastite se najfinijim koktelima - Gorica Info<\/title>\n<meta name=\"description\" content=\"Srednjo\u0161kolski dan na Adventu u Gorici: Do\u0111ite na besplatnu frizuru, manikuru i po\u010dastite se najfinijim koktelima\" \/>\n<meta name=\"robots\" content=\"index, follow, max-snippet:-1, max-image-preview:large, max-video-preview:-1\" \/>\n<link rel=\"canonical\" href=\"https:\/\/gorica.info\/en\/srednjoskolski-dan-na-adventu-u-gorici-dodite-na-besplatnu-frizuru-manikuru-i-pocastite-se-najfinijim-koktelima\/\" \/>\n<meta property=\"og:locale\" content=\"en_US\" \/>\n<meta property=\"og:type\" content=\"article\" \/>\n<meta property=\"og:title\" content=\"Srednjo\u0161kolski dan na Adventu u Gorici: Do\u0111ite na besplatnu frizuru ili manikuru i po\u010dastite se najfinijim koktelima\" \/>\n<meta property=\"og:description\" content=\"Srednjo\u0161kolski dan na Adventu u Gorici: Do\u0111ite na besplatnu frizuru, manikuru i po\u010dastite se najfinijim koktelima\" \/>\n<meta property=\"og:url\" content=\"https:\/\/gorica.info\/en\/srednjoskolski-dan-na-adventu-u-gorici-dodite-na-besplatnu-frizuru-manikuru-i-pocastite-se-najfinijim-koktelima\/\" \/>\n<meta property=\"og:site_name\" content=\"Gorica Info\" \/>\n<meta property=\"article:publisher\" content=\"https:\/\/www.facebook.com\/Goricainfo-106005144489262\" \/>\n<meta property=\"article:published_time\" content=\"2023-12-20T13:34:01+00:00\" \/>\n<meta property=\"og:image\" content=\"https:\/\/gorica.info\/wp-content\/uploads\/2023\/12\/advent-srednjoskolski-dan-e1702969007134.jpg\" \/>\n\t<meta property=\"og:image:width\" content=\"768\" \/>\n\t<meta property=\"og:image:height\" content=\"609\" \/>\n\t<meta property=\"og:image:type\" content=\"image\/jpeg\" \/>\n<meta name=\"author\" content=\"Gorica. info\" \/>\n<meta name=\"twitter:card\" content=\"summary_large_image\" \/>\n<meta name=\"twitter:creator\" content=\"@GoricaInfo\" \/>\n<meta name=\"twitter:site\" content=\"@GoricaInfo\" \/>\n<meta name=\"twitter:label1\" content=\"Written by\" \/>\n\t<meta name=\"twitter:data1\" content=\"Gorica. info\" \/>\n\t<meta name=\"twitter:label2\" content=\"Est. reading time\" \/>\n\t<meta name=\"twitter:data2\" content=\"1 minute\" \/>\n<meta name=\"geo.placename\" content=\"Velika Gorica\" \/>\n<meta name=\"geo.region\" content=\"Croatia\" \/>\n<!-- \/ Yoast SEO Premium plugin. -->","yoast_head_json":{"title":"Srednjo\u0161kolski dan na Adventu u Gorici: Do\u0111ite na besplatnu frizuru ili manikuru i po\u010dastite se najfinijim koktelima - Gorica Info","description":"Srednjo\u0161kolski dan na Adventu u Gorici: Do\u0111ite na besplatnu frizuru, manikuru i po\u010dastite se najfinijim koktelima","robots":{"index":"index","follow":"follow","max-snippet":"max-snippet:-1","max-image-preview":"max-image-preview:large","max-video-preview":"max-video-preview:-1"},"canonical":"https:\/\/gorica.info\/en\/srednjoskolski-dan-na-adventu-u-gorici-dodite-na-besplatnu-frizuru-manikuru-i-pocastite-se-najfinijim-koktelima\/","og_locale":"en_US","og_type":"article","og_title":"Srednjo\u0161kolski dan na Adventu u Gorici: Do\u0111ite na besplatnu frizuru ili manikuru i po\u010dastite se najfinijim koktelima","og_description":"Srednjo\u0161kolski dan na Adventu u Gorici: Do\u0111ite na besplatnu frizuru, manikuru i po\u010dastite se najfinijim koktelima","og_url":"https:\/\/gorica.info\/en\/srednjoskolski-dan-na-adventu-u-gorici-dodite-na-besplatnu-frizuru-manikuru-i-pocastite-se-najfinijim-koktelima\/","og_site_name":"Gorica Info","article_publisher":"https:\/\/www.facebook.com\/Goricainfo-106005144489262","article_published_time":"2023-12-20T13:34:01+00:00","og_image":[{"width":768,"height":609,"url":"https:\/\/gorica.info\/wp-content\/uploads\/2023\/12\/advent-srednjoskolski-dan-e1702969007134.jpg","type":"image\/jpeg"}],"author":"Gorica. info","twitter_card":"summary_large_image","twitter_creator":"@GoricaInfo","twitter_site":"@GoricaInfo","twitter_misc":{"Written by":"Gorica. info","Est. reading time":"1 minute"},"schema":{"@context":"https:\/\/schema.org","@graph":[{"@type":"NewsArticle","@id":"https:\/\/gorica.info\/srednjoskolski-dan-na-adventu-u-gorici-dodite-na-besplatnu-frizuru-manikuru-i-pocastite-se-najfinijim-koktelima\/#article","isPartOf":{"@id":"https:\/\/gorica.info\/srednjoskolski-dan-na-adventu-u-gorici-dodite-na-besplatnu-frizuru-manikuru-i-pocastite-se-najfinijim-koktelima\/"},"author":{"name":"Gorica. info","@id":"https:\/\/gorica.info\/#\/schema\/person\/4499af1f22f322670b9b5977ccc2e3de"},"headline":"Srednjo\u0161kolski dan na Adventu u Gorici: Do\u0111ite na besplatnu frizuru ili manikuru i po\u010dastite se najfinijim koktelima","datePublished":"2023-12-20T13:34:01+00:00","mainEntityOfPage":{"@id":"https:\/\/gorica.info\/srednjoskolski-dan-na-adventu-u-gorici-dodite-na-besplatnu-frizuru-manikuru-i-pocastite-se-najfinijim-koktelima\/"},"wordCount":86,"commentCount":0,"publisher":{"@id":"https:\/\/gorica.info\/#organization"},"image":{"@id":"https:\/\/gorica.info\/srednjoskolski-dan-na-adventu-u-gorici-dodite-na-besplatnu-frizuru-manikuru-i-pocastite-se-najfinijim-koktelima\/#primaryimage"},"thumbnailUrl":"https:\/\/gorica.info\/wp-content\/uploads\/2023\/12\/advent-srednjoskolski-dan-e1702969007134.jpg","keywords":["advent u gorici","besplatno friziranje","kokteli","manikura","srednjo\u0161kolski dan","u\u010denici"],"articleSection":["VIJESTI"],"inLanguage":"en-US","potentialAction":[{"@type":"CommentAction","name":"Comment","target":["https:\/\/gorica.info\/srednjoskolski-dan-na-adventu-u-gorici-dodite-na-besplatnu-frizuru-manikuru-i-pocastite-se-najfinijim-koktelima\/#respond"]}],"copyrightYear":"2023","copyrightHolder":{"@id":"https:\/\/gorica.info\/en\/#organization"}},{"@type":"WebPage","@id":"https:\/\/gorica.info\/srednjoskolski-dan-na-adventu-u-gorici-dodite-na-besplatnu-frizuru-manikuru-i-pocastite-se-najfinijim-koktelima\/","url":"https:\/\/gorica.info\/srednjoskolski-dan-na-adventu-u-gorici-dodite-na-besplatnu-frizuru-manikuru-i-pocastite-se-najfinijim-koktelima\/","name":"Srednjo\u0161kolski dan na Adventu u Gorici: Do\u0111ite na besplatnu frizuru ili manikuru i po\u010dastite se najfinijim koktelima - Gorica Info","isPartOf":{"@id":"https:\/\/gorica.info\/#website"},"primaryImageOfPage":{"@id":"https:\/\/gorica.info\/srednjoskolski-dan-na-adventu-u-gorici-dodite-na-besplatnu-frizuru-manikuru-i-pocastite-se-najfinijim-koktelima\/#primaryimage"},"image":{"@id":"https:\/\/gorica.info\/srednjoskolski-dan-na-adventu-u-gorici-dodite-na-besplatnu-frizuru-manikuru-i-pocastite-se-najfinijim-koktelima\/#primaryimage"},"thumbnailUrl":"https:\/\/gorica.info\/wp-content\/uploads\/2023\/12\/advent-srednjoskolski-dan-e1702969007134.jpg","datePublished":"2023-12-20T13:34:01+00:00","description":"Srednjo\u0161kolski dan na Adventu u Gorici: Do\u0111ite na besplatnu frizuru, manikuru i po\u010dastite se najfinijim koktelima","breadcrumb":{"@id":"https:\/\/gorica.info\/srednjoskolski-dan-na-adventu-u-gorici-dodite-na-besplatnu-frizuru-manikuru-i-pocastite-se-najfinijim-koktelima\/#breadcrumb"},"inLanguage":"en-US","potentialAction":[{"@type":"ReadAction","target":["https:\/\/gorica.info\/srednjoskolski-dan-na-adventu-u-gorici-dodite-na-besplatnu-frizuru-manikuru-i-pocastite-se-najfinijim-koktelima\/"]}]},{"@type":"ImageObject","inLanguage":"en-US","@id":"https:\/\/gorica.info\/srednjoskolski-dan-na-adventu-u-gorici-dodite-na-besplatnu-frizuru-manikuru-i-pocastite-se-najfinijim-koktelima\/#primaryimage","url":"https:\/\/gorica.info\/wp-content\/uploads\/2023\/12\/advent-srednjoskolski-dan-e1702969007134.jpg","contentUrl":"https:\/\/gorica.info\/wp-content\/uploads\/2023\/12\/advent-srednjoskolski-dan-e1702969007134.jpg","width":768,"height":609,"caption":"Foto: Advent u Gorici"},{"@type":"BreadcrumbList","@id":"https:\/\/gorica.info\/srednjoskolski-dan-na-adventu-u-gorici-dodite-na-besplatnu-frizuru-manikuru-i-pocastite-se-najfinijim-koktelima\/#breadcrumb","itemListElement":[{"@type":"ListItem","position":1,"name":"Po\u010detna stranica","item":"https:\/\/gorica.info\/"},{"@type":"ListItem","position":2,"name":"Srednjo\u0161kolski dan na Adventu u Gorici: Do\u0111ite na besplatnu frizuru ili manikuru i po\u010dastite se najfinijim koktelima"}]},{"@type":"WebSite","@id":"https:\/\/gorica.info\/#website","url":"https:\/\/gorica.info\/","name":"Gorica Info","description":"Vijesti iz Velike Gorice i okolice.","publisher":{"@id":"https:\/\/gorica.info\/#organization"},"potentialAction":[{"@type":"SearchAction","target":{"@type":"EntryPoint","urlTemplate":"https:\/\/gorica.info\/?s={search_term_string}"},"query-input":{"@type":"PropertyValueSpecification","valueRequired":true,"valueName":"search_term_string"}}],"inLanguage":"en-US"},{"@type":["Organization","Place","NewsMediaOrganization"],"@id":"https:\/\/gorica.info\/#organization","name":"Gorica Info","url":"https:\/\/gorica.info\/","logo":{"@id":"https:\/\/gorica.info\/srednjoskolski-dan-na-adventu-u-gorici-dodite-na-besplatnu-frizuru-manikuru-i-pocastite-se-najfinijim-koktelima\/#local-main-organization-logo"},"image":{"@id":"https:\/\/gorica.info\/srednjoskolski-dan-na-adventu-u-gorici-dodite-na-besplatnu-frizuru-manikuru-i-pocastite-se-najfinijim-koktelima\/#local-main-organization-logo"},"sameAs":["https:\/\/www.facebook.com\/Goricainfo-106005144489262","https:\/\/x.com\/GoricaInfo","https:\/\/www.instagram.com\/gorica.info\/"],"address":{"@id":"https:\/\/gorica.info\/srednjoskolski-dan-na-adventu-u-gorici-dodite-na-besplatnu-frizuru-manikuru-i-pocastite-se-najfinijim-koktelima\/#local-main-place-address"},"telephone":[],"openingHoursSpecification":[{"@type":"OpeningHoursSpecification","dayOfWeek":["Monday","Tuesday","Wednesday","Thursday","Friday","Saturday","Sunday"],"opens":"09:00","closes":"17:00"}],"email":"redakcija@gorica.info"},{"@type":"Person","@id":"https:\/\/gorica.info\/#\/schema\/person\/4499af1f22f322670b9b5977ccc2e3de","name":"Gorica. info","description":"Gorica.info je lokalni portal koji prati Veliku Goricu i okolici, svakodnevno donosi najnovije vijesti i pri\u010de, kulturna doga\u0111anja i aktualnosti koje oblikuju \u017eivot gra\u0111ana.","url":"https:\/\/gorica.info\/en\/author\/gorica-info\/"},{"@type":"PostalAddress","@id":"https:\/\/gorica.info\/srednjoskolski-dan-na-adventu-u-gorici-dodite-na-besplatnu-frizuru-manikuru-i-pocastite-se-najfinijim-koktelima\/#local-main-place-address","streetAddress":"Horvatova 97","addressLocality":"Velika Gorica","postalCode":"10410","addressRegion":"Croatia","addressCountry":"HR"},{"@type":"ImageObject","inLanguage":"en-US","@id":"https:\/\/gorica.info\/srednjoskolski-dan-na-adventu-u-gorici-dodite-na-besplatnu-frizuru-manikuru-i-pocastite-se-najfinijim-koktelima\/#local-main-organization-logo","url":"https:\/\/gorica.info\/wp-content\/uploads\/2024\/07\/Gorica-Info-Logo-mali.png","contentUrl":"https:\/\/gorica.info\/wp-content\/uploads\/2024\/07\/Gorica-Info-Logo-mali.png","width":450,"height":85,"caption":"Gorica Info"}]},"geo.placename":"Velika Gorica","geo.region":"Croatia"},"_links":{"self":[{"href":"https:\/\/gorica.info\/en\/wp-json\/wp\/v2\/posts\/58722","targetHints":{"allow":["GET"]}}],"collection":[{"href":"https:\/\/gorica.info\/en\/wp-json\/wp\/v2\/posts"}],"about":[{"href":"https:\/\/gorica.info\/en\/wp-json\/wp\/v2\/types\/post"}],"author":[{"embeddable":true,"href":"https:\/\/gorica.info\/en\/wp-json\/wp\/v2\/users\/23"}],"replies":[{"embeddable":true,"href":"https:\/\/gorica.info\/en\/wp-json\/wp\/v2\/comments?post=58722"}],"version-history":[{"count":0,"href":"https:\/\/gorica.info\/en\/wp-json\/wp\/v2\/posts\/58722\/revisions"}],"wp:featuredmedia":[{"embeddable":true,"href":"https:\/\/gorica.info\/en\/wp-json\/wp\/v2\/media\/58724"}],"wp:attachment":[{"href":"https:\/\/gorica.info\/en\/wp-json\/wp\/v2\/media?parent=58722"}],"wp:term":[{"taxonomy":"category","embeddable":true,"href":"https:\/\/gorica.info\/en\/wp-json\/wp\/v2\/categories?post=58722"},{"taxonomy":"post_tag","embeddable":true,"href":"https:\/\/gorica.info\/en\/wp-json\/wp\/v2\/tags?post=58722"}],"curies":[{"name":"wp","href":"https:\/\/api.w.org\/{rel}","templated":true}]}}