{"id":59217,"date":"2024-01-01T09:32:05","date_gmt":"2024-01-01T08:32:05","guid":{"rendered":"https:\/\/gorica.info\/?p=59217"},"modified":"2024-01-01T09:32:05","modified_gmt":"2024-01-01T08:32:05","slug":"u-novogodisnjoj-noci-djetetu-petarda-eksplodirala-u-ruci-zadobilo-je-teske-ozljede","status":"publish","type":"post","link":"https:\/\/gorica.info\/en\/u-novogodisnjoj-noci-djetetu-petarda-eksplodirala-u-ruci-zadobilo-je-teske-ozljede\/","title":{"rendered":"U novogodi\u0161njoj no\u0107i: Djetetu petarda eksplodirala u ruci. Zadobilo je te\u0161ke ozljede \u0161ake"},"content":{"rendered":"<p>U novogodi\u0161njoj no\u0107i<strong> te\u0161ke ozljede<\/strong> zadobilo je dijete kojemu je <strong>petarda eksplodirala<\/strong> u ruci.<\/p>\n<p>Kako su izvijestili iz<a href=\"https:\/\/osjecko-baranjska-policija.gov.hr\/vijesti\/djetetu-petarda-eksplodirala-u-ruci\/39677\"> policije<\/a>, u vikend-naselju kod Ladimirevaca na podru\u010dju Valpova sino\u0107 oko 23 sata, prilikom nestru\u010dnog rukovanja s pirotehni\u010dkim sredstvima, djetetu je eksplodirala petarda u ruci. Dijete je zadobilo ozljede \u0161ake.<\/p>\n<p>Dijete je hitno prevezeno u Klini\u010dki bolni\u010dki centar Osijek, gdje su lije\u010dnici utvrdili da ima te\u0161ke tjelesne ozljede.\u00a0Vi\u0161e detalja o nesre\u0107i bit \u0107e poznato dana.<\/p>\n<p>Iz policija <strong>apeliraju na roditelje<\/strong> da paze na <a href=\"https:\/\/gorica.info\/en\/?s=ozlije%C4%91eno+dijete\">djecu<\/a> i ne dopu\u0161taju im upotrebu pirotehnike. Roditelji koji omogu\u0107e uporabu pirotehni\u010dkih sredstava djeci mla\u0111oj od 14 godina mogu biti nov\u010dano ka\u017enjeni kaznom do<strong> 390 eura.<\/strong><\/p>","protected":false},"excerpt":{"rendered":"<p>U novogodi\u0161njoj no\u0107i te\u0161ke ozljede zadobilo je dijete kojemu je petarda eksplodirala u ruci. Kako su izvijestili iz policije, u vikend-naselju kod Ladimirevaca na podru\u010dju Valpova sino\u0107 oko 23 sata, prilikom nestru\u010dnog rukovanja s pirotehni\u010dkim sredstvima, djetetu je eksplodirala petarda u ruci. Dijete je zadobilo ozljede \u0161ake. Dijete je hitno prevezeno u Klini\u010dki bolni\u010dki centar [&hellip;]<\/p>\n","protected":false},"author":23,"featured_media":59218,"comment_status":"open","ping_status":"open","sticky":false,"template":"","format":"standard","meta":{"limit_modified_date":"","last_modified_date":"","jnews-multi-image_gallery":[],"jnews_single_post":[],"jnews_primary_category":[],"jnews_override_counter":[],"footnotes":""},"categories":[96],"tags":[1542,4110,4111,1598],"class_list":["post-59217","post","type-post","status-publish","format-standard","has-post-thumbnail","hentry","category-vijesti","tag-dijete","tag-kazne-za-roditelje","tag-petarda","tag-teske-ozljede"],"yoast_head":"<!-- This site is optimized with the Yoast SEO Premium plugin v27.4 (Yoast SEO v27.4) - https:\/\/yoast.com\/product\/yoast-seo-premium-wordpress\/ -->\n<title>U novogodi\u0161njoj no\u0107i: Djetetu petarda eksplodirala u ruci. Zadobilo je te\u0161ke ozljede \u0161ake - Gorica Info<\/title>\n<meta name=\"description\" content=\"U novogodi\u0161njoj no\u0107i kod Valpova: Djetetu petarda eksplodirala u ruci. Zadobilo je te\u0161ke ozljede \u0161ake, objavila je policija.\" \/>\n<meta name=\"robots\" content=\"index, follow, max-snippet:-1, max-image-preview:large, max-video-preview:-1\" \/>\n<link rel=\"canonical\" href=\"https:\/\/gorica.info\/en\/u-novogodisnjoj-noci-djetetu-petarda-eksplodirala-u-ruci-zadobilo-je-teske-ozljede\/\" \/>\n<meta property=\"og:locale\" content=\"en_US\" \/>\n<meta property=\"og:type\" content=\"article\" \/>\n<meta property=\"og:title\" content=\"U novogodi\u0161njoj no\u0107i: Djetetu petarda eksplodirala u ruci. Zadobilo je te\u0161ke ozljede \u0161ake\" \/>\n<meta property=\"og:description\" content=\"U novogodi\u0161njoj no\u0107i kod Valpova: Djetetu petarda eksplodirala u ruci. Zadobilo je te\u0161ke ozljede \u0161ake, objavila je policija.\" \/>\n<meta property=\"og:url\" content=\"https:\/\/gorica.info\/en\/u-novogodisnjoj-noci-djetetu-petarda-eksplodirala-u-ruci-zadobilo-je-teske-ozljede\/\" \/>\n<meta property=\"og:site_name\" content=\"Gorica Info\" \/>\n<meta property=\"article:publisher\" content=\"https:\/\/www.facebook.com\/Goricainfo-106005144489262\" \/>\n<meta property=\"article:published_time\" content=\"2024-01-01T08:32:05+00:00\" \/>\n<meta property=\"og:image\" content=\"https:\/\/gorica.info\/wp-content\/uploads\/2024\/01\/pirotehnika-foto-policija.jpg\" \/>\n\t<meta property=\"og:image:width\" content=\"750\" \/>\n\t<meta property=\"og:image:height\" content=\"500\" \/>\n\t<meta property=\"og:image:type\" content=\"image\/jpeg\" \/>\n<meta name=\"author\" content=\"Gorica. info\" \/>\n<meta name=\"twitter:card\" content=\"summary_large_image\" \/>\n<meta name=\"twitter:creator\" content=\"@GoricaInfo\" \/>\n<meta name=\"twitter:site\" content=\"@GoricaInfo\" \/>\n<meta name=\"twitter:label1\" content=\"Written by\" \/>\n\t<meta name=\"twitter:data1\" content=\"Gorica. info\" \/>\n\t<meta name=\"twitter:label2\" content=\"Est. reading time\" \/>\n\t<meta name=\"twitter:data2\" content=\"1 minute\" \/>\n<meta name=\"geo.placename\" content=\"Velika Gorica\" \/>\n<meta name=\"geo.region\" content=\"Croatia\" \/>\n<!-- \/ Yoast SEO Premium plugin. -->","yoast_head_json":{"title":"U novogodi\u0161njoj no\u0107i: Djetetu petarda eksplodirala u ruci. Zadobilo je te\u0161ke ozljede \u0161ake - Gorica Info","description":"U novogodi\u0161njoj no\u0107i kod Valpova: Djetetu petarda eksplodirala u ruci. Zadobilo je te\u0161ke ozljede \u0161ake, objavila je policija.","robots":{"index":"index","follow":"follow","max-snippet":"max-snippet:-1","max-image-preview":"max-image-preview:large","max-video-preview":"max-video-preview:-1"},"canonical":"https:\/\/gorica.info\/en\/u-novogodisnjoj-noci-djetetu-petarda-eksplodirala-u-ruci-zadobilo-je-teske-ozljede\/","og_locale":"en_US","og_type":"article","og_title":"U novogodi\u0161njoj no\u0107i: Djetetu petarda eksplodirala u ruci. Zadobilo je te\u0161ke ozljede \u0161ake","og_description":"U novogodi\u0161njoj no\u0107i kod Valpova: Djetetu petarda eksplodirala u ruci. Zadobilo je te\u0161ke ozljede \u0161ake, objavila je policija.","og_url":"https:\/\/gorica.info\/en\/u-novogodisnjoj-noci-djetetu-petarda-eksplodirala-u-ruci-zadobilo-je-teske-ozljede\/","og_site_name":"Gorica Info","article_publisher":"https:\/\/www.facebook.com\/Goricainfo-106005144489262","article_published_time":"2024-01-01T08:32:05+00:00","og_image":[{"width":750,"height":500,"url":"https:\/\/gorica.info\/wp-content\/uploads\/2024\/01\/pirotehnika-foto-policija.jpg","type":"image\/jpeg"}],"author":"Gorica. info","twitter_card":"summary_large_image","twitter_creator":"@GoricaInfo","twitter_site":"@GoricaInfo","twitter_misc":{"Written by":"Gorica. info","Est. reading time":"1 minute"},"schema":{"@context":"https:\/\/schema.org","@graph":[{"@type":"NewsArticle","@id":"https:\/\/gorica.info\/u-novogodisnjoj-noci-djetetu-petarda-eksplodirala-u-ruci-zadobilo-je-teske-ozljede\/#article","isPartOf":{"@id":"https:\/\/gorica.info\/u-novogodisnjoj-noci-djetetu-petarda-eksplodirala-u-ruci-zadobilo-je-teske-ozljede\/"},"author":{"name":"Gorica. info","@id":"https:\/\/gorica.info\/#\/schema\/person\/4499af1f22f322670b9b5977ccc2e3de"},"headline":"U novogodi\u0161njoj no\u0107i: Djetetu petarda eksplodirala u ruci. Zadobilo je te\u0161ke ozljede \u0161ake","datePublished":"2024-01-01T08:32:05+00:00","mainEntityOfPage":{"@id":"https:\/\/gorica.info\/u-novogodisnjoj-noci-djetetu-petarda-eksplodirala-u-ruci-zadobilo-je-teske-ozljede\/"},"wordCount":138,"commentCount":0,"publisher":{"@id":"https:\/\/gorica.info\/#organization"},"image":{"@id":"https:\/\/gorica.info\/u-novogodisnjoj-noci-djetetu-petarda-eksplodirala-u-ruci-zadobilo-je-teske-ozljede\/#primaryimage"},"thumbnailUrl":"https:\/\/gorica.info\/wp-content\/uploads\/2024\/01\/pirotehnika-foto-policija.jpg","keywords":["dijete","kazne za roditelje","petarda","te\u0161ke ozljede"],"articleSection":["VIJESTI"],"inLanguage":"en-US","potentialAction":[{"@type":"CommentAction","name":"Comment","target":["https:\/\/gorica.info\/u-novogodisnjoj-noci-djetetu-petarda-eksplodirala-u-ruci-zadobilo-je-teske-ozljede\/#respond"]}],"copyrightYear":"2024","copyrightHolder":{"@id":"https:\/\/gorica.info\/en\/#organization"}},{"@type":"WebPage","@id":"https:\/\/gorica.info\/u-novogodisnjoj-noci-djetetu-petarda-eksplodirala-u-ruci-zadobilo-je-teske-ozljede\/","url":"https:\/\/gorica.info\/u-novogodisnjoj-noci-djetetu-petarda-eksplodirala-u-ruci-zadobilo-je-teske-ozljede\/","name":"U novogodi\u0161njoj no\u0107i: Djetetu petarda eksplodirala u ruci. Zadobilo je te\u0161ke ozljede \u0161ake - Gorica Info","isPartOf":{"@id":"https:\/\/gorica.info\/#website"},"primaryImageOfPage":{"@id":"https:\/\/gorica.info\/u-novogodisnjoj-noci-djetetu-petarda-eksplodirala-u-ruci-zadobilo-je-teske-ozljede\/#primaryimage"},"image":{"@id":"https:\/\/gorica.info\/u-novogodisnjoj-noci-djetetu-petarda-eksplodirala-u-ruci-zadobilo-je-teske-ozljede\/#primaryimage"},"thumbnailUrl":"https:\/\/gorica.info\/wp-content\/uploads\/2024\/01\/pirotehnika-foto-policija.jpg","datePublished":"2024-01-01T08:32:05+00:00","description":"U novogodi\u0161njoj no\u0107i kod Valpova: Djetetu petarda eksplodirala u ruci. Zadobilo je te\u0161ke ozljede \u0161ake, objavila je policija.","breadcrumb":{"@id":"https:\/\/gorica.info\/u-novogodisnjoj-noci-djetetu-petarda-eksplodirala-u-ruci-zadobilo-je-teske-ozljede\/#breadcrumb"},"inLanguage":"en-US","potentialAction":[{"@type":"ReadAction","target":["https:\/\/gorica.info\/u-novogodisnjoj-noci-djetetu-petarda-eksplodirala-u-ruci-zadobilo-je-teske-ozljede\/"]}]},{"@type":"ImageObject","inLanguage":"en-US","@id":"https:\/\/gorica.info\/u-novogodisnjoj-noci-djetetu-petarda-eksplodirala-u-ruci-zadobilo-je-teske-ozljede\/#primaryimage","url":"https:\/\/gorica.info\/wp-content\/uploads\/2024\/01\/pirotehnika-foto-policija.jpg","contentUrl":"https:\/\/gorica.info\/wp-content\/uploads\/2024\/01\/pirotehnika-foto-policija.jpg","width":750,"height":500,"caption":"Foto: Policija"},{"@type":"BreadcrumbList","@id":"https:\/\/gorica.info\/u-novogodisnjoj-noci-djetetu-petarda-eksplodirala-u-ruci-zadobilo-je-teske-ozljede\/#breadcrumb","itemListElement":[{"@type":"ListItem","position":1,"name":"Po\u010detna stranica","item":"https:\/\/gorica.info\/"},{"@type":"ListItem","position":2,"name":"U novogodi\u0161njoj no\u0107i: Djetetu petarda eksplodirala u ruci. Zadobilo je te\u0161ke ozljede \u0161ake"}]},{"@type":"WebSite","@id":"https:\/\/gorica.info\/#website","url":"https:\/\/gorica.info\/","name":"Gorica Info","description":"Vijesti iz Velike Gorice i okolice.","publisher":{"@id":"https:\/\/gorica.info\/#organization"},"potentialAction":[{"@type":"SearchAction","target":{"@type":"EntryPoint","urlTemplate":"https:\/\/gorica.info\/?s={search_term_string}"},"query-input":{"@type":"PropertyValueSpecification","valueRequired":true,"valueName":"search_term_string"}}],"inLanguage":"en-US"},{"@type":["Organization","Place","NewsMediaOrganization"],"@id":"https:\/\/gorica.info\/#organization","name":"Gorica Info","url":"https:\/\/gorica.info\/","logo":{"@id":"https:\/\/gorica.info\/u-novogodisnjoj-noci-djetetu-petarda-eksplodirala-u-ruci-zadobilo-je-teske-ozljede\/#local-main-organization-logo"},"image":{"@id":"https:\/\/gorica.info\/u-novogodisnjoj-noci-djetetu-petarda-eksplodirala-u-ruci-zadobilo-je-teske-ozljede\/#local-main-organization-logo"},"sameAs":["https:\/\/www.facebook.com\/Goricainfo-106005144489262","https:\/\/x.com\/GoricaInfo","https:\/\/www.instagram.com\/gorica.info\/"],"address":{"@id":"https:\/\/gorica.info\/u-novogodisnjoj-noci-djetetu-petarda-eksplodirala-u-ruci-zadobilo-je-teske-ozljede\/#local-main-place-address"},"telephone":[],"openingHoursSpecification":[{"@type":"OpeningHoursSpecification","dayOfWeek":["Monday","Tuesday","Wednesday","Thursday","Friday","Saturday","Sunday"],"opens":"09:00","closes":"17:00"}],"email":"redakcija@gorica.info"},{"@type":"Person","@id":"https:\/\/gorica.info\/#\/schema\/person\/4499af1f22f322670b9b5977ccc2e3de","name":"Gorica. info","description":"Gorica.info je lokalni portal koji prati Veliku Goricu i okolici, svakodnevno donosi najnovije vijesti i pri\u010de, kulturna doga\u0111anja i aktualnosti koje oblikuju \u017eivot gra\u0111ana.","url":"https:\/\/gorica.info\/en\/author\/gorica-info\/"},{"@type":"PostalAddress","@id":"https:\/\/gorica.info\/u-novogodisnjoj-noci-djetetu-petarda-eksplodirala-u-ruci-zadobilo-je-teske-ozljede\/#local-main-place-address","streetAddress":"Horvatova 97","addressLocality":"Velika Gorica","postalCode":"10410","addressRegion":"Croatia","addressCountry":"HR"},{"@type":"ImageObject","inLanguage":"en-US","@id":"https:\/\/gorica.info\/u-novogodisnjoj-noci-djetetu-petarda-eksplodirala-u-ruci-zadobilo-je-teske-ozljede\/#local-main-organization-logo","url":"https:\/\/gorica.info\/wp-content\/uploads\/2024\/07\/Gorica-Info-Logo-mali.png","contentUrl":"https:\/\/gorica.info\/wp-content\/uploads\/2024\/07\/Gorica-Info-Logo-mali.png","width":450,"height":85,"caption":"Gorica Info"}]},"geo.placename":"Velika Gorica","geo.region":"Croatia"},"_links":{"self":[{"href":"https:\/\/gorica.info\/en\/wp-json\/wp\/v2\/posts\/59217","targetHints":{"allow":["GET"]}}],"collection":[{"href":"https:\/\/gorica.info\/en\/wp-json\/wp\/v2\/posts"}],"about":[{"href":"https:\/\/gorica.info\/en\/wp-json\/wp\/v2\/types\/post"}],"author":[{"embeddable":true,"href":"https:\/\/gorica.info\/en\/wp-json\/wp\/v2\/users\/23"}],"replies":[{"embeddable":true,"href":"https:\/\/gorica.info\/en\/wp-json\/wp\/v2\/comments?post=59217"}],"version-history":[{"count":0,"href":"https:\/\/gorica.info\/en\/wp-json\/wp\/v2\/posts\/59217\/revisions"}],"wp:featuredmedia":[{"embeddable":true,"href":"https:\/\/gorica.info\/en\/wp-json\/wp\/v2\/media\/59218"}],"wp:attachment":[{"href":"https:\/\/gorica.info\/en\/wp-json\/wp\/v2\/media?parent=59217"}],"wp:term":[{"taxonomy":"category","embeddable":true,"href":"https:\/\/gorica.info\/en\/wp-json\/wp\/v2\/categories?post=59217"},{"taxonomy":"post_tag","embeddable":true,"href":"https:\/\/gorica.info\/en\/wp-json\/wp\/v2\/tags?post=59217"}],"curies":[{"name":"wp","href":"https:\/\/api.w.org\/{rel}","templated":true}]}}