{"id":59365,"date":"2024-01-06T09:28:56","date_gmt":"2024-01-06T08:28:56","guid":{"rendered":"https:\/\/gorica.info\/?p=59365"},"modified":"2024-06-22T17:12:02","modified_gmt":"2024-06-22T15:12:02","slug":"ovaj-vikend-nam-stize-prava-zima-temperature-padaju-bit-ce-kise-vjerojatno-i-snijega-a-u-nedjelju-moguc-i-jaci-vjetar","status":"publish","type":"post","link":"https:\/\/gorica.info\/en\/ovaj-vikend-nam-stize-prava-zima-temperature-padaju-bit-ce-kise-vjerojatno-i-snijega-a-u-nedjelju-moguc-i-jaci-vjetar\/","title":{"rendered":"Ovaj vikend nam sti\u017ee prava zima: Temperature padaju, bit \u0107e ki\u0161e, vjerojatno i snijega, a u nedjelju mogu\u0107 i ja\u010di vjetar"},"content":{"rendered":"<p>Prava zima sti\u0107i \u0107e ovaj vikend i u na\u0161e krajeve. Vrijeme \u0107e se po\u010deti mijenjati danas, a nedjelja bi trebala biti prava zimska. Nakon <a href=\"https:\/\/gorica.info\/en\/2024\/01\/03\/proljece-na-pocetku-sijecnja-u-velikoj-gorici-danas-u-13-sati-izmjereno-gotovo-15-stupnjeva-celzijevih\/\">nekoliko \u201cproljetnih\u201c tjedana<\/a>, temperature \u0107e se spustiti na zimske vrijednosti, a bit \u0107e i padalina.<\/p>\n<p><strong>Evo prognoze <a href=\"https:\/\/meteo.hr\/index.php\">DHMZ-a<\/a> za nedjelju:<\/strong><\/p>\n<p>Obla\u010dno s povremenom ki\u0161om. Prema ve\u010deri \u0107e uz zahladnjenje ki\u0161a prelaziti u susnje\u017eicu i snijeg, ponajprije u okolnom gorju gdje se o\u010dekuje i stvaranje snje\u017enog pokriva\u010da. Puhat \u0107e umjeren do jak sjeverni i sjeveroisto\u010dni vjetar, posebice u okolnom gorju na udare olujan. Temperatura zraka u postupnom padu, od jutarnjih 6 do ve\u010dernjih 0 \u00b0C.<\/p>\n<p>Za nedjelju ogla\u0161en je i \u017euti meteoalarm za \u0161ire zagreba\u010dko i velikogori\u010dko podru\u010dje zbog jakog vjetra. O\u010dekuje se sjevernjak koji bi mogao na mahove puhati i br\u017ee od 55 kilometara na sat.<\/p>\n<p>Upozorenje voza\u010dima objavio je i Hrvatski autoklub.<\/p>\n<p>\u201cKolnici su mokri i skliski u ve\u0107em dijelu zemlje. Na cestama u gorju i du\u017e Jadranske magistrale (DC8) mogu\u0107i su odroni. Voza\u010dima savjetujemo da brzinu i na\u010din vo\u017enje prilagode uvjetima na cestama, odr\u017eavaju sigurnosni razmak izme\u0111u vozila i na put ne kre\u0107u bez zimske opreme\u201c, navodi se u upozorenju HAK-a.<\/p>\n<p>Reagirao je i Hrvatski zavod za javno zdravstvo objavljuju\u0107i preporuke za za\u0161titu od velikih hladno\u0107a koje mo\u017eete pro\u010ditati <a href=\"https:\/\/www.hzjz.hr\/aktualnosti\/zastita-od-velikih-hladnoca-preporuke-za-javnost-2\/\">OVDJE<\/a>.<\/p>\n<p>Ipak, iako sti\u017ee prava zima, treba re\u0107i da, barem zasad, nema najavljenih velikih hladno\u0107a i potrebe za panikom. Temperature \u0107e pasti, bit \u0107e ispod nule, do\u0107i \u0107e i do minus pet ili minus \u0161est, no sjetimo se da smo u sije\u010dnju, zima je i takve vremenske \u00a0prilike su o\u010dekivane.<\/p>","protected":false},"excerpt":{"rendered":"<p>Prava zima sti\u0107i \u0107e ovaj vikend i u na\u0161e krajeve. Vrijeme \u0107e se po\u010deti mijenjati danas, a nedjelja bi trebala biti prava zimska. Nakon nekoliko \u201cproljetnih\u201c tjedana, temperature \u0107e se spustiti na zimske vrijednosti, a bit \u0107e i padalina. Evo prognoze DHMZ-a za nedjelju: Obla\u010dno s povremenom ki\u0161om. Prema ve\u010deri \u0107e uz zahladnjenje ki\u0161a prelaziti [&hellip;]<\/p>\n","protected":false},"author":23,"featured_media":68252,"comment_status":"open","ping_status":"open","sticky":false,"template":"","format":"standard","meta":{"limit_modified_date":"","last_modified_date":"","jnews-multi-image_gallery":[],"jnews_single_post":{"subtitle":"","format":"standard","video":"","gallery":"","source_name":"","source_url":"","via_name":"","via_url":"","override_template":"0","override":[{"template":"3","single_blog_custom":"","parallax":"1","fullscreen":"1","layout":"right-sidebar","sidebar":"default-sidebar","second_sidebar":"default-sidebar","sticky_sidebar":"1","share_position":"bottom","share_float_style":"share-monocrhome","show_share_counter":"1","show_view_counter":"1","show_featured":"1","show_post_meta":"1","show_post_author":"1","show_post_author_image":"1","show_post_date":"1","post_date_format":"default","post_date_format_custom":"Y\/m\/d","show_post_category":"1","show_post_reading_time":"1","post_reading_time_wpm":"300","show_zoom_button":"0","zoom_button_out_step":"2","zoom_button_in_step":"3","show_post_tag":"1","show_prev_next_post":"0","show_popup_post":"1","number_popup_post":"1","show_author_box":"0","show_post_related":"1","show_inline_post_related":"0"}],"override_image_size":"0","image_override":[{"single_post_thumbnail_size":"crop-500","single_post_gallery_size":"crop-500"}],"trending_post":"0","trending_post_position":"meta","trending_post_label":"Trending","sponsored_post":"0","sponsored_post_label":"Sponsored by","sponsored_post_name":"","sponsored_post_url":"","sponsored_post_logo_enable":"0","sponsored_post_logo":"","sponsored_post_desc":"","disable_ad":"0"},"jnews_primary_category":{"id":"","hide":""},"jnews_override_counter":[],"footnotes":""},"categories":[92],"tags":[853,451,470,1772,122,288,1728],"class_list":["post-59365","post","type-post","status-publish","format-standard","has-post-thumbnail","hentry","category-info","tag-dhmz","tag-meteoalarm","tag-prognoza-vremena","tag-snijeg","tag-velika-gorica","tag-zagreb","tag-zima"],"yoast_head":"<!-- This site is optimized with the Yoast SEO Premium plugin v27.4 (Yoast SEO v27.4) - https:\/\/yoast.com\/product\/yoast-seo-premium-wordpress\/ -->\n<title>Ovaj vikend nam sti\u017ee prava zima: Temperature padaju, bit \u0107e ki\u0161e, vjerojatno i snijega, a u nedjelju mogu\u0107 i ja\u010di vjetar - Gorica Info<\/title>\n<meta name=\"description\" content=\"Prava zima sti\u0107i \u0107e ovaj vikend, posebno u nedjelju, i u na\u0161e krajeve. Nakon \u201cproljetnih\u201c tjedana temperature padaju, sti\u017ee snijeg\" \/>\n<meta name=\"robots\" content=\"index, follow, max-snippet:-1, max-image-preview:large, max-video-preview:-1\" \/>\n<link rel=\"canonical\" href=\"https:\/\/gorica.info\/en\/ovaj-vikend-nam-stize-prava-zima-temperature-padaju-bit-ce-kise-vjerojatno-i-snijega-a-u-nedjelju-moguc-i-jaci-vjetar\/\" \/>\n<meta property=\"og:locale\" content=\"en_US\" \/>\n<meta property=\"og:type\" content=\"article\" \/>\n<meta property=\"og:title\" content=\"Ovaj vikend nam sti\u017ee prava zima: Temperature padaju, bit \u0107e ki\u0161e, vjerojatno i snijega, a u nedjelju mogu\u0107 i ja\u010di vjetar\" \/>\n<meta property=\"og:description\" content=\"Prava zima sti\u0107i \u0107e ovaj vikend, posebno u nedjelju, i u na\u0161e krajeve. Nakon \u201cproljetnih\u201c tjedana temperature padaju, sti\u017ee snijeg\" \/>\n<meta property=\"og:url\" content=\"https:\/\/gorica.info\/en\/ovaj-vikend-nam-stize-prava-zima-temperature-padaju-bit-ce-kise-vjerojatno-i-snijega-a-u-nedjelju-moguc-i-jaci-vjetar\/\" \/>\n<meta property=\"og:site_name\" content=\"Gorica Info\" \/>\n<meta property=\"article:publisher\" content=\"https:\/\/www.facebook.com\/Goricainfo-106005144489262\" \/>\n<meta property=\"article:published_time\" content=\"2024-01-06T08:28:56+00:00\" \/>\n<meta property=\"article:modified_time\" content=\"2024-06-22T15:12:02+00:00\" \/>\n<meta property=\"og:image\" content=\"https:\/\/gorica.info\/wp-content\/uploads\/2024\/01\/oprema-za-ciscenje-za-snijega.jpg\" \/>\n\t<meta property=\"og:image:width\" content=\"640\" \/>\n\t<meta property=\"og:image:height\" content=\"427\" \/>\n\t<meta property=\"og:image:type\" content=\"image\/jpeg\" \/>\n<meta name=\"author\" content=\"Gorica. info\" \/>\n<meta name=\"twitter:card\" content=\"summary_large_image\" \/>\n<meta name=\"twitter:creator\" content=\"@GoricaInfo\" \/>\n<meta name=\"twitter:site\" content=\"@GoricaInfo\" \/>\n<meta name=\"twitter:label1\" content=\"Written by\" \/>\n\t<meta name=\"twitter:data1\" content=\"Gorica. info\" \/>\n\t<meta name=\"twitter:label2\" content=\"Est. reading time\" \/>\n\t<meta name=\"twitter:data2\" content=\"2 minutes\" \/>\n<meta name=\"geo.placename\" content=\"Velika Gorica\" \/>\n<meta name=\"geo.region\" content=\"Croatia\" \/>\n<!-- \/ Yoast SEO Premium plugin. -->","yoast_head_json":{"title":"Ovaj vikend nam sti\u017ee prava zima: Temperature padaju, bit \u0107e ki\u0161e, vjerojatno i snijega, a u nedjelju mogu\u0107 i ja\u010di vjetar - Gorica Info","description":"Prava zima sti\u0107i \u0107e ovaj vikend, posebno u nedjelju, i u na\u0161e krajeve. Nakon \u201cproljetnih\u201c tjedana temperature padaju, sti\u017ee snijeg","robots":{"index":"index","follow":"follow","max-snippet":"max-snippet:-1","max-image-preview":"max-image-preview:large","max-video-preview":"max-video-preview:-1"},"canonical":"https:\/\/gorica.info\/en\/ovaj-vikend-nam-stize-prava-zima-temperature-padaju-bit-ce-kise-vjerojatno-i-snijega-a-u-nedjelju-moguc-i-jaci-vjetar\/","og_locale":"en_US","og_type":"article","og_title":"Ovaj vikend nam sti\u017ee prava zima: Temperature padaju, bit \u0107e ki\u0161e, vjerojatno i snijega, a u nedjelju mogu\u0107 i ja\u010di vjetar","og_description":"Prava zima sti\u0107i \u0107e ovaj vikend, posebno u nedjelju, i u na\u0161e krajeve. Nakon \u201cproljetnih\u201c tjedana temperature padaju, sti\u017ee snijeg","og_url":"https:\/\/gorica.info\/en\/ovaj-vikend-nam-stize-prava-zima-temperature-padaju-bit-ce-kise-vjerojatno-i-snijega-a-u-nedjelju-moguc-i-jaci-vjetar\/","og_site_name":"Gorica Info","article_publisher":"https:\/\/www.facebook.com\/Goricainfo-106005144489262","article_published_time":"2024-01-06T08:28:56+00:00","article_modified_time":"2024-06-22T15:12:02+00:00","og_image":[{"width":640,"height":427,"url":"https:\/\/gorica.info\/wp-content\/uploads\/2024\/01\/oprema-za-ciscenje-za-snijega.jpg","type":"image\/jpeg"}],"author":"Gorica. info","twitter_card":"summary_large_image","twitter_creator":"@GoricaInfo","twitter_site":"@GoricaInfo","twitter_misc":{"Written by":"Gorica. info","Est. reading time":"2 minutes"},"schema":{"@context":"https:\/\/schema.org","@graph":[{"@type":"NewsArticle","@id":"https:\/\/gorica.info\/ovaj-vikend-nam-stize-prava-zima-temperature-padaju-bit-ce-kise-vjerojatno-i-snijega-a-u-nedjelju-moguc-i-jaci-vjetar\/#article","isPartOf":{"@id":"https:\/\/gorica.info\/ovaj-vikend-nam-stize-prava-zima-temperature-padaju-bit-ce-kise-vjerojatno-i-snijega-a-u-nedjelju-moguc-i-jaci-vjetar\/"},"author":{"name":"Gorica. info","@id":"https:\/\/gorica.info\/#\/schema\/person\/4499af1f22f322670b9b5977ccc2e3de"},"headline":"Ovaj vikend nam sti\u017ee prava zima: Temperature padaju, bit \u0107e ki\u0161e, vjerojatno i snijega, a u nedjelju mogu\u0107 i ja\u010di vjetar","datePublished":"2024-01-06T08:28:56+00:00","dateModified":"2024-06-22T15:12:02+00:00","mainEntityOfPage":{"@id":"https:\/\/gorica.info\/ovaj-vikend-nam-stize-prava-zima-temperature-padaju-bit-ce-kise-vjerojatno-i-snijega-a-u-nedjelju-moguc-i-jaci-vjetar\/"},"wordCount":315,"commentCount":0,"publisher":{"@id":"https:\/\/gorica.info\/#organization"},"image":{"@id":"https:\/\/gorica.info\/ovaj-vikend-nam-stize-prava-zima-temperature-padaju-bit-ce-kise-vjerojatno-i-snijega-a-u-nedjelju-moguc-i-jaci-vjetar\/#primaryimage"},"thumbnailUrl":"https:\/\/gorica.info\/wp-content\/uploads\/2024\/01\/oprema-za-ciscenje-za-snijega.jpg","keywords":["dhmz","Meteoalarm","prognoza vremena","snijeg","Velika Gorica","Zagreb","zima"],"articleSection":["INFO"],"inLanguage":"en-US","potentialAction":[{"@type":"CommentAction","name":"Comment","target":["https:\/\/gorica.info\/ovaj-vikend-nam-stize-prava-zima-temperature-padaju-bit-ce-kise-vjerojatno-i-snijega-a-u-nedjelju-moguc-i-jaci-vjetar\/#respond"]}],"copyrightYear":"2024","copyrightHolder":{"@id":"https:\/\/gorica.info\/en\/#organization"}},{"@type":"WebPage","@id":"https:\/\/gorica.info\/ovaj-vikend-nam-stize-prava-zima-temperature-padaju-bit-ce-kise-vjerojatno-i-snijega-a-u-nedjelju-moguc-i-jaci-vjetar\/","url":"https:\/\/gorica.info\/ovaj-vikend-nam-stize-prava-zima-temperature-padaju-bit-ce-kise-vjerojatno-i-snijega-a-u-nedjelju-moguc-i-jaci-vjetar\/","name":"Ovaj vikend nam sti\u017ee prava zima: Temperature padaju, bit \u0107e ki\u0161e, vjerojatno i snijega, a u nedjelju mogu\u0107 i ja\u010di vjetar - Gorica Info","isPartOf":{"@id":"https:\/\/gorica.info\/#website"},"primaryImageOfPage":{"@id":"https:\/\/gorica.info\/ovaj-vikend-nam-stize-prava-zima-temperature-padaju-bit-ce-kise-vjerojatno-i-snijega-a-u-nedjelju-moguc-i-jaci-vjetar\/#primaryimage"},"image":{"@id":"https:\/\/gorica.info\/ovaj-vikend-nam-stize-prava-zima-temperature-padaju-bit-ce-kise-vjerojatno-i-snijega-a-u-nedjelju-moguc-i-jaci-vjetar\/#primaryimage"},"thumbnailUrl":"https:\/\/gorica.info\/wp-content\/uploads\/2024\/01\/oprema-za-ciscenje-za-snijega.jpg","datePublished":"2024-01-06T08:28:56+00:00","dateModified":"2024-06-22T15:12:02+00:00","description":"Prava zima sti\u0107i \u0107e ovaj vikend, posebno u nedjelju, i u na\u0161e krajeve. Nakon \u201cproljetnih\u201c tjedana temperature padaju, sti\u017ee snijeg","breadcrumb":{"@id":"https:\/\/gorica.info\/ovaj-vikend-nam-stize-prava-zima-temperature-padaju-bit-ce-kise-vjerojatno-i-snijega-a-u-nedjelju-moguc-i-jaci-vjetar\/#breadcrumb"},"inLanguage":"en-US","potentialAction":[{"@type":"ReadAction","target":["https:\/\/gorica.info\/ovaj-vikend-nam-stize-prava-zima-temperature-padaju-bit-ce-kise-vjerojatno-i-snijega-a-u-nedjelju-moguc-i-jaci-vjetar\/"]}]},{"@type":"ImageObject","inLanguage":"en-US","@id":"https:\/\/gorica.info\/ovaj-vikend-nam-stize-prava-zima-temperature-padaju-bit-ce-kise-vjerojatno-i-snijega-a-u-nedjelju-moguc-i-jaci-vjetar\/#primaryimage","url":"https:\/\/gorica.info\/wp-content\/uploads\/2024\/01\/oprema-za-ciscenje-za-snijega.jpg","contentUrl":"https:\/\/gorica.info\/wp-content\/uploads\/2024\/01\/oprema-za-ciscenje-za-snijega.jpg","width":640,"height":427},{"@type":"BreadcrumbList","@id":"https:\/\/gorica.info\/ovaj-vikend-nam-stize-prava-zima-temperature-padaju-bit-ce-kise-vjerojatno-i-snijega-a-u-nedjelju-moguc-i-jaci-vjetar\/#breadcrumb","itemListElement":[{"@type":"ListItem","position":1,"name":"Po\u010detna stranica","item":"https:\/\/gorica.info\/"},{"@type":"ListItem","position":2,"name":"Ovaj vikend nam sti\u017ee prava zima: Temperature padaju, bit \u0107e ki\u0161e, vjerojatno i snijega, a u nedjelju mogu\u0107 i ja\u010di vjetar"}]},{"@type":"WebSite","@id":"https:\/\/gorica.info\/#website","url":"https:\/\/gorica.info\/","name":"Gorica Info","description":"Vijesti iz Velike Gorice i okolice.","publisher":{"@id":"https:\/\/gorica.info\/#organization"},"potentialAction":[{"@type":"SearchAction","target":{"@type":"EntryPoint","urlTemplate":"https:\/\/gorica.info\/?s={search_term_string}"},"query-input":{"@type":"PropertyValueSpecification","valueRequired":true,"valueName":"search_term_string"}}],"inLanguage":"en-US"},{"@type":["Organization","Place","NewsMediaOrganization"],"@id":"https:\/\/gorica.info\/#organization","name":"Gorica Info","url":"https:\/\/gorica.info\/","logo":{"@id":"https:\/\/gorica.info\/ovaj-vikend-nam-stize-prava-zima-temperature-padaju-bit-ce-kise-vjerojatno-i-snijega-a-u-nedjelju-moguc-i-jaci-vjetar\/#local-main-organization-logo"},"image":{"@id":"https:\/\/gorica.info\/ovaj-vikend-nam-stize-prava-zima-temperature-padaju-bit-ce-kise-vjerojatno-i-snijega-a-u-nedjelju-moguc-i-jaci-vjetar\/#local-main-organization-logo"},"sameAs":["https:\/\/www.facebook.com\/Goricainfo-106005144489262","https:\/\/x.com\/GoricaInfo","https:\/\/www.instagram.com\/gorica.info\/"],"address":{"@id":"https:\/\/gorica.info\/ovaj-vikend-nam-stize-prava-zima-temperature-padaju-bit-ce-kise-vjerojatno-i-snijega-a-u-nedjelju-moguc-i-jaci-vjetar\/#local-main-place-address"},"telephone":[],"openingHoursSpecification":[{"@type":"OpeningHoursSpecification","dayOfWeek":["Monday","Tuesday","Wednesday","Thursday","Friday","Saturday","Sunday"],"opens":"09:00","closes":"17:00"}],"email":"redakcija@gorica.info"},{"@type":"Person","@id":"https:\/\/gorica.info\/#\/schema\/person\/4499af1f22f322670b9b5977ccc2e3de","name":"Gorica. info","description":"Gorica.info je lokalni portal koji prati Veliku Goricu i okolici, svakodnevno donosi najnovije vijesti i pri\u010de, kulturna doga\u0111anja i aktualnosti koje oblikuju \u017eivot gra\u0111ana.","url":"https:\/\/gorica.info\/en\/author\/gorica-info\/"},{"@type":"PostalAddress","@id":"https:\/\/gorica.info\/ovaj-vikend-nam-stize-prava-zima-temperature-padaju-bit-ce-kise-vjerojatno-i-snijega-a-u-nedjelju-moguc-i-jaci-vjetar\/#local-main-place-address","streetAddress":"Horvatova 97","addressLocality":"Velika Gorica","postalCode":"10410","addressRegion":"Croatia","addressCountry":"HR"},{"@type":"ImageObject","inLanguage":"en-US","@id":"https:\/\/gorica.info\/ovaj-vikend-nam-stize-prava-zima-temperature-padaju-bit-ce-kise-vjerojatno-i-snijega-a-u-nedjelju-moguc-i-jaci-vjetar\/#local-main-organization-logo","url":"https:\/\/gorica.info\/wp-content\/uploads\/2024\/07\/Gorica-Info-Logo-mali.png","contentUrl":"https:\/\/gorica.info\/wp-content\/uploads\/2024\/07\/Gorica-Info-Logo-mali.png","width":450,"height":85,"caption":"Gorica Info"}]},"geo.placename":"Velika Gorica","geo.region":"Croatia"},"_links":{"self":[{"href":"https:\/\/gorica.info\/en\/wp-json\/wp\/v2\/posts\/59365","targetHints":{"allow":["GET"]}}],"collection":[{"href":"https:\/\/gorica.info\/en\/wp-json\/wp\/v2\/posts"}],"about":[{"href":"https:\/\/gorica.info\/en\/wp-json\/wp\/v2\/types\/post"}],"author":[{"embeddable":true,"href":"https:\/\/gorica.info\/en\/wp-json\/wp\/v2\/users\/23"}],"replies":[{"embeddable":true,"href":"https:\/\/gorica.info\/en\/wp-json\/wp\/v2\/comments?post=59365"}],"version-history":[{"count":1,"href":"https:\/\/gorica.info\/en\/wp-json\/wp\/v2\/posts\/59365\/revisions"}],"predecessor-version":[{"id":68253,"href":"https:\/\/gorica.info\/en\/wp-json\/wp\/v2\/posts\/59365\/revisions\/68253"}],"wp:featuredmedia":[{"embeddable":true,"href":"https:\/\/gorica.info\/en\/wp-json\/wp\/v2\/media\/68252"}],"wp:attachment":[{"href":"https:\/\/gorica.info\/en\/wp-json\/wp\/v2\/media?parent=59365"}],"wp:term":[{"taxonomy":"category","embeddable":true,"href":"https:\/\/gorica.info\/en\/wp-json\/wp\/v2\/categories?post=59365"},{"taxonomy":"post_tag","embeddable":true,"href":"https:\/\/gorica.info\/en\/wp-json\/wp\/v2\/tags?post=59365"}],"curies":[{"name":"wp","href":"https:\/\/api.w.org\/{rel}","templated":true}]}}