{"id":59583,"date":"2024-01-12T16:26:39","date_gmt":"2024-01-12T15:26:39","guid":{"rendered":"https:\/\/gorica.info\/?p=59583"},"modified":"2024-01-12T16:26:39","modified_gmt":"2024-01-12T15:26:39","slug":"legendarni-daniel-popovic-prisjetio-se-eurovizije-i-pjesme-dzuli-koja-je-rekorder-po-broju-prodanih-ploca","status":"publish","type":"post","link":"https:\/\/gorica.info\/en\/legendarni-daniel-popovic-prisjetio-se-eurovizije-i-pjesme-dzuli-koja-je-rekorder-po-broju-prodanih-ploca\/","title":{"rendered":"Legendarni Daniel Popovi\u0107 prisjetio se Eurovizije i pjesme \u201eD\u017euli\u201c koja je rekorder po broju prodanih plo\u010da"},"content":{"rendered":"<p>Legenda glazbene scene, eurovizijska zvijezda, rekorder po broju prodaje jedne plo\u010de na ovim prostorima \u2013 <strong>Daniel Popovi\u0107<\/strong> gostovao je u<a href=\"https:\/\/happyfm.hr\/daniel-popovic-lepoj-breni-nisi-otisla-zao-mi-je-bio-sam-bolji\/\"> Special Happy Show.<\/a><br \/>\nPjesmom &#8220;D\u017euli&#8221; davne 1983. osvojio je <strong>\u010detvrto mjesto na Euroviziji<\/strong>. U M\u00fcnchen, zbog tada gotovo anonimnog pjeva\u010da iz Crne Gore, nisu oti\u0161li favoriti biv\u0161e dr\u017eave Mi\u0161o Kova\u010d i Lepa Brena koja je Popovi\u0107u zbog pobjede &#8221;servirala osvetu&#8221;.<br \/>\nSlu\u0161ateljima Happy FM-a otkrio je da se zbog toga nau\u017eivao straha, ali i tko je D\u017euli iz bezvremenskog hita koji je preveden na nekoliko stranih jezika i na kojem je zaradio vi\u0161e od milijun tada\u0161njih njema\u010dkih maraka.<br \/>\nEurovizijska zvijezda, apsolutni rekorder po broju prodaje jedne plo\u010de na ovim prostorima otkrio je kako mu je \u017eelja ponovno nastupiti na Eurosongu koji mu je obilje\u017eio karijeru.<br \/>\n&#8211; Nisam o\u010dekivao niti planirao uspjeh s pjesmom, sve se u mom \u017eivotu doga\u0111alo spontano, i nikada nisam sanjao karijeru, a uvijek mi se dopadala povezanost s publikom. Moja osobna iskaznica je prepoznavanje po pjesmi D\u017euli koja je nastala spontano, uz veliku pomo\u0107 mog velikog prijatelja <strong>Maria Mihaljevi\u0107a<\/strong> koji je u meni prepoznao talent te tekst za pjesmu napisao preko no\u0107i. Zanimljivo kod te pjesme je da nema niti jedne rime, a kada je pjevate ona te\u010de \u2013 ka\u017ee Daniel.<\/p>\n<p><img fetchpriority=\"high\" decoding=\"async\" class=\"aligncenter wp-image-59586\" src=\"https:\/\/gorica.info\/wp-content\/uploads\/2024\/01\/daniel-happy-fm-300x200.jpg\" alt=\"\" width=\"800\" height=\"533\" srcset=\"https:\/\/gorica.info\/wp-content\/uploads\/2024\/01\/daniel-happy-fm-300x200.jpg 300w, https:\/\/gorica.info\/wp-content\/uploads\/2024\/01\/daniel-happy-fm-768x512.jpg 768w, https:\/\/gorica.info\/wp-content\/uploads\/2024\/01\/daniel-happy-fm-750x500.jpg 750w, https:\/\/gorica.info\/wp-content\/uploads\/2024\/01\/daniel-happy-fm.jpg 900w\" sizes=\"(max-width: 800px) 100vw, 800px\" \/><\/p>\n<p>D\u017euli je prodana u rekordnih milijun i dvjesto tisu\u0107a primjeraka, \u0161to je Popovi\u0107u osiguralo da postane ne samo najve\u0107a <a href=\"https:\/\/gorica.info\/2024\/01\/06\/provedite-dan-zaljubljenih-uz-najljepse-ljubavne-hitove-petar-graso-pjeva-u-sisku\/\">zvijezda<\/a> biv\u0161e dr\u017eave, ve\u0107 i u Europi i Rusiji. \u0110uli je prepjevana na vi\u0161e od deset svjetskih jezika.<br \/>\nKoliko je D\u017euli podigla pra\u0161ine i povukla sa sobom mno\u0161tvo pri\u010da, govori i idu\u0107a anegdota.<br \/>\nNakon \u0161to ju je 1983. pobijedio na Jugoviziji s pjesmom \u0110uli, Lepa Brena odlu\u010dila se osvetiti Danielu.<br \/>\n&#8211; Malenim helikopterom odvezli su me na Durmitor, spustili me na planinu, i rekli mi ti samo malo ma\u0161i. No, njih nije bilo tri sata, a na Durmitoru \u017eive vukovi i medvjedi. Ja sam stajao smrznut od straha u oblaku parfema. Nakon tri sata \u010dekanja su se pojavili i vratili po mene, a ja sam od sre\u0107e mahao, na \u0161to su oni rekli \u2013 e, ovo si super odglumio \u2013 ispri\u010dao je Daniel.<\/p>\n<div class=\"jeg_video_container jeg_video_content\"><iframe title=\"Daniel Popovi\u0107 - D\u017euli ( Eurovision Song Contest ~ M\u00fcnchen 1983 ) [HD]\" width=\"500\" height=\"281\" src=\"https:\/\/www.youtube.com\/embed\/v8ENftFochg?feature=oembed\" frameborder=\"0\" allow=\"accelerometer; autoplay; clipboard-write; encrypted-media; gyroscope; picture-in-picture; web-share\" referrerpolicy=\"strict-origin-when-cross-origin\" allowfullscreen><\/iframe><\/div>\n<p>Govore\u0107i o dana\u0161njem Eurosongu, Daniel ka\u017ee da se danas sve vi\u0161e gleda, a manje slu\u0161a.<\/p>\n<p>&#8211; Va\u017ena je scena i koreografija, o\u010digledno pjesma nije toliko bitna jer ne ostaje, \u0161to je preduvjet da neka pjesma postane evergreen. Vrijeme je najbolji pokazatelj. Ne bih donosio sudove za\u0161to moja pjesma nikada nije na Eurosongu, rekao bih samo da svake godine po\u0161aljem pjesmu, mo\u017eda ne najbolju, ali pjesmu koja bi mogla uspjeti, no ona zavr\u0161i u ko\u0161u za sme\u0107e, mislim da je niti ne preslu\u0161aju. To je moja pretpostavka. Ne mislim da ne znam napisati pjesmu, definitivno znam i tu imam \u0161to re\u0107i. To ima veze sa stanjem u dru\u0161tvu &#8211; rekao je Daniel.<\/p>\n","protected":false},"excerpt":{"rendered":"<p>Legenda glazbene scene, eurovizijska zvijezda, rekorder po broju prodaje jedne plo\u010de na ovim prostorima \u2013 Daniel Popovi\u0107 gostovao je u Special Happy Show. Pjesmom &#8220;D\u017euli&#8221; davne 1983. osvojio je \u010detvrto mjesto na Euroviziji. U M\u00fcnchen, zbog tada gotovo anonimnog pjeva\u010da iz Crne Gore, nisu oti\u0161li favoriti biv\u0161e dr\u017eave Mi\u0161o Kova\u010d i Lepa Brena koja je [&hellip;]<\/p>\n","protected":false},"author":25,"featured_media":59585,"comment_status":"open","ping_status":"open","sticky":false,"template":"","format":"standard","meta":{"limit_modified_date":"","last_modified_date":"","jnews-multi-image_gallery":[],"jnews_single_post":[],"jnews_primary_category":[],"jnews_override_counter":[],"footnotes":""},"categories":[115],"tags":[4272,4273,4274,4275,4276,4277,183],"class_list":["post-59583","post","type-post","status-publish","format-standard","has-post-thumbnail","hentry","category-scena","tag-daniel-popovic","tag-eurovizija","tag-lepa-brena","tag-najbolja-pjesma","tag-najprodavanija-ploca","tag-pjesma-dzuli","tag-pobjeda"],"yoast_head":"<!-- This site is optimized with the Yoast SEO Premium plugin v27.4 (Yoast SEO v27.4) - https:\/\/yoast.com\/product\/yoast-seo-premium-wordpress\/ -->\n<title>Legendarni Daniel Popovi\u0107 prisjetio se Eurovizije i pjesme \u201eD\u017euli\u201c koja je rekorder po broju prodanih plo\u010da - Gorica Info<\/title>\n<meta name=\"description\" content=\"Legendarni Daniel Popovi\u0107 prisjetio se Eurovizije i pjesme \u201eD\u017euli\u201c koja je rekorder po broju prodanih plo\u010da\" \/>\n<meta name=\"robots\" content=\"index, follow, max-snippet:-1, max-image-preview:large, max-video-preview:-1\" \/>\n<link rel=\"canonical\" href=\"https:\/\/gorica.info\/en\/legendarni-daniel-popovic-prisjetio-se-eurovizije-i-pjesme-dzuli-koja-je-rekorder-po-broju-prodanih-ploca\/\" \/>\n<meta property=\"og:locale\" content=\"en_US\" \/>\n<meta property=\"og:type\" content=\"article\" \/>\n<meta property=\"og:title\" content=\"Legendarni Daniel Popovi\u0107 prisjetio se Eurovizije i pjesme \u201eD\u017euli\u201c koja je rekorder po broju prodanih plo\u010da\" \/>\n<meta property=\"og:description\" content=\"Legendarni Daniel Popovi\u0107 prisjetio se Eurovizije i pjesme \u201eD\u017euli\u201c koja je rekorder po broju prodanih plo\u010da\" \/>\n<meta property=\"og:url\" content=\"https:\/\/gorica.info\/en\/legendarni-daniel-popovic-prisjetio-se-eurovizije-i-pjesme-dzuli-koja-je-rekorder-po-broju-prodanih-ploca\/\" \/>\n<meta property=\"og:site_name\" content=\"Gorica Info\" \/>\n<meta property=\"article:publisher\" content=\"https:\/\/www.facebook.com\/Goricainfo-106005144489262\" \/>\n<meta property=\"article:published_time\" content=\"2024-01-12T15:26:39+00:00\" \/>\n<meta property=\"og:image\" content=\"https:\/\/gorica.info\/wp-content\/uploads\/2024\/01\/daniel-foto-happy-fm.jpg\" \/>\n\t<meta property=\"og:image:width\" content=\"900\" \/>\n\t<meta property=\"og:image:height\" content=\"600\" \/>\n\t<meta property=\"og:image:type\" content=\"image\/jpeg\" \/>\n<meta name=\"author\" content=\"Marta Horvat\" \/>\n<meta name=\"twitter:card\" content=\"summary_large_image\" \/>\n<meta name=\"twitter:creator\" content=\"@GoricaInfo\" \/>\n<meta name=\"twitter:site\" content=\"@GoricaInfo\" \/>\n<meta name=\"twitter:label1\" content=\"Written by\" \/>\n\t<meta name=\"twitter:data1\" content=\"Marta Horvat\" \/>\n\t<meta name=\"twitter:label2\" content=\"Est. reading time\" \/>\n\t<meta name=\"twitter:data2\" content=\"3 minutes\" \/>\n<meta name=\"geo.placename\" content=\"Velika Gorica\" \/>\n<meta name=\"geo.region\" content=\"Croatia\" \/>\n<!-- \/ Yoast SEO Premium plugin. -->","yoast_head_json":{"title":"Legendarni Daniel Popovi\u0107 prisjetio se Eurovizije i pjesme \u201eD\u017euli\u201c koja je rekorder po broju prodanih plo\u010da - Gorica Info","description":"Legendarni Daniel Popovi\u0107 prisjetio se Eurovizije i pjesme \u201eD\u017euli\u201c koja je rekorder po broju prodanih plo\u010da","robots":{"index":"index","follow":"follow","max-snippet":"max-snippet:-1","max-image-preview":"max-image-preview:large","max-video-preview":"max-video-preview:-1"},"canonical":"https:\/\/gorica.info\/en\/legendarni-daniel-popovic-prisjetio-se-eurovizije-i-pjesme-dzuli-koja-je-rekorder-po-broju-prodanih-ploca\/","og_locale":"en_US","og_type":"article","og_title":"Legendarni Daniel Popovi\u0107 prisjetio se Eurovizije i pjesme \u201eD\u017euli\u201c koja je rekorder po broju prodanih plo\u010da","og_description":"Legendarni Daniel Popovi\u0107 prisjetio se Eurovizije i pjesme \u201eD\u017euli\u201c koja je rekorder po broju prodanih plo\u010da","og_url":"https:\/\/gorica.info\/en\/legendarni-daniel-popovic-prisjetio-se-eurovizije-i-pjesme-dzuli-koja-je-rekorder-po-broju-prodanih-ploca\/","og_site_name":"Gorica Info","article_publisher":"https:\/\/www.facebook.com\/Goricainfo-106005144489262","article_published_time":"2024-01-12T15:26:39+00:00","og_image":[{"width":900,"height":600,"url":"https:\/\/gorica.info\/wp-content\/uploads\/2024\/01\/daniel-foto-happy-fm.jpg","type":"image\/jpeg"}],"author":"Marta Horvat","twitter_card":"summary_large_image","twitter_creator":"@GoricaInfo","twitter_site":"@GoricaInfo","twitter_misc":{"Written by":"Marta Horvat","Est. reading time":"3 minutes"},"schema":{"@context":"https:\/\/schema.org","@graph":[{"@type":"NewsArticle","@id":"https:\/\/gorica.info\/legendarni-daniel-popovic-prisjetio-se-eurovizije-i-pjesme-dzuli-koja-je-rekorder-po-broju-prodanih-ploca\/#article","isPartOf":{"@id":"https:\/\/gorica.info\/legendarni-daniel-popovic-prisjetio-se-eurovizije-i-pjesme-dzuli-koja-je-rekorder-po-broju-prodanih-ploca\/"},"author":{"name":"Marta Horvat","@id":"https:\/\/gorica.info\/#\/schema\/person\/b2df2f6fb2a9073c0fa5af2672befd52"},"headline":"Legendarni Daniel Popovi\u0107 prisjetio se Eurovizije i pjesme \u201eD\u017euli\u201c koja je rekorder po broju prodanih plo\u010da","datePublished":"2024-01-12T15:26:39+00:00","mainEntityOfPage":{"@id":"https:\/\/gorica.info\/legendarni-daniel-popovic-prisjetio-se-eurovizije-i-pjesme-dzuli-koja-je-rekorder-po-broju-prodanih-ploca\/"},"wordCount":530,"commentCount":0,"publisher":{"@id":"https:\/\/gorica.info\/#organization"},"image":{"@id":"https:\/\/gorica.info\/legendarni-daniel-popovic-prisjetio-se-eurovizije-i-pjesme-dzuli-koja-je-rekorder-po-broju-prodanih-ploca\/#primaryimage"},"thumbnailUrl":"https:\/\/gorica.info\/wp-content\/uploads\/2024\/01\/daniel-foto-happy-fm.jpg","keywords":["daniel popovi\u0107","eurovizija","lepa brena","najbolja pjesma","najprodavanija plo\u010da","pjesma d\u017euli","pobjeda"],"articleSection":["SCENA"],"inLanguage":"en-US","potentialAction":[{"@type":"CommentAction","name":"Comment","target":["https:\/\/gorica.info\/legendarni-daniel-popovic-prisjetio-se-eurovizije-i-pjesme-dzuli-koja-je-rekorder-po-broju-prodanih-ploca\/#respond"]}],"copyrightYear":"2024","copyrightHolder":{"@id":"https:\/\/gorica.info\/en\/#organization"}},{"@type":"WebPage","@id":"https:\/\/gorica.info\/legendarni-daniel-popovic-prisjetio-se-eurovizije-i-pjesme-dzuli-koja-je-rekorder-po-broju-prodanih-ploca\/","url":"https:\/\/gorica.info\/legendarni-daniel-popovic-prisjetio-se-eurovizije-i-pjesme-dzuli-koja-je-rekorder-po-broju-prodanih-ploca\/","name":"Legendarni Daniel Popovi\u0107 prisjetio se Eurovizije i pjesme \u201eD\u017euli\u201c koja je rekorder po broju prodanih plo\u010da - Gorica Info","isPartOf":{"@id":"https:\/\/gorica.info\/#website"},"primaryImageOfPage":{"@id":"https:\/\/gorica.info\/legendarni-daniel-popovic-prisjetio-se-eurovizije-i-pjesme-dzuli-koja-je-rekorder-po-broju-prodanih-ploca\/#primaryimage"},"image":{"@id":"https:\/\/gorica.info\/legendarni-daniel-popovic-prisjetio-se-eurovizije-i-pjesme-dzuli-koja-je-rekorder-po-broju-prodanih-ploca\/#primaryimage"},"thumbnailUrl":"https:\/\/gorica.info\/wp-content\/uploads\/2024\/01\/daniel-foto-happy-fm.jpg","datePublished":"2024-01-12T15:26:39+00:00","description":"Legendarni Daniel Popovi\u0107 prisjetio se Eurovizije i pjesme \u201eD\u017euli\u201c koja je rekorder po broju prodanih plo\u010da","breadcrumb":{"@id":"https:\/\/gorica.info\/legendarni-daniel-popovic-prisjetio-se-eurovizije-i-pjesme-dzuli-koja-je-rekorder-po-broju-prodanih-ploca\/#breadcrumb"},"inLanguage":"en-US","potentialAction":[{"@type":"ReadAction","target":["https:\/\/gorica.info\/legendarni-daniel-popovic-prisjetio-se-eurovizije-i-pjesme-dzuli-koja-je-rekorder-po-broju-prodanih-ploca\/"]}]},{"@type":"ImageObject","inLanguage":"en-US","@id":"https:\/\/gorica.info\/legendarni-daniel-popovic-prisjetio-se-eurovizije-i-pjesme-dzuli-koja-je-rekorder-po-broju-prodanih-ploca\/#primaryimage","url":"https:\/\/gorica.info\/wp-content\/uploads\/2024\/01\/daniel-foto-happy-fm.jpg","contentUrl":"https:\/\/gorica.info\/wp-content\/uploads\/2024\/01\/daniel-foto-happy-fm.jpg","width":900,"height":600,"caption":"Foto: Happy FM"},{"@type":"BreadcrumbList","@id":"https:\/\/gorica.info\/legendarni-daniel-popovic-prisjetio-se-eurovizije-i-pjesme-dzuli-koja-je-rekorder-po-broju-prodanih-ploca\/#breadcrumb","itemListElement":[{"@type":"ListItem","position":1,"name":"Po\u010detna stranica","item":"https:\/\/gorica.info\/"},{"@type":"ListItem","position":2,"name":"Legendarni Daniel Popovi\u0107 prisjetio se Eurovizije i pjesme \u201eD\u017euli\u201c koja je rekorder po broju prodanih plo\u010da"}]},{"@type":"WebSite","@id":"https:\/\/gorica.info\/#website","url":"https:\/\/gorica.info\/","name":"Gorica Info","description":"Vijesti iz Velike Gorice i okolice.","publisher":{"@id":"https:\/\/gorica.info\/#organization"},"potentialAction":[{"@type":"SearchAction","target":{"@type":"EntryPoint","urlTemplate":"https:\/\/gorica.info\/?s={search_term_string}"},"query-input":{"@type":"PropertyValueSpecification","valueRequired":true,"valueName":"search_term_string"}}],"inLanguage":"en-US"},{"@type":["Organization","Place","NewsMediaOrganization"],"@id":"https:\/\/gorica.info\/#organization","name":"Gorica Info","url":"https:\/\/gorica.info\/","logo":{"@id":"https:\/\/gorica.info\/legendarni-daniel-popovic-prisjetio-se-eurovizije-i-pjesme-dzuli-koja-je-rekorder-po-broju-prodanih-ploca\/#local-main-organization-logo"},"image":{"@id":"https:\/\/gorica.info\/legendarni-daniel-popovic-prisjetio-se-eurovizije-i-pjesme-dzuli-koja-je-rekorder-po-broju-prodanih-ploca\/#local-main-organization-logo"},"sameAs":["https:\/\/www.facebook.com\/Goricainfo-106005144489262","https:\/\/x.com\/GoricaInfo","https:\/\/www.instagram.com\/gorica.info\/"],"address":{"@id":"https:\/\/gorica.info\/legendarni-daniel-popovic-prisjetio-se-eurovizije-i-pjesme-dzuli-koja-je-rekorder-po-broju-prodanih-ploca\/#local-main-place-address"},"telephone":[],"openingHoursSpecification":[{"@type":"OpeningHoursSpecification","dayOfWeek":["Monday","Tuesday","Wednesday","Thursday","Friday","Saturday","Sunday"],"opens":"09:00","closes":"17:00"}],"email":"redakcija@gorica.info"},{"@type":"Person","@id":"https:\/\/gorica.info\/#\/schema\/person\/b2df2f6fb2a9073c0fa5af2672befd52","name":"Marta Horvat","description":"Marta Horvat je studentica koja redovito pi\u0161e za portal, prati sva gradska doga\u0111anja i u\u017eiva isprobavati nove recept koje dijeli s na\u0161im \u010ditateljima.","url":"https:\/\/gorica.info\/en\/author\/marta-horvat\/"},{"@type":"PostalAddress","@id":"https:\/\/gorica.info\/legendarni-daniel-popovic-prisjetio-se-eurovizije-i-pjesme-dzuli-koja-je-rekorder-po-broju-prodanih-ploca\/#local-main-place-address","streetAddress":"Horvatova 97","addressLocality":"Velika Gorica","postalCode":"10410","addressRegion":"Croatia","addressCountry":"HR"},{"@type":"ImageObject","inLanguage":"en-US","@id":"https:\/\/gorica.info\/legendarni-daniel-popovic-prisjetio-se-eurovizije-i-pjesme-dzuli-koja-je-rekorder-po-broju-prodanih-ploca\/#local-main-organization-logo","url":"https:\/\/gorica.info\/wp-content\/uploads\/2024\/07\/Gorica-Info-Logo-mali.png","contentUrl":"https:\/\/gorica.info\/wp-content\/uploads\/2024\/07\/Gorica-Info-Logo-mali.png","width":450,"height":85,"caption":"Gorica Info"}]},"geo.placename":"Velika Gorica","geo.region":"Croatia"},"_links":{"self":[{"href":"https:\/\/gorica.info\/en\/wp-json\/wp\/v2\/posts\/59583","targetHints":{"allow":["GET"]}}],"collection":[{"href":"https:\/\/gorica.info\/en\/wp-json\/wp\/v2\/posts"}],"about":[{"href":"https:\/\/gorica.info\/en\/wp-json\/wp\/v2\/types\/post"}],"author":[{"embeddable":true,"href":"https:\/\/gorica.info\/en\/wp-json\/wp\/v2\/users\/25"}],"replies":[{"embeddable":true,"href":"https:\/\/gorica.info\/en\/wp-json\/wp\/v2\/comments?post=59583"}],"version-history":[{"count":0,"href":"https:\/\/gorica.info\/en\/wp-json\/wp\/v2\/posts\/59583\/revisions"}],"wp:featuredmedia":[{"embeddable":true,"href":"https:\/\/gorica.info\/en\/wp-json\/wp\/v2\/media\/59585"}],"wp:attachment":[{"href":"https:\/\/gorica.info\/en\/wp-json\/wp\/v2\/media?parent=59583"}],"wp:term":[{"taxonomy":"category","embeddable":true,"href":"https:\/\/gorica.info\/en\/wp-json\/wp\/v2\/categories?post=59583"},{"taxonomy":"post_tag","embeddable":true,"href":"https:\/\/gorica.info\/en\/wp-json\/wp\/v2\/tags?post=59583"}],"curies":[{"name":"wp","href":"https:\/\/api.w.org\/{rel}","templated":true}]}}