{"id":59849,"date":"2024-01-18T13:43:51","date_gmt":"2024-01-18T12:43:51","guid":{"rendered":"https:\/\/gorica.info\/?p=59849"},"modified":"2024-01-18T13:43:51","modified_gmt":"2024-01-18T12:43:51","slug":"sjajno-priznanje-advent-u-gorici-osvojio-drugo-mjesto-u-izboru-najadvent-koji-organizira-vecernji-list","status":"publish","type":"post","link":"https:\/\/gorica.info\/en\/sjajno-priznanje-advent-u-gorici-osvojio-drugo-mjesto-u-izboru-najadvent-koji-organizira-vecernji-list\/","title":{"rendered":"Sjajno priznanje: Advent u Gorici osvojio drugo mjesto u izboru &#8220;NajAdvent&#8221; koji organizira Ve\u010dernji list"},"content":{"rendered":"<p><strong>Advent u Gorici<\/strong> u izboru za <strong>najljep\u0161i Advent u Hrvatskoj<\/strong> osvojio je drugo mjesto. Natjecanje<a href=\"https:\/\/gorica.info\/en\/2023\/12\/03\/poceo-je-carobni-advent-u-gorici-dodite-zabavite-se-i-uzivajte-u-hrani-i-picu-po-prihvatljivim-cijenama\/\"> &#8220;NajAdvent&#8221;<\/a> organizira Ve\u010dernji list, a Velika Gorica ove godine postigla je najbolji rezultat otkad sudjeluje.<\/p>\n<p>&#8211; Advent u Gorici istaknuo se svojom jedinstvenom temom podgutnice, prepoznatljivog simbola kraja, privla\u010de\u0107i pa\u017enju kako posjetitelja tako i stru\u010dnog \u017eirija. Aktivna podr\u0161ka lokalne zajednice, izra\u017eena kroz glasovanje na Facebooku i na portalu NajAdvent, bila je klju\u010dna u osvajanju ovog presti\u017enog mjesta \u2013 poru\u010dili su iz <a href=\"http:\/\/www.tzvg.hr\/sadrzaj\/pregled\/velika-gorica-osvojila-drugo-mjesto-na-najadventu-povijesni-uspjeh-zahvaljujuci-zajednistvu-i-tradiciji\/2217?c=1\">Turisti\u010dke zajednice.<\/a><\/p>\n<figure id=\"attachment_59852\" aria-describedby=\"caption-attachment-59852\" style=\"width: 810px\" class=\"wp-caption aligncenter\"><img fetchpriority=\"high\" decoding=\"async\" class=\"wp-image-59852 size-large\" src=\"https:\/\/gorica.info\/wp-content\/uploads\/2024\/01\/advent2023-otvorenje-1024x658.jpg\" alt=\"\" width=\"810\" height=\"520\" srcset=\"https:\/\/gorica.info\/wp-content\/uploads\/2024\/01\/advent2023-otvorenje-1024x658.jpg 1024w, https:\/\/gorica.info\/wp-content\/uploads\/2024\/01\/advent2023-otvorenje-300x193.jpg 300w, https:\/\/gorica.info\/wp-content\/uploads\/2024\/01\/advent2023-otvorenje-768x493.jpg 768w, https:\/\/gorica.info\/wp-content\/uploads\/2024\/01\/advent2023-otvorenje-750x482.jpg 750w, https:\/\/gorica.info\/wp-content\/uploads\/2024\/01\/advent2023-otvorenje-1140x732.jpg 1140w, https:\/\/gorica.info\/wp-content\/uploads\/2024\/01\/advent2023-otvorenje.jpg 1100w\" sizes=\"(max-width: 810px) 100vw, 810px\" \/><figcaption id=\"caption-attachment-59852\" class=\"wp-caption-text\">Foto: Gorica.info<\/figcaption><\/figure>\n<p>Gradona\u010delnik<strong> Kre\u0161imir A\u010dkar<\/strong> zahvalio je sugra\u0111anima koji su Adventu u Gorici pru\u017eili podr\u0161ku te ga ponovno u\u010dinili posebnim.<\/p>\n<p>&#8211; I ova nagrada pokazuje kako &#8220;Advent u Gorici&#8221; postaje prepoznatljiv u cijeloj Hrvatskoj. Gori\u010dki je advent svojim sadr\u017eajima okrenut primarno na\u0161im najmla\u0111im sugra\u0111anima, a o\u010dekujem da se tako profilira i u\u00a0 budu\u0107nosti. \u017delimo imati manifestaciju na koju \u0107e dolaziti cijele obitelji \u2013 istaknuo je A\u010dkar.<\/p>\n<p><img decoding=\"async\" class=\"aligncenter wp-image-59851 size-full\" src=\"https:\/\/gorica.info\/wp-content\/uploads\/2024\/01\/advent-nagrada1.jpg\" alt=\"\" width=\"770\" height=\"800\" srcset=\"https:\/\/gorica.info\/wp-content\/uploads\/2024\/01\/advent-nagrada1.jpg 770w, https:\/\/gorica.info\/wp-content\/uploads\/2024\/01\/advent-nagrada1-289x300.jpg 289w, https:\/\/gorica.info\/wp-content\/uploads\/2024\/01\/advent-nagrada1-768x798.jpg 768w, https:\/\/gorica.info\/wp-content\/uploads\/2024\/01\/advent-nagrada1-750x779.jpg 750w\" sizes=\"(max-width: 770px) 100vw, 770px\" \/><\/p>\n<p>Direktorica Turisti\u010dke zajednice <strong>Maja Toth<\/strong> tako\u0111er je zahvalila svima koji su svojim glasovima i neprestanom podr\u0161kom doprinijeli ovom izvanrednom rezultatu.<\/p>\n<p>&#8211; Va\u0161a ljubav prema tradiciji i zajedni\u0161tvu bila je temelj ovog uspjeha. Svaki va\u0161 korak, svaki va\u0161 osmijeh i svaki posjet Adventu u\u010dinili su ga posebnim i druga\u010dijim. I sljede\u0107e godine potrudit \u0107emo se opravdati va\u0161a o\u010dekivanja i u\u010diniti blagdane u Velikoj Gorici posebnima \u2013 kazala je Toth.<\/p>\n<p>Osim podr\u0161ke sugra\u0111ana, zaslu\u017eeno visoko mjesto je tako\u0111er pokazatelj kontinuiranog rada na pobolj\u0161anja kvalitete \u017eivota i ponude sadr\u017eaja koju osigurava na\u0161 grad, a priznanje i prepoznavanje stru\u010dnjaka i \u017eirija potvrdilo je kvalitetu i originalnost Adventa u Gorici, poru\u010dili su iz Turisti\u010dke zajednice.<\/p>","protected":false},"excerpt":{"rendered":"<p>Advent u Gorici u izboru za najljep\u0161i Advent u Hrvatskoj osvojio je drugo mjesto. Natjecanje &#8220;NajAdvent&#8221; organizira Ve\u010dernji list, a Velika Gorica ove godine postigla je najbolji rezultat otkad sudjeluje. &#8211; Advent u Gorici istaknuo se svojom jedinstvenom temom podgutnice, prepoznatljivog simbola kraja, privla\u010de\u0107i pa\u017enju kako posjetitelja tako i stru\u010dnog \u017eirija. Aktivna podr\u0161ka lokalne zajednice, [&hellip;]<\/p>\n","protected":false},"author":25,"featured_media":59850,"comment_status":"open","ping_status":"open","sticky":false,"template":"","format":"standard","meta":{"limit_modified_date":"","last_modified_date":"","jnews-multi-image_gallery":[],"jnews_single_post":[],"jnews_primary_category":[],"jnews_override_counter":[],"footnotes":""},"categories":[87],"tags":[4384,253,2277,4385,3112,4386],"class_list":["post-59849","post","type-post","status-publish","format-standard","has-post-thumbnail","hentry","category-gorica","tag-drugo-mjesto","tag-kresimir-ackar","tag-maja-toth","tag-najadvent","tag-priznanje","tag-vecernji-list"],"yoast_head":"<!-- This site is optimized with the Yoast SEO Premium plugin v27.4 (Yoast SEO v27.4) - https:\/\/yoast.com\/product\/yoast-seo-premium-wordpress\/ -->\n<title>Sjajno priznanje: Advent u Gorici osvojio drugo mjesto u izboru &quot;NajAdvent&quot; koji organizira Ve\u010dernji list - Gorica Info<\/title>\n<meta name=\"description\" content=\"Sjajno priznanje za na\u0161 grad: Advent u Gorici osvojio drugo mjesto u izboru &quot;NajAdvent&quot; koji organizira Ve\u010dernji list\" \/>\n<meta name=\"robots\" content=\"index, follow, max-snippet:-1, max-image-preview:large, max-video-preview:-1\" \/>\n<link rel=\"canonical\" href=\"https:\/\/gorica.info\/en\/sjajno-priznanje-advent-u-gorici-osvojio-drugo-mjesto-u-izboru-najadvent-koji-organizira-vecernji-list\/\" \/>\n<meta property=\"og:locale\" content=\"en_US\" \/>\n<meta property=\"og:type\" content=\"article\" \/>\n<meta property=\"og:title\" content=\"Sjajno priznanje: Advent u Gorici osvojio drugo mjesto u izboru &quot;NajAdvent&quot; koji organizira Ve\u010dernji list\" \/>\n<meta property=\"og:description\" content=\"Sjajno priznanje za na\u0161 grad: Advent u Gorici osvojio drugo mjesto u izboru &quot;NajAdvent&quot; koji organizira Ve\u010dernji list\" \/>\n<meta property=\"og:url\" content=\"https:\/\/gorica.info\/en\/sjajno-priznanje-advent-u-gorici-osvojio-drugo-mjesto-u-izboru-najadvent-koji-organizira-vecernji-list\/\" \/>\n<meta property=\"og:site_name\" content=\"Gorica Info\" \/>\n<meta property=\"article:publisher\" content=\"https:\/\/www.facebook.com\/Goricainfo-106005144489262\" \/>\n<meta property=\"article:published_time\" content=\"2024-01-18T12:43:51+00:00\" \/>\n<meta property=\"og:image\" content=\"https:\/\/gorica.info\/wp-content\/uploads\/2024\/01\/advent-nagrada.jpg\" \/>\n\t<meta property=\"og:image:width\" content=\"712\" \/>\n\t<meta property=\"og:image:height\" content=\"800\" \/>\n\t<meta property=\"og:image:type\" content=\"image\/jpeg\" \/>\n<meta name=\"author\" content=\"Marta Horvat\" \/>\n<meta name=\"twitter:card\" content=\"summary_large_image\" \/>\n<meta name=\"twitter:creator\" content=\"@GoricaInfo\" \/>\n<meta name=\"twitter:site\" content=\"@GoricaInfo\" \/>\n<meta name=\"twitter:label1\" content=\"Written by\" \/>\n\t<meta name=\"twitter:data1\" content=\"Marta Horvat\" \/>\n\t<meta name=\"twitter:label2\" content=\"Est. reading time\" \/>\n\t<meta name=\"twitter:data2\" content=\"2 minutes\" \/>\n<meta name=\"geo.placename\" content=\"Velika Gorica\" \/>\n<meta name=\"geo.region\" content=\"Croatia\" \/>\n<!-- \/ Yoast SEO Premium plugin. -->","yoast_head_json":{"title":"Sjajno priznanje: Advent u Gorici osvojio drugo mjesto u izboru \"NajAdvent\" koji organizira Ve\u010dernji list - Gorica Info","description":"Sjajno priznanje za na\u0161 grad: Advent u Gorici osvojio drugo mjesto u izboru \"NajAdvent\" koji organizira Ve\u010dernji list","robots":{"index":"index","follow":"follow","max-snippet":"max-snippet:-1","max-image-preview":"max-image-preview:large","max-video-preview":"max-video-preview:-1"},"canonical":"https:\/\/gorica.info\/en\/sjajno-priznanje-advent-u-gorici-osvojio-drugo-mjesto-u-izboru-najadvent-koji-organizira-vecernji-list\/","og_locale":"en_US","og_type":"article","og_title":"Sjajno priznanje: Advent u Gorici osvojio drugo mjesto u izboru \"NajAdvent\" koji organizira Ve\u010dernji list","og_description":"Sjajno priznanje za na\u0161 grad: Advent u Gorici osvojio drugo mjesto u izboru \"NajAdvent\" koji organizira Ve\u010dernji list","og_url":"https:\/\/gorica.info\/en\/sjajno-priznanje-advent-u-gorici-osvojio-drugo-mjesto-u-izboru-najadvent-koji-organizira-vecernji-list\/","og_site_name":"Gorica Info","article_publisher":"https:\/\/www.facebook.com\/Goricainfo-106005144489262","article_published_time":"2024-01-18T12:43:51+00:00","og_image":[{"width":712,"height":800,"url":"https:\/\/gorica.info\/wp-content\/uploads\/2024\/01\/advent-nagrada.jpg","type":"image\/jpeg"}],"author":"Marta Horvat","twitter_card":"summary_large_image","twitter_creator":"@GoricaInfo","twitter_site":"@GoricaInfo","twitter_misc":{"Written by":"Marta Horvat","Est. reading time":"2 minutes"},"schema":{"@context":"https:\/\/schema.org","@graph":[{"@type":"NewsArticle","@id":"https:\/\/gorica.info\/sjajno-priznanje-advent-u-gorici-osvojio-drugo-mjesto-u-izboru-najadvent-koji-organizira-vecernji-list\/#article","isPartOf":{"@id":"https:\/\/gorica.info\/sjajno-priznanje-advent-u-gorici-osvojio-drugo-mjesto-u-izboru-najadvent-koji-organizira-vecernji-list\/"},"author":{"name":"Marta Horvat","@id":"https:\/\/gorica.info\/#\/schema\/person\/b2df2f6fb2a9073c0fa5af2672befd52"},"headline":"Sjajno priznanje: Advent u Gorici osvojio drugo mjesto u izboru &#8220;NajAdvent&#8221; koji organizira Ve\u010dernji list","datePublished":"2024-01-18T12:43:51+00:00","mainEntityOfPage":{"@id":"https:\/\/gorica.info\/sjajno-priznanje-advent-u-gorici-osvojio-drugo-mjesto-u-izboru-najadvent-koji-organizira-vecernji-list\/"},"wordCount":322,"commentCount":0,"publisher":{"@id":"https:\/\/gorica.info\/#organization"},"image":{"@id":"https:\/\/gorica.info\/sjajno-priznanje-advent-u-gorici-osvojio-drugo-mjesto-u-izboru-najadvent-koji-organizira-vecernji-list\/#primaryimage"},"thumbnailUrl":"https:\/\/gorica.info\/wp-content\/uploads\/2024\/01\/advent-nagrada.jpg","keywords":["drugo mjesto","Kre\u0161imir A\u010dkar","maja toth","najadvent","priznanje","ve\u010dernji list"],"articleSection":["GORICA"],"inLanguage":"en-US","potentialAction":[{"@type":"CommentAction","name":"Comment","target":["https:\/\/gorica.info\/sjajno-priznanje-advent-u-gorici-osvojio-drugo-mjesto-u-izboru-najadvent-koji-organizira-vecernji-list\/#respond"]}],"copyrightYear":"2024","copyrightHolder":{"@id":"https:\/\/gorica.info\/en\/#organization"}},{"@type":"WebPage","@id":"https:\/\/gorica.info\/sjajno-priznanje-advent-u-gorici-osvojio-drugo-mjesto-u-izboru-najadvent-koji-organizira-vecernji-list\/","url":"https:\/\/gorica.info\/sjajno-priznanje-advent-u-gorici-osvojio-drugo-mjesto-u-izboru-najadvent-koji-organizira-vecernji-list\/","name":"Sjajno priznanje: Advent u Gorici osvojio drugo mjesto u izboru \"NajAdvent\" koji organizira Ve\u010dernji list - Gorica Info","isPartOf":{"@id":"https:\/\/gorica.info\/#website"},"primaryImageOfPage":{"@id":"https:\/\/gorica.info\/sjajno-priznanje-advent-u-gorici-osvojio-drugo-mjesto-u-izboru-najadvent-koji-organizira-vecernji-list\/#primaryimage"},"image":{"@id":"https:\/\/gorica.info\/sjajno-priznanje-advent-u-gorici-osvojio-drugo-mjesto-u-izboru-najadvent-koji-organizira-vecernji-list\/#primaryimage"},"thumbnailUrl":"https:\/\/gorica.info\/wp-content\/uploads\/2024\/01\/advent-nagrada.jpg","datePublished":"2024-01-18T12:43:51+00:00","description":"Sjajno priznanje za na\u0161 grad: Advent u Gorici osvojio drugo mjesto u izboru \"NajAdvent\" koji organizira Ve\u010dernji list","breadcrumb":{"@id":"https:\/\/gorica.info\/sjajno-priznanje-advent-u-gorici-osvojio-drugo-mjesto-u-izboru-najadvent-koji-organizira-vecernji-list\/#breadcrumb"},"inLanguage":"en-US","potentialAction":[{"@type":"ReadAction","target":["https:\/\/gorica.info\/sjajno-priznanje-advent-u-gorici-osvojio-drugo-mjesto-u-izboru-najadvent-koji-organizira-vecernji-list\/"]}]},{"@type":"ImageObject","inLanguage":"en-US","@id":"https:\/\/gorica.info\/sjajno-priznanje-advent-u-gorici-osvojio-drugo-mjesto-u-izboru-najadvent-koji-organizira-vecernji-list\/#primaryimage","url":"https:\/\/gorica.info\/wp-content\/uploads\/2024\/01\/advent-nagrada.jpg","contentUrl":"https:\/\/gorica.info\/wp-content\/uploads\/2024\/01\/advent-nagrada.jpg","width":712,"height":800,"caption":"Foto: TZ Velike Gorice"},{"@type":"BreadcrumbList","@id":"https:\/\/gorica.info\/sjajno-priznanje-advent-u-gorici-osvojio-drugo-mjesto-u-izboru-najadvent-koji-organizira-vecernji-list\/#breadcrumb","itemListElement":[{"@type":"ListItem","position":1,"name":"Po\u010detna stranica","item":"https:\/\/gorica.info\/"},{"@type":"ListItem","position":2,"name":"Sjajno priznanje: Advent u Gorici osvojio drugo mjesto u izboru &#8220;NajAdvent&#8221; koji organizira Ve\u010dernji list"}]},{"@type":"WebSite","@id":"https:\/\/gorica.info\/#website","url":"https:\/\/gorica.info\/","name":"Gorica Info","description":"Vijesti iz Velike Gorice i okolice.","publisher":{"@id":"https:\/\/gorica.info\/#organization"},"potentialAction":[{"@type":"SearchAction","target":{"@type":"EntryPoint","urlTemplate":"https:\/\/gorica.info\/?s={search_term_string}"},"query-input":{"@type":"PropertyValueSpecification","valueRequired":true,"valueName":"search_term_string"}}],"inLanguage":"en-US"},{"@type":["Organization","Place","NewsMediaOrganization"],"@id":"https:\/\/gorica.info\/#organization","name":"Gorica Info","url":"https:\/\/gorica.info\/","logo":{"@id":"https:\/\/gorica.info\/sjajno-priznanje-advent-u-gorici-osvojio-drugo-mjesto-u-izboru-najadvent-koji-organizira-vecernji-list\/#local-main-organization-logo"},"image":{"@id":"https:\/\/gorica.info\/sjajno-priznanje-advent-u-gorici-osvojio-drugo-mjesto-u-izboru-najadvent-koji-organizira-vecernji-list\/#local-main-organization-logo"},"sameAs":["https:\/\/www.facebook.com\/Goricainfo-106005144489262","https:\/\/x.com\/GoricaInfo","https:\/\/www.instagram.com\/gorica.info\/"],"address":{"@id":"https:\/\/gorica.info\/sjajno-priznanje-advent-u-gorici-osvojio-drugo-mjesto-u-izboru-najadvent-koji-organizira-vecernji-list\/#local-main-place-address"},"telephone":[],"openingHoursSpecification":[{"@type":"OpeningHoursSpecification","dayOfWeek":["Monday","Tuesday","Wednesday","Thursday","Friday","Saturday","Sunday"],"opens":"09:00","closes":"17:00"}],"email":"redakcija@gorica.info"},{"@type":"Person","@id":"https:\/\/gorica.info\/#\/schema\/person\/b2df2f6fb2a9073c0fa5af2672befd52","name":"Marta Horvat","description":"Marta Horvat je studentica koja redovito pi\u0161e za portal, prati sva gradska doga\u0111anja i u\u017eiva isprobavati nove recept koje dijeli s na\u0161im \u010ditateljima.","url":"https:\/\/gorica.info\/en\/author\/marta-horvat\/"},{"@type":"PostalAddress","@id":"https:\/\/gorica.info\/sjajno-priznanje-advent-u-gorici-osvojio-drugo-mjesto-u-izboru-najadvent-koji-organizira-vecernji-list\/#local-main-place-address","streetAddress":"Horvatova 97","addressLocality":"Velika Gorica","postalCode":"10410","addressRegion":"Croatia","addressCountry":"HR"},{"@type":"ImageObject","inLanguage":"en-US","@id":"https:\/\/gorica.info\/sjajno-priznanje-advent-u-gorici-osvojio-drugo-mjesto-u-izboru-najadvent-koji-organizira-vecernji-list\/#local-main-organization-logo","url":"https:\/\/gorica.info\/wp-content\/uploads\/2024\/07\/Gorica-Info-Logo-mali.png","contentUrl":"https:\/\/gorica.info\/wp-content\/uploads\/2024\/07\/Gorica-Info-Logo-mali.png","width":450,"height":85,"caption":"Gorica Info"}]},"geo.placename":"Velika Gorica","geo.region":"Croatia"},"_links":{"self":[{"href":"https:\/\/gorica.info\/en\/wp-json\/wp\/v2\/posts\/59849","targetHints":{"allow":["GET"]}}],"collection":[{"href":"https:\/\/gorica.info\/en\/wp-json\/wp\/v2\/posts"}],"about":[{"href":"https:\/\/gorica.info\/en\/wp-json\/wp\/v2\/types\/post"}],"author":[{"embeddable":true,"href":"https:\/\/gorica.info\/en\/wp-json\/wp\/v2\/users\/25"}],"replies":[{"embeddable":true,"href":"https:\/\/gorica.info\/en\/wp-json\/wp\/v2\/comments?post=59849"}],"version-history":[{"count":0,"href":"https:\/\/gorica.info\/en\/wp-json\/wp\/v2\/posts\/59849\/revisions"}],"wp:featuredmedia":[{"embeddable":true,"href":"https:\/\/gorica.info\/en\/wp-json\/wp\/v2\/media\/59850"}],"wp:attachment":[{"href":"https:\/\/gorica.info\/en\/wp-json\/wp\/v2\/media?parent=59849"}],"wp:term":[{"taxonomy":"category","embeddable":true,"href":"https:\/\/gorica.info\/en\/wp-json\/wp\/v2\/categories?post=59849"},{"taxonomy":"post_tag","embeddable":true,"href":"https:\/\/gorica.info\/en\/wp-json\/wp\/v2\/tags?post=59849"}],"curies":[{"name":"wp","href":"https:\/\/api.w.org\/{rel}","templated":true}]}}