{"id":59954,"date":"2024-01-21T09:43:25","date_gmt":"2024-01-21T08:43:25","guid":{"rendered":"https:\/\/gorica.info\/?p=59954"},"modified":"2024-01-21T09:43:25","modified_gmt":"2024-01-21T08:43:25","slug":"medu-cetvero-finalista-the-voicea-i-goricki-maturant-martin-kosovec-mnogi-ga-vec-nazivaju-novim-ivom-robicem","status":"publish","type":"post","link":"https:\/\/gorica.info\/en\/medu-cetvero-finalista-the-voicea-i-goricki-maturant-martin-kosovec-mnogi-ga-vec-nazivaju-novim-ivom-robicem\/","title":{"rendered":"Me\u0111u \u010detvero finalista The Voicea i gori\u010dki maturant Martin Kosovec: Mnogi ga ve\u0107 nazivaju novim Ivom Robi\u0107em"},"content":{"rendered":"<p><strong>Maturant<\/strong> Zrakoplovne tehni\u010dke \u0161kole Rudolfa Pere\u0161ina <strong>Martin Kosovec<\/strong> plasirao se u finale emisije <a href=\"https:\/\/voice.hrt.hr\/natjecatelji\/\"><strong>The Voice Hrvatska<\/strong><\/a>. Martinu je izveo pjesmu \u201cUnchained Melody\u201d.<\/p>\n<p>&#8211; Predivno, zavodljivo, bit \u0107e kako mora biti &#8211; rekla je Vanna isti\u010du\u0107i kako Martinov glas vodi na razna mjesta.<\/p>\n<p>Martin ima 18 godina i jedan je od najmla\u0111ih kandidata u ovoj sezoni The Voicea. Bez obzira na to, mo\u017ee se pohvaliti iskustvom nastupanja na brojnim festivalima od kojih se ponajvi\u0161e izdvaja me\u0111unarodni Blues festival u Memphisu. Tada je imao samo 13 godina.<\/p>\n<div class=\"jeg_video_container jeg_video_content\"><iframe title=\"Martin - &quot;Unchained Melody&quot; | Live 2, polufinale | The Voice Hrvatska | Sezona 4\" width=\"500\" height=\"281\" src=\"https:\/\/www.youtube.com\/embed\/7zL_-pZyNgw?feature=oembed\" frameborder=\"0\" allow=\"accelerometer; autoplay; clipboard-write; encrypted-media; gyroscope; picture-in-picture; web-share\" referrerpolicy=\"strict-origin-when-cross-origin\" allowfullscreen><\/iframe><\/div>\n<p>Veliki je obo\u017eavatelj glazbe Franka Sinatre, Toma Jonesa i Engelberta. Ljubav prema glazbi naslijedio je od oca instrumentalista, a ujak ga je nagovorio da se prijavi na natjecanje. Od doma\u0107ih glazbenih uzora izdvaja Dadu Topi\u0107a, a navodi da mo\u017ee pjevati gotovo sve \u017eanrove.\u00a0Uz <a href=\"https:\/\/gorica.info\/en\/2024\/01\/12\/legendarni-daniel-popovic-prisjetio-se-eurovizije-i-pjesme-dzuli-koja-je-rekorder-po-broju-prodanih-ploca\/\">glazbu<\/a>, druga su mu najve\u0107a ljubav zrakoplovi i automobili.<\/p>\n<p>U finalu \u0107e sljede\u0107u subotu osim Martina, pjevati <strong>Ana \u0160iri\u0107<\/strong>, <strong>Luka Novokmet<\/strong> i <strong>Jakov Peru\u0161ka Rihtar<\/strong>.<\/p>","protected":false},"excerpt":{"rendered":"<p>Maturant Zrakoplovne tehni\u010dke \u0161kole Rudolfa Pere\u0161ina Martin Kosovec plasirao se u finale emisije The Voice Hrvatska. Martinu je izveo pjesmu \u201cUnchained Melody\u201d. &#8211; Predivno, zavodljivo, bit \u0107e kako mora biti &#8211; rekla je Vanna isti\u010du\u0107i kako Martinov glas vodi na razna mjesta. Martin ima 18 godina i jedan je od najmla\u0111ih kandidata u ovoj sezoni [&hellip;]<\/p>\n","protected":false},"author":25,"featured_media":59955,"comment_status":"open","ping_status":"open","sticky":false,"template":"","format":"standard","meta":{"limit_modified_date":"","last_modified_date":"","jnews-multi-image_gallery":[],"jnews_single_post":[],"jnews_primary_category":[],"jnews_override_counter":[],"footnotes":""},"categories":[115],"tags":[],"class_list":["post-59954","post","type-post","status-publish","format-standard","has-post-thumbnail","hentry","category-scena"],"yoast_head":"<!-- This site is optimized with the Yoast SEO Premium plugin v27.5 (Yoast SEO v27.5) - https:\/\/yoast.com\/product\/yoast-seo-premium-wordpress\/ -->\n<title>Me\u0111u \u010detvero finalista The Voicea i gori\u010dki maturant Martin Kosovec: Mnogi ga ve\u0107 nazivaju novim Ivom Robi\u0107em - Gorica Info<\/title>\n<meta name=\"description\" content=\"Me\u0111u \u010detvero finalista The Voicea i gori\u010dki maturant Martin Kosovec: Mnogi ga ve\u0107 nazivaju novim Ivom Robi\u0107em\" \/>\n<meta name=\"robots\" content=\"index, follow, max-snippet:-1, max-image-preview:large, max-video-preview:-1\" \/>\n<link rel=\"canonical\" href=\"https:\/\/gorica.info\/en\/medu-cetvero-finalista-the-voicea-i-goricki-maturant-martin-kosovec-mnogi-ga-vec-nazivaju-novim-ivom-robicem\/\" \/>\n<meta property=\"og:locale\" content=\"en_US\" \/>\n<meta property=\"og:type\" content=\"article\" \/>\n<meta property=\"og:title\" content=\"Me\u0111u \u010detvero finalista The Voicea i gori\u010dki maturant Martin Kosovec: Mnogi ga ve\u0107 nazivaju novim Ivom Robi\u0107em\" \/>\n<meta property=\"og:description\" content=\"Me\u0111u \u010detvero finalista The Voicea i gori\u010dki maturant Martin Kosovec: Mnogi ga ve\u0107 nazivaju novim Ivom Robi\u0107em\" \/>\n<meta property=\"og:url\" content=\"https:\/\/gorica.info\/en\/medu-cetvero-finalista-the-voicea-i-goricki-maturant-martin-kosovec-mnogi-ga-vec-nazivaju-novim-ivom-robicem\/\" \/>\n<meta property=\"og:site_name\" content=\"Gorica Info\" \/>\n<meta property=\"article:publisher\" content=\"https:\/\/www.facebook.com\/Goricainfo-106005144489262\" \/>\n<meta property=\"article:published_time\" content=\"2024-01-21T08:43:25+00:00\" \/>\n<meta property=\"og:image\" content=\"https:\/\/gorica.info\/wp-content\/uploads\/2024\/01\/martin-kosovec-foto-hrt-e1705830133149.jpg\" \/>\n\t<meta property=\"og:image:width\" content=\"533\" \/>\n\t<meta property=\"og:image:height\" content=\"405\" \/>\n\t<meta property=\"og:image:type\" content=\"image\/jpeg\" \/>\n<meta name=\"author\" content=\"Marta Horvat\" \/>\n<meta name=\"twitter:card\" content=\"summary_large_image\" \/>\n<meta name=\"twitter:creator\" content=\"@GoricaInfo\" \/>\n<meta name=\"twitter:site\" content=\"@GoricaInfo\" \/>\n<meta name=\"twitter:label1\" content=\"Written by\" \/>\n\t<meta name=\"twitter:data1\" content=\"Marta Horvat\" \/>\n\t<meta name=\"twitter:label2\" content=\"Est. reading time\" \/>\n\t<meta name=\"twitter:data2\" content=\"2 minutes\" \/>\n<meta name=\"geo.placename\" content=\"Velika Gorica\" \/>\n<meta name=\"geo.region\" content=\"Croatia\" \/>\n<!-- \/ Yoast SEO Premium plugin. -->","yoast_head_json":{"title":"Me\u0111u \u010detvero finalista The Voicea i gori\u010dki maturant Martin Kosovec: Mnogi ga ve\u0107 nazivaju novim Ivom Robi\u0107em - Gorica Info","description":"Me\u0111u \u010detvero finalista The Voicea i gori\u010dki maturant Martin Kosovec: Mnogi ga ve\u0107 nazivaju novim Ivom Robi\u0107em","robots":{"index":"index","follow":"follow","max-snippet":"max-snippet:-1","max-image-preview":"max-image-preview:large","max-video-preview":"max-video-preview:-1"},"canonical":"https:\/\/gorica.info\/en\/medu-cetvero-finalista-the-voicea-i-goricki-maturant-martin-kosovec-mnogi-ga-vec-nazivaju-novim-ivom-robicem\/","og_locale":"en_US","og_type":"article","og_title":"Me\u0111u \u010detvero finalista The Voicea i gori\u010dki maturant Martin Kosovec: Mnogi ga ve\u0107 nazivaju novim Ivom Robi\u0107em","og_description":"Me\u0111u \u010detvero finalista The Voicea i gori\u010dki maturant Martin Kosovec: Mnogi ga ve\u0107 nazivaju novim Ivom Robi\u0107em","og_url":"https:\/\/gorica.info\/en\/medu-cetvero-finalista-the-voicea-i-goricki-maturant-martin-kosovec-mnogi-ga-vec-nazivaju-novim-ivom-robicem\/","og_site_name":"Gorica Info","article_publisher":"https:\/\/www.facebook.com\/Goricainfo-106005144489262","article_published_time":"2024-01-21T08:43:25+00:00","og_image":[{"width":533,"height":405,"url":"https:\/\/gorica.info\/wp-content\/uploads\/2024\/01\/martin-kosovec-foto-hrt-e1705830133149.jpg","type":"image\/jpeg"}],"author":"Marta Horvat","twitter_card":"summary_large_image","twitter_creator":"@GoricaInfo","twitter_site":"@GoricaInfo","twitter_misc":{"Written by":"Marta Horvat","Est. reading time":"2 minutes"},"schema":{"@context":"https:\/\/schema.org","@graph":[{"@type":"NewsArticle","@id":"https:\/\/gorica.info\/medu-cetvero-finalista-the-voicea-i-goricki-maturant-martin-kosovec-mnogi-ga-vec-nazivaju-novim-ivom-robicem\/#article","isPartOf":{"@id":"https:\/\/gorica.info\/medu-cetvero-finalista-the-voicea-i-goricki-maturant-martin-kosovec-mnogi-ga-vec-nazivaju-novim-ivom-robicem\/"},"author":{"name":"Marta Horvat","@id":"https:\/\/gorica.info\/#\/schema\/person\/b2df2f6fb2a9073c0fa5af2672befd52"},"headline":"Me\u0111u \u010detvero finalista The Voicea i gori\u010dki maturant Martin Kosovec: Mnogi ga ve\u0107 nazivaju novim Ivom Robi\u0107em","datePublished":"2024-01-21T08:43:25+00:00","mainEntityOfPage":{"@id":"https:\/\/gorica.info\/medu-cetvero-finalista-the-voicea-i-goricki-maturant-martin-kosovec-mnogi-ga-vec-nazivaju-novim-ivom-robicem\/"},"wordCount":192,"commentCount":0,"publisher":{"@id":"https:\/\/gorica.info\/#organization"},"image":{"@id":"https:\/\/gorica.info\/medu-cetvero-finalista-the-voicea-i-goricki-maturant-martin-kosovec-mnogi-ga-vec-nazivaju-novim-ivom-robicem\/#primaryimage"},"thumbnailUrl":"https:\/\/gorica.info\/wp-content\/uploads\/2024\/01\/martin-kosovec-foto-hrt-e1705830133149.jpg","articleSection":["SCENA"],"inLanguage":"en-US","potentialAction":[{"@type":"CommentAction","name":"Comment","target":["https:\/\/gorica.info\/medu-cetvero-finalista-the-voicea-i-goricki-maturant-martin-kosovec-mnogi-ga-vec-nazivaju-novim-ivom-robicem\/#respond"]}],"copyrightYear":"2024","copyrightHolder":{"@id":"https:\/\/gorica.info\/en\/#organization"}},{"@type":"WebPage","@id":"https:\/\/gorica.info\/medu-cetvero-finalista-the-voicea-i-goricki-maturant-martin-kosovec-mnogi-ga-vec-nazivaju-novim-ivom-robicem\/","url":"https:\/\/gorica.info\/medu-cetvero-finalista-the-voicea-i-goricki-maturant-martin-kosovec-mnogi-ga-vec-nazivaju-novim-ivom-robicem\/","name":"Me\u0111u \u010detvero finalista The Voicea i gori\u010dki maturant Martin Kosovec: Mnogi ga ve\u0107 nazivaju novim Ivom Robi\u0107em - Gorica Info","isPartOf":{"@id":"https:\/\/gorica.info\/#website"},"primaryImageOfPage":{"@id":"https:\/\/gorica.info\/medu-cetvero-finalista-the-voicea-i-goricki-maturant-martin-kosovec-mnogi-ga-vec-nazivaju-novim-ivom-robicem\/#primaryimage"},"image":{"@id":"https:\/\/gorica.info\/medu-cetvero-finalista-the-voicea-i-goricki-maturant-martin-kosovec-mnogi-ga-vec-nazivaju-novim-ivom-robicem\/#primaryimage"},"thumbnailUrl":"https:\/\/gorica.info\/wp-content\/uploads\/2024\/01\/martin-kosovec-foto-hrt-e1705830133149.jpg","datePublished":"2024-01-21T08:43:25+00:00","description":"Me\u0111u \u010detvero finalista The Voicea i gori\u010dki maturant Martin Kosovec: Mnogi ga ve\u0107 nazivaju novim Ivom Robi\u0107em","breadcrumb":{"@id":"https:\/\/gorica.info\/medu-cetvero-finalista-the-voicea-i-goricki-maturant-martin-kosovec-mnogi-ga-vec-nazivaju-novim-ivom-robicem\/#breadcrumb"},"inLanguage":"en-US","potentialAction":[{"@type":"ReadAction","target":["https:\/\/gorica.info\/medu-cetvero-finalista-the-voicea-i-goricki-maturant-martin-kosovec-mnogi-ga-vec-nazivaju-novim-ivom-robicem\/"]}]},{"@type":"ImageObject","inLanguage":"en-US","@id":"https:\/\/gorica.info\/medu-cetvero-finalista-the-voicea-i-goricki-maturant-martin-kosovec-mnogi-ga-vec-nazivaju-novim-ivom-robicem\/#primaryimage","url":"https:\/\/gorica.info\/wp-content\/uploads\/2024\/01\/martin-kosovec-foto-hrt-e1705830133149.jpg","contentUrl":"https:\/\/gorica.info\/wp-content\/uploads\/2024\/01\/martin-kosovec-foto-hrt-e1705830133149.jpg","width":533,"height":405,"caption":"Foto: HRT"},{"@type":"BreadcrumbList","@id":"https:\/\/gorica.info\/medu-cetvero-finalista-the-voicea-i-goricki-maturant-martin-kosovec-mnogi-ga-vec-nazivaju-novim-ivom-robicem\/#breadcrumb","itemListElement":[{"@type":"ListItem","position":1,"name":"Po\u010detna stranica","item":"https:\/\/gorica.info\/"},{"@type":"ListItem","position":2,"name":"Me\u0111u \u010detvero finalista The Voicea i gori\u010dki maturant Martin Kosovec: Mnogi ga ve\u0107 nazivaju novim Ivom Robi\u0107em"}]},{"@type":"WebSite","@id":"https:\/\/gorica.info\/#website","url":"https:\/\/gorica.info\/","name":"Gorica Info","description":"Vijesti iz Velike Gorice i okolice.","publisher":{"@id":"https:\/\/gorica.info\/#organization"},"potentialAction":[{"@type":"SearchAction","target":{"@type":"EntryPoint","urlTemplate":"https:\/\/gorica.info\/?s={search_term_string}"},"query-input":{"@type":"PropertyValueSpecification","valueRequired":true,"valueName":"search_term_string"}}],"inLanguage":"en-US"},{"@type":["Organization","Place","NewsMediaOrganization"],"@id":"https:\/\/gorica.info\/#organization","name":"Gorica Info","url":"https:\/\/gorica.info\/","logo":{"@id":"https:\/\/gorica.info\/medu-cetvero-finalista-the-voicea-i-goricki-maturant-martin-kosovec-mnogi-ga-vec-nazivaju-novim-ivom-robicem\/#local-main-organization-logo"},"image":{"@id":"https:\/\/gorica.info\/medu-cetvero-finalista-the-voicea-i-goricki-maturant-martin-kosovec-mnogi-ga-vec-nazivaju-novim-ivom-robicem\/#local-main-organization-logo"},"sameAs":["https:\/\/www.facebook.com\/Goricainfo-106005144489262","https:\/\/x.com\/GoricaInfo","https:\/\/www.instagram.com\/gorica.info\/"],"address":{"@id":"https:\/\/gorica.info\/medu-cetvero-finalista-the-voicea-i-goricki-maturant-martin-kosovec-mnogi-ga-vec-nazivaju-novim-ivom-robicem\/#local-main-place-address"},"telephone":[],"openingHoursSpecification":[{"@type":"OpeningHoursSpecification","dayOfWeek":["Monday","Tuesday","Wednesday","Thursday","Friday","Saturday","Sunday"],"opens":"09:00","closes":"17:00"}],"email":"redakcija@gorica.info"},{"@type":"Person","@id":"https:\/\/gorica.info\/#\/schema\/person\/b2df2f6fb2a9073c0fa5af2672befd52","name":"Marta Horvat","description":"Marta Horvat je studentica koja redovito pi\u0161e za portal, prati sva gradska doga\u0111anja i u\u017eiva isprobavati nove recept koje dijeli s na\u0161im \u010ditateljima.","url":"https:\/\/gorica.info\/en\/author\/marta-horvat\/"},{"@type":"PostalAddress","@id":"https:\/\/gorica.info\/medu-cetvero-finalista-the-voicea-i-goricki-maturant-martin-kosovec-mnogi-ga-vec-nazivaju-novim-ivom-robicem\/#local-main-place-address","streetAddress":"Horvatova 97","addressLocality":"Velika Gorica","postalCode":"10410","addressRegion":"Croatia","addressCountry":"HR"},{"@type":"ImageObject","inLanguage":"en-US","@id":"https:\/\/gorica.info\/medu-cetvero-finalista-the-voicea-i-goricki-maturant-martin-kosovec-mnogi-ga-vec-nazivaju-novim-ivom-robicem\/#local-main-organization-logo","url":"https:\/\/gorica.info\/wp-content\/uploads\/2024\/07\/Gorica-Info-Logo-mali.png","contentUrl":"https:\/\/gorica.info\/wp-content\/uploads\/2024\/07\/Gorica-Info-Logo-mali.png","width":450,"height":85,"caption":"Gorica Info"}]},"geo.placename":"Velika Gorica","geo.region":"Croatia"},"_links":{"self":[{"href":"https:\/\/gorica.info\/en\/wp-json\/wp\/v2\/posts\/59954","targetHints":{"allow":["GET"]}}],"collection":[{"href":"https:\/\/gorica.info\/en\/wp-json\/wp\/v2\/posts"}],"about":[{"href":"https:\/\/gorica.info\/en\/wp-json\/wp\/v2\/types\/post"}],"author":[{"embeddable":true,"href":"https:\/\/gorica.info\/en\/wp-json\/wp\/v2\/users\/25"}],"replies":[{"embeddable":true,"href":"https:\/\/gorica.info\/en\/wp-json\/wp\/v2\/comments?post=59954"}],"version-history":[{"count":0,"href":"https:\/\/gorica.info\/en\/wp-json\/wp\/v2\/posts\/59954\/revisions"}],"wp:featuredmedia":[{"embeddable":true,"href":"https:\/\/gorica.info\/en\/wp-json\/wp\/v2\/media\/59955"}],"wp:attachment":[{"href":"https:\/\/gorica.info\/en\/wp-json\/wp\/v2\/media?parent=59954"}],"wp:term":[{"taxonomy":"category","embeddable":true,"href":"https:\/\/gorica.info\/en\/wp-json\/wp\/v2\/categories?post=59954"},{"taxonomy":"post_tag","embeddable":true,"href":"https:\/\/gorica.info\/en\/wp-json\/wp\/v2\/tags?post=59954"}],"curies":[{"name":"wp","href":"https:\/\/api.w.org\/{rel}","templated":true}]}}