{"id":60003,"date":"2024-01-23T14:19:30","date_gmt":"2024-01-23T13:19:30","guid":{"rendered":"https:\/\/gorica.info\/?p=60003"},"modified":"2024-01-23T14:19:30","modified_gmt":"2024-01-23T13:19:30","slug":"krece-novi-putopisni-serijal-nagradivane-htv-ove-autorice-andreje-buce-na-magistrali-gledajte-utorkom-navecer","status":"publish","type":"post","link":"https:\/\/gorica.info\/en\/krece-novi-putopisni-serijal-nagradivane-htv-ove-autorice-andreje-buce-na-magistrali-gledajte-utorkom-navecer\/","title":{"rendered":"Novi putopisni serijal nagra\u0111ivane HTV-ove autorice Andreje Bu\u010de: \u201cNa Magistrali\u201c gledajte utorkom nave\u010der"},"content":{"rendered":"<p>Nagra\u0111ivana<a href=\"https:\/\/hrtprikazuje.hrt.hr\/dokumentarci\/na-magistrali-11285292\"> HRT-ova autorica<\/a><strong> Andrea Bu\u010da<\/strong> snimila je novi putopisni serijal <strong>\u201eNa Magistrali\u201c<\/strong>. Mo\u017eete ga gledati <strong>od utorka, 23. sije\u010dnja<\/strong> na Prvom programu HTV1 u terminu od 20:15 sati.<\/p>\n<p>Jadranska magistrala, slu\u017ebenog naziva D8, nakon izgradnje temeljito je promijenila \u017eivote uz obalu, ali i s one druge, kopnene strane, te utjecala na razvoj turizma i dinamiku lokalnog stanovni\u0161tva.<\/p>\n<p>&#8220;\u017dila kucavica&#8221; od \u0161ezdesetih godina do danas postala je mnogo vi\u0161e od obi\u010dnog asfaltiranog puta usadiv\u0161i se duboko u kolektivnu memoriju kao nezaboravni dio ljetovanja s kojeg svatko od nas nosi posebne uspomene.<\/p>\n<p>Tijekom svih tih godina magistrala je ispisala bezbroj pri\u010da, a upravo su one postale dijelom ove putopisne serije u \u0161est epizoda, najavljuju s <a href=\"https:\/\/gorica.info\/en\/2024\/01\/21\/medu-cetvero-finalista-the-voicea-i-goricki-maturant-martin-kosovec-mnogi-ga-vec-nazivaju-novim-ivom-robicem\/\">HRT-a<\/a>.<\/p>\n<p>Vidjet \u0107emo pri\u010de o magistrali ali i o ljudima koji \u017eive uz nju i s njom, o obi\u010dajima, nostalgiji za nekim pro\u0161lim vremenima, tradiciji koja se prenosi s generacije na generaciju, zadivljuju\u0107im prirodnim ljepotama, neobi\u010dnim specijalitetima, vremenskim nepogodama i zanimljivim dogodov\u0161tinama.<\/p>\n<figure id=\"attachment_60005\" aria-describedby=\"caption-attachment-60005\" style=\"width: 810px\" class=\"wp-caption aligncenter\"><img fetchpriority=\"high\" decoding=\"async\" class=\"wp-image-60005 size-large\" src=\"https:\/\/gorica.info\/wp-content\/uploads\/2024\/01\/na-magistrali-hrt-1024x576.webp\" alt=\"putopisni serijal\" width=\"810\" height=\"456\" srcset=\"https:\/\/gorica.info\/wp-content\/uploads\/2024\/01\/na-magistrali-hrt-1024x576.webp 1024w, https:\/\/gorica.info\/wp-content\/uploads\/2024\/01\/na-magistrali-hrt-300x169.webp 300w, https:\/\/gorica.info\/wp-content\/uploads\/2024\/01\/na-magistrali-hrt-768x432.webp 768w, https:\/\/gorica.info\/wp-content\/uploads\/2024\/01\/na-magistrali-hrt-750x422.webp 750w, https:\/\/gorica.info\/wp-content\/uploads\/2024\/01\/na-magistrali-hrt-1140x641.webp 1140w, https:\/\/gorica.info\/wp-content\/uploads\/2024\/01\/na-magistrali-hrt.webp 1100w\" sizes=\"(max-width: 810px) 100vw, 810px\" \/><figcaption id=\"caption-attachment-60005\" class=\"wp-caption-text\">Foto: Promo \/ HRT<\/figcaption><\/figure>\n<p>Izmjenjuju\u0107i prijevozna sredstva Bu\u010da i ekipa serije provest \u0107e se magistralom od po\u010detka do kraja. Ta stara ljepotica, turisti\u010dka cesta i danas spada u najljep\u0161e ceste svijeta.<\/p>\n<p>U prvoj epizodi otkrivamo kako je magistrala nastala i na kojim temeljima. Jadranska magistrala, po\u010dinje u rije\u010dkom zale\u0111u, preko Preluka, a zatim ide kroz centar Rijeke kojim je 70-ih prolazilo vi\u0161e od 100.000 vozila na dan. Preko Bakra, Bakarca, Vinodola i Klenovice putujemo sve do Senja prikazuju\u0107i lokalni \u017eivot, ljude i ljepote.<\/p>\n<p>Vjerujemo da \u0107e kao i svi dosada\u0161nji Bu\u010dini serijali &#8220;Stani u Lici&#8221;, &#8220;Stani u Zagorju&#8221; i &#8220;Stani na otoku&#8221;, i serijal &#8220;Na Magistrali&#8221; o\u010darati gledatelje posebnim stilom i pristupom<\/p>\n<p>Autorica i redateljica je Andrea Bu\u010da, a autor \u0161pice <strong>Ivan Maru\u0161i\u0107 Klif<\/strong>. Monta\u017eerke su<strong> Ana \u0160tulina<\/strong> i <strong>Sandra Miti\u0107<\/strong>, novinarka <strong>Tina Lon\u010dar<\/strong>, snimatelji <strong>Marjan \u017divi\u0107<\/strong> i <strong>Milan Latkovi\u0107<\/strong>, a producenti <strong>Sanja Knez<\/strong> i <strong>Ana-Marija Valid\u017ei\u0107<\/strong>.<\/p>","protected":false},"excerpt":{"rendered":"<p>Nagra\u0111ivana HRT-ova autorica Andrea Bu\u010da snimila je novi putopisni serijal \u201eNa Magistrali\u201c. Mo\u017eete ga gledati od utorka, 23. sije\u010dnja na Prvom programu HTV1 u terminu od 20:15 sati. Jadranska magistrala, slu\u017ebenog naziva D8, nakon izgradnje temeljito je promijenila \u017eivote uz obalu, ali i s one druge, kopnene strane, te utjecala na razvoj turizma i dinamiku [&hellip;]<\/p>\n","protected":false},"author":25,"featured_media":60004,"comment_status":"open","ping_status":"open","sticky":false,"template":"","format":"standard","meta":{"limit_modified_date":"","last_modified_date":"","jnews-multi-image_gallery":[],"jnews_single_post":[],"jnews_primary_category":[],"jnews_override_counter":[],"footnotes":""},"categories":[115],"tags":[],"class_list":["post-60003","post","type-post","status-publish","format-standard","has-post-thumbnail","hentry","category-scena"],"yoast_head":"<!-- This site is optimized with the Yoast SEO Premium plugin v27.5 (Yoast SEO v27.5) - https:\/\/yoast.com\/product\/yoast-seo-premium-wordpress\/ -->\n<title>Novi putopisni serijal nagra\u0111ivane HTV-ove autorice Andreje Bu\u010de: \u201cNa Magistrali\u201c gledajte utorkom nave\u010der - Gorica Info<\/title>\n<meta name=\"description\" content=\"Kre\u0107e novi putopisni serijal nagra\u0111ivane HTV-ove autorice Andreje Bu\u010de: \u201cNa Magistrali\u201c gledajte utorkom nave\u010der\" \/>\n<meta name=\"robots\" content=\"index, follow, max-snippet:-1, max-image-preview:large, max-video-preview:-1\" \/>\n<link rel=\"canonical\" href=\"https:\/\/gorica.info\/en\/krece-novi-putopisni-serijal-nagradivane-htv-ove-autorice-andreje-buce-na-magistrali-gledajte-utorkom-navecer\/\" \/>\n<meta property=\"og:locale\" content=\"en_US\" \/>\n<meta property=\"og:type\" content=\"article\" \/>\n<meta property=\"og:title\" content=\"Novi putopisni serijal nagra\u0111ivane HTV-ove autorice Andreje Bu\u010de: \u201cNa Magistrali\u201c gledajte utorkom nave\u010der\" \/>\n<meta property=\"og:description\" content=\"Kre\u0107e novi putopisni serijal nagra\u0111ivane HTV-ove autorice Andreje Bu\u010de: \u201cNa Magistrali\u201c gledajte utorkom nave\u010der\" \/>\n<meta property=\"og:url\" content=\"https:\/\/gorica.info\/en\/krece-novi-putopisni-serijal-nagradivane-htv-ove-autorice-andreje-buce-na-magistrali-gledajte-utorkom-navecer\/\" \/>\n<meta property=\"og:site_name\" content=\"Gorica Info\" \/>\n<meta property=\"article:publisher\" content=\"https:\/\/www.facebook.com\/Goricainfo-106005144489262\" \/>\n<meta property=\"article:published_time\" content=\"2024-01-23T13:19:30+00:00\" \/>\n<meta property=\"og:image\" content=\"https:\/\/gorica.info\/wp-content\/uploads\/2024\/01\/na_magistrali_cover-1.jpg\" \/>\n\t<meta property=\"og:image:width\" content=\"1200\" \/>\n\t<meta property=\"og:image:height\" content=\"675\" \/>\n\t<meta property=\"og:image:type\" content=\"image\/jpeg\" \/>\n<meta name=\"author\" content=\"Marta Horvat\" \/>\n<meta name=\"twitter:card\" content=\"summary_large_image\" \/>\n<meta name=\"twitter:creator\" content=\"@GoricaInfo\" \/>\n<meta name=\"twitter:site\" content=\"@GoricaInfo\" \/>\n<meta name=\"twitter:label1\" content=\"Written by\" \/>\n\t<meta name=\"twitter:data1\" content=\"Marta Horvat\" \/>\n\t<meta name=\"twitter:label2\" content=\"Est. reading time\" \/>\n\t<meta name=\"twitter:data2\" content=\"3 minutes\" \/>\n<meta name=\"geo.placename\" content=\"Velika Gorica\" \/>\n<meta name=\"geo.region\" content=\"Croatia\" \/>\n<!-- \/ Yoast SEO Premium plugin. -->","yoast_head_json":{"title":"Novi putopisni serijal nagra\u0111ivane HTV-ove autorice Andreje Bu\u010de: \u201cNa Magistrali\u201c gledajte utorkom nave\u010der - Gorica Info","description":"Kre\u0107e novi putopisni serijal nagra\u0111ivane HTV-ove autorice Andreje Bu\u010de: \u201cNa Magistrali\u201c gledajte utorkom nave\u010der","robots":{"index":"index","follow":"follow","max-snippet":"max-snippet:-1","max-image-preview":"max-image-preview:large","max-video-preview":"max-video-preview:-1"},"canonical":"https:\/\/gorica.info\/en\/krece-novi-putopisni-serijal-nagradivane-htv-ove-autorice-andreje-buce-na-magistrali-gledajte-utorkom-navecer\/","og_locale":"en_US","og_type":"article","og_title":"Novi putopisni serijal nagra\u0111ivane HTV-ove autorice Andreje Bu\u010de: \u201cNa Magistrali\u201c gledajte utorkom nave\u010der","og_description":"Kre\u0107e novi putopisni serijal nagra\u0111ivane HTV-ove autorice Andreje Bu\u010de: \u201cNa Magistrali\u201c gledajte utorkom nave\u010der","og_url":"https:\/\/gorica.info\/en\/krece-novi-putopisni-serijal-nagradivane-htv-ove-autorice-andreje-buce-na-magistrali-gledajte-utorkom-navecer\/","og_site_name":"Gorica Info","article_publisher":"https:\/\/www.facebook.com\/Goricainfo-106005144489262","article_published_time":"2024-01-23T13:19:30+00:00","og_image":[{"width":1200,"height":675,"url":"https:\/\/gorica.info\/wp-content\/uploads\/2024\/01\/na_magistrali_cover-1.jpg","type":"image\/jpeg"}],"author":"Marta Horvat","twitter_card":"summary_large_image","twitter_creator":"@GoricaInfo","twitter_site":"@GoricaInfo","twitter_misc":{"Written by":"Marta Horvat","Est. reading time":"3 minutes"},"schema":{"@context":"https:\/\/schema.org","@graph":[{"@type":"NewsArticle","@id":"https:\/\/gorica.info\/krece-novi-putopisni-serijal-nagradivane-htv-ove-autorice-andreje-buce-na-magistrali-gledajte-utorkom-navecer\/#article","isPartOf":{"@id":"https:\/\/gorica.info\/krece-novi-putopisni-serijal-nagradivane-htv-ove-autorice-andreje-buce-na-magistrali-gledajte-utorkom-navecer\/"},"author":{"name":"Marta Horvat","@id":"https:\/\/gorica.info\/#\/schema\/person\/b2df2f6fb2a9073c0fa5af2672befd52"},"headline":"Novi putopisni serijal nagra\u0111ivane HTV-ove autorice Andreje Bu\u010de: \u201cNa Magistrali\u201c gledajte utorkom nave\u010der","datePublished":"2024-01-23T13:19:30+00:00","mainEntityOfPage":{"@id":"https:\/\/gorica.info\/krece-novi-putopisni-serijal-nagradivane-htv-ove-autorice-andreje-buce-na-magistrali-gledajte-utorkom-navecer\/"},"wordCount":355,"commentCount":0,"publisher":{"@id":"https:\/\/gorica.info\/#organization"},"image":{"@id":"https:\/\/gorica.info\/krece-novi-putopisni-serijal-nagradivane-htv-ove-autorice-andreje-buce-na-magistrali-gledajte-utorkom-navecer\/#primaryimage"},"thumbnailUrl":"https:\/\/gorica.info\/wp-content\/uploads\/2024\/01\/na_magistrali_cover-1.jpg","articleSection":["SCENA"],"inLanguage":"en-US","potentialAction":[{"@type":"CommentAction","name":"Comment","target":["https:\/\/gorica.info\/krece-novi-putopisni-serijal-nagradivane-htv-ove-autorice-andreje-buce-na-magistrali-gledajte-utorkom-navecer\/#respond"]}],"copyrightYear":"2024","copyrightHolder":{"@id":"https:\/\/gorica.info\/en\/#organization"}},{"@type":"WebPage","@id":"https:\/\/gorica.info\/krece-novi-putopisni-serijal-nagradivane-htv-ove-autorice-andreje-buce-na-magistrali-gledajte-utorkom-navecer\/","url":"https:\/\/gorica.info\/krece-novi-putopisni-serijal-nagradivane-htv-ove-autorice-andreje-buce-na-magistrali-gledajte-utorkom-navecer\/","name":"Novi putopisni serijal nagra\u0111ivane HTV-ove autorice Andreje Bu\u010de: \u201cNa Magistrali\u201c gledajte utorkom nave\u010der - Gorica Info","isPartOf":{"@id":"https:\/\/gorica.info\/#website"},"primaryImageOfPage":{"@id":"https:\/\/gorica.info\/krece-novi-putopisni-serijal-nagradivane-htv-ove-autorice-andreje-buce-na-magistrali-gledajte-utorkom-navecer\/#primaryimage"},"image":{"@id":"https:\/\/gorica.info\/krece-novi-putopisni-serijal-nagradivane-htv-ove-autorice-andreje-buce-na-magistrali-gledajte-utorkom-navecer\/#primaryimage"},"thumbnailUrl":"https:\/\/gorica.info\/wp-content\/uploads\/2024\/01\/na_magistrali_cover-1.jpg","datePublished":"2024-01-23T13:19:30+00:00","description":"Kre\u0107e novi putopisni serijal nagra\u0111ivane HTV-ove autorice Andreje Bu\u010de: \u201cNa Magistrali\u201c gledajte utorkom nave\u010der","breadcrumb":{"@id":"https:\/\/gorica.info\/krece-novi-putopisni-serijal-nagradivane-htv-ove-autorice-andreje-buce-na-magistrali-gledajte-utorkom-navecer\/#breadcrumb"},"inLanguage":"en-US","potentialAction":[{"@type":"ReadAction","target":["https:\/\/gorica.info\/krece-novi-putopisni-serijal-nagradivane-htv-ove-autorice-andreje-buce-na-magistrali-gledajte-utorkom-navecer\/"]}]},{"@type":"ImageObject","inLanguage":"en-US","@id":"https:\/\/gorica.info\/krece-novi-putopisni-serijal-nagradivane-htv-ove-autorice-andreje-buce-na-magistrali-gledajte-utorkom-navecer\/#primaryimage","url":"https:\/\/gorica.info\/wp-content\/uploads\/2024\/01\/na_magistrali_cover-1.jpg","contentUrl":"https:\/\/gorica.info\/wp-content\/uploads\/2024\/01\/na_magistrali_cover-1.jpg","width":1100,"height":619,"caption":"Foto: Promo \/ HRT"},{"@type":"BreadcrumbList","@id":"https:\/\/gorica.info\/krece-novi-putopisni-serijal-nagradivane-htv-ove-autorice-andreje-buce-na-magistrali-gledajte-utorkom-navecer\/#breadcrumb","itemListElement":[{"@type":"ListItem","position":1,"name":"Po\u010detna stranica","item":"https:\/\/gorica.info\/"},{"@type":"ListItem","position":2,"name":"Novi putopisni serijal nagra\u0111ivane HTV-ove autorice Andreje Bu\u010de: \u201cNa Magistrali\u201c gledajte utorkom nave\u010der"}]},{"@type":"WebSite","@id":"https:\/\/gorica.info\/#website","url":"https:\/\/gorica.info\/","name":"Gorica Info","description":"Vijesti iz Velike Gorice i okolice.","publisher":{"@id":"https:\/\/gorica.info\/#organization"},"potentialAction":[{"@type":"SearchAction","target":{"@type":"EntryPoint","urlTemplate":"https:\/\/gorica.info\/?s={search_term_string}"},"query-input":{"@type":"PropertyValueSpecification","valueRequired":true,"valueName":"search_term_string"}}],"inLanguage":"en-US"},{"@type":["Organization","Place","NewsMediaOrganization"],"@id":"https:\/\/gorica.info\/#organization","name":"Gorica Info","url":"https:\/\/gorica.info\/","logo":{"@id":"https:\/\/gorica.info\/krece-novi-putopisni-serijal-nagradivane-htv-ove-autorice-andreje-buce-na-magistrali-gledajte-utorkom-navecer\/#local-main-organization-logo"},"image":{"@id":"https:\/\/gorica.info\/krece-novi-putopisni-serijal-nagradivane-htv-ove-autorice-andreje-buce-na-magistrali-gledajte-utorkom-navecer\/#local-main-organization-logo"},"sameAs":["https:\/\/www.facebook.com\/Goricainfo-106005144489262","https:\/\/x.com\/GoricaInfo","https:\/\/www.instagram.com\/gorica.info\/"],"address":{"@id":"https:\/\/gorica.info\/krece-novi-putopisni-serijal-nagradivane-htv-ove-autorice-andreje-buce-na-magistrali-gledajte-utorkom-navecer\/#local-main-place-address"},"telephone":[],"openingHoursSpecification":[{"@type":"OpeningHoursSpecification","dayOfWeek":["Monday","Tuesday","Wednesday","Thursday","Friday","Saturday","Sunday"],"opens":"09:00","closes":"17:00"}],"email":"redakcija@gorica.info"},{"@type":"Person","@id":"https:\/\/gorica.info\/#\/schema\/person\/b2df2f6fb2a9073c0fa5af2672befd52","name":"Marta Horvat","description":"Marta Horvat je studentica koja redovito pi\u0161e za portal, prati sva gradska doga\u0111anja i u\u017eiva isprobavati nove recept koje dijeli s na\u0161im \u010ditateljima.","url":"https:\/\/gorica.info\/en\/author\/marta-horvat\/"},{"@type":"PostalAddress","@id":"https:\/\/gorica.info\/krece-novi-putopisni-serijal-nagradivane-htv-ove-autorice-andreje-buce-na-magistrali-gledajte-utorkom-navecer\/#local-main-place-address","streetAddress":"Horvatova 97","addressLocality":"Velika Gorica","postalCode":"10410","addressRegion":"Croatia","addressCountry":"HR"},{"@type":"ImageObject","inLanguage":"en-US","@id":"https:\/\/gorica.info\/krece-novi-putopisni-serijal-nagradivane-htv-ove-autorice-andreje-buce-na-magistrali-gledajte-utorkom-navecer\/#local-main-organization-logo","url":"https:\/\/gorica.info\/wp-content\/uploads\/2024\/07\/Gorica-Info-Logo-mali.png","contentUrl":"https:\/\/gorica.info\/wp-content\/uploads\/2024\/07\/Gorica-Info-Logo-mali.png","width":450,"height":85,"caption":"Gorica Info"}]},"geo.placename":"Velika Gorica","geo.region":"Croatia"},"_links":{"self":[{"href":"https:\/\/gorica.info\/en\/wp-json\/wp\/v2\/posts\/60003","targetHints":{"allow":["GET"]}}],"collection":[{"href":"https:\/\/gorica.info\/en\/wp-json\/wp\/v2\/posts"}],"about":[{"href":"https:\/\/gorica.info\/en\/wp-json\/wp\/v2\/types\/post"}],"author":[{"embeddable":true,"href":"https:\/\/gorica.info\/en\/wp-json\/wp\/v2\/users\/25"}],"replies":[{"embeddable":true,"href":"https:\/\/gorica.info\/en\/wp-json\/wp\/v2\/comments?post=60003"}],"version-history":[{"count":0,"href":"https:\/\/gorica.info\/en\/wp-json\/wp\/v2\/posts\/60003\/revisions"}],"wp:featuredmedia":[{"embeddable":true,"href":"https:\/\/gorica.info\/en\/wp-json\/wp\/v2\/media\/60004"}],"wp:attachment":[{"href":"https:\/\/gorica.info\/en\/wp-json\/wp\/v2\/media?parent=60003"}],"wp:term":[{"taxonomy":"category","embeddable":true,"href":"https:\/\/gorica.info\/en\/wp-json\/wp\/v2\/categories?post=60003"},{"taxonomy":"post_tag","embeddable":true,"href":"https:\/\/gorica.info\/en\/wp-json\/wp\/v2\/tags?post=60003"}],"curies":[{"name":"wp","href":"https:\/\/api.w.org\/{rel}","templated":true}]}}