{"id":60645,"date":"2024-02-06T13:38:36","date_gmt":"2024-02-06T12:38:36","guid":{"rendered":"https:\/\/gorica.info\/?p=60645"},"modified":"2024-02-06T13:38:36","modified_gmt":"2024-02-06T12:38:36","slug":"ustavni-sud-odlucio-ostaje-zabrana-rada-nedjeljom-odbijena-ocjena-ustavnosti-zakona-o-izbornim-jedinicama","status":"publish","type":"post","link":"https:\/\/gorica.info\/en\/ustavni-sud-odlucio-ostaje-zabrana-rada-nedjeljom-odbijena-ocjena-ustavnosti-zakona-o-izbornim-jedinicama\/","title":{"rendered":"Ustavni sud odlu\u010dio: Ostaje zabrana rada nedjeljom, odbijena i ocjena ustavnosti Zakona o izbornim jedinicama"},"content":{"rendered":"<p><strong>Ustavni sud<\/strong> raspravljao je danas na sjednici o Zakonu o izbornim jedinicama i Zakonu o trgovini. Nakon sjednice predsjednik<a href=\"https:\/\/gorica.info\/en\/2024\/02\/05\/sto-ce-odluciti-ustavni-suci-na-dnevnom-redu-i-ocjena-ustavnosti-zabrane-rada-nedjeljom-za-trgovine\/\"> Ustavnog suda<\/a> <strong>Miroslav \u0160eparovi\u0107<\/strong> rekao je da nisu \u00a0prihvatili prijedlog za pokretanje postupka vezano uz Zakon o trgovini. To zna\u010di da zabrana rada nedjeljom ostaje i dalje na snazi, osim 16 nedjelja u godini po izboru trgovaca. Ovo rje\u0161enje doneseno je ve\u0107inom od 10 glasova, troje sudaca je bilo protiv, a \u010detvero je najavilo izdvojeno mi\u0161ljenje &#8211; rekao je Miroslav \u0160eparovi\u0107.<\/p>\n<p>Protiv su bili suci Andrej Abramovi\u0107, Lovorka Ku\u0161an i Goran Selanec koji su najavili izdvojena mi\u0161ljenja. Izdvojena podupiru\u0107a mi\u0161ljenja najavili su suci Ingrid Anti\u010devi\u0107 Marinovi\u0107, Branko Brki\u0107 i Miroslav \u0160umanovi\u0107.<\/p>\n<p>&#8211; Odbili smo i zahtjev za ocjenu Zakona o izbornim jedinicama i odbacili prijedloge. Odluka je donesena ve\u0107inom od devet glasova. Protiv su bili suci Andrej Abramovi\u0107, Ingrid Anti\u010devi\u0107 Marinovi\u0107, Lovorka Ku\u0161an i Goran Selanec koji su najavili izdvojena mi\u0161ljenja. Izdvojena podupiru\u0107a mi\u0161ljenja najavili su suci Branko Brki\u0107, Davorin Mlakar i Miroslav \u0160umanovi\u0107.<\/p>\n<p>Cjelovite odluke s izdvojenim mi\u0161ljenjima bit \u0107e dostupne na stranicama suda kroz osam dana, najavio je \u0160eparovi\u0107.<\/p>\n<p>\u0160eparovi\u0107 je podsjetio da je Ustavni sud ve\u0107 dvaput odlu\u010divao o neradnoj nedjelji. Godine 2004. smo ukinuli taj zakon zbog nejednakosti u postupanju ovisno o povr\u0161ini prodajnog prostora. Drugi puta smo ukinuli jer nije bio obrazlo\u017een cilj koji se htio posti\u0107i zabranom rada nedjeljom. U pravnom poretku RH nedjelja je dan koji se smatra danom odmora te reguliranje radnog vremena ovisi o slobodnoj volji zakonodavca. Ovu odluku treba promatrati u kontekstu ovog zakona. Ne mogu se stajali\u0161ta Ustavnog suda sadr\u017eana u zakonima koji su nekad bili na snazi, automatski primjenjivati nekriti\u010dki, javlja <a href=\"https:\/\/n1info.hr\/vijesti\/ustavni-sud-odluka-zakon-o-trgovini-zakon-o-izbornim-jedinicama\/\">N1<\/a>.<\/p>\n<p>Smatramo da treba izbalansirati prava i interese trgovaca, zaposlenika i potro\u0161a\u010da. Analizom sve tri grupe utvrdili smo da nijedna grupe ovime ne trpi prekomjeran teret \u2013 kazao je \u0160eparovi\u0107.<\/p>\n<h4><strong>&#8220;Postignuta je ravnote\u017ea prava trgovaca, potro\u0161a\u010da i zaposlenika&#8221;<\/strong><\/h4>\n<p>Trgovci, pa i mali, imaju slobodu od ponedjeljka do subote odrediti radno vrijeme, imaju 16 radnih nedjelja, imaju blagdane za koje Vlada odredi da mogu raditi, a postoje i iznimke \u2013 \u0161kole, aerodromi, benzinske pumpe\u2026 Ocjenjuju\u0107i to kao i prava zaposlenika i potro\u0161a\u010da, utvrdili smo da im nije nametnut teret. Vlasni\u010dka struktura, \u0161to se ti\u010de malih trgovaca, kao i povr\u0161ina objekata mogla bi predstavljati diskrimantorni kriterij i zato Ustavni sud nije prihvatio te kriterije &#8211; pojasnio je predsjednik Ustavnog suda.<\/p>\n<p>\u0160to se ti\u010de zaposlenika, kao i svi gra\u0111ani imaju pravo na privatan i obiteljski \u017eivot, ali su s druge strane du\u017eni raditi 16 nedjelja. Du\u017eni su raditi i za blagdane koje Vlada odredi kao radne. Kad se to stavi u kontekst trgovaca i potro\u0161a\u010da, smatramo da je postignuta ravnote\u017ea. \u0160to se ti\u010de potro\u0161a\u010da, svi mo\u017eemo kupovati od ponedjeljka do subote, mo\u017eemo kupovati 16 nedjelja u godini, mo\u017eemo i\u0107i u prodajne objekte koji su iznimka. Prema tome, sama promjena potro\u0161a\u010dkih navika nije ustavno-pravno relevantni razlog. Ne mo\u017ee netko zbog potro\u0161a\u010dkih navika re\u0107i da je to kr\u0161enje njegovih ustavnih prava, istaknuo je \u0160eparovi\u0107.<\/p>\n<p>\u0160to se ti\u010de Zakona o izbornim jedinicama, rekao je kako su ljetos utvrdili da bira\u010dko pravo u 10 izbornih jedinica nema jednaku snagu. Nalo\u017eili smo da se to ispravi i u na\u0161oj odluci smo naveli sljede\u0107e: Ustav nikakav izborni model ne tra\u017ei od zakonodavca. Zakonodavac je slobodan uz po\u0161tovanje ustavnih na\u010dela, no model Ustavom nije propisan.<\/p>\n<p>&#8211; Analizom Zakona utvrdili smo da je zakonodavac po\u0161tovao bitna stajali\u0161ta Ustavnog suda. \u0160to se ti\u010de cijepanja izbornih jedinica na geografski te\u0161ko razumljiva podru\u010dja i tvrdnje da nisu uva\u017eeni standardi Ustavnog suda, utvrdili smo da nijedna od tih izbornih jedinica ne odstupa od zakonom propisanog praga. Vodilo se ra\u010duna o prirodnim granicama te povijesnim, sociolo\u0161kim, kulturnim, prometnim i drugim kriterijima s temeljnim na\u010delom \u2013 jednaka te\u017eina bira\u010dkog glasa u svakoj izbornoj jedinici \u2013 pojasnio je \u0160eparovi\u0107.<\/p>","protected":false},"excerpt":{"rendered":"<p>Ustavni sud raspravljao je danas na sjednici o Zakonu o izbornim jedinicama i Zakonu o trgovini. Nakon sjednice predsjednik Ustavnog suda Miroslav \u0160eparovi\u0107 rekao je da nisu \u00a0prihvatili prijedlog za pokretanje postupka vezano uz Zakon o trgovini. To zna\u010di da zabrana rada nedjeljom ostaje i dalje na snazi, osim 16 nedjelja u godini po izboru [&hellip;]<\/p>\n","protected":false},"author":23,"featured_media":60646,"comment_status":"open","ping_status":"open","sticky":false,"template":"","format":"standard","meta":{"limit_modified_date":"","last_modified_date":"","jnews-multi-image_gallery":[],"jnews_single_post":[],"jnews_primary_category":[],"jnews_override_counter":[],"footnotes":""},"categories":[83],"tags":[3354,3355,3681],"class_list":["post-60645","post","type-post","status-publish","format-standard","has-post-thumbnail","hentry","category-drustvo","tag-miroslav-separovic","tag-ustavni-sud","tag-zabrana-rada-nedjeljom"],"yoast_head":"<!-- This site is optimized with the Yoast SEO Premium plugin v27.4 (Yoast SEO v27.4) - https:\/\/yoast.com\/product\/yoast-seo-premium-wordpress\/ -->\n<title>Ustavni sud odlu\u010dio: Ostaje zabrana rada nedjeljom, odbijena i ocjena ustavnosti Zakona o izbornim jedinicama - Gorica Info<\/title>\n<meta name=\"description\" content=\"Ustavni sud odlu\u010dio: Ostaje zabrana rada nedjeljom, odbijena ocjena ustavnosti Zakona o izbornim jedinicama\" \/>\n<meta name=\"robots\" content=\"index, follow, max-snippet:-1, max-image-preview:large, max-video-preview:-1\" \/>\n<link rel=\"canonical\" href=\"https:\/\/gorica.info\/en\/ustavni-sud-odlucio-ostaje-zabrana-rada-nedjeljom-odbijena-ocjena-ustavnosti-zakona-o-izbornim-jedinicama\/\" \/>\n<meta property=\"og:locale\" content=\"en_US\" \/>\n<meta property=\"og:type\" content=\"article\" \/>\n<meta property=\"og:title\" content=\"Ustavni sud odlu\u010dio: Ostaje zabrana rada nedjeljom, odbijena i ocjena ustavnosti Zakona o izbornim jedinicama\" \/>\n<meta property=\"og:description\" content=\"Ustavni sud odlu\u010dio: Ostaje zabrana rada nedjeljom, odbijena ocjena ustavnosti Zakona o izbornim jedinicama\" \/>\n<meta property=\"og:url\" content=\"https:\/\/gorica.info\/en\/ustavni-sud-odlucio-ostaje-zabrana-rada-nedjeljom-odbijena-ocjena-ustavnosti-zakona-o-izbornim-jedinicama\/\" \/>\n<meta property=\"og:site_name\" content=\"Gorica Info\" \/>\n<meta property=\"article:publisher\" content=\"https:\/\/www.facebook.com\/Goricainfo-106005144489262\" \/>\n<meta property=\"article:published_time\" content=\"2024-02-06T12:38:36+00:00\" \/>\n<meta property=\"og:image\" content=\"https:\/\/gorica.info\/wp-content\/uploads\/2024\/02\/kolica-za-shopping-pixabay_Fotor.jpg\" \/>\n\t<meta property=\"og:image:width\" content=\"954\" \/>\n\t<meta property=\"og:image:height\" content=\"800\" \/>\n\t<meta property=\"og:image:type\" content=\"image\/jpeg\" \/>\n<meta name=\"author\" content=\"Gorica. info\" \/>\n<meta name=\"twitter:card\" content=\"summary_large_image\" \/>\n<meta name=\"twitter:creator\" content=\"@GoricaInfo\" \/>\n<meta name=\"twitter:site\" content=\"@GoricaInfo\" \/>\n<meta name=\"twitter:label1\" content=\"Written by\" \/>\n\t<meta name=\"twitter:data1\" content=\"Gorica. info\" \/>\n\t<meta name=\"twitter:label2\" content=\"Est. reading time\" \/>\n\t<meta name=\"twitter:data2\" content=\"4 minutes\" \/>\n<meta name=\"geo.placename\" content=\"Velika Gorica\" \/>\n<meta name=\"geo.region\" content=\"Croatia\" \/>\n<!-- \/ Yoast SEO Premium plugin. -->","yoast_head_json":{"title":"Ustavni sud odlu\u010dio: Ostaje zabrana rada nedjeljom, odbijena i ocjena ustavnosti Zakona o izbornim jedinicama - Gorica Info","description":"Ustavni sud odlu\u010dio: Ostaje zabrana rada nedjeljom, odbijena ocjena ustavnosti Zakona o izbornim jedinicama","robots":{"index":"index","follow":"follow","max-snippet":"max-snippet:-1","max-image-preview":"max-image-preview:large","max-video-preview":"max-video-preview:-1"},"canonical":"https:\/\/gorica.info\/en\/ustavni-sud-odlucio-ostaje-zabrana-rada-nedjeljom-odbijena-ocjena-ustavnosti-zakona-o-izbornim-jedinicama\/","og_locale":"en_US","og_type":"article","og_title":"Ustavni sud odlu\u010dio: Ostaje zabrana rada nedjeljom, odbijena i ocjena ustavnosti Zakona o izbornim jedinicama","og_description":"Ustavni sud odlu\u010dio: Ostaje zabrana rada nedjeljom, odbijena ocjena ustavnosti Zakona o izbornim jedinicama","og_url":"https:\/\/gorica.info\/en\/ustavni-sud-odlucio-ostaje-zabrana-rada-nedjeljom-odbijena-ocjena-ustavnosti-zakona-o-izbornim-jedinicama\/","og_site_name":"Gorica Info","article_publisher":"https:\/\/www.facebook.com\/Goricainfo-106005144489262","article_published_time":"2024-02-06T12:38:36+00:00","og_image":[{"width":954,"height":800,"url":"https:\/\/gorica.info\/wp-content\/uploads\/2024\/02\/kolica-za-shopping-pixabay_Fotor.jpg","type":"image\/jpeg"}],"author":"Gorica. info","twitter_card":"summary_large_image","twitter_creator":"@GoricaInfo","twitter_site":"@GoricaInfo","twitter_misc":{"Written by":"Gorica. info","Est. reading time":"4 minutes"},"schema":{"@context":"https:\/\/schema.org","@graph":[{"@type":"NewsArticle","@id":"https:\/\/gorica.info\/ustavni-sud-odlucio-ostaje-zabrana-rada-nedjeljom-odbijena-ocjena-ustavnosti-zakona-o-izbornim-jedinicama\/#article","isPartOf":{"@id":"https:\/\/gorica.info\/ustavni-sud-odlucio-ostaje-zabrana-rada-nedjeljom-odbijena-ocjena-ustavnosti-zakona-o-izbornim-jedinicama\/"},"author":{"name":"Gorica. info","@id":"https:\/\/gorica.info\/#\/schema\/person\/4499af1f22f322670b9b5977ccc2e3de"},"headline":"Ustavni sud odlu\u010dio: Ostaje zabrana rada nedjeljom, odbijena i ocjena ustavnosti Zakona o izbornim jedinicama","datePublished":"2024-02-06T12:38:36+00:00","mainEntityOfPage":{"@id":"https:\/\/gorica.info\/ustavni-sud-odlucio-ostaje-zabrana-rada-nedjeljom-odbijena-ocjena-ustavnosti-zakona-o-izbornim-jedinicama\/"},"wordCount":702,"commentCount":0,"publisher":{"@id":"https:\/\/gorica.info\/#organization"},"image":{"@id":"https:\/\/gorica.info\/ustavni-sud-odlucio-ostaje-zabrana-rada-nedjeljom-odbijena-ocjena-ustavnosti-zakona-o-izbornim-jedinicama\/#primaryimage"},"thumbnailUrl":"https:\/\/gorica.info\/wp-content\/uploads\/2024\/02\/kolica-za-shopping-pixabay_Fotor.jpg","keywords":["miroslav \u0161eparovi\u0107","ustavni sud","zabrana rada nedjeljom"],"articleSection":["DRU\u0160TVO"],"inLanguage":"en-US","potentialAction":[{"@type":"CommentAction","name":"Comment","target":["https:\/\/gorica.info\/ustavni-sud-odlucio-ostaje-zabrana-rada-nedjeljom-odbijena-ocjena-ustavnosti-zakona-o-izbornim-jedinicama\/#respond"]}],"copyrightYear":"2024","copyrightHolder":{"@id":"https:\/\/gorica.info\/en\/#organization"}},{"@type":"WebPage","@id":"https:\/\/gorica.info\/ustavni-sud-odlucio-ostaje-zabrana-rada-nedjeljom-odbijena-ocjena-ustavnosti-zakona-o-izbornim-jedinicama\/","url":"https:\/\/gorica.info\/ustavni-sud-odlucio-ostaje-zabrana-rada-nedjeljom-odbijena-ocjena-ustavnosti-zakona-o-izbornim-jedinicama\/","name":"Ustavni sud odlu\u010dio: Ostaje zabrana rada nedjeljom, odbijena i ocjena ustavnosti Zakona o izbornim jedinicama - Gorica Info","isPartOf":{"@id":"https:\/\/gorica.info\/#website"},"primaryImageOfPage":{"@id":"https:\/\/gorica.info\/ustavni-sud-odlucio-ostaje-zabrana-rada-nedjeljom-odbijena-ocjena-ustavnosti-zakona-o-izbornim-jedinicama\/#primaryimage"},"image":{"@id":"https:\/\/gorica.info\/ustavni-sud-odlucio-ostaje-zabrana-rada-nedjeljom-odbijena-ocjena-ustavnosti-zakona-o-izbornim-jedinicama\/#primaryimage"},"thumbnailUrl":"https:\/\/gorica.info\/wp-content\/uploads\/2024\/02\/kolica-za-shopping-pixabay_Fotor.jpg","datePublished":"2024-02-06T12:38:36+00:00","description":"Ustavni sud odlu\u010dio: Ostaje zabrana rada nedjeljom, odbijena ocjena ustavnosti Zakona o izbornim jedinicama","breadcrumb":{"@id":"https:\/\/gorica.info\/ustavni-sud-odlucio-ostaje-zabrana-rada-nedjeljom-odbijena-ocjena-ustavnosti-zakona-o-izbornim-jedinicama\/#breadcrumb"},"inLanguage":"en-US","potentialAction":[{"@type":"ReadAction","target":["https:\/\/gorica.info\/ustavni-sud-odlucio-ostaje-zabrana-rada-nedjeljom-odbijena-ocjena-ustavnosti-zakona-o-izbornim-jedinicama\/"]}]},{"@type":"ImageObject","inLanguage":"en-US","@id":"https:\/\/gorica.info\/ustavni-sud-odlucio-ostaje-zabrana-rada-nedjeljom-odbijena-ocjena-ustavnosti-zakona-o-izbornim-jedinicama\/#primaryimage","url":"https:\/\/gorica.info\/wp-content\/uploads\/2024\/02\/kolica-za-shopping-pixabay_Fotor.jpg","contentUrl":"https:\/\/gorica.info\/wp-content\/uploads\/2024\/02\/kolica-za-shopping-pixabay_Fotor.jpg","width":954,"height":800,"caption":"Foto: Pixabay"},{"@type":"BreadcrumbList","@id":"https:\/\/gorica.info\/ustavni-sud-odlucio-ostaje-zabrana-rada-nedjeljom-odbijena-ocjena-ustavnosti-zakona-o-izbornim-jedinicama\/#breadcrumb","itemListElement":[{"@type":"ListItem","position":1,"name":"Po\u010detna stranica","item":"https:\/\/gorica.info\/"},{"@type":"ListItem","position":2,"name":"Ustavni sud odlu\u010dio: Ostaje zabrana rada nedjeljom, odbijena i ocjena ustavnosti Zakona o izbornim jedinicama"}]},{"@type":"WebSite","@id":"https:\/\/gorica.info\/#website","url":"https:\/\/gorica.info\/","name":"Gorica Info","description":"Vijesti iz Velike Gorice i okolice.","publisher":{"@id":"https:\/\/gorica.info\/#organization"},"potentialAction":[{"@type":"SearchAction","target":{"@type":"EntryPoint","urlTemplate":"https:\/\/gorica.info\/?s={search_term_string}"},"query-input":{"@type":"PropertyValueSpecification","valueRequired":true,"valueName":"search_term_string"}}],"inLanguage":"en-US"},{"@type":["Organization","Place","NewsMediaOrganization"],"@id":"https:\/\/gorica.info\/#organization","name":"Gorica Info","url":"https:\/\/gorica.info\/","logo":{"@id":"https:\/\/gorica.info\/ustavni-sud-odlucio-ostaje-zabrana-rada-nedjeljom-odbijena-ocjena-ustavnosti-zakona-o-izbornim-jedinicama\/#local-main-organization-logo"},"image":{"@id":"https:\/\/gorica.info\/ustavni-sud-odlucio-ostaje-zabrana-rada-nedjeljom-odbijena-ocjena-ustavnosti-zakona-o-izbornim-jedinicama\/#local-main-organization-logo"},"sameAs":["https:\/\/www.facebook.com\/Goricainfo-106005144489262","https:\/\/x.com\/GoricaInfo","https:\/\/www.instagram.com\/gorica.info\/"],"address":{"@id":"https:\/\/gorica.info\/ustavni-sud-odlucio-ostaje-zabrana-rada-nedjeljom-odbijena-ocjena-ustavnosti-zakona-o-izbornim-jedinicama\/#local-main-place-address"},"telephone":[],"openingHoursSpecification":[{"@type":"OpeningHoursSpecification","dayOfWeek":["Monday","Tuesday","Wednesday","Thursday","Friday","Saturday","Sunday"],"opens":"09:00","closes":"17:00"}],"email":"redakcija@gorica.info"},{"@type":"Person","@id":"https:\/\/gorica.info\/#\/schema\/person\/4499af1f22f322670b9b5977ccc2e3de","name":"Gorica. info","description":"Gorica.info je lokalni portal koji prati Veliku Goricu i okolici, svakodnevno donosi najnovije vijesti i pri\u010de, kulturna doga\u0111anja i aktualnosti koje oblikuju \u017eivot gra\u0111ana.","url":"https:\/\/gorica.info\/en\/author\/gorica-info\/"},{"@type":"PostalAddress","@id":"https:\/\/gorica.info\/ustavni-sud-odlucio-ostaje-zabrana-rada-nedjeljom-odbijena-ocjena-ustavnosti-zakona-o-izbornim-jedinicama\/#local-main-place-address","streetAddress":"Horvatova 97","addressLocality":"Velika Gorica","postalCode":"10410","addressRegion":"Croatia","addressCountry":"HR"},{"@type":"ImageObject","inLanguage":"en-US","@id":"https:\/\/gorica.info\/ustavni-sud-odlucio-ostaje-zabrana-rada-nedjeljom-odbijena-ocjena-ustavnosti-zakona-o-izbornim-jedinicama\/#local-main-organization-logo","url":"https:\/\/gorica.info\/wp-content\/uploads\/2024\/07\/Gorica-Info-Logo-mali.png","contentUrl":"https:\/\/gorica.info\/wp-content\/uploads\/2024\/07\/Gorica-Info-Logo-mali.png","width":450,"height":85,"caption":"Gorica Info"}]},"geo.placename":"Velika Gorica","geo.region":"Croatia"},"_links":{"self":[{"href":"https:\/\/gorica.info\/en\/wp-json\/wp\/v2\/posts\/60645","targetHints":{"allow":["GET"]}}],"collection":[{"href":"https:\/\/gorica.info\/en\/wp-json\/wp\/v2\/posts"}],"about":[{"href":"https:\/\/gorica.info\/en\/wp-json\/wp\/v2\/types\/post"}],"author":[{"embeddable":true,"href":"https:\/\/gorica.info\/en\/wp-json\/wp\/v2\/users\/23"}],"replies":[{"embeddable":true,"href":"https:\/\/gorica.info\/en\/wp-json\/wp\/v2\/comments?post=60645"}],"version-history":[{"count":0,"href":"https:\/\/gorica.info\/en\/wp-json\/wp\/v2\/posts\/60645\/revisions"}],"wp:featuredmedia":[{"embeddable":true,"href":"https:\/\/gorica.info\/en\/wp-json\/wp\/v2\/media\/60646"}],"wp:attachment":[{"href":"https:\/\/gorica.info\/en\/wp-json\/wp\/v2\/media?parent=60645"}],"wp:term":[{"taxonomy":"category","embeddable":true,"href":"https:\/\/gorica.info\/en\/wp-json\/wp\/v2\/categories?post=60645"},{"taxonomy":"post_tag","embeddable":true,"href":"https:\/\/gorica.info\/en\/wp-json\/wp\/v2\/tags?post=60645"}],"curies":[{"name":"wp","href":"https:\/\/api.w.org\/{rel}","templated":true}]}}