{"id":60942,"date":"2024-02-13T16:08:39","date_gmt":"2024-02-13T15:08:39","guid":{"rendered":"https:\/\/gorica.info\/?p=60942"},"modified":"2024-02-13T16:08:39","modified_gmt":"2024-02-13T15:08:39","slug":"sjajan-uspjeh-mladih-glazbenica-iz-umjetnicke-skole-f-lucica-ingrid-leder-osvojila-prvu-nagradu-za-hornisticu","status":"publish","type":"post","link":"https:\/\/gorica.info\/en\/sjajan-uspjeh-mladih-glazbenica-iz-umjetnicke-skole-f-lucica-ingrid-leder-osvojila-prvu-nagradu-za-hornisticu\/","title":{"rendered":"Sjajan uspjeh mladih glazbenica iz Umjetni\u010dke \u0161kole F. Lu\u010di\u0107a: Ingrid Leder osvojila prvu nagradu za hornisticu"},"content":{"rendered":"<p>Na <strong>Me\u0111unarodnom natjecanju &#8220;Mladi Padovec&#8221;<\/strong> koje se odr\u017eava u Novom Marofu, sudjelovale su i u\u010denice <a href=\"https:\/\/gorica.info\/en\/2024\/02\/08\/jedinstveni-koncert-u-dvorani-galzenica-dodite-poslusati-kako-muziciraju-goricke-glazbene-obitelji\/\">Umjetni\u010dke \u0161kole Franje Lu\u010di\u0107a<\/a>. To je prvo natjecanje u ovoj godini, a mlade glazbenice koje su predstavljale \u0161kolu osvojile su nagrade.<\/p>\n<p>Prva nagrada za hornisticu pripala je <strong>Ingrid Leder<\/strong> koju vodi profesorica roga <strong>Veronika Kapovi\u0107<\/strong>.<\/p>\n<p><img fetchpriority=\"high\" decoding=\"async\" class=\"aligncenter wp-image-60945 size-full\" src=\"https:\/\/gorica.info\/wp-content\/uploads\/2024\/02\/umjetnicka-skola-ingrid-leder.jpg\" alt=\"glazbenica\" width=\"727\" height=\"800\" srcset=\"https:\/\/gorica.info\/wp-content\/uploads\/2024\/02\/umjetnicka-skola-ingrid-leder.jpg 727w, https:\/\/gorica.info\/wp-content\/uploads\/2024\/02\/umjetnicka-skola-ingrid-leder-273x300.jpg 273w\" sizes=\"(max-width: 727px) 100vw, 727px\" \/><\/p>\n<p>Flautistice iz klase nastavnice <strong>Lucije Stilinovi\u0107<\/strong>, <strong>Chiara Benko<\/strong>, <strong>Vida Paro<\/strong> i<strong> Tena Nogi\u0107<\/strong> osvojile su druge nagrade u drugoj kategoriji. Za njihov uspjeh zaslu\u017ean je i klavirski suradnik, profesor <strong>Kre\u0161imir Star\u010devi\u0107<\/strong> koji im je bio pratnja tijekom nastupa, objavili su iz <a href=\"https:\/\/www.facebook.com\/usfranjelucica?locale=hr_HR\">Umjetni\u010dke \u0161kole Franje Lu\u010di\u0107a<\/a>.<\/p>\n<p><img decoding=\"async\" class=\"aligncenter wp-image-60947 size-full\" src=\"https:\/\/gorica.info\/wp-content\/uploads\/2024\/02\/umjetnicka-skola2-novi-marof.jpg\" alt=\"glazbenica\" width=\"589\" height=\"800\" srcset=\"https:\/\/gorica.info\/wp-content\/uploads\/2024\/02\/umjetnicka-skola2-novi-marof.jpg 589w, https:\/\/gorica.info\/wp-content\/uploads\/2024\/02\/umjetnicka-skola2-novi-marof-221x300.jpg 221w\" sizes=\"(max-width: 589px) 100vw, 589px\" \/><\/p>","protected":false},"excerpt":{"rendered":"<p>Na Me\u0111unarodnom natjecanju &#8220;Mladi Padovec&#8221; koje se odr\u017eava u Novom Marofu, sudjelovale su i u\u010denice Umjetni\u010dke \u0161kole Franje Lu\u010di\u0107a. To je prvo natjecanje u ovoj godini, a mlade glazbenice koje su predstavljale \u0161kolu osvojile su nagrade. Prva nagrada za hornisticu pripala je Ingrid Leder koju vodi profesorica roga Veronika Kapovi\u0107. Flautistice iz klase nastavnice Lucije [&hellip;]<\/p>\n","protected":false},"author":23,"featured_media":60943,"comment_status":"open","ping_status":"open","sticky":false,"template":"","format":"standard","meta":{"limit_modified_date":"","last_modified_date":"","jnews-multi-image_gallery":[],"jnews_single_post":[],"jnews_primary_category":[],"jnews_override_counter":[],"footnotes":""},"categories":[87],"tags":[3810,2439,3811,3812,2207,3813,3705,3814],"class_list":["post-60942","post","type-post","status-publish","format-standard","has-post-thumbnail","hentry","category-gorica","tag-chiara-benko","tag-ingrid-leder","tag-lucija-stilinovic","tag-mlade-glazbenice","tag-natjecanje","tag-tena-nogic","tag-umjetnicka-skola-franje-lucica","tag-vida-paro"],"yoast_head":"<!-- This site is optimized with the Yoast SEO Premium plugin v27.4 (Yoast SEO v27.4) - https:\/\/yoast.com\/product\/yoast-seo-premium-wordpress\/ -->\n<title>Sjajan uspjeh mladih glazbenica iz Umjetni\u010dke \u0161kole F. Lu\u010di\u0107a: Ingrid Leder osvojila prvu nagradu za hornisticu - Gorica Info<\/title>\n<meta name=\"description\" content=\"Sjajan uspjeh mladih glazbenica iz Umjetni\u010dke \u0161kole F. Lu\u010di\u0107a: Ingrid Leder osvojila prvu nagradu za hornisticu\" \/>\n<meta name=\"robots\" content=\"index, follow, max-snippet:-1, max-image-preview:large, max-video-preview:-1\" \/>\n<link rel=\"canonical\" href=\"https:\/\/gorica.info\/en\/sjajan-uspjeh-mladih-glazbenica-iz-umjetnicke-skole-f-lucica-ingrid-leder-osvojila-prvu-nagradu-za-hornisticu\/\" \/>\n<meta property=\"og:locale\" content=\"en_US\" \/>\n<meta property=\"og:type\" content=\"article\" \/>\n<meta property=\"og:title\" content=\"Sjajan uspjeh mladih glazbenica iz Umjetni\u010dke \u0161kole F. Lu\u010di\u0107a: Ingrid Leder osvojila prvu nagradu za hornisticu\" \/>\n<meta property=\"og:description\" content=\"Sjajan uspjeh mladih glazbenica iz Umjetni\u010dke \u0161kole F. Lu\u010di\u0107a: Ingrid Leder osvojila prvu nagradu za hornisticu\" \/>\n<meta property=\"og:url\" content=\"https:\/\/gorica.info\/en\/sjajan-uspjeh-mladih-glazbenica-iz-umjetnicke-skole-f-lucica-ingrid-leder-osvojila-prvu-nagradu-za-hornisticu\/\" \/>\n<meta property=\"og:site_name\" content=\"Gorica Info\" \/>\n<meta property=\"article:publisher\" content=\"https:\/\/www.facebook.com\/Goricainfo-106005144489262\" \/>\n<meta property=\"article:published_time\" content=\"2024-02-13T15:08:39+00:00\" \/>\n<meta property=\"og:image\" content=\"https:\/\/gorica.info\/wp-content\/uploads\/2024\/02\/umjetnicka-skola-natjecanje.jpg\" \/>\n\t<meta property=\"og:image:width\" content=\"1200\" \/>\n\t<meta property=\"og:image:height\" content=\"771\" \/>\n\t<meta property=\"og:image:type\" content=\"image\/jpeg\" \/>\n<meta name=\"author\" content=\"Gorica. info\" \/>\n<meta name=\"twitter:card\" content=\"summary_large_image\" \/>\n<meta name=\"twitter:creator\" content=\"@GoricaInfo\" \/>\n<meta name=\"twitter:site\" content=\"@GoricaInfo\" \/>\n<meta name=\"twitter:label1\" content=\"Written by\" \/>\n\t<meta name=\"twitter:data1\" content=\"Gorica. info\" \/>\n\t<meta name=\"twitter:label2\" content=\"Est. reading time\" \/>\n\t<meta name=\"twitter:data2\" content=\"2 minutes\" \/>\n<meta name=\"geo.placename\" content=\"Velika Gorica\" \/>\n<meta name=\"geo.region\" content=\"Croatia\" \/>\n<!-- \/ Yoast SEO Premium plugin. -->","yoast_head_json":{"title":"Sjajan uspjeh mladih glazbenica iz Umjetni\u010dke \u0161kole F. Lu\u010di\u0107a: Ingrid Leder osvojila prvu nagradu za hornisticu - Gorica Info","description":"Sjajan uspjeh mladih glazbenica iz Umjetni\u010dke \u0161kole F. Lu\u010di\u0107a: Ingrid Leder osvojila prvu nagradu za hornisticu","robots":{"index":"index","follow":"follow","max-snippet":"max-snippet:-1","max-image-preview":"max-image-preview:large","max-video-preview":"max-video-preview:-1"},"canonical":"https:\/\/gorica.info\/en\/sjajan-uspjeh-mladih-glazbenica-iz-umjetnicke-skole-f-lucica-ingrid-leder-osvojila-prvu-nagradu-za-hornisticu\/","og_locale":"en_US","og_type":"article","og_title":"Sjajan uspjeh mladih glazbenica iz Umjetni\u010dke \u0161kole F. Lu\u010di\u0107a: Ingrid Leder osvojila prvu nagradu za hornisticu","og_description":"Sjajan uspjeh mladih glazbenica iz Umjetni\u010dke \u0161kole F. Lu\u010di\u0107a: Ingrid Leder osvojila prvu nagradu za hornisticu","og_url":"https:\/\/gorica.info\/en\/sjajan-uspjeh-mladih-glazbenica-iz-umjetnicke-skole-f-lucica-ingrid-leder-osvojila-prvu-nagradu-za-hornisticu\/","og_site_name":"Gorica Info","article_publisher":"https:\/\/www.facebook.com\/Goricainfo-106005144489262","article_published_time":"2024-02-13T15:08:39+00:00","og_image":[{"width":1200,"height":771,"url":"https:\/\/gorica.info\/wp-content\/uploads\/2024\/02\/umjetnicka-skola-natjecanje.jpg","type":"image\/jpeg"}],"author":"Gorica. info","twitter_card":"summary_large_image","twitter_creator":"@GoricaInfo","twitter_site":"@GoricaInfo","twitter_misc":{"Written by":"Gorica. info","Est. reading time":"2 minutes"},"schema":{"@context":"https:\/\/schema.org","@graph":[{"@type":"NewsArticle","@id":"https:\/\/gorica.info\/sjajan-uspjeh-mladih-glazbenica-iz-umjetnicke-skole-f-lucica-ingrid-leder-osvojila-prvu-nagradu-za-hornisticu\/#article","isPartOf":{"@id":"https:\/\/gorica.info\/sjajan-uspjeh-mladih-glazbenica-iz-umjetnicke-skole-f-lucica-ingrid-leder-osvojila-prvu-nagradu-za-hornisticu\/"},"author":{"name":"Gorica. info","@id":"https:\/\/gorica.info\/#\/schema\/person\/4499af1f22f322670b9b5977ccc2e3de"},"headline":"Sjajan uspjeh mladih glazbenica iz Umjetni\u010dke \u0161kole F. Lu\u010di\u0107a: Ingrid Leder osvojila prvu nagradu za hornisticu","datePublished":"2024-02-13T15:08:39+00:00","mainEntityOfPage":{"@id":"https:\/\/gorica.info\/sjajan-uspjeh-mladih-glazbenica-iz-umjetnicke-skole-f-lucica-ingrid-leder-osvojila-prvu-nagradu-za-hornisticu\/"},"wordCount":126,"commentCount":0,"publisher":{"@id":"https:\/\/gorica.info\/#organization"},"image":{"@id":"https:\/\/gorica.info\/sjajan-uspjeh-mladih-glazbenica-iz-umjetnicke-skole-f-lucica-ingrid-leder-osvojila-prvu-nagradu-za-hornisticu\/#primaryimage"},"thumbnailUrl":"https:\/\/gorica.info\/wp-content\/uploads\/2024\/02\/umjetnicka-skola-natjecanje.jpg","keywords":["chiara benko","ingrid leder","lucija stilinovi\u0107","mlade glazbenice","natjecanje","tena nogi\u0107","umjetni\u010dka \u0161kola franje lu\u010di\u0107a","vida paro"],"articleSection":["GORICA"],"inLanguage":"en-US","potentialAction":[{"@type":"CommentAction","name":"Comment","target":["https:\/\/gorica.info\/sjajan-uspjeh-mladih-glazbenica-iz-umjetnicke-skole-f-lucica-ingrid-leder-osvojila-prvu-nagradu-za-hornisticu\/#respond"]}],"copyrightYear":"2024","copyrightHolder":{"@id":"https:\/\/gorica.info\/en\/#organization"}},{"@type":"WebPage","@id":"https:\/\/gorica.info\/sjajan-uspjeh-mladih-glazbenica-iz-umjetnicke-skole-f-lucica-ingrid-leder-osvojila-prvu-nagradu-za-hornisticu\/","url":"https:\/\/gorica.info\/sjajan-uspjeh-mladih-glazbenica-iz-umjetnicke-skole-f-lucica-ingrid-leder-osvojila-prvu-nagradu-za-hornisticu\/","name":"Sjajan uspjeh mladih glazbenica iz Umjetni\u010dke \u0161kole F. Lu\u010di\u0107a: Ingrid Leder osvojila prvu nagradu za hornisticu - Gorica Info","isPartOf":{"@id":"https:\/\/gorica.info\/#website"},"primaryImageOfPage":{"@id":"https:\/\/gorica.info\/sjajan-uspjeh-mladih-glazbenica-iz-umjetnicke-skole-f-lucica-ingrid-leder-osvojila-prvu-nagradu-za-hornisticu\/#primaryimage"},"image":{"@id":"https:\/\/gorica.info\/sjajan-uspjeh-mladih-glazbenica-iz-umjetnicke-skole-f-lucica-ingrid-leder-osvojila-prvu-nagradu-za-hornisticu\/#primaryimage"},"thumbnailUrl":"https:\/\/gorica.info\/wp-content\/uploads\/2024\/02\/umjetnicka-skola-natjecanje.jpg","datePublished":"2024-02-13T15:08:39+00:00","description":"Sjajan uspjeh mladih glazbenica iz Umjetni\u010dke \u0161kole F. Lu\u010di\u0107a: Ingrid Leder osvojila prvu nagradu za hornisticu","breadcrumb":{"@id":"https:\/\/gorica.info\/sjajan-uspjeh-mladih-glazbenica-iz-umjetnicke-skole-f-lucica-ingrid-leder-osvojila-prvu-nagradu-za-hornisticu\/#breadcrumb"},"inLanguage":"en-US","potentialAction":[{"@type":"ReadAction","target":["https:\/\/gorica.info\/sjajan-uspjeh-mladih-glazbenica-iz-umjetnicke-skole-f-lucica-ingrid-leder-osvojila-prvu-nagradu-za-hornisticu\/"]}]},{"@type":"ImageObject","inLanguage":"en-US","@id":"https:\/\/gorica.info\/sjajan-uspjeh-mladih-glazbenica-iz-umjetnicke-skole-f-lucica-ingrid-leder-osvojila-prvu-nagradu-za-hornisticu\/#primaryimage","url":"https:\/\/gorica.info\/wp-content\/uploads\/2024\/02\/umjetnicka-skola-natjecanje.jpg","contentUrl":"https:\/\/gorica.info\/wp-content\/uploads\/2024\/02\/umjetnicka-skola-natjecanje.jpg","width":1100,"height":707,"caption":"Foto: Umjetni\u010dka \u0161kola Franje Lu\u010di\u0107a"},{"@type":"BreadcrumbList","@id":"https:\/\/gorica.info\/sjajan-uspjeh-mladih-glazbenica-iz-umjetnicke-skole-f-lucica-ingrid-leder-osvojila-prvu-nagradu-za-hornisticu\/#breadcrumb","itemListElement":[{"@type":"ListItem","position":1,"name":"Po\u010detna stranica","item":"https:\/\/gorica.info\/"},{"@type":"ListItem","position":2,"name":"Sjajan uspjeh mladih glazbenica iz Umjetni\u010dke \u0161kole F. Lu\u010di\u0107a: Ingrid Leder osvojila prvu nagradu za hornisticu"}]},{"@type":"WebSite","@id":"https:\/\/gorica.info\/#website","url":"https:\/\/gorica.info\/","name":"Gorica Info","description":"Vijesti iz Velike Gorice i okolice.","publisher":{"@id":"https:\/\/gorica.info\/#organization"},"potentialAction":[{"@type":"SearchAction","target":{"@type":"EntryPoint","urlTemplate":"https:\/\/gorica.info\/?s={search_term_string}"},"query-input":{"@type":"PropertyValueSpecification","valueRequired":true,"valueName":"search_term_string"}}],"inLanguage":"en-US"},{"@type":["Organization","Place","NewsMediaOrganization"],"@id":"https:\/\/gorica.info\/#organization","name":"Gorica Info","url":"https:\/\/gorica.info\/","logo":{"@id":"https:\/\/gorica.info\/sjajan-uspjeh-mladih-glazbenica-iz-umjetnicke-skole-f-lucica-ingrid-leder-osvojila-prvu-nagradu-za-hornisticu\/#local-main-organization-logo"},"image":{"@id":"https:\/\/gorica.info\/sjajan-uspjeh-mladih-glazbenica-iz-umjetnicke-skole-f-lucica-ingrid-leder-osvojila-prvu-nagradu-za-hornisticu\/#local-main-organization-logo"},"sameAs":["https:\/\/www.facebook.com\/Goricainfo-106005144489262","https:\/\/x.com\/GoricaInfo","https:\/\/www.instagram.com\/gorica.info\/"],"address":{"@id":"https:\/\/gorica.info\/sjajan-uspjeh-mladih-glazbenica-iz-umjetnicke-skole-f-lucica-ingrid-leder-osvojila-prvu-nagradu-za-hornisticu\/#local-main-place-address"},"telephone":[],"openingHoursSpecification":[{"@type":"OpeningHoursSpecification","dayOfWeek":["Monday","Tuesday","Wednesday","Thursday","Friday","Saturday","Sunday"],"opens":"09:00","closes":"17:00"}],"email":"redakcija@gorica.info"},{"@type":"Person","@id":"https:\/\/gorica.info\/#\/schema\/person\/4499af1f22f322670b9b5977ccc2e3de","name":"Gorica. info","description":"Gorica.info je lokalni portal koji prati Veliku Goricu i okolici, svakodnevno donosi najnovije vijesti i pri\u010de, kulturna doga\u0111anja i aktualnosti koje oblikuju \u017eivot gra\u0111ana.","url":"https:\/\/gorica.info\/en\/author\/gorica-info\/"},{"@type":"PostalAddress","@id":"https:\/\/gorica.info\/sjajan-uspjeh-mladih-glazbenica-iz-umjetnicke-skole-f-lucica-ingrid-leder-osvojila-prvu-nagradu-za-hornisticu\/#local-main-place-address","streetAddress":"Horvatova 97","addressLocality":"Velika Gorica","postalCode":"10410","addressRegion":"Croatia","addressCountry":"HR"},{"@type":"ImageObject","inLanguage":"en-US","@id":"https:\/\/gorica.info\/sjajan-uspjeh-mladih-glazbenica-iz-umjetnicke-skole-f-lucica-ingrid-leder-osvojila-prvu-nagradu-za-hornisticu\/#local-main-organization-logo","url":"https:\/\/gorica.info\/wp-content\/uploads\/2024\/07\/Gorica-Info-Logo-mali.png","contentUrl":"https:\/\/gorica.info\/wp-content\/uploads\/2024\/07\/Gorica-Info-Logo-mali.png","width":450,"height":85,"caption":"Gorica Info"}]},"geo.placename":"Velika Gorica","geo.region":"Croatia"},"_links":{"self":[{"href":"https:\/\/gorica.info\/en\/wp-json\/wp\/v2\/posts\/60942","targetHints":{"allow":["GET"]}}],"collection":[{"href":"https:\/\/gorica.info\/en\/wp-json\/wp\/v2\/posts"}],"about":[{"href":"https:\/\/gorica.info\/en\/wp-json\/wp\/v2\/types\/post"}],"author":[{"embeddable":true,"href":"https:\/\/gorica.info\/en\/wp-json\/wp\/v2\/users\/23"}],"replies":[{"embeddable":true,"href":"https:\/\/gorica.info\/en\/wp-json\/wp\/v2\/comments?post=60942"}],"version-history":[{"count":0,"href":"https:\/\/gorica.info\/en\/wp-json\/wp\/v2\/posts\/60942\/revisions"}],"wp:featuredmedia":[{"embeddable":true,"href":"https:\/\/gorica.info\/en\/wp-json\/wp\/v2\/media\/60943"}],"wp:attachment":[{"href":"https:\/\/gorica.info\/en\/wp-json\/wp\/v2\/media?parent=60942"}],"wp:term":[{"taxonomy":"category","embeddable":true,"href":"https:\/\/gorica.info\/en\/wp-json\/wp\/v2\/categories?post=60942"},{"taxonomy":"post_tag","embeddable":true,"href":"https:\/\/gorica.info\/en\/wp-json\/wp\/v2\/tags?post=60942"}],"curies":[{"name":"wp","href":"https:\/\/api.w.org\/{rel}","templated":true}]}}