{"id":61213,"date":"2024-02-20T12:09:20","date_gmt":"2024-02-20T11:09:20","guid":{"rendered":"https:\/\/gorica.info\/?p=61213"},"modified":"2024-02-20T12:09:20","modified_gmt":"2024-02-20T11:09:20","slug":"gradonacelnik-kresimir-ackar-sa-suradnicima-obisao-vukovinu-staro-cice-i-ribnicu-sve-nepravilnosti-na-aglomeraciji-bit-ce-uklonjene","status":"publish","type":"post","link":"https:\/\/gorica.info\/en\/gradonacelnik-kresimir-ackar-sa-suradnicima-obisao-vukovinu-staro-cice-i-ribnicu-sve-nepravilnosti-na-aglomeraciji-bit-ce-uklonjene\/","title":{"rendered":"Gradona\u010delnik Kre\u0161imir A\u010dkar sa suradnicima obi\u0161ao Vukovinu, Staro \u010ci\u010de i Ribnicu: &#8220;Sve nepravilnosti na aglomeraciji bit \u0107e uklonjene&#8221;"},"content":{"rendered":"<p><strong>Gradona\u010delnik Kre\u0161imir A\u010dkar<\/strong> sa suradnicima obi\u0161ao je u utorak prigradska naselja<strong> Vukovinu<\/strong>, <strong>Staro \u010ci\u010d<\/strong>e i <strong>Ribnicu<\/strong>.<\/p>\n<p>U Vukovini su u tijeku radovi na ure\u0111enju <strong>dru\u0161tvenog doma<\/strong> koji \u0107e biti kompletno ure\u0111en. Za sanaciju \u0161teta nastalih u potresu, postavljanje nove rasvjete i ure\u0111enju kuhinje bit \u0107e utro\u0161eno ne\u0161to vi\u0161e od <strong>37.000 eura<\/strong>.<\/p>\n<p><a href=\"http:\/\/www.gorica.hr\/\">Gradona\u010delnik<\/a> je najavio kako \u0107e osim ovog doma biti ure\u0111eno jo\u0161 nekoliko dru\u0161tvenih domova na na\u0161em podru\u010dju. Dru\u0161tveni domovi izuzetno su va\u017eni za rad udruga koje dobivaju prostor za okupljanja i provo\u0111enje razli\u010ditih programa, istaknuo je gradona\u010delnik.<\/p>\n<p><img fetchpriority=\"high\" decoding=\"async\" class=\"aligncenter wp-image-61216 size-large\" src=\"https:\/\/gorica.info\/wp-content\/uploads\/2024\/02\/417503256_7135493649897736_8405110930839101069_n-1024x771.jpg\" alt=\"\" width=\"810\" height=\"610\" srcset=\"https:\/\/gorica.info\/wp-content\/uploads\/2024\/02\/417503256_7135493649897736_8405110930839101069_n-1024x771.jpg 1024w, https:\/\/gorica.info\/wp-content\/uploads\/2024\/02\/417503256_7135493649897736_8405110930839101069_n-300x226.jpg 300w, https:\/\/gorica.info\/wp-content\/uploads\/2024\/02\/417503256_7135493649897736_8405110930839101069_n-768x579.jpg 768w, https:\/\/gorica.info\/wp-content\/uploads\/2024\/02\/417503256_7135493649897736_8405110930839101069_n-750x565.jpg 750w, https:\/\/gorica.info\/wp-content\/uploads\/2024\/02\/417503256_7135493649897736_8405110930839101069_n.jpg 1062w\" sizes=\"(max-width: 810px) 100vw, 810px\" \/><\/p>\n<p>U Starom \u010ci\u010du asfaltiran je <strong>odvojak Ulice Seljine brigade<\/strong>, a kao prioritet <a href=\"https:\/\/gorica.info\/en\/2024\/02\/19\/otvoreno-novoizgradeno-kosarkasko-igraliste-na-plesu-projekt-je-vrijedan-gotovo-65-tisuca-eura\/\">gradona\u010delnik<\/a> je najavio i izgradnju nogostupa kroz cijelu ulicu.<\/p>\n<p><img decoding=\"async\" class=\"aligncenter wp-image-61215 size-large\" src=\"https:\/\/gorica.info\/wp-content\/uploads\/2024\/02\/ulica-seljine-brigade-cice-1024x768.jpg\" alt=\"\" width=\"810\" height=\"608\" srcset=\"https:\/\/gorica.info\/wp-content\/uploads\/2024\/02\/ulica-seljine-brigade-cice-1024x768.jpg 1024w, https:\/\/gorica.info\/wp-content\/uploads\/2024\/02\/ulica-seljine-brigade-cice-300x225.jpg 300w, https:\/\/gorica.info\/wp-content\/uploads\/2024\/02\/ulica-seljine-brigade-cice-768x576.jpg 768w, https:\/\/gorica.info\/wp-content\/uploads\/2024\/02\/ulica-seljine-brigade-cice-750x562.jpg 750w, https:\/\/gorica.info\/wp-content\/uploads\/2024\/02\/ulica-seljine-brigade-cice.jpg 1067w\" sizes=\"(max-width: 810px) 100vw, 810px\" \/><\/p>\n<p>&#8211; U ovoj godini pripremit \u0107emo projektnu i gra\u0111evinsku dokumentacija gotova kako bi sljede\u0107e godine mogli krenuti s izgradnjom nogostupa, \u0161to \u0107e pove\u0107ati sigurnost pje\u0161aka i povezati Staro i Novo \u010ci\u010de \u2013 kazao je gradona\u010delnik A\u010dkar.<\/p>\n<p>Gradona\u010delnik je komentirao i nezadovoljstvo mje\u0161tana radovima koji su izvedeni kroz aglomeraciju.\u00a0Priznao je kako radovi nisu dobro odra\u0111eni i izrazio \u017ealjenje. Istaknuo je da ni\u0161ta ne\u0107e biti preuzeto dok se sve nepravilnosti ne uklone i rije\u0161e.<\/p>\n<p>&#8211; Ispri\u010davamo se gra\u0111anima, nepravilnosti se moraju otkloniti, ovakvo stanje ne\u0107e ostati, Imamo garancije koje mo\u017eemo aktivirati \u2013 rekao je A\u010dkar.<\/p>\n<p><img decoding=\"async\" class=\"aligncenter wp-image-61217\" src=\"https:\/\/gorica.info\/wp-content\/uploads\/2024\/02\/kapelica-ribnica-300x258.jpg\" alt=\"\" width=\"800\" height=\"687\" srcset=\"https:\/\/gorica.info\/wp-content\/uploads\/2024\/02\/kapelica-ribnica-300x258.jpg 300w, https:\/\/gorica.info\/wp-content\/uploads\/2024\/02\/kapelica-ribnica-768x659.jpg 768w, https:\/\/gorica.info\/wp-content\/uploads\/2024\/02\/kapelica-ribnica-750x644.jpg 750w, https:\/\/gorica.info\/wp-content\/uploads\/2024\/02\/kapelica-ribnica.jpg 932w\" sizes=\"(max-width: 800px) 100vw, 800px\" \/><\/p>\n<p>U Ribnici je gradona\u010delnik obi\u0161ao <strong>obnovljenu kapelicu<\/strong> koja je bila u dosta lo\u0161em stanju.<\/p>\n<p>Posao je odradila doma\u0107a tvrtka Jozinovi\u0107 fasade iz Novog \u010ci\u010da, a sve je ko\u0161talo<strong> 40.300 eura<\/strong>. \u017dupnik <strong>Marijan<\/strong> <strong>Prepeljani\u0107<\/strong> kazao je da \u0107e kapelica biti blagoslovljena na Uskrsni ponedjeljak.<\/p>","protected":false},"excerpt":{"rendered":"<p>Gradona\u010delnik Kre\u0161imir A\u010dkar sa suradnicima obi\u0161ao je u utorak prigradska naselja Vukovinu, Staro \u010ci\u010de i Ribnicu. U Vukovini su u tijeku radovi na ure\u0111enju dru\u0161tvenog doma koji \u0107e biti kompletno ure\u0111en. Za sanaciju \u0161teta nastalih u potresu, postavljanje nove rasvjete i ure\u0111enju kuhinje bit \u0107e utro\u0161eno ne\u0161to vi\u0161e od 37.000 eura. Gradona\u010delnik je najavio kako [&hellip;]<\/p>\n","protected":false},"author":23,"featured_media":61214,"comment_status":"open","ping_status":"open","sticky":false,"template":"","format":"standard","meta":{"limit_modified_date":"","last_modified_date":"","jnews-multi-image_gallery":[],"jnews_single_post":[],"jnews_primary_category":[],"jnews_override_counter":[],"footnotes":""},"categories":[87],"tags":[3931,3932,3933,3934,2997],"class_list":["post-61213","post","type-post","status-publish","format-standard","has-post-thumbnail","hentry","category-gorica","tag-drustveni-dom","tag-obnovljena-kapelica","tag-odvojak-ulice-seljine-brigade","tag-ribnica","tag-vukovina"],"yoast_head":"<!-- This site is optimized with the Yoast SEO Premium plugin v27.4 (Yoast SEO v27.4) - https:\/\/yoast.com\/product\/yoast-seo-premium-wordpress\/ -->\n<title>Gradona\u010delnik Kre\u0161imir A\u010dkar sa suradnicima obi\u0161ao Vukovinu, Staro \u010ci\u010de i Ribnicu: &quot;Sve nepravilnosti na aglomeraciji bit \u0107e uklonjene&quot; - Gorica Info<\/title>\n<meta name=\"description\" content=\"Gradona\u010delnik Kre\u0161imir A\u010dkar sa suradnicima obi\u0161ao Vukovinu, Staro \u010ci\u010de i Ribnicu: &quot;Sve nepravilnosti na aglomeraciji bit \u0107e uklonjene&quot;\" \/>\n<meta name=\"robots\" content=\"index, follow, max-snippet:-1, max-image-preview:large, max-video-preview:-1\" \/>\n<link rel=\"canonical\" href=\"https:\/\/gorica.info\/en\/gradonacelnik-kresimir-ackar-sa-suradnicima-obisao-vukovinu-staro-cice-i-ribnicu-sve-nepravilnosti-na-aglomeraciji-bit-ce-uklonjene\/\" \/>\n<meta property=\"og:locale\" content=\"en_US\" \/>\n<meta property=\"og:type\" content=\"article\" \/>\n<meta property=\"og:title\" content=\"Gradona\u010delnik Kre\u0161imir A\u010dkar sa suradnicima obi\u0161ao Vukovinu, Staro \u010ci\u010de i Ribnicu: &quot;Sve nepravilnosti na aglomeraciji bit \u0107e uklonjene&quot;\" \/>\n<meta property=\"og:description\" content=\"Gradona\u010delnik Kre\u0161imir A\u010dkar sa suradnicima obi\u0161ao Vukovinu, Staro \u010ci\u010de i Ribnicu: &quot;Sve nepravilnosti na aglomeraciji bit \u0107e uklonjene&quot;\" \/>\n<meta property=\"og:url\" content=\"https:\/\/gorica.info\/en\/gradonacelnik-kresimir-ackar-sa-suradnicima-obisao-vukovinu-staro-cice-i-ribnicu-sve-nepravilnosti-na-aglomeraciji-bit-ce-uklonjene\/\" \/>\n<meta property=\"og:site_name\" content=\"Gorica Info\" \/>\n<meta property=\"article:publisher\" content=\"https:\/\/www.facebook.com\/Goricainfo-106005144489262\" \/>\n<meta property=\"article:published_time\" content=\"2024-02-20T11:09:20+00:00\" \/>\n<meta property=\"og:image\" content=\"https:\/\/gorica.info\/wp-content\/uploads\/2024\/02\/kresimir-ackar-obilazak-mjesni-odbori.jpg\" \/>\n\t<meta property=\"og:image:width\" content=\"1200\" \/>\n\t<meta property=\"og:image:height\" content=\"771\" \/>\n\t<meta property=\"og:image:type\" content=\"image\/jpeg\" \/>\n<meta name=\"author\" content=\"Gorica. info\" \/>\n<meta name=\"twitter:card\" content=\"summary_large_image\" \/>\n<meta name=\"twitter:creator\" content=\"@GoricaInfo\" \/>\n<meta name=\"twitter:site\" content=\"@GoricaInfo\" \/>\n<meta name=\"twitter:label1\" content=\"Written by\" \/>\n\t<meta name=\"twitter:data1\" content=\"Gorica. info\" \/>\n\t<meta name=\"twitter:label2\" content=\"Est. reading time\" \/>\n\t<meta name=\"twitter:data2\" content=\"3 minutes\" \/>\n<meta name=\"geo.placename\" content=\"Velika Gorica\" \/>\n<meta name=\"geo.region\" content=\"Croatia\" \/>\n<!-- \/ Yoast SEO Premium plugin. -->","yoast_head_json":{"title":"Gradona\u010delnik Kre\u0161imir A\u010dkar sa suradnicima obi\u0161ao Vukovinu, Staro \u010ci\u010de i Ribnicu: \"Sve nepravilnosti na aglomeraciji bit \u0107e uklonjene\" - Gorica Info","description":"Gradona\u010delnik Kre\u0161imir A\u010dkar sa suradnicima obi\u0161ao Vukovinu, Staro \u010ci\u010de i Ribnicu: \"Sve nepravilnosti na aglomeraciji bit \u0107e uklonjene\"","robots":{"index":"index","follow":"follow","max-snippet":"max-snippet:-1","max-image-preview":"max-image-preview:large","max-video-preview":"max-video-preview:-1"},"canonical":"https:\/\/gorica.info\/en\/gradonacelnik-kresimir-ackar-sa-suradnicima-obisao-vukovinu-staro-cice-i-ribnicu-sve-nepravilnosti-na-aglomeraciji-bit-ce-uklonjene\/","og_locale":"en_US","og_type":"article","og_title":"Gradona\u010delnik Kre\u0161imir A\u010dkar sa suradnicima obi\u0161ao Vukovinu, Staro \u010ci\u010de i Ribnicu: \"Sve nepravilnosti na aglomeraciji bit \u0107e uklonjene\"","og_description":"Gradona\u010delnik Kre\u0161imir A\u010dkar sa suradnicima obi\u0161ao Vukovinu, Staro \u010ci\u010de i Ribnicu: \"Sve nepravilnosti na aglomeraciji bit \u0107e uklonjene\"","og_url":"https:\/\/gorica.info\/en\/gradonacelnik-kresimir-ackar-sa-suradnicima-obisao-vukovinu-staro-cice-i-ribnicu-sve-nepravilnosti-na-aglomeraciji-bit-ce-uklonjene\/","og_site_name":"Gorica Info","article_publisher":"https:\/\/www.facebook.com\/Goricainfo-106005144489262","article_published_time":"2024-02-20T11:09:20+00:00","og_image":[{"width":1200,"height":771,"url":"https:\/\/gorica.info\/wp-content\/uploads\/2024\/02\/kresimir-ackar-obilazak-mjesni-odbori.jpg","type":"image\/jpeg"}],"author":"Gorica. info","twitter_card":"summary_large_image","twitter_creator":"@GoricaInfo","twitter_site":"@GoricaInfo","twitter_misc":{"Written by":"Gorica. info","Est. reading time":"3 minutes"},"schema":{"@context":"https:\/\/schema.org","@graph":[{"@type":"NewsArticle","@id":"https:\/\/gorica.info\/gradonacelnik-kresimir-ackar-sa-suradnicima-obisao-vukovinu-staro-cice-i-ribnicu-sve-nepravilnosti-na-aglomeraciji-bit-ce-uklonjene\/#article","isPartOf":{"@id":"https:\/\/gorica.info\/gradonacelnik-kresimir-ackar-sa-suradnicima-obisao-vukovinu-staro-cice-i-ribnicu-sve-nepravilnosti-na-aglomeraciji-bit-ce-uklonjene\/"},"author":{"name":"Gorica. info","@id":"https:\/\/gorica.info\/#\/schema\/person\/4499af1f22f322670b9b5977ccc2e3de"},"headline":"Gradona\u010delnik Kre\u0161imir A\u010dkar sa suradnicima obi\u0161ao Vukovinu, Staro \u010ci\u010de i Ribnicu: &#8220;Sve nepravilnosti na aglomeraciji bit \u0107e uklonjene&#8221;","datePublished":"2024-02-20T11:09:20+00:00","mainEntityOfPage":{"@id":"https:\/\/gorica.info\/gradonacelnik-kresimir-ackar-sa-suradnicima-obisao-vukovinu-staro-cice-i-ribnicu-sve-nepravilnosti-na-aglomeraciji-bit-ce-uklonjene\/"},"wordCount":313,"commentCount":0,"publisher":{"@id":"https:\/\/gorica.info\/#organization"},"image":{"@id":"https:\/\/gorica.info\/gradonacelnik-kresimir-ackar-sa-suradnicima-obisao-vukovinu-staro-cice-i-ribnicu-sve-nepravilnosti-na-aglomeraciji-bit-ce-uklonjene\/#primaryimage"},"thumbnailUrl":"https:\/\/gorica.info\/wp-content\/uploads\/2024\/02\/kresimir-ackar-obilazak-mjesni-odbori.jpg","keywords":["dru\u0161tveni dom","obnovljena kapelica","odvojak ulice seljine brigade","ribnica","vukovina"],"articleSection":["GORICA"],"inLanguage":"en-US","potentialAction":[{"@type":"CommentAction","name":"Comment","target":["https:\/\/gorica.info\/gradonacelnik-kresimir-ackar-sa-suradnicima-obisao-vukovinu-staro-cice-i-ribnicu-sve-nepravilnosti-na-aglomeraciji-bit-ce-uklonjene\/#respond"]}],"copyrightYear":"2024","copyrightHolder":{"@id":"https:\/\/gorica.info\/en\/#organization"}},{"@type":"WebPage","@id":"https:\/\/gorica.info\/gradonacelnik-kresimir-ackar-sa-suradnicima-obisao-vukovinu-staro-cice-i-ribnicu-sve-nepravilnosti-na-aglomeraciji-bit-ce-uklonjene\/","url":"https:\/\/gorica.info\/gradonacelnik-kresimir-ackar-sa-suradnicima-obisao-vukovinu-staro-cice-i-ribnicu-sve-nepravilnosti-na-aglomeraciji-bit-ce-uklonjene\/","name":"Gradona\u010delnik Kre\u0161imir A\u010dkar sa suradnicima obi\u0161ao Vukovinu, Staro \u010ci\u010de i Ribnicu: \"Sve nepravilnosti na aglomeraciji bit \u0107e uklonjene\" - Gorica Info","isPartOf":{"@id":"https:\/\/gorica.info\/#website"},"primaryImageOfPage":{"@id":"https:\/\/gorica.info\/gradonacelnik-kresimir-ackar-sa-suradnicima-obisao-vukovinu-staro-cice-i-ribnicu-sve-nepravilnosti-na-aglomeraciji-bit-ce-uklonjene\/#primaryimage"},"image":{"@id":"https:\/\/gorica.info\/gradonacelnik-kresimir-ackar-sa-suradnicima-obisao-vukovinu-staro-cice-i-ribnicu-sve-nepravilnosti-na-aglomeraciji-bit-ce-uklonjene\/#primaryimage"},"thumbnailUrl":"https:\/\/gorica.info\/wp-content\/uploads\/2024\/02\/kresimir-ackar-obilazak-mjesni-odbori.jpg","datePublished":"2024-02-20T11:09:20+00:00","description":"Gradona\u010delnik Kre\u0161imir A\u010dkar sa suradnicima obi\u0161ao Vukovinu, Staro \u010ci\u010de i Ribnicu: \"Sve nepravilnosti na aglomeraciji bit \u0107e uklonjene\"","breadcrumb":{"@id":"https:\/\/gorica.info\/gradonacelnik-kresimir-ackar-sa-suradnicima-obisao-vukovinu-staro-cice-i-ribnicu-sve-nepravilnosti-na-aglomeraciji-bit-ce-uklonjene\/#breadcrumb"},"inLanguage":"en-US","potentialAction":[{"@type":"ReadAction","target":["https:\/\/gorica.info\/gradonacelnik-kresimir-ackar-sa-suradnicima-obisao-vukovinu-staro-cice-i-ribnicu-sve-nepravilnosti-na-aglomeraciji-bit-ce-uklonjene\/"]}]},{"@type":"ImageObject","inLanguage":"en-US","@id":"https:\/\/gorica.info\/gradonacelnik-kresimir-ackar-sa-suradnicima-obisao-vukovinu-staro-cice-i-ribnicu-sve-nepravilnosti-na-aglomeraciji-bit-ce-uklonjene\/#primaryimage","url":"https:\/\/gorica.info\/wp-content\/uploads\/2024\/02\/kresimir-ackar-obilazak-mjesni-odbori.jpg","contentUrl":"https:\/\/gorica.info\/wp-content\/uploads\/2024\/02\/kresimir-ackar-obilazak-mjesni-odbori.jpg","width":1100,"height":707,"caption":"vukovinu"},{"@type":"BreadcrumbList","@id":"https:\/\/gorica.info\/gradonacelnik-kresimir-ackar-sa-suradnicima-obisao-vukovinu-staro-cice-i-ribnicu-sve-nepravilnosti-na-aglomeraciji-bit-ce-uklonjene\/#breadcrumb","itemListElement":[{"@type":"ListItem","position":1,"name":"Po\u010detna stranica","item":"https:\/\/gorica.info\/"},{"@type":"ListItem","position":2,"name":"Gradona\u010delnik Kre\u0161imir A\u010dkar sa suradnicima obi\u0161ao Vukovinu, Staro \u010ci\u010de i Ribnicu: &#8220;Sve nepravilnosti na aglomeraciji bit \u0107e uklonjene&#8221;"}]},{"@type":"WebSite","@id":"https:\/\/gorica.info\/#website","url":"https:\/\/gorica.info\/","name":"Gorica Info","description":"Vijesti iz Velike Gorice i okolice.","publisher":{"@id":"https:\/\/gorica.info\/#organization"},"potentialAction":[{"@type":"SearchAction","target":{"@type":"EntryPoint","urlTemplate":"https:\/\/gorica.info\/?s={search_term_string}"},"query-input":{"@type":"PropertyValueSpecification","valueRequired":true,"valueName":"search_term_string"}}],"inLanguage":"en-US"},{"@type":["Organization","Place","NewsMediaOrganization"],"@id":"https:\/\/gorica.info\/#organization","name":"Gorica Info","url":"https:\/\/gorica.info\/","logo":{"@id":"https:\/\/gorica.info\/gradonacelnik-kresimir-ackar-sa-suradnicima-obisao-vukovinu-staro-cice-i-ribnicu-sve-nepravilnosti-na-aglomeraciji-bit-ce-uklonjene\/#local-main-organization-logo"},"image":{"@id":"https:\/\/gorica.info\/gradonacelnik-kresimir-ackar-sa-suradnicima-obisao-vukovinu-staro-cice-i-ribnicu-sve-nepravilnosti-na-aglomeraciji-bit-ce-uklonjene\/#local-main-organization-logo"},"sameAs":["https:\/\/www.facebook.com\/Goricainfo-106005144489262","https:\/\/x.com\/GoricaInfo","https:\/\/www.instagram.com\/gorica.info\/"],"address":{"@id":"https:\/\/gorica.info\/gradonacelnik-kresimir-ackar-sa-suradnicima-obisao-vukovinu-staro-cice-i-ribnicu-sve-nepravilnosti-na-aglomeraciji-bit-ce-uklonjene\/#local-main-place-address"},"telephone":[],"openingHoursSpecification":[{"@type":"OpeningHoursSpecification","dayOfWeek":["Monday","Tuesday","Wednesday","Thursday","Friday","Saturday","Sunday"],"opens":"09:00","closes":"17:00"}],"email":"redakcija@gorica.info"},{"@type":"Person","@id":"https:\/\/gorica.info\/#\/schema\/person\/4499af1f22f322670b9b5977ccc2e3de","name":"Gorica. info","description":"Gorica.info je lokalni portal koji prati Veliku Goricu i okolici, svakodnevno donosi najnovije vijesti i pri\u010de, kulturna doga\u0111anja i aktualnosti koje oblikuju \u017eivot gra\u0111ana.","url":"https:\/\/gorica.info\/en\/author\/gorica-info\/"},{"@type":"PostalAddress","@id":"https:\/\/gorica.info\/gradonacelnik-kresimir-ackar-sa-suradnicima-obisao-vukovinu-staro-cice-i-ribnicu-sve-nepravilnosti-na-aglomeraciji-bit-ce-uklonjene\/#local-main-place-address","streetAddress":"Horvatova 97","addressLocality":"Velika Gorica","postalCode":"10410","addressRegion":"Croatia","addressCountry":"HR"},{"@type":"ImageObject","inLanguage":"en-US","@id":"https:\/\/gorica.info\/gradonacelnik-kresimir-ackar-sa-suradnicima-obisao-vukovinu-staro-cice-i-ribnicu-sve-nepravilnosti-na-aglomeraciji-bit-ce-uklonjene\/#local-main-organization-logo","url":"https:\/\/gorica.info\/wp-content\/uploads\/2024\/07\/Gorica-Info-Logo-mali.png","contentUrl":"https:\/\/gorica.info\/wp-content\/uploads\/2024\/07\/Gorica-Info-Logo-mali.png","width":450,"height":85,"caption":"Gorica Info"}]},"geo.placename":"Velika Gorica","geo.region":"Croatia"},"_links":{"self":[{"href":"https:\/\/gorica.info\/en\/wp-json\/wp\/v2\/posts\/61213","targetHints":{"allow":["GET"]}}],"collection":[{"href":"https:\/\/gorica.info\/en\/wp-json\/wp\/v2\/posts"}],"about":[{"href":"https:\/\/gorica.info\/en\/wp-json\/wp\/v2\/types\/post"}],"author":[{"embeddable":true,"href":"https:\/\/gorica.info\/en\/wp-json\/wp\/v2\/users\/23"}],"replies":[{"embeddable":true,"href":"https:\/\/gorica.info\/en\/wp-json\/wp\/v2\/comments?post=61213"}],"version-history":[{"count":0,"href":"https:\/\/gorica.info\/en\/wp-json\/wp\/v2\/posts\/61213\/revisions"}],"wp:featuredmedia":[{"embeddable":true,"href":"https:\/\/gorica.info\/en\/wp-json\/wp\/v2\/media\/61214"}],"wp:attachment":[{"href":"https:\/\/gorica.info\/en\/wp-json\/wp\/v2\/media?parent=61213"}],"wp:term":[{"taxonomy":"category","embeddable":true,"href":"https:\/\/gorica.info\/en\/wp-json\/wp\/v2\/categories?post=61213"},{"taxonomy":"post_tag","embeddable":true,"href":"https:\/\/gorica.info\/en\/wp-json\/wp\/v2\/tags?post=61213"}],"curies":[{"name":"wp","href":"https:\/\/api.w.org\/{rel}","templated":true}]}}