{"id":61367,"date":"2024-02-27T09:00:56","date_gmt":"2024-02-27T08:00:56","guid":{"rendered":"https:\/\/gorica.info\/?p=61367"},"modified":"2024-06-22T15:54:32","modified_gmt":"2024-06-22T13:54:32","slug":"kolumna-pametnom-dosta-testirao-sam-umjetnu-inteligenciju-chatgpt-a-u-analizi-hrvatske-politike-ali-izgleda-da-ni-ona-nije-dovoljno-pametna","status":"publish","type":"post","link":"https:\/\/gorica.info\/en\/kolumna-pametnom-dosta-testirao-sam-umjetnu-inteligenciju-chatgpt-a-u-analizi-hrvatske-politike-ali-izgleda-da-ni-ona-nije-dovoljno-pametna\/","title":{"rendered":"KOLUMNA Pametnom dosta: Testirao sam umjetnu inteligenciju ChatGPT-a u analizi hrvatske politike, ali izgleda da ni ona nije dovoljno pametna&#8230;"},"content":{"rendered":"<p>Te\u0161ko je biti pametan u analizi hrvatske politi\u010dke scene uo\u010di parlamentarnih izbora 2024. godine. To\u010dnije, lako se, <a href=\"https:\/\/gorica.info\/en\/2024\/02\/20\/kolumna-pametnom-dosta-nakon-uspjelog-prosvjeda-oporba-treba-vodu-a-hdz-i-plenkovic-trebaju-izgubljenu-politicku-hladnokrvnost\/\">poput mete u ovim kolumnama<\/a>, praviti pametan i pisati osobne procjene, analize i predvi\u0111anja tko \u0107e s kime, tko \u0107e koga, za\u0161to netko nekog ne\u0107e i kako \u0107e taj politi\u010dki igrokaz na kraju zavr\u0161iti. Ali te\u0161ko je stvarno biti pametan.<\/p>\n<p>A \u0161to o tome ka\u017eu oni pametniji? Recimo umjetna inteligencija. Je li <strong>ChatGPT 4<\/strong> <a href=\"https:\/\/en.wikipedia.org\/wiki\/ChatGPT\">dovoljno pametan<\/a> za analiziranje hrvatske politi\u010dke scene? Ili \u0107e i on pokleknuti pred ovim izazovom?<\/p>\n<p>Evo \u0161to je napisao ChatGPT na moju molbu da analizira hrvatsku politi\u010dku scenu, stanje na ljevici, pozicije na desnici, te da procijeni tko bi mogao dobiti skore parlamentarne izbore:<\/p>\n<p><em><strong>Politi\u010dka scena u Hrvatskoj<\/strong> uo\u010di parlamentarnih izbora 2024. godine je dinami\u010dna i obilje\u017eena zna\u010dajnim odlukama razli\u010ditih politi\u010dkih stranaka.\u00a0<\/em><\/p>\n<p><em>Lider lijeve politi\u010dke oporbe u Hrvatskoj trenutno nije jednozna\u010dno odre\u0111en, s obzirom na to da postoji nekoliko zna\u010dajnih figura unutar lijevog politi\u010dkog spektra. <strong>Pe\u0111a Grbin<\/strong>, kao predsjednik SDP-a, predstavlja va\u017enu figuru unutar lijeve oporbe, no njegova stranka trenutno prolazi kroz razdoblje slabijih rezultata i podr\u0161ke bira\u010da. Otkako je Grbin preuzeo vodstvo SDP-a, stranka je daleko od ranijih razina podr\u0161ke, \u0161to ukazuje na odre\u0111ene izazove unutar stranke\u200b\u200b.<\/em><\/p>\n<p><em>S druge strane, <strong>Sandra Ben\u010di\u0107<\/strong>, koordinatorica stranke Mo\u017eemo!, tako\u0111er se isti\u010de kao zna\u010dajna politi\u010dka li\u010dnost unutar lijeve oporbe. Stranka Mo\u017eemo! u posljednjih nekoliko godina do\u017eivljava rast podr\u0161ke, posebno u Zagrebu, gdje su ostvarili zna\u010dajne izborne uspjehe. Ben\u010di\u0107 je istaknuta u kontekstu mogu\u0107eg vo\u0111enja vlade, \u0161to ukazuje na njezinu va\u017enost unutar strana\u010dkih i oporbenih struktura\u200b\u200b.<\/em><\/p>\n<p><em><strong>Ova situacija na politi\u010dkoj sceni ukazuje<\/strong> na fragmentiranost i raznolikost interesa unutar lijevog politi\u010dkog spektra u Hrvatskoj. Odluka stranke Mo\u017eemo! da iza\u0111e samostalno na izbore ukazuje na strategiju koja se temelji na procjeni vlastite snage i potencijalnog uspjeha bez formiranja \u0161ire koalicije. Ova dinamika tako\u0111er odra\u017eava slo\u017eenost i razlike unutar lijeve oporbe, \u0161to mo\u017ee biti razlog za\u0161to ljevica nema jedinstvenog kandidata za premijera.<\/em><\/p>\n<p><em><strong>\u0160to se ti\u010de desnice,<\/strong> postoje naznake o tra\u017eenju na\u010dina za ujedinjenje, ali konkretni detalji i potencijalne koalicije s HDZ-om nisu spomenuti u dostupnim izvorima. Razlike izme\u0111u stranaka poput Domovinskog pokreta i Mosta mogu predstavljati izazov za formiranje jedinstvenog fronta.<\/em><\/p>\n<p><em>Prema trenutnim prognozama i analizama, postoji mogu\u0107nost da HDZ pod vodstvom <strong>Andreja Plenkovi\u0107a<\/strong> ostvari pobjedu na predstoje\u0107im parlamentarnim izborima u Hrvatskoj. Me\u0111utim, nagla\u0161ava se da bi Plenkovi\u0107 ovaj put mogao biti prisiljen formirati koaliciju s nekim desno orijentiranim politi\u010dkim strankama, poput Domovinskog pokreta ili Mosta. To\u010dan datum parlamentarnih izbora jo\u0161 nije potvr\u0111en, ali spekulira se da bi mogli biti odr\u017eani u prolje\u0107e 2024. godine, potencijalno krajem travnja ili po\u010detkom svibnja, prije europskih izbora. O\u010dekuje se da \u0107e se parlamentarni izbori odr\u017eati najkasnije do kraja ljeta iste godine.<\/em><\/p>\n<p><em><strong>Analize ukazuju<\/strong> na to da HDZ trenutno zadr\u017eava sna\u017enu poziciju unato\u010d izazovima koje donosi politi\u010dka scena, ali i da bi koalicijsko partnerstvo moglo biti neizbje\u017eno za osiguranje vlasti.\u00a0<\/em><\/p>\n<p><em>S obzirom na dinami\u010dnost situacije, politi\u010dki pejza\u017e u Hrvatskoj uo\u010di izbora ostaje otvoren za razli\u010dite mogu\u0107nosti i strategije politi\u010dkih aktera.<\/em><\/p>\n<p>To je, dakle, to. Tako je o politi\u010dkoj situaciji zborio ChatGPT! I, \u010dini se, samo je iskoristio svoje umije\u0107e solidnog baratanja hrvatskim jezikom (za razliku od na\u0161ih politi\u010dara od kojih se neki kunu u taj jezik) i iskombinirao razne stavove koje su ranije napisali neki ljudi. Da, \u010dini se da niti taj svemo\u0107ni ChatGPT nije dovoljno pametan da shvati \u0161to su sve sposobni prirediti hrvatski politi\u010dari nama, hrvatskim gra\u0111anima i bira\u010dima. I \u0161to nas \u010deka na izborima i nakon njih. Mo\u017eda bih ipak trebalo pitati Vidovitog Milana.<\/p>\n<p>\u0160to re\u0107i na kraju osim ponoviti maestralan i nadasve mudar zavr\u0161etak ovog uratka umjetne inteligencije: <strong>Politi\u010dki pejza\u017e u Hrvatskoj uo\u010di izbora ostaje otvoren za razli\u010dite mogu\u0107nosti i strategije politi\u010dkih aktera.<\/strong><\/p>\n<p>Pametnom dosta!<\/p>\n<p><em><strong>Renato Ivanu\u0161<\/strong>\u00a0dugogodi\u0161nji je medijski profesionalac i stru\u010dnjak. U profesionalnoj karijeri bio je gotovo sve \u0161to se mo\u017ee biti u medijima \u2013 novinar, reporter, ratni reporter, urednik rubrike, pomo\u0107nik glavnog urednika, zamjenik glavnog urednika, glavni urednik vode\u0107eg hrvatskog medija, direktor medijske agencije, CEO velike medijske ku\u0107e\u2026 Danas vodi svoju tvrtku\u00a0<a href=\"https:\/\/tvornica-sadrzaja.hr\/\">\u201dTvornica Sadr\u017eaja\u201d<\/a>, a za\u00a0<a href=\"https:\/\/gorica.info\/en\/\">Goricu.info<\/a>\u00a0svaki \u0107e tjedan analizirati najva\u017enije dru\u0161tvene i politi\u010dke doga\u0111aje kako bi vam dao \u0161iri kontekst i otkrio njihovu pozadinu.<\/em><\/p>\n<p>&nbsp;<\/p>","protected":false},"excerpt":{"rendered":"<p>Te\u0161ko je biti pametan u analizi hrvatske politi\u010dke scene uo\u010di parlamentarnih izbora 2024. godine. To\u010dnije, lako se, poput mete u ovim kolumnama, praviti pametan i pisati osobne procjene, analize i predvi\u0111anja tko \u0107e s kime, tko \u0107e koga, za\u0161to netko nekog ne\u0107e i kako \u0107e taj politi\u010dki igrokaz na kraju zavr\u0161iti. Ali te\u0161ko je stvarno [&hellip;]<\/p>\n","protected":false},"author":26,"featured_media":68189,"comment_status":"open","ping_status":"open","sticky":false,"template":"","format":"standard","meta":{"limit_modified_date":"","last_modified_date":"","jnews-multi-image_gallery":[],"jnews_single_post":{"subtitle":"","format":"standard","video":"","gallery":"","source_name":"","source_url":"","via_name":"","via_url":"","override_template":"0","override":[{"template":"3","single_blog_custom":"","parallax":"1","fullscreen":"1","layout":"right-sidebar","sidebar":"default-sidebar","second_sidebar":"default-sidebar","sticky_sidebar":"1","share_position":"bottom","share_float_style":"share-monocrhome","show_share_counter":"1","show_view_counter":"1","show_featured":"1","show_post_meta":"1","show_post_author":"1","show_post_author_image":"1","show_post_date":"1","post_date_format":"default","post_date_format_custom":"Y\/m\/d","show_post_category":"1","show_post_reading_time":"1","post_reading_time_wpm":"300","show_zoom_button":"0","zoom_button_out_step":"2","zoom_button_in_step":"3","show_post_tag":"1","show_prev_next_post":"0","show_popup_post":"1","number_popup_post":"1","show_author_box":"0","show_post_related":"1","show_inline_post_related":"0"}],"override_image_size":"0","image_override":[{"single_post_thumbnail_size":"crop-500","single_post_gallery_size":"crop-500"}],"trending_post":"0","trending_post_position":"meta","trending_post_label":"Trending","sponsored_post":"0","sponsored_post_label":"Sponsored by","sponsored_post_name":"","sponsored_post_url":"","sponsored_post_logo_enable":"0","sponsored_post_logo":"","sponsored_post_desc":"","disable_ad":"0"},"jnews_primary_category":{"id":"","hide":""},"jnews_override_counter":[],"footnotes":""},"categories":[89],"tags":[300,4040,1574,2070,1801,2089,140],"class_list":["post-61367","post","type-post","status-publish","format-standard","has-post-thumbnail","hentry","category-politicka-arena","tag-andrej-plenkovic","tag-chatgpt","tag-gorica-info","tag-izbori-2024","tag-kolumna","tag-pametnom-dosta","tag-renato-ivanus"],"yoast_head":"<!-- This site is optimized with the Yoast SEO Premium plugin v27.4 (Yoast SEO v27.4) - https:\/\/yoast.com\/product\/yoast-seo-premium-wordpress\/ -->\n<title>KOLUMNA Pametnom dosta: Testirao sam umjetnu inteligenciju ChatGPT-a u analizi hrvatske politike, ali izgleda da ni ona nije dovoljno pametna... - Gorica Info<\/title>\n<meta name=\"description\" content=\"Kako umjetna inteligencija, to\u010dnije ChatGPT, analizira hrvatsku politi\u010dku scenu uo\u010di izbora, zanimalo je na\u0161eg kolumnista Renata Ivanu\u0161a\" \/>\n<meta name=\"robots\" content=\"index, follow, max-snippet:-1, max-image-preview:large, max-video-preview:-1\" \/>\n<link rel=\"canonical\" href=\"https:\/\/gorica.info\/en\/kolumna-pametnom-dosta-testirao-sam-umjetnu-inteligenciju-chatgpt-a-u-analizi-hrvatske-politike-ali-izgleda-da-ni-ona-nije-dovoljno-pametna\/\" \/>\n<meta property=\"og:locale\" content=\"en_US\" \/>\n<meta property=\"og:type\" content=\"article\" \/>\n<meta property=\"og:title\" content=\"KOLUMNA Pametnom dosta: Testirao sam umjetnu inteligenciju ChatGPT-a u analizi hrvatske politike, ali izgleda da ni ona nije dovoljno pametna...\" \/>\n<meta property=\"og:description\" content=\"Kako umjetna inteligencija, to\u010dnije ChatGPT, analizira hrvatsku politi\u010dku scenu uo\u010di izbora, zanimalo je na\u0161eg kolumnista Renata Ivanu\u0161a\" \/>\n<meta property=\"og:url\" content=\"https:\/\/gorica.info\/en\/kolumna-pametnom-dosta-testirao-sam-umjetnu-inteligenciju-chatgpt-a-u-analizi-hrvatske-politike-ali-izgleda-da-ni-ona-nije-dovoljno-pametna\/\" \/>\n<meta property=\"og:site_name\" content=\"Gorica Info\" \/>\n<meta property=\"article:publisher\" content=\"https:\/\/www.facebook.com\/Goricainfo-106005144489262\" \/>\n<meta property=\"article:published_time\" content=\"2024-02-27T08:00:56+00:00\" \/>\n<meta property=\"article:modified_time\" content=\"2024-06-22T13:54:32+00:00\" \/>\n<meta property=\"og:image\" content=\"https:\/\/gorica.info\/wp-content\/uploads\/2024\/02\/saborplenkovic.jpg\" \/>\n\t<meta property=\"og:image:width\" content=\"750\" \/>\n\t<meta property=\"og:image:height\" content=\"500\" \/>\n\t<meta property=\"og:image:type\" content=\"image\/jpeg\" \/>\n<meta name=\"author\" content=\"Renato Ivanu\u0161\" \/>\n<meta name=\"twitter:card\" content=\"summary_large_image\" \/>\n<meta name=\"twitter:creator\" content=\"@GoricaInfo\" \/>\n<meta name=\"twitter:site\" content=\"@GoricaInfo\" \/>\n<meta name=\"twitter:label1\" content=\"Written by\" \/>\n\t<meta name=\"twitter:data1\" content=\"Renato Ivanu\u0161\" \/>\n\t<meta name=\"twitter:label2\" content=\"Est. reading time\" \/>\n\t<meta name=\"twitter:data2\" content=\"4 minutes\" \/>\n<meta name=\"geo.placename\" content=\"Velika Gorica\" \/>\n<meta name=\"geo.region\" content=\"Croatia\" \/>\n<!-- \/ Yoast SEO Premium plugin. -->","yoast_head_json":{"title":"KOLUMNA Pametnom dosta: Testirao sam umjetnu inteligenciju ChatGPT-a u analizi hrvatske politike, ali izgleda da ni ona nije dovoljno pametna... - Gorica Info","description":"Kako umjetna inteligencija, to\u010dnije ChatGPT, analizira hrvatsku politi\u010dku scenu uo\u010di izbora, zanimalo je na\u0161eg kolumnista Renata Ivanu\u0161a","robots":{"index":"index","follow":"follow","max-snippet":"max-snippet:-1","max-image-preview":"max-image-preview:large","max-video-preview":"max-video-preview:-1"},"canonical":"https:\/\/gorica.info\/en\/kolumna-pametnom-dosta-testirao-sam-umjetnu-inteligenciju-chatgpt-a-u-analizi-hrvatske-politike-ali-izgleda-da-ni-ona-nije-dovoljno-pametna\/","og_locale":"en_US","og_type":"article","og_title":"KOLUMNA Pametnom dosta: Testirao sam umjetnu inteligenciju ChatGPT-a u analizi hrvatske politike, ali izgleda da ni ona nije dovoljno pametna...","og_description":"Kako umjetna inteligencija, to\u010dnije ChatGPT, analizira hrvatsku politi\u010dku scenu uo\u010di izbora, zanimalo je na\u0161eg kolumnista Renata Ivanu\u0161a","og_url":"https:\/\/gorica.info\/en\/kolumna-pametnom-dosta-testirao-sam-umjetnu-inteligenciju-chatgpt-a-u-analizi-hrvatske-politike-ali-izgleda-da-ni-ona-nije-dovoljno-pametna\/","og_site_name":"Gorica Info","article_publisher":"https:\/\/www.facebook.com\/Goricainfo-106005144489262","article_published_time":"2024-02-27T08:00:56+00:00","article_modified_time":"2024-06-22T13:54:32+00:00","og_image":[{"width":750,"height":500,"url":"https:\/\/gorica.info\/wp-content\/uploads\/2024\/02\/saborplenkovic.jpg","type":"image\/jpeg"}],"author":"Renato Ivanu\u0161","twitter_card":"summary_large_image","twitter_creator":"@GoricaInfo","twitter_site":"@GoricaInfo","twitter_misc":{"Written by":"Renato Ivanu\u0161","Est. reading time":"4 minutes"},"schema":{"@context":"https:\/\/schema.org","@graph":[{"@type":"NewsArticle","@id":"https:\/\/gorica.info\/kolumna-pametnom-dosta-testirao-sam-umjetnu-inteligenciju-chatgpt-a-u-analizi-hrvatske-politike-ali-izgleda-da-ni-ona-nije-dovoljno-pametna\/#article","isPartOf":{"@id":"https:\/\/gorica.info\/kolumna-pametnom-dosta-testirao-sam-umjetnu-inteligenciju-chatgpt-a-u-analizi-hrvatske-politike-ali-izgleda-da-ni-ona-nije-dovoljno-pametna\/"},"author":{"name":"Renato Ivanu\u0161","@id":"https:\/\/gorica.info\/#\/schema\/person\/8cd1bb8bf579a07607a1a22610d7d09d"},"headline":"KOLUMNA Pametnom dosta: Testirao sam umjetnu inteligenciju ChatGPT-a u analizi hrvatske politike, ali izgleda da ni ona nije dovoljno pametna&#8230;","datePublished":"2024-02-27T08:00:56+00:00","dateModified":"2024-06-22T13:54:32+00:00","mainEntityOfPage":{"@id":"https:\/\/gorica.info\/kolumna-pametnom-dosta-testirao-sam-umjetnu-inteligenciju-chatgpt-a-u-analizi-hrvatske-politike-ali-izgleda-da-ni-ona-nije-dovoljno-pametna\/"},"wordCount":810,"commentCount":0,"publisher":{"@id":"https:\/\/gorica.info\/#organization"},"image":{"@id":"https:\/\/gorica.info\/kolumna-pametnom-dosta-testirao-sam-umjetnu-inteligenciju-chatgpt-a-u-analizi-hrvatske-politike-ali-izgleda-da-ni-ona-nije-dovoljno-pametna\/#primaryimage"},"thumbnailUrl":"https:\/\/gorica.info\/wp-content\/uploads\/2024\/02\/saborplenkovic.jpg","keywords":["Andrej Plenkovi\u0107","chatgpt","gorica.info","izbori 2024","kolumna","pametnom dosta","renato ivanu\u0161"],"articleSection":["POLITI\u010cKA ARENA"],"inLanguage":"en-US","potentialAction":[{"@type":"CommentAction","name":"Comment","target":["https:\/\/gorica.info\/kolumna-pametnom-dosta-testirao-sam-umjetnu-inteligenciju-chatgpt-a-u-analizi-hrvatske-politike-ali-izgleda-da-ni-ona-nije-dovoljno-pametna\/#respond"]}],"copyrightYear":"2024","copyrightHolder":{"@id":"https:\/\/gorica.info\/en\/#organization"}},{"@type":"WebPage","@id":"https:\/\/gorica.info\/kolumna-pametnom-dosta-testirao-sam-umjetnu-inteligenciju-chatgpt-a-u-analizi-hrvatske-politike-ali-izgleda-da-ni-ona-nije-dovoljno-pametna\/","url":"https:\/\/gorica.info\/kolumna-pametnom-dosta-testirao-sam-umjetnu-inteligenciju-chatgpt-a-u-analizi-hrvatske-politike-ali-izgleda-da-ni-ona-nije-dovoljno-pametna\/","name":"KOLUMNA Pametnom dosta: Testirao sam umjetnu inteligenciju ChatGPT-a u analizi hrvatske politike, ali izgleda da ni ona nije dovoljno pametna... - Gorica Info","isPartOf":{"@id":"https:\/\/gorica.info\/#website"},"primaryImageOfPage":{"@id":"https:\/\/gorica.info\/kolumna-pametnom-dosta-testirao-sam-umjetnu-inteligenciju-chatgpt-a-u-analizi-hrvatske-politike-ali-izgleda-da-ni-ona-nije-dovoljno-pametna\/#primaryimage"},"image":{"@id":"https:\/\/gorica.info\/kolumna-pametnom-dosta-testirao-sam-umjetnu-inteligenciju-chatgpt-a-u-analizi-hrvatske-politike-ali-izgleda-da-ni-ona-nije-dovoljno-pametna\/#primaryimage"},"thumbnailUrl":"https:\/\/gorica.info\/wp-content\/uploads\/2024\/02\/saborplenkovic.jpg","datePublished":"2024-02-27T08:00:56+00:00","dateModified":"2024-06-22T13:54:32+00:00","description":"Kako umjetna inteligencija, to\u010dnije ChatGPT, analizira hrvatsku politi\u010dku scenu uo\u010di izbora, zanimalo je na\u0161eg kolumnista Renata Ivanu\u0161a","breadcrumb":{"@id":"https:\/\/gorica.info\/kolumna-pametnom-dosta-testirao-sam-umjetnu-inteligenciju-chatgpt-a-u-analizi-hrvatske-politike-ali-izgleda-da-ni-ona-nije-dovoljno-pametna\/#breadcrumb"},"inLanguage":"en-US","potentialAction":[{"@type":"ReadAction","target":["https:\/\/gorica.info\/kolumna-pametnom-dosta-testirao-sam-umjetnu-inteligenciju-chatgpt-a-u-analizi-hrvatske-politike-ali-izgleda-da-ni-ona-nije-dovoljno-pametna\/"]}]},{"@type":"ImageObject","inLanguage":"en-US","@id":"https:\/\/gorica.info\/kolumna-pametnom-dosta-testirao-sam-umjetnu-inteligenciju-chatgpt-a-u-analizi-hrvatske-politike-ali-izgleda-da-ni-ona-nije-dovoljno-pametna\/#primaryimage","url":"https:\/\/gorica.info\/wp-content\/uploads\/2024\/02\/saborplenkovic.jpg","contentUrl":"https:\/\/gorica.info\/wp-content\/uploads\/2024\/02\/saborplenkovic.jpg","width":750,"height":500},{"@type":"BreadcrumbList","@id":"https:\/\/gorica.info\/kolumna-pametnom-dosta-testirao-sam-umjetnu-inteligenciju-chatgpt-a-u-analizi-hrvatske-politike-ali-izgleda-da-ni-ona-nije-dovoljno-pametna\/#breadcrumb","itemListElement":[{"@type":"ListItem","position":1,"name":"Po\u010detna stranica","item":"https:\/\/gorica.info\/"},{"@type":"ListItem","position":2,"name":"KOLUMNA Pametnom dosta: Testirao sam umjetnu inteligenciju ChatGPT-a u analizi hrvatske politike, ali izgleda da ni ona nije dovoljno pametna&#8230;"}]},{"@type":"WebSite","@id":"https:\/\/gorica.info\/#website","url":"https:\/\/gorica.info\/","name":"Gorica Info","description":"Vijesti iz Velike Gorice i okolice.","publisher":{"@id":"https:\/\/gorica.info\/#organization"},"potentialAction":[{"@type":"SearchAction","target":{"@type":"EntryPoint","urlTemplate":"https:\/\/gorica.info\/?s={search_term_string}"},"query-input":{"@type":"PropertyValueSpecification","valueRequired":true,"valueName":"search_term_string"}}],"inLanguage":"en-US"},{"@type":["Organization","Place","NewsMediaOrganization"],"@id":"https:\/\/gorica.info\/#organization","name":"Gorica Info","url":"https:\/\/gorica.info\/","logo":{"@id":"https:\/\/gorica.info\/kolumna-pametnom-dosta-testirao-sam-umjetnu-inteligenciju-chatgpt-a-u-analizi-hrvatske-politike-ali-izgleda-da-ni-ona-nije-dovoljno-pametna\/#local-main-organization-logo"},"image":{"@id":"https:\/\/gorica.info\/kolumna-pametnom-dosta-testirao-sam-umjetnu-inteligenciju-chatgpt-a-u-analizi-hrvatske-politike-ali-izgleda-da-ni-ona-nije-dovoljno-pametna\/#local-main-organization-logo"},"sameAs":["https:\/\/www.facebook.com\/Goricainfo-106005144489262","https:\/\/x.com\/GoricaInfo","https:\/\/www.instagram.com\/gorica.info\/"],"address":{"@id":"https:\/\/gorica.info\/kolumna-pametnom-dosta-testirao-sam-umjetnu-inteligenciju-chatgpt-a-u-analizi-hrvatske-politike-ali-izgleda-da-ni-ona-nije-dovoljno-pametna\/#local-main-place-address"},"telephone":[],"openingHoursSpecification":[{"@type":"OpeningHoursSpecification","dayOfWeek":["Monday","Tuesday","Wednesday","Thursday","Friday","Saturday","Sunday"],"opens":"09:00","closes":"17:00"}],"email":"redakcija@gorica.info"},{"@type":"Person","@id":"https:\/\/gorica.info\/#\/schema\/person\/8cd1bb8bf579a07607a1a22610d7d09d","name":"Renato Ivanu\u0161","description":"Renato Ivanu\u0161 je dugogodi\u0161nji novinar i urednik najve\u0107ih hrvatskih medija. Voli nogomet, pogotovo HNK Goricu.","url":"https:\/\/gorica.info\/en\/author\/renato-ivanus\/"},{"@type":"PostalAddress","@id":"https:\/\/gorica.info\/kolumna-pametnom-dosta-testirao-sam-umjetnu-inteligenciju-chatgpt-a-u-analizi-hrvatske-politike-ali-izgleda-da-ni-ona-nije-dovoljno-pametna\/#local-main-place-address","streetAddress":"Horvatova 97","addressLocality":"Velika Gorica","postalCode":"10410","addressRegion":"Croatia","addressCountry":"HR"},{"@type":"ImageObject","inLanguage":"en-US","@id":"https:\/\/gorica.info\/kolumna-pametnom-dosta-testirao-sam-umjetnu-inteligenciju-chatgpt-a-u-analizi-hrvatske-politike-ali-izgleda-da-ni-ona-nije-dovoljno-pametna\/#local-main-organization-logo","url":"https:\/\/gorica.info\/wp-content\/uploads\/2024\/07\/Gorica-Info-Logo-mali.png","contentUrl":"https:\/\/gorica.info\/wp-content\/uploads\/2024\/07\/Gorica-Info-Logo-mali.png","width":450,"height":85,"caption":"Gorica Info"}]},"geo.placename":"Velika Gorica","geo.region":"Croatia"},"_links":{"self":[{"href":"https:\/\/gorica.info\/en\/wp-json\/wp\/v2\/posts\/61367","targetHints":{"allow":["GET"]}}],"collection":[{"href":"https:\/\/gorica.info\/en\/wp-json\/wp\/v2\/posts"}],"about":[{"href":"https:\/\/gorica.info\/en\/wp-json\/wp\/v2\/types\/post"}],"author":[{"embeddable":true,"href":"https:\/\/gorica.info\/en\/wp-json\/wp\/v2\/users\/26"}],"replies":[{"embeddable":true,"href":"https:\/\/gorica.info\/en\/wp-json\/wp\/v2\/comments?post=61367"}],"version-history":[{"count":1,"href":"https:\/\/gorica.info\/en\/wp-json\/wp\/v2\/posts\/61367\/revisions"}],"predecessor-version":[{"id":68190,"href":"https:\/\/gorica.info\/en\/wp-json\/wp\/v2\/posts\/61367\/revisions\/68190"}],"wp:featuredmedia":[{"embeddable":true,"href":"https:\/\/gorica.info\/en\/wp-json\/wp\/v2\/media\/68189"}],"wp:attachment":[{"href":"https:\/\/gorica.info\/en\/wp-json\/wp\/v2\/media?parent=61367"}],"wp:term":[{"taxonomy":"category","embeddable":true,"href":"https:\/\/gorica.info\/en\/wp-json\/wp\/v2\/categories?post=61367"},{"taxonomy":"post_tag","embeddable":true,"href":"https:\/\/gorica.info\/en\/wp-json\/wp\/v2\/tags?post=61367"}],"curies":[{"name":"wp","href":"https:\/\/api.w.org\/{rel}","templated":true}]}}