{"id":61815,"date":"2024-03-07T09:28:40","date_gmt":"2024-03-07T08:28:40","guid":{"rendered":"https:\/\/gorica.info\/?p=61815"},"modified":"2024-03-07T09:28:40","modified_gmt":"2024-03-07T08:28:40","slug":"teska-nesreca-na-autocesti-u-sudaru-kamiona-i-osobnog-automobila-poginule-dvije-osobe","status":"publish","type":"post","link":"https:\/\/gorica.info\/en\/teska-nesreca-na-autocesti-u-sudaru-kamiona-i-osobnog-automobila-poginule-dvije-osobe\/","title":{"rendered":"Te\u0161ka nesre\u0107a na autocesti: U sudaru kamiona i osobnog automobila poginule dvije osobe"},"content":{"rendered":"<p><strong>Na autocesti A3<\/strong> izme\u0111u \u010dvora Novska i Oku\u010dani jutros se dogodila prometna nesre\u0107a. Policija je javila da je <strong>dvoje mrtvih<\/strong>. Dionica autoceste Bregana-Lipovac je <strong>zatvorena za promet<\/strong>.<\/p>\n<p>&#8211; Oko 07,15 na AC A3 jug, izme\u0111u Novske i Oku\u010dana sudarili su se <strong>teretno i osobno vozilo<\/strong>. Poginulo je dvoje ljudi. Zbog o\u010devida je <strong>zatvoren dio autoceste<\/strong> i promet se <strong>preusmjerava obilaznim pravcima<\/strong> &#8211; objavila je policija.<\/p>\n<p>&#8211; Izgledalo je stra\u0161no. Tamo je bilo jako, jako puno policije, \u010dak su postavili i \u0161ator. Nastala je ogromna kolona, a policija sve preusmjerava na Novsku &#8211; rekao je za <a href=\"https:\/\/www.24sata.hr\/news\/teska-nesreca-izmedu-novske-i-okucana-zatvorili-autocestu-stvaraju-se-ogromne-kolone-969365\">24 sata<\/a> \u010ditatelj koji je vozio u smjeru Zagreba.<\/p>\n<p>Trenutno se vozi obilaznim smjerom \u010dvor Novska \u2013 DC47 \u2013 \u017dC3252 \u2013 DC5 \u2013 \u010dvor Oku\u010dani, javlja HAK.<\/p>\n<p>Kod \u010dvora Novska u smjeru Lipovca, stvorila se <strong>kolona vozila duga dva kilometra<\/strong>, ka\u017eu iz <a href=\"https:\/\/www.hak.hr\/\">HAK-a<\/a>.<\/p>","protected":false},"excerpt":{"rendered":"<p>Na autocesti A3 izme\u0111u \u010dvora Novska i Oku\u010dani jutros se dogodila prometna nesre\u0107a. Policija je javila da je dvoje mrtvih. Dionica autoceste Bregana-Lipovac je zatvorena za promet. &#8211; Oko 07,15 na AC A3 jug, izme\u0111u Novske i Oku\u010dana sudarili su se teretno i osobno vozilo. Poginulo je dvoje ljudi. Zbog o\u010devida je zatvoren dio autoceste [&hellip;]<\/p>\n","protected":false},"author":23,"featured_media":61816,"comment_status":"open","ping_status":"open","sticky":false,"template":"","format":"standard","meta":{"limit_modified_date":"","last_modified_date":"","jnews-multi-image_gallery":[],"jnews_single_post":[],"jnews_primary_category":[],"jnews_override_counter":[],"footnotes":""},"categories":[93],"tags":[1015,3135,1430,3136,1017,3137,3138],"class_list":["post-61815","post","type-post","status-publish","format-standard","has-post-thumbnail","hentry","category-crna-kronika","tag-a3","tag-autocesta","tag-dvoje-mrtvih","tag-kolone","tag-ocevid","tag-teska-nesreca","tag-zatvorena-autocesta"],"yoast_head":"<!-- This site is optimized with the Yoast SEO Premium plugin v27.4 (Yoast SEO v27.4) - https:\/\/yoast.com\/product\/yoast-seo-premium-wordpress\/ -->\n<title>Te\u0161ka nesre\u0107a na autocesti: U sudaru kamiona i osobnog automobila poginule dvije osobe - Gorica Info<\/title>\n<meta name=\"description\" content=\"Te\u0161ka nesre\u0107a na autocesti: U sudaru kamiona i osobnog automobila poginule dvije osobe, objavila je policija.\" \/>\n<meta name=\"robots\" content=\"index, follow, max-snippet:-1, max-image-preview:large, max-video-preview:-1\" \/>\n<link rel=\"canonical\" href=\"https:\/\/gorica.info\/en\/teska-nesreca-na-autocesti-u-sudaru-kamiona-i-osobnog-automobila-poginule-dvije-osobe\/\" \/>\n<meta property=\"og:locale\" content=\"en_US\" \/>\n<meta property=\"og:type\" content=\"article\" \/>\n<meta property=\"og:title\" content=\"Te\u0161ka nesre\u0107a na autocesti: U sudaru kamiona i osobnog automobila poginule dvije osobe\" \/>\n<meta property=\"og:description\" content=\"Te\u0161ka nesre\u0107a na autocesti: U sudaru kamiona i osobnog automobila poginule dvije osobe, objavila je policija.\" \/>\n<meta property=\"og:url\" content=\"https:\/\/gorica.info\/en\/teska-nesreca-na-autocesti-u-sudaru-kamiona-i-osobnog-automobila-poginule-dvije-osobe\/\" \/>\n<meta property=\"og:site_name\" content=\"Gorica Info\" \/>\n<meta property=\"article:publisher\" content=\"https:\/\/www.facebook.com\/Goricainfo-106005144489262\" \/>\n<meta property=\"article:published_time\" content=\"2024-03-07T08:28:40+00:00\" \/>\n<meta property=\"og:image\" content=\"https:\/\/gorica.info\/wp-content\/uploads\/2024\/03\/policija-oznaka.jpg\" \/>\n\t<meta property=\"og:image:width\" content=\"750\" \/>\n\t<meta property=\"og:image:height\" content=\"500\" \/>\n\t<meta property=\"og:image:type\" content=\"image\/jpeg\" \/>\n<meta name=\"author\" content=\"Gorica. info\" \/>\n<meta name=\"twitter:card\" content=\"summary_large_image\" \/>\n<meta name=\"twitter:creator\" content=\"@GoricaInfo\" \/>\n<meta name=\"twitter:site\" content=\"@GoricaInfo\" \/>\n<meta name=\"twitter:label1\" content=\"Written by\" \/>\n\t<meta name=\"twitter:data1\" content=\"Gorica. info\" \/>\n\t<meta name=\"twitter:label2\" content=\"Est. reading time\" \/>\n\t<meta name=\"twitter:data2\" content=\"1 minute\" \/>\n<meta name=\"geo.placename\" content=\"Velika Gorica\" \/>\n<meta name=\"geo.region\" content=\"Croatia\" \/>\n<!-- \/ Yoast SEO Premium plugin. -->","yoast_head_json":{"title":"Te\u0161ka nesre\u0107a na autocesti: U sudaru kamiona i osobnog automobila poginule dvije osobe - Gorica Info","description":"Te\u0161ka nesre\u0107a na autocesti: U sudaru kamiona i osobnog automobila poginule dvije osobe, objavila je policija.","robots":{"index":"index","follow":"follow","max-snippet":"max-snippet:-1","max-image-preview":"max-image-preview:large","max-video-preview":"max-video-preview:-1"},"canonical":"https:\/\/gorica.info\/en\/teska-nesreca-na-autocesti-u-sudaru-kamiona-i-osobnog-automobila-poginule-dvije-osobe\/","og_locale":"en_US","og_type":"article","og_title":"Te\u0161ka nesre\u0107a na autocesti: U sudaru kamiona i osobnog automobila poginule dvije osobe","og_description":"Te\u0161ka nesre\u0107a na autocesti: U sudaru kamiona i osobnog automobila poginule dvije osobe, objavila je policija.","og_url":"https:\/\/gorica.info\/en\/teska-nesreca-na-autocesti-u-sudaru-kamiona-i-osobnog-automobila-poginule-dvije-osobe\/","og_site_name":"Gorica Info","article_publisher":"https:\/\/www.facebook.com\/Goricainfo-106005144489262","article_published_time":"2024-03-07T08:28:40+00:00","og_image":[{"width":750,"height":500,"url":"https:\/\/gorica.info\/wp-content\/uploads\/2024\/03\/policija-oznaka.jpg","type":"image\/jpeg"}],"author":"Gorica. info","twitter_card":"summary_large_image","twitter_creator":"@GoricaInfo","twitter_site":"@GoricaInfo","twitter_misc":{"Written by":"Gorica. info","Est. reading time":"1 minute"},"schema":{"@context":"https:\/\/schema.org","@graph":[{"@type":"NewsArticle","@id":"https:\/\/gorica.info\/teska-nesreca-na-autocesti-u-sudaru-kamiona-i-osobnog-automobila-poginule-dvije-osobe\/#article","isPartOf":{"@id":"https:\/\/gorica.info\/teska-nesreca-na-autocesti-u-sudaru-kamiona-i-osobnog-automobila-poginule-dvije-osobe\/"},"author":{"name":"Gorica. info","@id":"https:\/\/gorica.info\/#\/schema\/person\/4499af1f22f322670b9b5977ccc2e3de"},"headline":"Te\u0161ka nesre\u0107a na autocesti: U sudaru kamiona i osobnog automobila poginule dvije osobe","datePublished":"2024-03-07T08:28:40+00:00","mainEntityOfPage":{"@id":"https:\/\/gorica.info\/teska-nesreca-na-autocesti-u-sudaru-kamiona-i-osobnog-automobila-poginule-dvije-osobe\/"},"wordCount":156,"commentCount":0,"publisher":{"@id":"https:\/\/gorica.info\/#organization"},"image":{"@id":"https:\/\/gorica.info\/teska-nesreca-na-autocesti-u-sudaru-kamiona-i-osobnog-automobila-poginule-dvije-osobe\/#primaryimage"},"thumbnailUrl":"https:\/\/gorica.info\/wp-content\/uploads\/2024\/03\/policija-oznaka.jpg","keywords":["a3","autocesta","dvoje mrtvih","kolone","o\u010devid","te\u0161ka nesre\u0107a","zatvorena autocesta"],"articleSection":["CRNA KRONIKA"],"inLanguage":"en-US","potentialAction":[{"@type":"CommentAction","name":"Comment","target":["https:\/\/gorica.info\/teska-nesreca-na-autocesti-u-sudaru-kamiona-i-osobnog-automobila-poginule-dvije-osobe\/#respond"]}],"copyrightYear":"2024","copyrightHolder":{"@id":"https:\/\/gorica.info\/en\/#organization"}},{"@type":"WebPage","@id":"https:\/\/gorica.info\/teska-nesreca-na-autocesti-u-sudaru-kamiona-i-osobnog-automobila-poginule-dvije-osobe\/","url":"https:\/\/gorica.info\/teska-nesreca-na-autocesti-u-sudaru-kamiona-i-osobnog-automobila-poginule-dvije-osobe\/","name":"Te\u0161ka nesre\u0107a na autocesti: U sudaru kamiona i osobnog automobila poginule dvije osobe - Gorica Info","isPartOf":{"@id":"https:\/\/gorica.info\/#website"},"primaryImageOfPage":{"@id":"https:\/\/gorica.info\/teska-nesreca-na-autocesti-u-sudaru-kamiona-i-osobnog-automobila-poginule-dvije-osobe\/#primaryimage"},"image":{"@id":"https:\/\/gorica.info\/teska-nesreca-na-autocesti-u-sudaru-kamiona-i-osobnog-automobila-poginule-dvije-osobe\/#primaryimage"},"thumbnailUrl":"https:\/\/gorica.info\/wp-content\/uploads\/2024\/03\/policija-oznaka.jpg","datePublished":"2024-03-07T08:28:40+00:00","description":"Te\u0161ka nesre\u0107a na autocesti: U sudaru kamiona i osobnog automobila poginule dvije osobe, objavila je policija.","breadcrumb":{"@id":"https:\/\/gorica.info\/teska-nesreca-na-autocesti-u-sudaru-kamiona-i-osobnog-automobila-poginule-dvije-osobe\/#breadcrumb"},"inLanguage":"en-US","potentialAction":[{"@type":"ReadAction","target":["https:\/\/gorica.info\/teska-nesreca-na-autocesti-u-sudaru-kamiona-i-osobnog-automobila-poginule-dvije-osobe\/"]}]},{"@type":"ImageObject","inLanguage":"en-US","@id":"https:\/\/gorica.info\/teska-nesreca-na-autocesti-u-sudaru-kamiona-i-osobnog-automobila-poginule-dvije-osobe\/#primaryimage","url":"https:\/\/gorica.info\/wp-content\/uploads\/2024\/03\/policija-oznaka.jpg","contentUrl":"https:\/\/gorica.info\/wp-content\/uploads\/2024\/03\/policija-oznaka.jpg","width":750,"height":500,"caption":"Foto: Policija"},{"@type":"BreadcrumbList","@id":"https:\/\/gorica.info\/teska-nesreca-na-autocesti-u-sudaru-kamiona-i-osobnog-automobila-poginule-dvije-osobe\/#breadcrumb","itemListElement":[{"@type":"ListItem","position":1,"name":"Po\u010detna stranica","item":"https:\/\/gorica.info\/"},{"@type":"ListItem","position":2,"name":"Te\u0161ka nesre\u0107a na autocesti: U sudaru kamiona i osobnog automobila poginule dvije osobe"}]},{"@type":"WebSite","@id":"https:\/\/gorica.info\/#website","url":"https:\/\/gorica.info\/","name":"Gorica Info","description":"Vijesti iz Velike Gorice i okolice.","publisher":{"@id":"https:\/\/gorica.info\/#organization"},"potentialAction":[{"@type":"SearchAction","target":{"@type":"EntryPoint","urlTemplate":"https:\/\/gorica.info\/?s={search_term_string}"},"query-input":{"@type":"PropertyValueSpecification","valueRequired":true,"valueName":"search_term_string"}}],"inLanguage":"en-US"},{"@type":["Organization","Place","NewsMediaOrganization"],"@id":"https:\/\/gorica.info\/#organization","name":"Gorica Info","url":"https:\/\/gorica.info\/","logo":{"@id":"https:\/\/gorica.info\/teska-nesreca-na-autocesti-u-sudaru-kamiona-i-osobnog-automobila-poginule-dvije-osobe\/#local-main-organization-logo"},"image":{"@id":"https:\/\/gorica.info\/teska-nesreca-na-autocesti-u-sudaru-kamiona-i-osobnog-automobila-poginule-dvije-osobe\/#local-main-organization-logo"},"sameAs":["https:\/\/www.facebook.com\/Goricainfo-106005144489262","https:\/\/x.com\/GoricaInfo","https:\/\/www.instagram.com\/gorica.info\/"],"address":{"@id":"https:\/\/gorica.info\/teska-nesreca-na-autocesti-u-sudaru-kamiona-i-osobnog-automobila-poginule-dvije-osobe\/#local-main-place-address"},"telephone":[],"openingHoursSpecification":[{"@type":"OpeningHoursSpecification","dayOfWeek":["Monday","Tuesday","Wednesday","Thursday","Friday","Saturday","Sunday"],"opens":"09:00","closes":"17:00"}],"email":"redakcija@gorica.info"},{"@type":"Person","@id":"https:\/\/gorica.info\/#\/schema\/person\/4499af1f22f322670b9b5977ccc2e3de","name":"Gorica. info","description":"Gorica.info je lokalni portal koji prati Veliku Goricu i okolici, svakodnevno donosi najnovije vijesti i pri\u010de, kulturna doga\u0111anja i aktualnosti koje oblikuju \u017eivot gra\u0111ana.","url":"https:\/\/gorica.info\/en\/author\/gorica-info\/"},{"@type":"PostalAddress","@id":"https:\/\/gorica.info\/teska-nesreca-na-autocesti-u-sudaru-kamiona-i-osobnog-automobila-poginule-dvije-osobe\/#local-main-place-address","streetAddress":"Horvatova 97","addressLocality":"Velika Gorica","postalCode":"10410","addressRegion":"Croatia","addressCountry":"HR"},{"@type":"ImageObject","inLanguage":"en-US","@id":"https:\/\/gorica.info\/teska-nesreca-na-autocesti-u-sudaru-kamiona-i-osobnog-automobila-poginule-dvije-osobe\/#local-main-organization-logo","url":"https:\/\/gorica.info\/wp-content\/uploads\/2024\/07\/Gorica-Info-Logo-mali.png","contentUrl":"https:\/\/gorica.info\/wp-content\/uploads\/2024\/07\/Gorica-Info-Logo-mali.png","width":450,"height":85,"caption":"Gorica Info"}]},"geo.placename":"Velika Gorica","geo.region":"Croatia"},"_links":{"self":[{"href":"https:\/\/gorica.info\/en\/wp-json\/wp\/v2\/posts\/61815","targetHints":{"allow":["GET"]}}],"collection":[{"href":"https:\/\/gorica.info\/en\/wp-json\/wp\/v2\/posts"}],"about":[{"href":"https:\/\/gorica.info\/en\/wp-json\/wp\/v2\/types\/post"}],"author":[{"embeddable":true,"href":"https:\/\/gorica.info\/en\/wp-json\/wp\/v2\/users\/23"}],"replies":[{"embeddable":true,"href":"https:\/\/gorica.info\/en\/wp-json\/wp\/v2\/comments?post=61815"}],"version-history":[{"count":0,"href":"https:\/\/gorica.info\/en\/wp-json\/wp\/v2\/posts\/61815\/revisions"}],"wp:featuredmedia":[{"embeddable":true,"href":"https:\/\/gorica.info\/en\/wp-json\/wp\/v2\/media\/61816"}],"wp:attachment":[{"href":"https:\/\/gorica.info\/en\/wp-json\/wp\/v2\/media?parent=61815"}],"wp:term":[{"taxonomy":"category","embeddable":true,"href":"https:\/\/gorica.info\/en\/wp-json\/wp\/v2\/categories?post=61815"},{"taxonomy":"post_tag","embeddable":true,"href":"https:\/\/gorica.info\/en\/wp-json\/wp\/v2\/tags?post=61815"}],"curies":[{"name":"wp","href":"https:\/\/api.w.org\/{rel}","templated":true}]}}