{"id":61863,"date":"2024-03-08T10:07:27","date_gmt":"2024-03-08T09:07:27","guid":{"rendered":"https:\/\/gorica.info\/?p=61863"},"modified":"2024-03-08T10:07:27","modified_gmt":"2024-03-08T09:07:27","slug":"gradska-organizacija-sdp-a-velika-gorica-mora-biti-grad-siguran-za-zene-i-grad-jednakih-mogucnosti","status":"publish","type":"post","link":"https:\/\/gorica.info\/en\/gradska-organizacija-sdp-a-velika-gorica-mora-biti-grad-siguran-za-zene-i-grad-jednakih-mogucnosti\/","title":{"rendered":"Gradska organizacija SDP-a: Velika Gorica mora biti grad siguran za \u017eene i grad jednakih mogu\u0107nosti"},"content":{"rendered":"<p>Iz<strong> Gradske organizacije SDP-a Velika Gorica<\/strong> oglasili su se povodom <strong>Dana \u017eena<\/strong>. Isti\u010du kako Velika Gorica mora biti grad siguran za \u017eene i grad jednakih mogu\u0107nosti. Priop\u0107enje donosimo u nastavku.<\/p>\n<p>&#8211; Me\u0111unarodni dan \u017eena je dan kada podsje\u0107amo da borba za jednakost, ravnopravnost i \u017eenska ste\u010dena prava nikada ne prestaje. Davno izborena prava od na\u0161ih prabaka, baka i majki uvijek se na neki na\u010din poku\u0161avaju dovesti u pitanje.<\/p>\n<p><img fetchpriority=\"high\" decoding=\"async\" class=\"aligncenter wp-image-61865 size-large\" src=\"https:\/\/gorica.info\/wp-content\/uploads\/2024\/03\/sdp-dan-zena-karanfili-1024x767.jpg\" alt=\"\" width=\"810\" height=\"607\" srcset=\"https:\/\/gorica.info\/wp-content\/uploads\/2024\/03\/sdp-dan-zena-karanfili-1024x767.jpg 1024w, https:\/\/gorica.info\/wp-content\/uploads\/2024\/03\/sdp-dan-zena-karanfili-300x225.jpg 300w, https:\/\/gorica.info\/wp-content\/uploads\/2024\/03\/sdp-dan-zena-karanfili-768x575.jpg 768w, https:\/\/gorica.info\/wp-content\/uploads\/2024\/03\/sdp-dan-zena-karanfili-750x562.jpg 750w, https:\/\/gorica.info\/wp-content\/uploads\/2024\/03\/sdp-dan-zena-karanfili.jpg 1068w\" sizes=\"(max-width: 810px) 100vw, 810px\" \/><\/p>\n<p>Imamo du\u017enost postaviti pitanje za\u0161to \u017eene u Hrvatskoj i EU jo\u0161 uvijek rade za manje pla\u0107e, potpla\u0107ene su i prema dostupnim podacima imaju prosje\u010dno 16 posto <a href=\"https:\/\/gorica.info\/en\/2024\/03\/08\/povodom-dana-zena-radnice-u-hrvatskoj-i-dalje-potplacene-razlike-u-placama-najizrazenije-u-sektoru-prodaje\/\">ni\u017eu pla\u0107u od mu\u0161karaca<\/a> za istu stru\u010dnu spremu?! Slijedom cjelo\u017eivotnog potpla\u0107enog rada, ni\u017ee su nam i mirovine \u0161to \u017eene uvijek dovodi u polo\u017eaj ekonomske ovisnosti bez obzira \u0161to cijeli svoj \u017eivotni vijek rade. Upravo zato nu\u017eno je raditi na tome da se uklanjaju faktori koji poti\u010du i doprinose toj evidentnoj rodnoj nejednakosti u pla\u0107ama i mirovinama.<\/p>\n<p>Posla pred nama je uvijek puno, a to osim jednake pla\u0107e za jednaki rad uklju\u010duje borbu protiv nasilja nad \u017eenama, za zajam\u010denu zdravstvenu za\u0161titu \u017eena u svim javnim bolnicama, kao i borbu za ve\u0107e sudjelovanje \u017eena u politici.<\/p>\n<p>Na\u017ealost, trenutno u Republici Hrvatskoj od 127 gradova i 21 \u017eupanije, uklju\u010duju\u0107i i Grad Zagreb samo njih 17 vode \u017eene gradona\u010delnice, odnosno 2 \u017eupanice.<\/p>\n<p><img decoding=\"async\" class=\"aligncenter wp-image-61864 size-large\" src=\"https:\/\/gorica.info\/wp-content\/uploads\/2024\/03\/sdp-ivana-mlinar-dan-zena-1024x473.jpg\" alt=\"\u017eene\" width=\"810\" height=\"374\" \/><\/p>\n<p>Politika SDP-a po pitanju ravnopravnosti je jasna i glasna i du\u017enost nam je pozvati \u017eene na aktivnije uklju\u010divanje u politi\u010dki \u017eivot, jer on odlu\u010duje o svakom segmentu na\u0161ih \u017eivota.<\/p>\n<p>Danas smo tradicionalno svojim sugra\u0111ankama podijelile cvije\u0107e i prigodne letke sa \u017eeljom da imaju znatno bolji status u dru\u0161tvu i obitelji, da su adekvatno pla\u0107ene za svoj rad i da im se napokon po\u010dne vrednovati cjelo\u017eivotni nepla\u0107eni ku\u0107anski rad!<\/p>\n<p>Gori\u010danke, sretan nam na\u0161 dan i neka vam Dan \u017eena bude svaki dan, poru\u010duje\u00a0<strong>Ivana Mlinar<\/strong>,\u00a0predsjednica Foruma \u017eena i<a href=\"https:\/\/www.facebook.com\/GOSDPVG?locale=hr_HR\"> Gradske organizacije SDP-a Velika Gorica<\/a>.<\/p>\n<p><img decoding=\"async\" class=\"aligncenter wp-image-61866 size-large\" src=\"https:\/\/gorica.info\/wp-content\/uploads\/2024\/03\/sdp-dan-zena-trzni-centar-1024x767.jpg\" alt=\"\" width=\"810\" height=\"607\" srcset=\"https:\/\/gorica.info\/wp-content\/uploads\/2024\/03\/sdp-dan-zena-trzni-centar-1024x767.jpg 1024w, https:\/\/gorica.info\/wp-content\/uploads\/2024\/03\/sdp-dan-zena-trzni-centar-300x225.jpg 300w, https:\/\/gorica.info\/wp-content\/uploads\/2024\/03\/sdp-dan-zena-trzni-centar-768x575.jpg 768w, https:\/\/gorica.info\/wp-content\/uploads\/2024\/03\/sdp-dan-zena-trzni-centar-750x562.jpg 750w, https:\/\/gorica.info\/wp-content\/uploads\/2024\/03\/sdp-dan-zena-trzni-centar.jpg 1068w\" sizes=\"(max-width: 810px) 100vw, 810px\" \/><\/p>\n<p>&nbsp;<\/p>","protected":false},"excerpt":{"rendered":"<p>Iz Gradske organizacije SDP-a Velika Gorica oglasili su se povodom Dana \u017eena. Isti\u010du kako Velika Gorica mora biti grad siguran za \u017eene i grad jednakih mogu\u0107nosti. Priop\u0107enje donosimo u nastavku. &#8211; Me\u0111unarodni dan \u017eena je dan kada podsje\u0107amo da borba za jednakost, ravnopravnost i \u017eenska ste\u010dena prava nikada ne prestaje. Davno izborena prava od na\u0161ih [&hellip;]<\/p>\n","protected":false},"author":23,"featured_media":61868,"comment_status":"open","ping_status":"open","sticky":false,"template":"","format":"standard","meta":{"limit_modified_date":"","last_modified_date":"","jnews-multi-image_gallery":[],"jnews_single_post":[],"jnews_primary_category":[],"jnews_override_counter":[],"footnotes":""},"categories":[87],"tags":[],"class_list":["post-61863","post","type-post","status-publish","format-standard","has-post-thumbnail","hentry","category-gorica"],"yoast_head":"<!-- This site is optimized with the Yoast SEO Premium plugin v27.5 (Yoast SEO v27.5) - https:\/\/yoast.com\/product\/yoast-seo-premium-wordpress\/ -->\n<title>Gradska organizacija SDP-a: Velika Gorica mora biti grad siguran za \u017eene i grad jednakih mogu\u0107nosti - Gorica Info<\/title>\n<meta name=\"description\" content=\"Gradska organizacija SDP-a poru\u010duje povodom Dana \u017eena: Velika Gorica mora biti grad siguran za \u017eene i grad jednakih mogu\u0107nosti.\" \/>\n<meta name=\"robots\" content=\"index, follow, max-snippet:-1, max-image-preview:large, max-video-preview:-1\" \/>\n<link rel=\"canonical\" href=\"https:\/\/gorica.info\/en\/gradska-organizacija-sdp-a-velika-gorica-mora-biti-grad-siguran-za-zene-i-grad-jednakih-mogucnosti\/\" \/>\n<meta property=\"og:locale\" content=\"en_US\" \/>\n<meta property=\"og:type\" content=\"article\" \/>\n<meta property=\"og:title\" content=\"Gradska organizacija SDP-a: Velika Gorica mora biti grad siguran za \u017eene i grad jednakih mogu\u0107nosti\" \/>\n<meta property=\"og:description\" content=\"Gradska organizacija SDP-a poru\u010duje povodom Dana \u017eena: Velika Gorica mora biti grad siguran za \u017eene i grad jednakih mogu\u0107nosti.\" \/>\n<meta property=\"og:url\" content=\"https:\/\/gorica.info\/en\/gradska-organizacija-sdp-a-velika-gorica-mora-biti-grad-siguran-za-zene-i-grad-jednakih-mogucnosti\/\" \/>\n<meta property=\"og:site_name\" content=\"Gorica Info\" \/>\n<meta property=\"article:publisher\" content=\"https:\/\/www.facebook.com\/Goricainfo-106005144489262\" \/>\n<meta property=\"article:published_time\" content=\"2024-03-08T09:07:27+00:00\" \/>\n<meta property=\"og:image\" content=\"https:\/\/gorica.info\/wp-content\/uploads\/2024\/03\/sdp-dan-zena-3-e1709890736537.jpg\" \/>\n\t<meta property=\"og:image:width\" content=\"1082\" \/>\n\t<meta property=\"og:image:height\" content=\"554\" \/>\n\t<meta property=\"og:image:type\" content=\"image\/jpeg\" \/>\n<meta name=\"author\" content=\"Gorica. info\" \/>\n<meta name=\"twitter:card\" content=\"summary_large_image\" \/>\n<meta name=\"twitter:creator\" content=\"@GoricaInfo\" \/>\n<meta name=\"twitter:site\" content=\"@GoricaInfo\" \/>\n<meta name=\"twitter:label1\" content=\"Written by\" \/>\n\t<meta name=\"twitter:data1\" content=\"Gorica. info\" \/>\n\t<meta name=\"twitter:label2\" content=\"Est. reading time\" \/>\n\t<meta name=\"twitter:data2\" content=\"3 minutes\" \/>\n<meta name=\"geo.placename\" content=\"Velika Gorica\" \/>\n<meta name=\"geo.region\" content=\"Croatia\" \/>\n<!-- \/ Yoast SEO Premium plugin. -->","yoast_head_json":{"title":"Gradska organizacija SDP-a: Velika Gorica mora biti grad siguran za \u017eene i grad jednakih mogu\u0107nosti - Gorica Info","description":"Gradska organizacija SDP-a poru\u010duje povodom Dana \u017eena: Velika Gorica mora biti grad siguran za \u017eene i grad jednakih mogu\u0107nosti.","robots":{"index":"index","follow":"follow","max-snippet":"max-snippet:-1","max-image-preview":"max-image-preview:large","max-video-preview":"max-video-preview:-1"},"canonical":"https:\/\/gorica.info\/en\/gradska-organizacija-sdp-a-velika-gorica-mora-biti-grad-siguran-za-zene-i-grad-jednakih-mogucnosti\/","og_locale":"en_US","og_type":"article","og_title":"Gradska organizacija SDP-a: Velika Gorica mora biti grad siguran za \u017eene i grad jednakih mogu\u0107nosti","og_description":"Gradska organizacija SDP-a poru\u010duje povodom Dana \u017eena: Velika Gorica mora biti grad siguran za \u017eene i grad jednakih mogu\u0107nosti.","og_url":"https:\/\/gorica.info\/en\/gradska-organizacija-sdp-a-velika-gorica-mora-biti-grad-siguran-za-zene-i-grad-jednakih-mogucnosti\/","og_site_name":"Gorica Info","article_publisher":"https:\/\/www.facebook.com\/Goricainfo-106005144489262","article_published_time":"2024-03-08T09:07:27+00:00","og_image":[{"width":1082,"height":554,"url":"https:\/\/gorica.info\/wp-content\/uploads\/2024\/03\/sdp-dan-zena-3-e1709890736537.jpg","type":"image\/jpeg"}],"author":"Gorica. info","twitter_card":"summary_large_image","twitter_creator":"@GoricaInfo","twitter_site":"@GoricaInfo","twitter_misc":{"Written by":"Gorica. info","Est. reading time":"3 minutes"},"schema":{"@context":"https:\/\/schema.org","@graph":[{"@type":"NewsArticle","@id":"https:\/\/gorica.info\/gradska-organizacija-sdp-a-velika-gorica-mora-biti-grad-siguran-za-zene-i-grad-jednakih-mogucnosti\/#article","isPartOf":{"@id":"https:\/\/gorica.info\/gradska-organizacija-sdp-a-velika-gorica-mora-biti-grad-siguran-za-zene-i-grad-jednakih-mogucnosti\/"},"author":{"name":"Gorica. info","@id":"https:\/\/gorica.info\/#\/schema\/person\/4499af1f22f322670b9b5977ccc2e3de"},"headline":"Gradska organizacija SDP-a: Velika Gorica mora biti grad siguran za \u017eene i grad jednakih mogu\u0107nosti","datePublished":"2024-03-08T09:07:27+00:00","mainEntityOfPage":{"@id":"https:\/\/gorica.info\/gradska-organizacija-sdp-a-velika-gorica-mora-biti-grad-siguran-za-zene-i-grad-jednakih-mogucnosti\/"},"wordCount":366,"commentCount":0,"publisher":{"@id":"https:\/\/gorica.info\/#organization"},"image":{"@id":"https:\/\/gorica.info\/gradska-organizacija-sdp-a-velika-gorica-mora-biti-grad-siguran-za-zene-i-grad-jednakih-mogucnosti\/#primaryimage"},"thumbnailUrl":"https:\/\/gorica.info\/wp-content\/uploads\/2024\/03\/sdp-dan-zena-3-e1709890736537.jpg","articleSection":["GORICA"],"inLanguage":"en-US","potentialAction":[{"@type":"CommentAction","name":"Comment","target":["https:\/\/gorica.info\/gradska-organizacija-sdp-a-velika-gorica-mora-biti-grad-siguran-za-zene-i-grad-jednakih-mogucnosti\/#respond"]}],"copyrightYear":"2024","copyrightHolder":{"@id":"https:\/\/gorica.info\/en\/#organization"}},{"@type":"WebPage","@id":"https:\/\/gorica.info\/gradska-organizacija-sdp-a-velika-gorica-mora-biti-grad-siguran-za-zene-i-grad-jednakih-mogucnosti\/","url":"https:\/\/gorica.info\/gradska-organizacija-sdp-a-velika-gorica-mora-biti-grad-siguran-za-zene-i-grad-jednakih-mogucnosti\/","name":"Gradska organizacija SDP-a: Velika Gorica mora biti grad siguran za \u017eene i grad jednakih mogu\u0107nosti - Gorica Info","isPartOf":{"@id":"https:\/\/gorica.info\/#website"},"primaryImageOfPage":{"@id":"https:\/\/gorica.info\/gradska-organizacija-sdp-a-velika-gorica-mora-biti-grad-siguran-za-zene-i-grad-jednakih-mogucnosti\/#primaryimage"},"image":{"@id":"https:\/\/gorica.info\/gradska-organizacija-sdp-a-velika-gorica-mora-biti-grad-siguran-za-zene-i-grad-jednakih-mogucnosti\/#primaryimage"},"thumbnailUrl":"https:\/\/gorica.info\/wp-content\/uploads\/2024\/03\/sdp-dan-zena-3-e1709890736537.jpg","datePublished":"2024-03-08T09:07:27+00:00","description":"Gradska organizacija SDP-a poru\u010duje povodom Dana \u017eena: Velika Gorica mora biti grad siguran za \u017eene i grad jednakih mogu\u0107nosti.","breadcrumb":{"@id":"https:\/\/gorica.info\/gradska-organizacija-sdp-a-velika-gorica-mora-biti-grad-siguran-za-zene-i-grad-jednakih-mogucnosti\/#breadcrumb"},"inLanguage":"en-US","potentialAction":[{"@type":"ReadAction","target":["https:\/\/gorica.info\/gradska-organizacija-sdp-a-velika-gorica-mora-biti-grad-siguran-za-zene-i-grad-jednakih-mogucnosti\/"]}]},{"@type":"ImageObject","inLanguage":"en-US","@id":"https:\/\/gorica.info\/gradska-organizacija-sdp-a-velika-gorica-mora-biti-grad-siguran-za-zene-i-grad-jednakih-mogucnosti\/#primaryimage","url":"https:\/\/gorica.info\/wp-content\/uploads\/2024\/03\/sdp-dan-zena-3-e1709890736537.jpg","contentUrl":"https:\/\/gorica.info\/wp-content\/uploads\/2024\/03\/sdp-dan-zena-3-e1709890736537.jpg","width":1082,"height":554,"caption":"Foto: SDP Velika Gorica"},{"@type":"BreadcrumbList","@id":"https:\/\/gorica.info\/gradska-organizacija-sdp-a-velika-gorica-mora-biti-grad-siguran-za-zene-i-grad-jednakih-mogucnosti\/#breadcrumb","itemListElement":[{"@type":"ListItem","position":1,"name":"Po\u010detna stranica","item":"https:\/\/gorica.info\/"},{"@type":"ListItem","position":2,"name":"Gradska organizacija SDP-a: Velika Gorica mora biti grad siguran za \u017eene i grad jednakih mogu\u0107nosti"}]},{"@type":"WebSite","@id":"https:\/\/gorica.info\/#website","url":"https:\/\/gorica.info\/","name":"Gorica Info","description":"Vijesti iz Velike Gorice i okolice.","publisher":{"@id":"https:\/\/gorica.info\/#organization"},"potentialAction":[{"@type":"SearchAction","target":{"@type":"EntryPoint","urlTemplate":"https:\/\/gorica.info\/?s={search_term_string}"},"query-input":{"@type":"PropertyValueSpecification","valueRequired":true,"valueName":"search_term_string"}}],"inLanguage":"en-US"},{"@type":["Organization","Place","NewsMediaOrganization"],"@id":"https:\/\/gorica.info\/#organization","name":"Gorica Info","url":"https:\/\/gorica.info\/","logo":{"@id":"https:\/\/gorica.info\/gradska-organizacija-sdp-a-velika-gorica-mora-biti-grad-siguran-za-zene-i-grad-jednakih-mogucnosti\/#local-main-organization-logo"},"image":{"@id":"https:\/\/gorica.info\/gradska-organizacija-sdp-a-velika-gorica-mora-biti-grad-siguran-za-zene-i-grad-jednakih-mogucnosti\/#local-main-organization-logo"},"sameAs":["https:\/\/www.facebook.com\/Goricainfo-106005144489262","https:\/\/x.com\/GoricaInfo","https:\/\/www.instagram.com\/gorica.info\/"],"address":{"@id":"https:\/\/gorica.info\/gradska-organizacija-sdp-a-velika-gorica-mora-biti-grad-siguran-za-zene-i-grad-jednakih-mogucnosti\/#local-main-place-address"},"telephone":[],"openingHoursSpecification":[{"@type":"OpeningHoursSpecification","dayOfWeek":["Monday","Tuesday","Wednesday","Thursday","Friday","Saturday","Sunday"],"opens":"09:00","closes":"17:00"}],"email":"redakcija@gorica.info"},{"@type":"Person","@id":"https:\/\/gorica.info\/#\/schema\/person\/4499af1f22f322670b9b5977ccc2e3de","name":"Gorica. info","description":"Gorica.info je lokalni portal koji prati Veliku Goricu i okolici, svakodnevno donosi najnovije vijesti i pri\u010de, kulturna doga\u0111anja i aktualnosti koje oblikuju \u017eivot gra\u0111ana.","url":"https:\/\/gorica.info\/en\/author\/gorica-info\/"},{"@type":"PostalAddress","@id":"https:\/\/gorica.info\/gradska-organizacija-sdp-a-velika-gorica-mora-biti-grad-siguran-za-zene-i-grad-jednakih-mogucnosti\/#local-main-place-address","streetAddress":"Horvatova 97","addressLocality":"Velika Gorica","postalCode":"10410","addressRegion":"Croatia","addressCountry":"HR"},{"@type":"ImageObject","inLanguage":"en-US","@id":"https:\/\/gorica.info\/gradska-organizacija-sdp-a-velika-gorica-mora-biti-grad-siguran-za-zene-i-grad-jednakih-mogucnosti\/#local-main-organization-logo","url":"https:\/\/gorica.info\/wp-content\/uploads\/2024\/07\/Gorica-Info-Logo-mali.png","contentUrl":"https:\/\/gorica.info\/wp-content\/uploads\/2024\/07\/Gorica-Info-Logo-mali.png","width":450,"height":85,"caption":"Gorica Info"}]},"geo.placename":"Velika Gorica","geo.region":"Croatia"},"_links":{"self":[{"href":"https:\/\/gorica.info\/en\/wp-json\/wp\/v2\/posts\/61863","targetHints":{"allow":["GET"]}}],"collection":[{"href":"https:\/\/gorica.info\/en\/wp-json\/wp\/v2\/posts"}],"about":[{"href":"https:\/\/gorica.info\/en\/wp-json\/wp\/v2\/types\/post"}],"author":[{"embeddable":true,"href":"https:\/\/gorica.info\/en\/wp-json\/wp\/v2\/users\/23"}],"replies":[{"embeddable":true,"href":"https:\/\/gorica.info\/en\/wp-json\/wp\/v2\/comments?post=61863"}],"version-history":[{"count":0,"href":"https:\/\/gorica.info\/en\/wp-json\/wp\/v2\/posts\/61863\/revisions"}],"wp:featuredmedia":[{"embeddable":true,"href":"https:\/\/gorica.info\/en\/wp-json\/wp\/v2\/media\/61868"}],"wp:attachment":[{"href":"https:\/\/gorica.info\/en\/wp-json\/wp\/v2\/media?parent=61863"}],"wp:term":[{"taxonomy":"category","embeddable":true,"href":"https:\/\/gorica.info\/en\/wp-json\/wp\/v2\/categories?post=61863"},{"taxonomy":"post_tag","embeddable":true,"href":"https:\/\/gorica.info\/en\/wp-json\/wp\/v2\/tags?post=61863"}],"curies":[{"name":"wp","href":"https:\/\/api.w.org\/{rel}","templated":true}]}}