{"id":61908,"date":"2024-03-09T08:46:54","date_gmt":"2024-03-09T07:46:54","guid":{"rendered":"https:\/\/gorica.info\/?p=61908"},"modified":"2024-03-09T08:46:54","modified_gmt":"2024-03-09T07:46:54","slug":"baby-lasagna-dolazi-na-veliku-izlozbu-macaka-ovoga-vikenda-u-zagrebu","status":"publish","type":"post","link":"https:\/\/gorica.info\/en\/baby-lasagna-dolazi-na-veliku-izlozbu-macaka-ovoga-vikenda-u-zagrebu\/","title":{"rendered":"Me\u0111unarodne izlo\u017ebe pasminskih ma\u010daka ovog vikenda u Zagrebu: Dolazi i Baby Lasagna, ljubitelj ma\u010daka"},"content":{"rendered":"<p>Prve ovogodi\u0161nje me\u0111unarodne izlo\u017ebe <strong>pasminskih ma\u010daka<\/strong> u organizaciji Saveza felinolo\u0161kih dru\u0161tava Hrvatske odr\u017eat \u0107e se <strong>u subotu i nedjelju, 9. i 10. o\u017eujka<\/strong>, u King Crossu. Dolazak je najavio i hrvatski predstavnik na Eurosongu <strong>Baby Lasagna<\/strong>, i sam ljubitelj ma\u010daka,<\/p>\n<p>Uz Bengalsku bit \u0107e predstavljene Egzoti\u010dna, Perzijska, Ragdoll, Sveta Birma, Maine Coon, Neva Masquerada, Norve\u0161ka \u0161umska, Britanska kratkodlaka, Britanska dugodlaka, Devon rex, Ruska ma\u010dka, Sphynx, Burmanska, Dugodlaki Kurilean Bobtail, Selkirk Rex dugodlaki, te Doma\u0107a kratkodlaka i Doma\u0107a dugodlaka ma\u010dka.<\/p>\n<p>Izlo\u017ebe u King Crossu bit \u0107e za javnost otvorene <strong>od 10 do 18 sati<\/strong> uz besplatan ulazak za posjetitelje. Best in Show, odnosno progla\u0161enje najljep\u0161ih ma\u010daka izlo\u017ebe oba \u0107e dana zapo\u010deti u <strong>16 i 30 sati.<\/strong> Sve\u010dano progla\u0161enje najuspje\u0161nijih ma\u010daka u pro\u0161loj godini, nacionalnih pobjednika, planirano je za subotu u 16 sati, najavljuju <a href=\"https:\/\/king-cross.hr\/hr\/otkrijte\/trend\/pozivamo-vas-na-izlozbu-macaka-u-king-cross\/\">organizatori<\/a>.<\/p>\n<p>Povodom odr\u017eavanja Mijau vikenda, u subotu 9. o\u017eujka <strong>oko 16 sati<\/strong> izlo\u017ebe \u0107e posjetiti hrvatski predstavnik na Eurosongu, Baby Lasagna, koji je i sam veliki<a href=\"https:\/\/gorica.info\/en\/2023\/09\/22\/svjetska-izlozba-macaka-bira-se-najljepsa-macka-na-svijetu-konkurencija-je-zestoka-i-stize-iz-17-zemalja\/\"> ljubitelj<\/a> ma\u010daka. Baby Lasagna \u0107e posjetiteljima po\u017eeljeti dobar provod na Mijau vikend te \u0107ete se s njim imati priliku upoznati i fotografirati.<\/p>\n<p>Baby Lasagna ma\u010dkama je posvetio i stih u pjesmi <strong>Rim Tim Tagi Dim<\/strong> s kojom \u0107e predstavljati Hrvatsku na Eurosongu.<\/p>","protected":false},"excerpt":{"rendered":"<p>Prve ovogodi\u0161nje me\u0111unarodne izlo\u017ebe pasminskih ma\u010daka u organizaciji Saveza felinolo\u0161kih dru\u0161tava Hrvatske odr\u017eat \u0107e se u subotu i nedjelju, 9. i 10. o\u017eujka, u King Crossu. Dolazak je najavio i hrvatski predstavnik na Eurosongu Baby Lasagna, i sam ljubitelj ma\u010daka, Uz Bengalsku bit \u0107e predstavljene Egzoti\u010dna, Perzijska, Ragdoll, Sveta Birma, Maine Coon, Neva Masquerada, Norve\u0161ka [&hellip;]<\/p>\n","protected":false},"author":25,"featured_media":61909,"comment_status":"open","ping_status":"open","sticky":false,"template":"","format":"standard","meta":{"limit_modified_date":"","last_modified_date":"","jnews-multi-image_gallery":[],"jnews_single_post":[],"jnews_primary_category":[],"jnews_override_counter":[],"footnotes":""},"categories":[109],"tags":[3178,3179,3180,3181,288],"class_list":["post-61908","post","type-post","status-publish","format-standard","has-post-thumbnail","hentry","category-zivot","tag-baby-lasagna","tag-king-cross","tag-ljubitelj-macaka","tag-medunarodna-izlozba","tag-zagreb"],"yoast_head":"<!-- This site is optimized with the Yoast SEO Premium plugin v27.4 (Yoast SEO v27.4) - https:\/\/yoast.com\/product\/yoast-seo-premium-wordpress\/ -->\n<title>Me\u0111unarodne izlo\u017ebe pasminskih ma\u010daka ovog vikenda u Zagrebu: Dolazi i Baby Lasagna, ljubitelj ma\u010daka - Gorica Info<\/title>\n<meta name=\"description\" content=\"Me\u0111unarodne izlo\u017ebe pasminskih ma\u010daka ovog vikenda u Zagrebu u King Crossu: Dolazi i Baby Lasagna, ljubitelj ma\u010daka\" \/>\n<meta name=\"robots\" content=\"index, follow, max-snippet:-1, max-image-preview:large, max-video-preview:-1\" \/>\n<link rel=\"canonical\" href=\"https:\/\/gorica.info\/en\/baby-lasagna-dolazi-na-veliku-izlozbu-macaka-ovoga-vikenda-u-zagrebu\/\" \/>\n<meta property=\"og:locale\" content=\"en_US\" \/>\n<meta property=\"og:type\" content=\"article\" \/>\n<meta property=\"og:title\" content=\"Me\u0111unarodne izlo\u017ebe pasminskih ma\u010daka ovog vikenda u Zagrebu: Dolazi i Baby Lasagna, ljubitelj ma\u010daka\" \/>\n<meta property=\"og:description\" content=\"Me\u0111unarodne izlo\u017ebe pasminskih ma\u010daka ovog vikenda u Zagrebu u King Crossu: Dolazi i Baby Lasagna, ljubitelj ma\u010daka\" \/>\n<meta property=\"og:url\" content=\"https:\/\/gorica.info\/en\/baby-lasagna-dolazi-na-veliku-izlozbu-macaka-ovoga-vikenda-u-zagrebu\/\" \/>\n<meta property=\"og:site_name\" content=\"Gorica Info\" \/>\n<meta property=\"article:publisher\" content=\"https:\/\/www.facebook.com\/Goricainfo-106005144489262\" \/>\n<meta property=\"article:published_time\" content=\"2024-03-09T07:46:54+00:00\" \/>\n<meta property=\"og:image\" content=\"https:\/\/gorica.info\/wp-content\/uploads\/2024\/03\/baby-lasagne-macka-instagram-e1709907282245.jpg\" \/>\n\t<meta property=\"og:image:width\" content=\"704\" \/>\n\t<meta property=\"og:image:height\" content=\"515\" \/>\n\t<meta property=\"og:image:type\" content=\"image\/jpeg\" \/>\n<meta name=\"author\" content=\"Marta Horvat\" \/>\n<meta name=\"twitter:card\" content=\"summary_large_image\" \/>\n<meta name=\"twitter:creator\" content=\"@GoricaInfo\" \/>\n<meta name=\"twitter:site\" content=\"@GoricaInfo\" \/>\n<meta name=\"twitter:label1\" content=\"Written by\" \/>\n\t<meta name=\"twitter:data1\" content=\"Marta Horvat\" \/>\n\t<meta name=\"twitter:label2\" content=\"Est. reading time\" \/>\n\t<meta name=\"twitter:data2\" content=\"2 minutes\" \/>\n<meta name=\"geo.placename\" content=\"Velika Gorica\" \/>\n<meta name=\"geo.region\" content=\"Croatia\" \/>\n<!-- \/ Yoast SEO Premium plugin. -->","yoast_head_json":{"title":"Me\u0111unarodne izlo\u017ebe pasminskih ma\u010daka ovog vikenda u Zagrebu: Dolazi i Baby Lasagna, ljubitelj ma\u010daka - Gorica Info","description":"Me\u0111unarodne izlo\u017ebe pasminskih ma\u010daka ovog vikenda u Zagrebu u King Crossu: Dolazi i Baby Lasagna, ljubitelj ma\u010daka","robots":{"index":"index","follow":"follow","max-snippet":"max-snippet:-1","max-image-preview":"max-image-preview:large","max-video-preview":"max-video-preview:-1"},"canonical":"https:\/\/gorica.info\/en\/baby-lasagna-dolazi-na-veliku-izlozbu-macaka-ovoga-vikenda-u-zagrebu\/","og_locale":"en_US","og_type":"article","og_title":"Me\u0111unarodne izlo\u017ebe pasminskih ma\u010daka ovog vikenda u Zagrebu: Dolazi i Baby Lasagna, ljubitelj ma\u010daka","og_description":"Me\u0111unarodne izlo\u017ebe pasminskih ma\u010daka ovog vikenda u Zagrebu u King Crossu: Dolazi i Baby Lasagna, ljubitelj ma\u010daka","og_url":"https:\/\/gorica.info\/en\/baby-lasagna-dolazi-na-veliku-izlozbu-macaka-ovoga-vikenda-u-zagrebu\/","og_site_name":"Gorica Info","article_publisher":"https:\/\/www.facebook.com\/Goricainfo-106005144489262","article_published_time":"2024-03-09T07:46:54+00:00","og_image":[{"width":704,"height":515,"url":"https:\/\/gorica.info\/wp-content\/uploads\/2024\/03\/baby-lasagne-macka-instagram-e1709907282245.jpg","type":"image\/jpeg"}],"author":"Marta Horvat","twitter_card":"summary_large_image","twitter_creator":"@GoricaInfo","twitter_site":"@GoricaInfo","twitter_misc":{"Written by":"Marta Horvat","Est. reading time":"2 minutes"},"schema":{"@context":"https:\/\/schema.org","@graph":[{"@type":"NewsArticle","@id":"https:\/\/gorica.info\/baby-lasagna-dolazi-na-veliku-izlozbu-macaka-ovoga-vikenda-u-zagrebu\/#article","isPartOf":{"@id":"https:\/\/gorica.info\/baby-lasagna-dolazi-na-veliku-izlozbu-macaka-ovoga-vikenda-u-zagrebu\/"},"author":{"name":"Marta Horvat","@id":"https:\/\/gorica.info\/#\/schema\/person\/b2df2f6fb2a9073c0fa5af2672befd52"},"headline":"Me\u0111unarodne izlo\u017ebe pasminskih ma\u010daka ovog vikenda u Zagrebu: Dolazi i Baby Lasagna, ljubitelj ma\u010daka","datePublished":"2024-03-09T07:46:54+00:00","mainEntityOfPage":{"@id":"https:\/\/gorica.info\/baby-lasagna-dolazi-na-veliku-izlozbu-macaka-ovoga-vikenda-u-zagrebu\/"},"wordCount":241,"commentCount":0,"publisher":{"@id":"https:\/\/gorica.info\/#organization"},"image":{"@id":"https:\/\/gorica.info\/baby-lasagna-dolazi-na-veliku-izlozbu-macaka-ovoga-vikenda-u-zagrebu\/#primaryimage"},"thumbnailUrl":"https:\/\/gorica.info\/wp-content\/uploads\/2024\/03\/baby-lasagne-macka-instagram-e1709907282245.jpg","keywords":["baby lasagna","king cross","ljubitelj ma\u010daka","me\u0111unarodna izlo\u017eba","Zagreb"],"articleSection":["\u017dIVOT"],"inLanguage":"en-US","potentialAction":[{"@type":"CommentAction","name":"Comment","target":["https:\/\/gorica.info\/baby-lasagna-dolazi-na-veliku-izlozbu-macaka-ovoga-vikenda-u-zagrebu\/#respond"]}],"copyrightYear":"2024","copyrightHolder":{"@id":"https:\/\/gorica.info\/en\/#organization"}},{"@type":"WebPage","@id":"https:\/\/gorica.info\/baby-lasagna-dolazi-na-veliku-izlozbu-macaka-ovoga-vikenda-u-zagrebu\/","url":"https:\/\/gorica.info\/baby-lasagna-dolazi-na-veliku-izlozbu-macaka-ovoga-vikenda-u-zagrebu\/","name":"Me\u0111unarodne izlo\u017ebe pasminskih ma\u010daka ovog vikenda u Zagrebu: Dolazi i Baby Lasagna, ljubitelj ma\u010daka - Gorica Info","isPartOf":{"@id":"https:\/\/gorica.info\/#website"},"primaryImageOfPage":{"@id":"https:\/\/gorica.info\/baby-lasagna-dolazi-na-veliku-izlozbu-macaka-ovoga-vikenda-u-zagrebu\/#primaryimage"},"image":{"@id":"https:\/\/gorica.info\/baby-lasagna-dolazi-na-veliku-izlozbu-macaka-ovoga-vikenda-u-zagrebu\/#primaryimage"},"thumbnailUrl":"https:\/\/gorica.info\/wp-content\/uploads\/2024\/03\/baby-lasagne-macka-instagram-e1709907282245.jpg","datePublished":"2024-03-09T07:46:54+00:00","description":"Me\u0111unarodne izlo\u017ebe pasminskih ma\u010daka ovog vikenda u Zagrebu u King Crossu: Dolazi i Baby Lasagna, ljubitelj ma\u010daka","breadcrumb":{"@id":"https:\/\/gorica.info\/baby-lasagna-dolazi-na-veliku-izlozbu-macaka-ovoga-vikenda-u-zagrebu\/#breadcrumb"},"inLanguage":"en-US","potentialAction":[{"@type":"ReadAction","target":["https:\/\/gorica.info\/baby-lasagna-dolazi-na-veliku-izlozbu-macaka-ovoga-vikenda-u-zagrebu\/"]}]},{"@type":"ImageObject","inLanguage":"en-US","@id":"https:\/\/gorica.info\/baby-lasagna-dolazi-na-veliku-izlozbu-macaka-ovoga-vikenda-u-zagrebu\/#primaryimage","url":"https:\/\/gorica.info\/wp-content\/uploads\/2024\/03\/baby-lasagne-macka-instagram-e1709907282245.jpg","contentUrl":"https:\/\/gorica.info\/wp-content\/uploads\/2024\/03\/baby-lasagne-macka-instagram-e1709907282245.jpg","width":704,"height":515,"caption":"Foto: Instagram \/ Baby Lasagne"},{"@type":"BreadcrumbList","@id":"https:\/\/gorica.info\/baby-lasagna-dolazi-na-veliku-izlozbu-macaka-ovoga-vikenda-u-zagrebu\/#breadcrumb","itemListElement":[{"@type":"ListItem","position":1,"name":"Po\u010detna stranica","item":"https:\/\/gorica.info\/"},{"@type":"ListItem","position":2,"name":"Me\u0111unarodne izlo\u017ebe pasminskih ma\u010daka ovog vikenda u Zagrebu: Dolazi i Baby Lasagna, ljubitelj ma\u010daka"}]},{"@type":"WebSite","@id":"https:\/\/gorica.info\/#website","url":"https:\/\/gorica.info\/","name":"Gorica Info","description":"Vijesti iz Velike Gorice i okolice.","publisher":{"@id":"https:\/\/gorica.info\/#organization"},"potentialAction":[{"@type":"SearchAction","target":{"@type":"EntryPoint","urlTemplate":"https:\/\/gorica.info\/?s={search_term_string}"},"query-input":{"@type":"PropertyValueSpecification","valueRequired":true,"valueName":"search_term_string"}}],"inLanguage":"en-US"},{"@type":["Organization","Place","NewsMediaOrganization"],"@id":"https:\/\/gorica.info\/#organization","name":"Gorica Info","url":"https:\/\/gorica.info\/","logo":{"@id":"https:\/\/gorica.info\/baby-lasagna-dolazi-na-veliku-izlozbu-macaka-ovoga-vikenda-u-zagrebu\/#local-main-organization-logo"},"image":{"@id":"https:\/\/gorica.info\/baby-lasagna-dolazi-na-veliku-izlozbu-macaka-ovoga-vikenda-u-zagrebu\/#local-main-organization-logo"},"sameAs":["https:\/\/www.facebook.com\/Goricainfo-106005144489262","https:\/\/x.com\/GoricaInfo","https:\/\/www.instagram.com\/gorica.info\/"],"address":{"@id":"https:\/\/gorica.info\/baby-lasagna-dolazi-na-veliku-izlozbu-macaka-ovoga-vikenda-u-zagrebu\/#local-main-place-address"},"telephone":[],"openingHoursSpecification":[{"@type":"OpeningHoursSpecification","dayOfWeek":["Monday","Tuesday","Wednesday","Thursday","Friday","Saturday","Sunday"],"opens":"09:00","closes":"17:00"}],"email":"redakcija@gorica.info"},{"@type":"Person","@id":"https:\/\/gorica.info\/#\/schema\/person\/b2df2f6fb2a9073c0fa5af2672befd52","name":"Marta Horvat","description":"Marta Horvat je studentica koja redovito pi\u0161e za portal, prati sva gradska doga\u0111anja i u\u017eiva isprobavati nove recept koje dijeli s na\u0161im \u010ditateljima.","url":"https:\/\/gorica.info\/en\/author\/marta-horvat\/"},{"@type":"PostalAddress","@id":"https:\/\/gorica.info\/baby-lasagna-dolazi-na-veliku-izlozbu-macaka-ovoga-vikenda-u-zagrebu\/#local-main-place-address","streetAddress":"Horvatova 97","addressLocality":"Velika Gorica","postalCode":"10410","addressRegion":"Croatia","addressCountry":"HR"},{"@type":"ImageObject","inLanguage":"en-US","@id":"https:\/\/gorica.info\/baby-lasagna-dolazi-na-veliku-izlozbu-macaka-ovoga-vikenda-u-zagrebu\/#local-main-organization-logo","url":"https:\/\/gorica.info\/wp-content\/uploads\/2024\/07\/Gorica-Info-Logo-mali.png","contentUrl":"https:\/\/gorica.info\/wp-content\/uploads\/2024\/07\/Gorica-Info-Logo-mali.png","width":450,"height":85,"caption":"Gorica Info"}]},"geo.placename":"Velika Gorica","geo.region":"Croatia"},"_links":{"self":[{"href":"https:\/\/gorica.info\/en\/wp-json\/wp\/v2\/posts\/61908","targetHints":{"allow":["GET"]}}],"collection":[{"href":"https:\/\/gorica.info\/en\/wp-json\/wp\/v2\/posts"}],"about":[{"href":"https:\/\/gorica.info\/en\/wp-json\/wp\/v2\/types\/post"}],"author":[{"embeddable":true,"href":"https:\/\/gorica.info\/en\/wp-json\/wp\/v2\/users\/25"}],"replies":[{"embeddable":true,"href":"https:\/\/gorica.info\/en\/wp-json\/wp\/v2\/comments?post=61908"}],"version-history":[{"count":0,"href":"https:\/\/gorica.info\/en\/wp-json\/wp\/v2\/posts\/61908\/revisions"}],"wp:featuredmedia":[{"embeddable":true,"href":"https:\/\/gorica.info\/en\/wp-json\/wp\/v2\/media\/61909"}],"wp:attachment":[{"href":"https:\/\/gorica.info\/en\/wp-json\/wp\/v2\/media?parent=61908"}],"wp:term":[{"taxonomy":"category","embeddable":true,"href":"https:\/\/gorica.info\/en\/wp-json\/wp\/v2\/categories?post=61908"},{"taxonomy":"post_tag","embeddable":true,"href":"https:\/\/gorica.info\/en\/wp-json\/wp\/v2\/tags?post=61908"}],"curies":[{"name":"wp","href":"https:\/\/api.w.org\/{rel}","templated":true}]}}