{"id":62116,"date":"2024-03-14T10:04:35","date_gmt":"2024-03-14T09:04:35","guid":{"rendered":"https:\/\/gorica.info\/?p=62116"},"modified":"2024-03-14T10:04:35","modified_gmt":"2024-03-14T09:04:35","slug":"nas-grad-dobiva-novu-zdravstvenu-ustanovu-otvara-se-medicinski-centar-gorica","status":"publish","type":"post","link":"https:\/\/gorica.info\/en\/nas-grad-dobiva-novu-zdravstvenu-ustanovu-otvara-se-medicinski-centar-gorica\/","title":{"rendered":"Na\u0161 grad dobiva novu zdravstvenu ustanovu: Otvara se Medicinski centar Gorica"},"content":{"rendered":"<p><strong>Medicinski centar Gorica<\/strong>, <a href=\"https:\/\/gorica.info\/en\/2024\/01\/10\/medicinski-centar-gorica\/\">nova zdravstvena ustanova<\/a> u Velikoj Gorici, otvara vrata pacijentima <strong>u ponedjeljak, 18. o\u017eujka<\/strong>. Od tog dana na\u0161e sugra\u0111anke i sugra\u0111ani vi\u0161e ne\u0107e morati odlaziti na MR u Zagreb jer i Velika Gorica dobiva taj ure\u0111aj, izvijestili su iz Medicinskog centra Gorica.<\/p>\n<p>&#8211; Nakon vi\u0161e od godinu dana priprema, ure\u0111enja i opremanja spremni smo otvoriti vrata Medicinskog centra Gorica i primiti prve pacijente. Ovaj centar do\u017eivljavam kao prirodni nastavak Poliklinike Leder gdje smo radili vi\u0161e od 10 godina. Sada smo u mogu\u0107nosti pru\u017eiti kompletan spektar usluga dijagnosti\u010dke radiologije i medicine rada. Ovo su ujedno i prvi MSCT i MR ure\u0111aj instalirani na podru\u010dju Velike Gorice \u2013 kazao je najavljuju\u0107i otvaranje specijalist radiologije <strong><a href=\"https:\/\/gorica.info\/en\/2023\/12\/04\/objavljena-lista-najdoktor-2023-na-prestiznom-popisu-najboljih-doktora-nasle-su-se-tri-velikogoricke-lijecnice-i-jedan-lijecnik\/\">dr. med. Nikola Ivan Leder<\/a><\/strong>, ravnatelj Medicinskog centra Gorica dodaju\u0107i kako uz njega rade stru\u010dni, kvalitetni i iskusni \u010dlanovi tima.<\/p>\n<p><img fetchpriority=\"high\" decoding=\"async\" class=\"aligncenter wp-image-62118 size-large\" src=\"https:\/\/gorica.info\/wp-content\/uploads\/2024\/03\/medicinski-centar-gorica-nikola-ivan-leder-1024x682.jpg\" alt=\"\" width=\"810\" height=\"539\" srcset=\"https:\/\/gorica.info\/wp-content\/uploads\/2024\/03\/medicinski-centar-gorica-nikola-ivan-leder-1024x682.jpg 1024w, https:\/\/gorica.info\/wp-content\/uploads\/2024\/03\/medicinski-centar-gorica-nikola-ivan-leder-300x200.jpg 300w, https:\/\/gorica.info\/wp-content\/uploads\/2024\/03\/medicinski-centar-gorica-nikola-ivan-leder-768x511.jpg 768w, https:\/\/gorica.info\/wp-content\/uploads\/2024\/03\/medicinski-centar-gorica-nikola-ivan-leder-750x499.jpg 750w, https:\/\/gorica.info\/wp-content\/uploads\/2024\/03\/medicinski-centar-gorica-nikola-ivan-leder-1140x759.jpg 1140w, https:\/\/gorica.info\/wp-content\/uploads\/2024\/03\/medicinski-centar-gorica-nikola-ivan-leder.jpg 1100w\" sizes=\"(max-width: 810px) 100vw, 810px\" \/><\/p>\n<p>U povodu otvorenja MC Gorica nudi i <strong>10 posto popusta<\/strong> na sve MR pretrage, a ta \u0107e posebna ponuda trajati mjesec dana.<\/p>\n<p><a href=\"https:\/\/www.facebook.com\/profile.php?id=61556702867251&amp;locale=hr_HR\">MC Gorica<\/a> \u0107e, dakle, ponuditi pacijentima niz radiolo\u0161kih usluga &#8211; rendgen, mamografiju, vi\u0161eslojnu kompjutoriziranu tomografiju (MSCT) i magnetsku rezonanciju (MR) kao i ultrazvuk i color doppler te sve usluge iz domene medicine rada uklju\u010duju\u0107i (sistematski pregledi za tvrtke i pojedince, radnike, sporta\u0161e, voza\u010de vatrogasce i druge profesije).<\/p>\n<p><img decoding=\"async\" class=\"aligncenter wp-image-62119 size-large\" src=\"https:\/\/gorica.info\/wp-content\/uploads\/2024\/03\/medicinski-centar-gorica1-MR-1024x682.jpg\" alt=\"medicinski centar\" width=\"810\" height=\"539\" srcset=\"https:\/\/gorica.info\/wp-content\/uploads\/2024\/03\/medicinski-centar-gorica1-MR-1024x682.jpg 1024w, https:\/\/gorica.info\/wp-content\/uploads\/2024\/03\/medicinski-centar-gorica1-MR-300x200.jpg 300w, https:\/\/gorica.info\/wp-content\/uploads\/2024\/03\/medicinski-centar-gorica1-MR-768x511.jpg 768w, https:\/\/gorica.info\/wp-content\/uploads\/2024\/03\/medicinski-centar-gorica1-MR-750x499.jpg 750w, https:\/\/gorica.info\/wp-content\/uploads\/2024\/03\/medicinski-centar-gorica1-MR-1140x759.jpg 1140w, https:\/\/gorica.info\/wp-content\/uploads\/2024\/03\/medicinski-centar-gorica1-MR.jpg 1100w\" sizes=\"(max-width: 810px) 100vw, 810px\" \/><\/p>\n<p>U drugoj fazi pacijentima \u0107e na raspolaganju biti i niz specijalist\u010dikih ambulanti &#8211; urologija, kardiologija, dermatologija, ginekologija, ortopedija i fizikalna medicina kao i kirur\u0161ke i internisti\u010dke ambulante.<\/p>\n<p>MC Gorica nalazi se u Ulici Matije Slatinskog 2. Termini se ve\u0107 mogu rezervirati na brojeve telefona 6154-303 i 095\/919-2584, kao i na email info@medicinski-centar.hr.<\/p>","protected":false},"excerpt":{"rendered":"<p>Medicinski centar Gorica, nova zdravstvena ustanova u Velikoj Gorici, otvara vrata pacijentima u ponedjeljak, 18. o\u017eujka. Od tog dana na\u0161e sugra\u0111anke i sugra\u0111ani vi\u0161e ne\u0107e morati odlaziti na MR u Zagreb jer i Velika Gorica dobiva taj ure\u0111aj, izvijestili su iz Medicinskog centra Gorica. &#8211; Nakon vi\u0161e od godinu dana priprema, ure\u0111enja i opremanja spremni [&hellip;]<\/p>\n","protected":false},"author":23,"featured_media":62117,"comment_status":"open","ping_status":"open","sticky":false,"template":"","format":"standard","meta":{"limit_modified_date":"","last_modified_date":"","jnews-multi-image_gallery":[],"jnews_single_post":[],"jnews_primary_category":[],"jnews_override_counter":[],"footnotes":""},"categories":[87],"tags":[3279,3280,1812,3281],"class_list":["post-62116","post","type-post","status-publish","format-standard","has-post-thumbnail","hentry","category-gorica","tag-dijagnosticke-usluge","tag-medicinski-centar-gorica","tag-nikola-ivan-leder","tag-radiolog"],"yoast_head":"<!-- This site is optimized with the Yoast SEO Premium plugin v27.4 (Yoast SEO v27.4) - https:\/\/yoast.com\/product\/yoast-seo-premium-wordpress\/ -->\n<title>Na\u0161 grad dobiva novu zdravstvenu ustanovu: Otvara se Medicinski centar Gorica - Gorica Info<\/title>\n<meta name=\"description\" content=\"Na\u0161 grad dobio novu zdravstvenu ustanovu: Otvara se Medicinski centar Gorica koji nudi dijagnosti\u010dku radiologiju.\" \/>\n<meta name=\"robots\" content=\"index, follow, max-snippet:-1, max-image-preview:large, max-video-preview:-1\" \/>\n<link rel=\"canonical\" href=\"https:\/\/gorica.info\/en\/nas-grad-dobiva-novu-zdravstvenu-ustanovu-otvara-se-medicinski-centar-gorica\/\" \/>\n<meta property=\"og:locale\" content=\"en_US\" \/>\n<meta property=\"og:type\" content=\"article\" \/>\n<meta property=\"og:title\" content=\"Na\u0161 grad dobiva novu zdravstvenu ustanovu: Otvara se Medicinski centar Gorica\" \/>\n<meta property=\"og:description\" content=\"Na\u0161 grad dobio novu zdravstvenu ustanovu: Otvara se Medicinski centar Gorica koji nudi dijagnosti\u010dku radiologiju.\" \/>\n<meta property=\"og:url\" content=\"https:\/\/gorica.info\/en\/nas-grad-dobiva-novu-zdravstvenu-ustanovu-otvara-se-medicinski-centar-gorica\/\" \/>\n<meta property=\"og:site_name\" content=\"Gorica Info\" \/>\n<meta property=\"article:publisher\" content=\"https:\/\/www.facebook.com\/Goricainfo-106005144489262\" \/>\n<meta property=\"article:published_time\" content=\"2024-03-14T09:04:35+00:00\" \/>\n<meta property=\"og:image\" content=\"https:\/\/gorica.info\/wp-content\/uploads\/2024\/03\/medicinski-centar-gorica-otvorenje.jpg\" \/>\n\t<meta property=\"og:image:width\" content=\"1200\" \/>\n\t<meta property=\"og:image:height\" content=\"771\" \/>\n\t<meta property=\"og:image:type\" content=\"image\/jpeg\" \/>\n<meta name=\"author\" content=\"Gorica. info\" \/>\n<meta name=\"twitter:card\" content=\"summary_large_image\" \/>\n<meta name=\"twitter:creator\" content=\"@GoricaInfo\" \/>\n<meta name=\"twitter:site\" content=\"@GoricaInfo\" \/>\n<meta name=\"twitter:label1\" content=\"Written by\" \/>\n\t<meta name=\"twitter:data1\" content=\"Gorica. info\" \/>\n\t<meta name=\"twitter:label2\" content=\"Est. reading time\" \/>\n\t<meta name=\"twitter:data2\" content=\"2 minutes\" \/>\n<meta name=\"geo.placename\" content=\"Velika Gorica\" \/>\n<meta name=\"geo.region\" content=\"Croatia\" \/>\n<!-- \/ Yoast SEO Premium plugin. -->","yoast_head_json":{"title":"Na\u0161 grad dobiva novu zdravstvenu ustanovu: Otvara se Medicinski centar Gorica - Gorica Info","description":"Na\u0161 grad dobio novu zdravstvenu ustanovu: Otvara se Medicinski centar Gorica koji nudi dijagnosti\u010dku radiologiju.","robots":{"index":"index","follow":"follow","max-snippet":"max-snippet:-1","max-image-preview":"max-image-preview:large","max-video-preview":"max-video-preview:-1"},"canonical":"https:\/\/gorica.info\/en\/nas-grad-dobiva-novu-zdravstvenu-ustanovu-otvara-se-medicinski-centar-gorica\/","og_locale":"en_US","og_type":"article","og_title":"Na\u0161 grad dobiva novu zdravstvenu ustanovu: Otvara se Medicinski centar Gorica","og_description":"Na\u0161 grad dobio novu zdravstvenu ustanovu: Otvara se Medicinski centar Gorica koji nudi dijagnosti\u010dku radiologiju.","og_url":"https:\/\/gorica.info\/en\/nas-grad-dobiva-novu-zdravstvenu-ustanovu-otvara-se-medicinski-centar-gorica\/","og_site_name":"Gorica Info","article_publisher":"https:\/\/www.facebook.com\/Goricainfo-106005144489262","article_published_time":"2024-03-14T09:04:35+00:00","og_image":[{"width":1200,"height":771,"url":"https:\/\/gorica.info\/wp-content\/uploads\/2024\/03\/medicinski-centar-gorica-otvorenje.jpg","type":"image\/jpeg"}],"author":"Gorica. info","twitter_card":"summary_large_image","twitter_creator":"@GoricaInfo","twitter_site":"@GoricaInfo","twitter_misc":{"Written by":"Gorica. info","Est. reading time":"2 minutes"},"schema":{"@context":"https:\/\/schema.org","@graph":[{"@type":"NewsArticle","@id":"https:\/\/gorica.info\/nas-grad-dobiva-novu-zdravstvenu-ustanovu-otvara-se-medicinski-centar-gorica\/#article","isPartOf":{"@id":"https:\/\/gorica.info\/nas-grad-dobiva-novu-zdravstvenu-ustanovu-otvara-se-medicinski-centar-gorica\/"},"author":{"name":"Gorica. info","@id":"https:\/\/gorica.info\/#\/schema\/person\/4499af1f22f322670b9b5977ccc2e3de"},"headline":"Na\u0161 grad dobiva novu zdravstvenu ustanovu: Otvara se Medicinski centar Gorica","datePublished":"2024-03-14T09:04:35+00:00","mainEntityOfPage":{"@id":"https:\/\/gorica.info\/nas-grad-dobiva-novu-zdravstvenu-ustanovu-otvara-se-medicinski-centar-gorica\/"},"wordCount":291,"commentCount":1,"publisher":{"@id":"https:\/\/gorica.info\/#organization"},"image":{"@id":"https:\/\/gorica.info\/nas-grad-dobiva-novu-zdravstvenu-ustanovu-otvara-se-medicinski-centar-gorica\/#primaryimage"},"thumbnailUrl":"https:\/\/gorica.info\/wp-content\/uploads\/2024\/03\/medicinski-centar-gorica-otvorenje.jpg","keywords":["dijagnosti\u010dke usluge","medicinski centar gorica","nikola ivan leder","radiolog"],"articleSection":["GORICA"],"inLanguage":"en-US","potentialAction":[{"@type":"CommentAction","name":"Comment","target":["https:\/\/gorica.info\/nas-grad-dobiva-novu-zdravstvenu-ustanovu-otvara-se-medicinski-centar-gorica\/#respond"]}],"copyrightYear":"2024","copyrightHolder":{"@id":"https:\/\/gorica.info\/en\/#organization"}},{"@type":"WebPage","@id":"https:\/\/gorica.info\/nas-grad-dobiva-novu-zdravstvenu-ustanovu-otvara-se-medicinski-centar-gorica\/","url":"https:\/\/gorica.info\/nas-grad-dobiva-novu-zdravstvenu-ustanovu-otvara-se-medicinski-centar-gorica\/","name":"Na\u0161 grad dobiva novu zdravstvenu ustanovu: Otvara se Medicinski centar Gorica - Gorica Info","isPartOf":{"@id":"https:\/\/gorica.info\/#website"},"primaryImageOfPage":{"@id":"https:\/\/gorica.info\/nas-grad-dobiva-novu-zdravstvenu-ustanovu-otvara-se-medicinski-centar-gorica\/#primaryimage"},"image":{"@id":"https:\/\/gorica.info\/nas-grad-dobiva-novu-zdravstvenu-ustanovu-otvara-se-medicinski-centar-gorica\/#primaryimage"},"thumbnailUrl":"https:\/\/gorica.info\/wp-content\/uploads\/2024\/03\/medicinski-centar-gorica-otvorenje.jpg","datePublished":"2024-03-14T09:04:35+00:00","description":"Na\u0161 grad dobio novu zdravstvenu ustanovu: Otvara se Medicinski centar Gorica koji nudi dijagnosti\u010dku radiologiju.","breadcrumb":{"@id":"https:\/\/gorica.info\/nas-grad-dobiva-novu-zdravstvenu-ustanovu-otvara-se-medicinski-centar-gorica\/#breadcrumb"},"inLanguage":"en-US","potentialAction":[{"@type":"ReadAction","target":["https:\/\/gorica.info\/nas-grad-dobiva-novu-zdravstvenu-ustanovu-otvara-se-medicinski-centar-gorica\/"]}]},{"@type":"ImageObject","inLanguage":"en-US","@id":"https:\/\/gorica.info\/nas-grad-dobiva-novu-zdravstvenu-ustanovu-otvara-se-medicinski-centar-gorica\/#primaryimage","url":"https:\/\/gorica.info\/wp-content\/uploads\/2024\/03\/medicinski-centar-gorica-otvorenje.jpg","contentUrl":"https:\/\/gorica.info\/wp-content\/uploads\/2024\/03\/medicinski-centar-gorica-otvorenje.jpg","width":1100,"height":707,"caption":"Foto: Medicinski centar Gorica"},{"@type":"BreadcrumbList","@id":"https:\/\/gorica.info\/nas-grad-dobiva-novu-zdravstvenu-ustanovu-otvara-se-medicinski-centar-gorica\/#breadcrumb","itemListElement":[{"@type":"ListItem","position":1,"name":"Po\u010detna stranica","item":"https:\/\/gorica.info\/"},{"@type":"ListItem","position":2,"name":"Na\u0161 grad dobiva novu zdravstvenu ustanovu: Otvara se Medicinski centar Gorica"}]},{"@type":"WebSite","@id":"https:\/\/gorica.info\/#website","url":"https:\/\/gorica.info\/","name":"Gorica Info","description":"Vijesti iz Velike Gorice i okolice.","publisher":{"@id":"https:\/\/gorica.info\/#organization"},"potentialAction":[{"@type":"SearchAction","target":{"@type":"EntryPoint","urlTemplate":"https:\/\/gorica.info\/?s={search_term_string}"},"query-input":{"@type":"PropertyValueSpecification","valueRequired":true,"valueName":"search_term_string"}}],"inLanguage":"en-US"},{"@type":["Organization","Place","NewsMediaOrganization"],"@id":"https:\/\/gorica.info\/#organization","name":"Gorica Info","url":"https:\/\/gorica.info\/","logo":{"@id":"https:\/\/gorica.info\/nas-grad-dobiva-novu-zdravstvenu-ustanovu-otvara-se-medicinski-centar-gorica\/#local-main-organization-logo"},"image":{"@id":"https:\/\/gorica.info\/nas-grad-dobiva-novu-zdravstvenu-ustanovu-otvara-se-medicinski-centar-gorica\/#local-main-organization-logo"},"sameAs":["https:\/\/www.facebook.com\/Goricainfo-106005144489262","https:\/\/x.com\/GoricaInfo","https:\/\/www.instagram.com\/gorica.info\/"],"address":{"@id":"https:\/\/gorica.info\/nas-grad-dobiva-novu-zdravstvenu-ustanovu-otvara-se-medicinski-centar-gorica\/#local-main-place-address"},"telephone":[],"openingHoursSpecification":[{"@type":"OpeningHoursSpecification","dayOfWeek":["Monday","Tuesday","Wednesday","Thursday","Friday","Saturday","Sunday"],"opens":"09:00","closes":"17:00"}],"email":"redakcija@gorica.info"},{"@type":"Person","@id":"https:\/\/gorica.info\/#\/schema\/person\/4499af1f22f322670b9b5977ccc2e3de","name":"Gorica. info","description":"Gorica.info je lokalni portal koji prati Veliku Goricu i okolici, svakodnevno donosi najnovije vijesti i pri\u010de, kulturna doga\u0111anja i aktualnosti koje oblikuju \u017eivot gra\u0111ana.","url":"https:\/\/gorica.info\/en\/author\/gorica-info\/"},{"@type":"PostalAddress","@id":"https:\/\/gorica.info\/nas-grad-dobiva-novu-zdravstvenu-ustanovu-otvara-se-medicinski-centar-gorica\/#local-main-place-address","streetAddress":"Horvatova 97","addressLocality":"Velika Gorica","postalCode":"10410","addressRegion":"Croatia","addressCountry":"HR"},{"@type":"ImageObject","inLanguage":"en-US","@id":"https:\/\/gorica.info\/nas-grad-dobiva-novu-zdravstvenu-ustanovu-otvara-se-medicinski-centar-gorica\/#local-main-organization-logo","url":"https:\/\/gorica.info\/wp-content\/uploads\/2024\/07\/Gorica-Info-Logo-mali.png","contentUrl":"https:\/\/gorica.info\/wp-content\/uploads\/2024\/07\/Gorica-Info-Logo-mali.png","width":450,"height":85,"caption":"Gorica Info"}]},"geo.placename":"Velika Gorica","geo.region":"Croatia"},"_links":{"self":[{"href":"https:\/\/gorica.info\/en\/wp-json\/wp\/v2\/posts\/62116","targetHints":{"allow":["GET"]}}],"collection":[{"href":"https:\/\/gorica.info\/en\/wp-json\/wp\/v2\/posts"}],"about":[{"href":"https:\/\/gorica.info\/en\/wp-json\/wp\/v2\/types\/post"}],"author":[{"embeddable":true,"href":"https:\/\/gorica.info\/en\/wp-json\/wp\/v2\/users\/23"}],"replies":[{"embeddable":true,"href":"https:\/\/gorica.info\/en\/wp-json\/wp\/v2\/comments?post=62116"}],"version-history":[{"count":0,"href":"https:\/\/gorica.info\/en\/wp-json\/wp\/v2\/posts\/62116\/revisions"}],"wp:featuredmedia":[{"embeddable":true,"href":"https:\/\/gorica.info\/en\/wp-json\/wp\/v2\/media\/62117"}],"wp:attachment":[{"href":"https:\/\/gorica.info\/en\/wp-json\/wp\/v2\/media?parent=62116"}],"wp:term":[{"taxonomy":"category","embeddable":true,"href":"https:\/\/gorica.info\/en\/wp-json\/wp\/v2\/categories?post=62116"},{"taxonomy":"post_tag","embeddable":true,"href":"https:\/\/gorica.info\/en\/wp-json\/wp\/v2\/tags?post=62116"}],"curies":[{"name":"wp","href":"https:\/\/api.w.org\/{rel}","templated":true}]}}