{"id":63051,"date":"2024-04-06T10:35:37","date_gmt":"2024-04-06T08:35:37","guid":{"rendered":"https:\/\/gorica.info\/?p=63051"},"modified":"2024-04-06T10:35:37","modified_gmt":"2024-04-06T08:35:37","slug":"na-trznom-centru-i-na-trgu-stjepana-radica-danas-mozete-izmjeriti-secer-i-krvni-tlak","status":"publish","type":"post","link":"https:\/\/gorica.info\/en\/na-trznom-centru-i-na-trgu-stjepana-radica-danas-mozete-izmjeriti-secer-i-krvni-tlak\/","title":{"rendered":"Na Tr\u017enom centru i na Trgu Stjepana Radi\u0107a danas mo\u017eete izmjeriti \u0161e\u0107er i krvni tlak"},"content":{"rendered":"<p><strong>Povodom Svjetskog dana zdravlja<\/strong>, na<strong> Tr\u017enom centru i Trgu Stjepana Radi\u0107a<\/strong> mo\u017eete izmjeriti \u0161e\u0107er i krvni tlak. Akciju je organizirala udruga <a href=\"https:\/\/gorica.info\/en\/2022\/10\/22\/na-velikogorickom-podrucju-vise-od-6-000-osoba-boluje-od-dijabetesa-udruga-vg-dijabeticar-besplatno-mjeri-secer-i-tlak-dva-puta-tjedno\/\"><strong>VG Dijabeti\u010dar,\u00a0<\/strong><\/a>a svi koji \u017eele jo\u0161 stignu <strong>do 12 sati<\/strong> svratiti i provjeriti kakvo je njihovo zdravstveno stanje.<\/p>\n<p>Na podru\u010dju na\u0161eg grada i susjednih op\u0107ina ima oko <strong>\u0161est tisu\u0107a dijabeti\u010dara<\/strong> koji se redovito kontroliraju.\u00a0Ovakve akcije prilika su i da ostali gra\u0111ani doznaju kakvo je njihovo zdravstveno stanje, ka\u017ee nam <strong>Marica Varja\u010di\u0107<\/strong>, predsjednica udruge VG dijabeti\u010dar.<\/p>\n<p><img fetchpriority=\"high\" decoding=\"async\" class=\"aligncenter wp-image-63055 size-large\" src=\"https:\/\/gorica.info\/wp-content\/uploads\/2024\/04\/mjerenja-secera2-1024x769.jpg\" alt=\"izmjeriti \u0161e\u0107er\" width=\"810\" height=\"608\" srcset=\"https:\/\/gorica.info\/wp-content\/uploads\/2024\/04\/mjerenja-secera2-1024x769.jpg 1024w, https:\/\/gorica.info\/wp-content\/uploads\/2024\/04\/mjerenja-secera2-300x225.jpg 300w, https:\/\/gorica.info\/wp-content\/uploads\/2024\/04\/mjerenja-secera2-768x577.jpg 768w, https:\/\/gorica.info\/wp-content\/uploads\/2024\/04\/mjerenja-secera2-750x563.jpg 750w, https:\/\/gorica.info\/wp-content\/uploads\/2024\/04\/mjerenja-secera2.jpg 1065w\" sizes=\"(max-width: 810px) 100vw, 810px\" \/><\/p>\n<p>Podsje\u0107a kako je<strong> povi\u0161ena tjelesna te\u017eina<\/strong> jedan od rizika pojave \u0161e\u0107erne bolesti. Dokazano je da i umjereni gubitak kilograma kod osoba s pove\u0107anom te\u017einom omogu\u0107ava u\u010dinkovitije djelovanje inzulina i zna\u010dajno smanjuje rizik bolesti.<\/p>\n<p><strong>\u0160e\u0107erna bolest ili dijabetes j<\/strong>e kroni\u010dna bolest u kojoj su razine glukoze (\u0161e\u0107era) u krvi povi\u0161ene. Ve\u0107ina hrane koju jedemo pretvara se u glukozu koju na\u0161 organizam koristi za energiju. Gu\u0161tera\u010da (pankreas) proizvodi inzulin, hormon koji regulira razinu \u0161e\u0107era u krvi i to tako da omogu\u0107ava ulazak \u0161e\u0107era u stanice gdje se pretvara u energiju za tijelo.<\/p>\n<p><img decoding=\"async\" class=\"aligncenter wp-image-63052 size-large\" src=\"https:\/\/gorica.info\/wp-content\/uploads\/2024\/04\/mjerenje-secera4-1024x767.jpg\" alt=\"izmjeriti \u0161e\u0107er\" width=\"810\" height=\"607\" srcset=\"https:\/\/gorica.info\/wp-content\/uploads\/2024\/04\/mjerenje-secera4-1024x767.jpg 1024w, https:\/\/gorica.info\/wp-content\/uploads\/2024\/04\/mjerenje-secera4-300x225.jpg 300w, https:\/\/gorica.info\/wp-content\/uploads\/2024\/04\/mjerenje-secera4-768x575.jpg 768w, https:\/\/gorica.info\/wp-content\/uploads\/2024\/04\/mjerenje-secera4-750x562.jpg 750w, https:\/\/gorica.info\/wp-content\/uploads\/2024\/04\/mjerenje-secera4.jpg 1068w\" sizes=\"(max-width: 810px) 100vw, 810px\" \/><\/p>\n<p>Procjenjuje se da je broj oboljelih u Hrvatskoj oko <strong>500.000<\/strong>. \u0160e\u0107erna bolest je tre\u0107i vode\u0107i uzrok smrti u na\u0161oj zemlji, pokazuju podaci <a href=\"https:\/\/www.hzjz.hr\/sluzba-promicanje-zdravlja\/svjetski-dan-zdravlja-moje-zdravlje-moje-pravo\/\">Hrvatskog zavoda za javno zdravstvo<\/a> (HZJZ).<\/p>\n<p><img decoding=\"async\" class=\"aligncenter wp-image-63054\" src=\"https:\/\/gorica.info\/wp-content\/uploads\/2024\/04\/mjerenje-secera3-300x225.jpg\" alt=\"izmjeriti \u0161e\u0107er\" width=\"800\" height=\"599\" srcset=\"https:\/\/gorica.info\/wp-content\/uploads\/2024\/04\/mjerenje-secera3-300x225.jpg 300w, https:\/\/gorica.info\/wp-content\/uploads\/2024\/04\/mjerenje-secera3-768x575.jpg 768w, https:\/\/gorica.info\/wp-content\/uploads\/2024\/04\/mjerenje-secera3-750x562.jpg 750w, https:\/\/gorica.info\/wp-content\/uploads\/2024\/04\/mjerenje-secera3.jpg 1000w\" sizes=\"(max-width: 800px) 100vw, 800px\" \/><\/p>","protected":false},"excerpt":{"rendered":"<p>Povodom Svjetskog dana zdravlja, na Tr\u017enom centru i Trgu Stjepana Radi\u0107a mo\u017eete izmjeriti \u0161e\u0107er i krvni tlak. Akciju je organizirala udruga VG Dijabeti\u010dar,\u00a0a svi koji \u017eele jo\u0161 stignu do 12 sati svratiti i provjeriti kakvo je njihovo zdravstveno stanje. Na podru\u010dju na\u0161eg grada i susjednih op\u0107ina ima oko \u0161est tisu\u0107a dijabeti\u010dara koji se redovito kontroliraju.\u00a0Ovakve [&hellip;]<\/p>\n","protected":false},"author":23,"featured_media":63053,"comment_status":"open","ping_status":"open","sticky":false,"template":"","format":"standard","meta":{"limit_modified_date":"","last_modified_date":"","jnews-multi-image_gallery":[],"jnews_single_post":[],"jnews_primary_category":[],"jnews_override_counter":[],"footnotes":""},"categories":[86],"tags":[2185,2186,2187,2188,2189],"class_list":["post-63051","post","type-post","status-publish","format-standard","has-post-thumbnail","hentry","category-udruge","tag-akcija-mjerenja-secera","tag-dijabetes","tag-krvni-tlak","tag-marica-varjacic","tag-secerna-bolest"],"yoast_head":"<!-- This site is optimized with the Yoast SEO Premium plugin v27.4 (Yoast SEO v27.4) - https:\/\/yoast.com\/product\/yoast-seo-premium-wordpress\/ -->\n<title>Na Tr\u017enom centru i na Trgu Stjepana Radi\u0107a danas mo\u017eete izmjeriti \u0161e\u0107er i krvni tlak - Gorica Info<\/title>\n<meta name=\"description\" content=\"Na Tr\u017enom centru i na Trgu Stjepana Radi\u0107a danas mo\u017eete izmjeriti \u0161e\u0107er i krvni tlak, poru\u010duje udruga VG Dijabeti\u010dar.\" \/>\n<meta name=\"robots\" content=\"index, follow, max-snippet:-1, max-image-preview:large, max-video-preview:-1\" \/>\n<link rel=\"canonical\" href=\"https:\/\/gorica.info\/en\/na-trznom-centru-i-na-trgu-stjepana-radica-danas-mozete-izmjeriti-secer-i-krvni-tlak\/\" \/>\n<meta property=\"og:locale\" content=\"en_US\" \/>\n<meta property=\"og:type\" content=\"article\" \/>\n<meta property=\"og:title\" content=\"Na Tr\u017enom centru i na Trgu Stjepana Radi\u0107a danas mo\u017eete izmjeriti \u0161e\u0107er i krvni tlak\" \/>\n<meta property=\"og:description\" content=\"Na Tr\u017enom centru i na Trgu Stjepana Radi\u0107a danas mo\u017eete izmjeriti \u0161e\u0107er i krvni tlak, poru\u010duje udruga VG Dijabeti\u010dar.\" \/>\n<meta property=\"og:url\" content=\"https:\/\/gorica.info\/en\/na-trznom-centru-i-na-trgu-stjepana-radica-danas-mozete-izmjeriti-secer-i-krvni-tlak\/\" \/>\n<meta property=\"og:site_name\" content=\"Gorica Info\" \/>\n<meta property=\"article:publisher\" content=\"https:\/\/www.facebook.com\/Goricainfo-106005144489262\" \/>\n<meta property=\"article:published_time\" content=\"2024-04-06T08:35:37+00:00\" \/>\n<meta property=\"og:image\" content=\"https:\/\/gorica.info\/wp-content\/uploads\/2024\/04\/mjerenje-secera1.jpg\" \/>\n\t<meta property=\"og:image:width\" content=\"1068\" \/>\n\t<meta property=\"og:image:height\" content=\"800\" \/>\n\t<meta property=\"og:image:type\" content=\"image\/jpeg\" \/>\n<meta name=\"author\" content=\"Gorica. info\" \/>\n<meta name=\"twitter:card\" content=\"summary_large_image\" \/>\n<meta name=\"twitter:creator\" content=\"@GoricaInfo\" \/>\n<meta name=\"twitter:site\" content=\"@GoricaInfo\" \/>\n<meta name=\"twitter:label1\" content=\"Written by\" \/>\n\t<meta name=\"twitter:data1\" content=\"Gorica. info\" \/>\n\t<meta name=\"twitter:label2\" content=\"Est. reading time\" \/>\n\t<meta name=\"twitter:data2\" content=\"2 minutes\" \/>\n<meta name=\"geo.placename\" content=\"Velika Gorica\" \/>\n<meta name=\"geo.region\" content=\"Croatia\" \/>\n<!-- \/ Yoast SEO Premium plugin. -->","yoast_head_json":{"title":"Na Tr\u017enom centru i na Trgu Stjepana Radi\u0107a danas mo\u017eete izmjeriti \u0161e\u0107er i krvni tlak - Gorica Info","description":"Na Tr\u017enom centru i na Trgu Stjepana Radi\u0107a danas mo\u017eete izmjeriti \u0161e\u0107er i krvni tlak, poru\u010duje udruga VG Dijabeti\u010dar.","robots":{"index":"index","follow":"follow","max-snippet":"max-snippet:-1","max-image-preview":"max-image-preview:large","max-video-preview":"max-video-preview:-1"},"canonical":"https:\/\/gorica.info\/en\/na-trznom-centru-i-na-trgu-stjepana-radica-danas-mozete-izmjeriti-secer-i-krvni-tlak\/","og_locale":"en_US","og_type":"article","og_title":"Na Tr\u017enom centru i na Trgu Stjepana Radi\u0107a danas mo\u017eete izmjeriti \u0161e\u0107er i krvni tlak","og_description":"Na Tr\u017enom centru i na Trgu Stjepana Radi\u0107a danas mo\u017eete izmjeriti \u0161e\u0107er i krvni tlak, poru\u010duje udruga VG Dijabeti\u010dar.","og_url":"https:\/\/gorica.info\/en\/na-trznom-centru-i-na-trgu-stjepana-radica-danas-mozete-izmjeriti-secer-i-krvni-tlak\/","og_site_name":"Gorica Info","article_publisher":"https:\/\/www.facebook.com\/Goricainfo-106005144489262","article_published_time":"2024-04-06T08:35:37+00:00","og_image":[{"width":1068,"height":800,"url":"https:\/\/gorica.info\/wp-content\/uploads\/2024\/04\/mjerenje-secera1.jpg","type":"image\/jpeg"}],"author":"Gorica. info","twitter_card":"summary_large_image","twitter_creator":"@GoricaInfo","twitter_site":"@GoricaInfo","twitter_misc":{"Written by":"Gorica. info","Est. reading time":"2 minutes"},"schema":{"@context":"https:\/\/schema.org","@graph":[{"@type":"NewsArticle","@id":"https:\/\/gorica.info\/na-trznom-centru-i-na-trgu-stjepana-radica-danas-mozete-izmjeriti-secer-i-krvni-tlak\/#article","isPartOf":{"@id":"https:\/\/gorica.info\/na-trznom-centru-i-na-trgu-stjepana-radica-danas-mozete-izmjeriti-secer-i-krvni-tlak\/"},"author":{"name":"Gorica. info","@id":"https:\/\/gorica.info\/#\/schema\/person\/4499af1f22f322670b9b5977ccc2e3de"},"headline":"Na Tr\u017enom centru i na Trgu Stjepana Radi\u0107a danas mo\u017eete izmjeriti \u0161e\u0107er i krvni tlak","datePublished":"2024-04-06T08:35:37+00:00","mainEntityOfPage":{"@id":"https:\/\/gorica.info\/na-trznom-centru-i-na-trgu-stjepana-radica-danas-mozete-izmjeriti-secer-i-krvni-tlak\/"},"wordCount":250,"commentCount":0,"publisher":{"@id":"https:\/\/gorica.info\/#organization"},"image":{"@id":"https:\/\/gorica.info\/na-trznom-centru-i-na-trgu-stjepana-radica-danas-mozete-izmjeriti-secer-i-krvni-tlak\/#primaryimage"},"thumbnailUrl":"https:\/\/gorica.info\/wp-content\/uploads\/2024\/04\/mjerenje-secera1.jpg","keywords":["akcija mjerenja \u0161e\u0107era","dijabetes","krvni tlak","marica varja\u010di\u0107","\u0161e\u0107erna bolest"],"articleSection":["UDRUGE"],"inLanguage":"en-US","potentialAction":[{"@type":"CommentAction","name":"Comment","target":["https:\/\/gorica.info\/na-trznom-centru-i-na-trgu-stjepana-radica-danas-mozete-izmjeriti-secer-i-krvni-tlak\/#respond"]}],"copyrightYear":"2024","copyrightHolder":{"@id":"https:\/\/gorica.info\/en\/#organization"}},{"@type":"WebPage","@id":"https:\/\/gorica.info\/na-trznom-centru-i-na-trgu-stjepana-radica-danas-mozete-izmjeriti-secer-i-krvni-tlak\/","url":"https:\/\/gorica.info\/na-trznom-centru-i-na-trgu-stjepana-radica-danas-mozete-izmjeriti-secer-i-krvni-tlak\/","name":"Na Tr\u017enom centru i na Trgu Stjepana Radi\u0107a danas mo\u017eete izmjeriti \u0161e\u0107er i krvni tlak - Gorica Info","isPartOf":{"@id":"https:\/\/gorica.info\/#website"},"primaryImageOfPage":{"@id":"https:\/\/gorica.info\/na-trznom-centru-i-na-trgu-stjepana-radica-danas-mozete-izmjeriti-secer-i-krvni-tlak\/#primaryimage"},"image":{"@id":"https:\/\/gorica.info\/na-trznom-centru-i-na-trgu-stjepana-radica-danas-mozete-izmjeriti-secer-i-krvni-tlak\/#primaryimage"},"thumbnailUrl":"https:\/\/gorica.info\/wp-content\/uploads\/2024\/04\/mjerenje-secera1.jpg","datePublished":"2024-04-06T08:35:37+00:00","description":"Na Tr\u017enom centru i na Trgu Stjepana Radi\u0107a danas mo\u017eete izmjeriti \u0161e\u0107er i krvni tlak, poru\u010duje udruga VG Dijabeti\u010dar.","breadcrumb":{"@id":"https:\/\/gorica.info\/na-trznom-centru-i-na-trgu-stjepana-radica-danas-mozete-izmjeriti-secer-i-krvni-tlak\/#breadcrumb"},"inLanguage":"en-US","potentialAction":[{"@type":"ReadAction","target":["https:\/\/gorica.info\/na-trznom-centru-i-na-trgu-stjepana-radica-danas-mozete-izmjeriti-secer-i-krvni-tlak\/"]}]},{"@type":"ImageObject","inLanguage":"en-US","@id":"https:\/\/gorica.info\/na-trznom-centru-i-na-trgu-stjepana-radica-danas-mozete-izmjeriti-secer-i-krvni-tlak\/#primaryimage","url":"https:\/\/gorica.info\/wp-content\/uploads\/2024\/04\/mjerenje-secera1.jpg","contentUrl":"https:\/\/gorica.info\/wp-content\/uploads\/2024\/04\/mjerenje-secera1.jpg","width":1068,"height":800,"caption":"Foto: Gorica.info"},{"@type":"BreadcrumbList","@id":"https:\/\/gorica.info\/na-trznom-centru-i-na-trgu-stjepana-radica-danas-mozete-izmjeriti-secer-i-krvni-tlak\/#breadcrumb","itemListElement":[{"@type":"ListItem","position":1,"name":"Po\u010detna stranica","item":"https:\/\/gorica.info\/"},{"@type":"ListItem","position":2,"name":"Na Tr\u017enom centru i na Trgu Stjepana Radi\u0107a danas mo\u017eete izmjeriti \u0161e\u0107er i krvni tlak"}]},{"@type":"WebSite","@id":"https:\/\/gorica.info\/#website","url":"https:\/\/gorica.info\/","name":"Gorica Info","description":"Vijesti iz Velike Gorice i okolice.","publisher":{"@id":"https:\/\/gorica.info\/#organization"},"potentialAction":[{"@type":"SearchAction","target":{"@type":"EntryPoint","urlTemplate":"https:\/\/gorica.info\/?s={search_term_string}"},"query-input":{"@type":"PropertyValueSpecification","valueRequired":true,"valueName":"search_term_string"}}],"inLanguage":"en-US"},{"@type":["Organization","Place","NewsMediaOrganization"],"@id":"https:\/\/gorica.info\/#organization","name":"Gorica Info","url":"https:\/\/gorica.info\/","logo":{"@id":"https:\/\/gorica.info\/na-trznom-centru-i-na-trgu-stjepana-radica-danas-mozete-izmjeriti-secer-i-krvni-tlak\/#local-main-organization-logo"},"image":{"@id":"https:\/\/gorica.info\/na-trznom-centru-i-na-trgu-stjepana-radica-danas-mozete-izmjeriti-secer-i-krvni-tlak\/#local-main-organization-logo"},"sameAs":["https:\/\/www.facebook.com\/Goricainfo-106005144489262","https:\/\/x.com\/GoricaInfo","https:\/\/www.instagram.com\/gorica.info\/"],"address":{"@id":"https:\/\/gorica.info\/na-trznom-centru-i-na-trgu-stjepana-radica-danas-mozete-izmjeriti-secer-i-krvni-tlak\/#local-main-place-address"},"telephone":[],"openingHoursSpecification":[{"@type":"OpeningHoursSpecification","dayOfWeek":["Monday","Tuesday","Wednesday","Thursday","Friday","Saturday","Sunday"],"opens":"09:00","closes":"17:00"}],"email":"redakcija@gorica.info"},{"@type":"Person","@id":"https:\/\/gorica.info\/#\/schema\/person\/4499af1f22f322670b9b5977ccc2e3de","name":"Gorica. info","description":"Gorica.info je lokalni portal koji prati Veliku Goricu i okolici, svakodnevno donosi najnovije vijesti i pri\u010de, kulturna doga\u0111anja i aktualnosti koje oblikuju \u017eivot gra\u0111ana.","url":"https:\/\/gorica.info\/en\/author\/gorica-info\/"},{"@type":"PostalAddress","@id":"https:\/\/gorica.info\/na-trznom-centru-i-na-trgu-stjepana-radica-danas-mozete-izmjeriti-secer-i-krvni-tlak\/#local-main-place-address","streetAddress":"Horvatova 97","addressLocality":"Velika Gorica","postalCode":"10410","addressRegion":"Croatia","addressCountry":"HR"},{"@type":"ImageObject","inLanguage":"en-US","@id":"https:\/\/gorica.info\/na-trznom-centru-i-na-trgu-stjepana-radica-danas-mozete-izmjeriti-secer-i-krvni-tlak\/#local-main-organization-logo","url":"https:\/\/gorica.info\/wp-content\/uploads\/2024\/07\/Gorica-Info-Logo-mali.png","contentUrl":"https:\/\/gorica.info\/wp-content\/uploads\/2024\/07\/Gorica-Info-Logo-mali.png","width":450,"height":85,"caption":"Gorica Info"}]},"geo.placename":"Velika Gorica","geo.region":"Croatia"},"_links":{"self":[{"href":"https:\/\/gorica.info\/en\/wp-json\/wp\/v2\/posts\/63051","targetHints":{"allow":["GET"]}}],"collection":[{"href":"https:\/\/gorica.info\/en\/wp-json\/wp\/v2\/posts"}],"about":[{"href":"https:\/\/gorica.info\/en\/wp-json\/wp\/v2\/types\/post"}],"author":[{"embeddable":true,"href":"https:\/\/gorica.info\/en\/wp-json\/wp\/v2\/users\/23"}],"replies":[{"embeddable":true,"href":"https:\/\/gorica.info\/en\/wp-json\/wp\/v2\/comments?post=63051"}],"version-history":[{"count":0,"href":"https:\/\/gorica.info\/en\/wp-json\/wp\/v2\/posts\/63051\/revisions"}],"wp:featuredmedia":[{"embeddable":true,"href":"https:\/\/gorica.info\/en\/wp-json\/wp\/v2\/media\/63053"}],"wp:attachment":[{"href":"https:\/\/gorica.info\/en\/wp-json\/wp\/v2\/media?parent=63051"}],"wp:term":[{"taxonomy":"category","embeddable":true,"href":"https:\/\/gorica.info\/en\/wp-json\/wp\/v2\/categories?post=63051"},{"taxonomy":"post_tag","embeddable":true,"href":"https:\/\/gorica.info\/en\/wp-json\/wp\/v2\/tags?post=63051"}],"curies":[{"name":"wp","href":"https:\/\/api.w.org\/{rel}","templated":true}]}}