{"id":63449,"date":"2024-04-15T13:44:30","date_gmt":"2024-04-15T11:44:30","guid":{"rendered":"https:\/\/gorica.info\/?p=63449"},"modified":"2024-04-15T13:44:30","modified_gmt":"2024-04-15T11:44:30","slug":"potpisan-ugovor-za-gradski-prijevoz-sljedecih-sedam-godina-velikogoricane-ce-voziti-arriva-i-to-besplatno","status":"publish","type":"post","link":"https:\/\/gorica.info\/en\/potpisan-ugovor-za-gradski-prijevoz-sljedecih-sedam-godina-velikogoricane-ce-voziti-arriva-i-to-besplatno\/","title":{"rendered":"Potpisan ugovor za gradski prijevoz: Sljede\u0107ih sedam godina Velikogori\u010dane \u0107e voziti Arriva i to besplatno"},"content":{"rendered":"<p><strong>Sljede\u0107ih sedam godina<\/strong> Velikogori\u010dane \u0107e po gradu i prigradskim naseljima voziti <strong>autobusi Arrive<\/strong> i to <strong>besplatno<\/strong>. Ugovor o komunalnom linijskom prijevozu potpisao je u ponedjeljak <a href=\"http:\/\/www.gorica.hr\/\">gradona\u010delnik<\/a> <strong>Kre\u0161imir A\u010dkar<\/strong> s direktorom Arrive Hrvatska<strong> Dra\u017eenom Divjakom<\/strong>.<\/p>\n<p><img fetchpriority=\"high\" decoding=\"async\" class=\"aligncenter wp-image-63451 size-large\" src=\"https:\/\/gorica.info\/wp-content\/uploads\/2024\/04\/arriva-potpisivanje-ugovora-1024x673.jpg\" alt=\"\" width=\"810\" height=\"532\" srcset=\"https:\/\/gorica.info\/wp-content\/uploads\/2024\/04\/arriva-potpisivanje-ugovora-1024x673.jpg 1024w, https:\/\/gorica.info\/wp-content\/uploads\/2024\/04\/arriva-potpisivanje-ugovora-300x197.jpg 300w, https:\/\/gorica.info\/wp-content\/uploads\/2024\/04\/arriva-potpisivanje-ugovora-768x505.jpg 768w, https:\/\/gorica.info\/wp-content\/uploads\/2024\/04\/arriva-potpisivanje-ugovora-750x493.jpg 750w, https:\/\/gorica.info\/wp-content\/uploads\/2024\/04\/arriva-potpisivanje-ugovora-1140x750.jpg 1140w, https:\/\/gorica.info\/wp-content\/uploads\/2024\/04\/arriva-potpisivanje-ugovora.jpg 1100w\" sizes=\"(max-width: 810px) 100vw, 810px\" \/><\/p>\n<p>Nakon potpisivanja ugovora, na parkirali\u0161tu pored Muzeja Turopolja predstavljen je prvi velikogori\u010dki gradski autobusi. Putnici \u0107e s novim autobusima<strong> po\u010deti voziti 1. srpnja<\/strong>, a uvest \u0107e se i nove linije koje dosad nisu postojale. Ugovor je vrijedan<strong> 20,5 milijuna eura<\/strong>, a<a href=\"https:\/\/gorica.info\/en\/2024\/02\/23\/uskoro-stize-novi-prijevoznik-glasajte-za-vizualni-izgled-autobusa-koji-ce-voziti-na-lokalnim-gorickim-linijama\/\"> dizajn autobusa<\/a> izabrali su <strong>Velikogori\u010dani.<\/strong><\/p>\n<p><img decoding=\"async\" class=\"aligncenter wp-image-63459 size-large\" src=\"https:\/\/gorica.info\/wp-content\/uploads\/2024\/04\/autobus-kresimir-ackar-neven-karas-1024x768.jpg\" alt=\"\" width=\"810\" height=\"608\" srcset=\"https:\/\/gorica.info\/wp-content\/uploads\/2024\/04\/autobus-kresimir-ackar-neven-karas-1024x768.jpg 1024w, https:\/\/gorica.info\/wp-content\/uploads\/2024\/04\/autobus-kresimir-ackar-neven-karas-300x225.jpg 300w, https:\/\/gorica.info\/wp-content\/uploads\/2024\/04\/autobus-kresimir-ackar-neven-karas-768x576.jpg 768w, https:\/\/gorica.info\/wp-content\/uploads\/2024\/04\/autobus-kresimir-ackar-neven-karas-750x562.jpg 750w, https:\/\/gorica.info\/wp-content\/uploads\/2024\/04\/autobus-kresimir-ackar-neven-karas.jpg 1067w\" sizes=\"(max-width: 810px) 100vw, 810px\" \/><\/p>\n<p>Kako je kazao gradona\u010delnik A\u010dkar, novi autobusni prijevoznik predstavlja se upravo na mjestu <strong>prve autobusne stanice<\/strong> u Velikoj Gorici. S ovog mjesta danas kre\u0107e kvalitetniji i bolji lokalni prijevoz na\u0161ih gra\u0111ana, poru\u010dio je A\u010dkar.\u00a0Posebno je istaknuo nove linije koje su gra\u0111ani dugi niz tra\u017eili.<\/p>\n<p>&#8211; Dobit \u0107emo liniju prema \u017eeljezni\u010dkoj postaji, Meridijanu 16, kona\u010dno \u0107e Mi\u010devec i Velika Mlaka biti povezani s Velikom Goricom, a iz svih na\u0161ih naselja prema gradu \u0107e svaki dan \u2013 rekao je gradona\u010delnik.<\/p>\n<p><img decoding=\"async\" class=\"aligncenter wp-image-63457 size-large\" src=\"https:\/\/gorica.info\/wp-content\/uploads\/2024\/04\/drazen-divjak-arriva-1024x734.jpg\" alt=\"\" width=\"810\" height=\"581\" srcset=\"https:\/\/gorica.info\/wp-content\/uploads\/2024\/04\/drazen-divjak-arriva-1024x734.jpg 1024w, https:\/\/gorica.info\/wp-content\/uploads\/2024\/04\/drazen-divjak-arriva-300x215.jpg 300w, https:\/\/gorica.info\/wp-content\/uploads\/2024\/04\/drazen-divjak-arriva-768x551.jpg 768w, https:\/\/gorica.info\/wp-content\/uploads\/2024\/04\/drazen-divjak-arriva-120x86.jpg 120w, https:\/\/gorica.info\/wp-content\/uploads\/2024\/04\/drazen-divjak-arriva-350x250.jpg 350w, https:\/\/gorica.info\/wp-content\/uploads\/2024\/04\/drazen-divjak-arriva-750x538.jpg 750w, https:\/\/gorica.info\/wp-content\/uploads\/2024\/04\/drazen-divjak-arriva.jpg 1100w\" sizes=\"(max-width: 810px) 100vw, 810px\" \/><\/p>\n<p>Zadovoljstvo dobivenim ugovorom nije krio direktor Arrive Hrvatska Dra\u017een Divjak. Arriva je prisutna u 13 \u017eupanija, a ovo je ozbiljan ulazak u jedan od ve\u0107ih gradova Hrvatske.<\/p>\n<p>Najavio je kako \u0107e dogodine njegova tvrtka zamijeniti <strong>pet dizel autobusa<\/strong> s <strong>elektri\u010dnim autobusima<\/strong>, a upravo \u0107e Velika Gorica biti prva me\u0111u ve\u0107im gradovima koja \u0107e imati <strong>odr\u017eivi zeleni prijevoz<\/strong>. Divjak je iskoristio priliku i <strong>pozvao voza\u010de autobusa<\/strong> s velikogori\u010dkog podru\u010dja da im se jave i pridru\u017ee njihovom timu.<\/p>\n<p><img loading=\"lazy\" decoding=\"async\" class=\"aligncenter wp-image-63456 size-large\" src=\"https:\/\/gorica.info\/wp-content\/uploads\/2024\/04\/arriva-vg-legacy-1024x767.jpg\" alt=\"\" width=\"810\" height=\"607\" srcset=\"https:\/\/gorica.info\/wp-content\/uploads\/2024\/04\/arriva-vg-legacy-1024x767.jpg 1024w, https:\/\/gorica.info\/wp-content\/uploads\/2024\/04\/arriva-vg-legacy-300x225.jpg 300w, https:\/\/gorica.info\/wp-content\/uploads\/2024\/04\/arriva-vg-legacy-768x575.jpg 768w, https:\/\/gorica.info\/wp-content\/uploads\/2024\/04\/arriva-vg-legacy-750x562.jpg 750w, https:\/\/gorica.info\/wp-content\/uploads\/2024\/04\/arriva-vg-legacy.jpg 1068w\" sizes=\"(max-width: 810px) 100vw, 810px\" \/><\/p>\n<p><strong>Udrugu \u017eena Ariva Lavice<\/strong> donirala je<strong> tri tisu\u0107e eura<\/strong> udruzi <strong>VG Legacy<\/strong> za njihovu Robin Hood trgovinu koja skrbi o potrebitima.<\/p>\n<p>Organizirana je i <strong>promotivna vo\u017enja<\/strong> novim gradskom autobusom od Muzeja Turopolja do \u017eeljezni\u010dke stanice i nazad tako da su gosti i uzvanici imali prilike vidjeti rutu kojom \u0107e voziti budu\u0107a linija 2.<\/p>\n<p>Detaljne informacije o gradskim autobusnim linijama mo\u017eete prona\u0107i <a href=\"https:\/\/gorica.info\/en\/2021\/10\/14\/doznajte-sto-donosi-studija-lokalnog-linijskog-prijevoza-u-velikoj-gorici\/\">ovdje.<\/a><\/p>\n<p>Treba napomenti da \u0107e Velikogori\u010dane i dalje prema Zagrebu voziti ZET.<\/p>\n<p><img loading=\"lazy\" decoding=\"async\" class=\"aligncenter wp-image-63461 size-large\" src=\"https:\/\/gorica.info\/wp-content\/uploads\/2024\/04\/arriva-gradonacelnik-stanica-1024x768.jpg\" alt=\"\" width=\"810\" height=\"608\" srcset=\"https:\/\/gorica.info\/wp-content\/uploads\/2024\/04\/arriva-gradonacelnik-stanica-1024x768.jpg 1024w, https:\/\/gorica.info\/wp-content\/uploads\/2024\/04\/arriva-gradonacelnik-stanica-300x225.jpg 300w, https:\/\/gorica.info\/wp-content\/uploads\/2024\/04\/arriva-gradonacelnik-stanica-768x576.jpg 768w, https:\/\/gorica.info\/wp-content\/uploads\/2024\/04\/arriva-gradonacelnik-stanica-750x562.jpg 750w, https:\/\/gorica.info\/wp-content\/uploads\/2024\/04\/arriva-gradonacelnik-stanica.jpg 1067w\" sizes=\"(max-width: 810px) 100vw, 810px\" \/><\/p>\n<p><img loading=\"lazy\" decoding=\"async\" class=\"aligncenter wp-image-63452\" src=\"https:\/\/gorica.info\/wp-content\/uploads\/2024\/04\/arriva-putnici3-300x291.jpg\" alt=\"gradski prijevoz\" width=\"800\" height=\"776\" srcset=\"https:\/\/gorica.info\/wp-content\/uploads\/2024\/04\/arriva-putnici3-300x291.jpg 300w, https:\/\/gorica.info\/wp-content\/uploads\/2024\/04\/arriva-putnici3-768x745.jpg 768w, https:\/\/gorica.info\/wp-content\/uploads\/2024\/04\/arriva-putnici3-750x727.jpg 750w, https:\/\/gorica.info\/wp-content\/uploads\/2024\/04\/arriva-putnici3.jpg 825w\" sizes=\"(max-width: 800px) 100vw, 800px\" \/><\/p>\n<p><img loading=\"lazy\" decoding=\"async\" class=\"aligncenter wp-image-63458 size-large\" src=\"https:\/\/gorica.info\/wp-content\/uploads\/2024\/04\/autobus-arriva-darko-bekic-ivan-rak-1024x768.jpg\" alt=\"gradski prijevoz\" width=\"810\" height=\"608\" srcset=\"https:\/\/gorica.info\/wp-content\/uploads\/2024\/04\/autobus-arriva-darko-bekic-ivan-rak-1024x768.jpg 1024w, https:\/\/gorica.info\/wp-content\/uploads\/2024\/04\/autobus-arriva-darko-bekic-ivan-rak-300x225.jpg 300w, https:\/\/gorica.info\/wp-content\/uploads\/2024\/04\/autobus-arriva-darko-bekic-ivan-rak-768x576.jpg 768w, https:\/\/gorica.info\/wp-content\/uploads\/2024\/04\/autobus-arriva-darko-bekic-ivan-rak-750x562.jpg 750w, https:\/\/gorica.info\/wp-content\/uploads\/2024\/04\/autobus-arriva-darko-bekic-ivan-rak.jpg 1067w\" sizes=\"(max-width: 810px) 100vw, 810px\" \/><\/p>\n<p><img loading=\"lazy\" decoding=\"async\" class=\"aligncenter wp-image-63453 size-large\" src=\"https:\/\/gorica.info\/wp-content\/uploads\/2024\/04\/arriva-putnici2-1024x741.jpg\" alt=\"gradski prijevoz\" width=\"810\" height=\"586\" srcset=\"https:\/\/gorica.info\/wp-content\/uploads\/2024\/04\/arriva-putnici2-1024x741.jpg 1024w, https:\/\/gorica.info\/wp-content\/uploads\/2024\/04\/arriva-putnici2-300x217.jpg 300w, https:\/\/gorica.info\/wp-content\/uploads\/2024\/04\/arriva-putnici2-768x556.jpg 768w, https:\/\/gorica.info\/wp-content\/uploads\/2024\/04\/arriva-putnici2-120x86.jpg 120w, https:\/\/gorica.info\/wp-content\/uploads\/2024\/04\/arriva-putnici2-750x542.jpg 750w, https:\/\/gorica.info\/wp-content\/uploads\/2024\/04\/arriva-putnici2.jpg 1100w\" sizes=\"(max-width: 810px) 100vw, 810px\" \/><\/p>\n<p><img loading=\"lazy\" decoding=\"async\" class=\"alignnone wp-image-63455 size-large\" src=\"https:\/\/gorica.info\/wp-content\/uploads\/2024\/04\/arriva-krunoslav-visic-1024x767.jpg\" alt=\"gradski prijevoz\" width=\"810\" height=\"607\" srcset=\"https:\/\/gorica.info\/wp-content\/uploads\/2024\/04\/arriva-krunoslav-visic-1024x767.jpg 1024w, https:\/\/gorica.info\/wp-content\/uploads\/2024\/04\/arriva-krunoslav-visic-300x225.jpg 300w, https:\/\/gorica.info\/wp-content\/uploads\/2024\/04\/arriva-krunoslav-visic-768x575.jpg 768w, https:\/\/gorica.info\/wp-content\/uploads\/2024\/04\/arriva-krunoslav-visic-750x562.jpg 750w, https:\/\/gorica.info\/wp-content\/uploads\/2024\/04\/arriva-krunoslav-visic.jpg 1068w\" sizes=\"(max-width: 810px) 100vw, 810px\" \/><\/p>\n<p><img loading=\"lazy\" decoding=\"async\" class=\"aligncenter wp-image-63454 size-large\" src=\"https:\/\/gorica.info\/wp-content\/uploads\/2024\/04\/arriva-autobus-putnici-1024x503.jpg\" alt=\"gradski prijevoz\" width=\"810\" height=\"398\" srcset=\"https:\/\/gorica.info\/wp-content\/uploads\/2024\/04\/arriva-autobus-putnici-1024x503.jpg 1024w, https:\/\/gorica.info\/wp-content\/uploads\/2024\/04\/arriva-autobus-putnici-300x148.jpg 300w, https:\/\/gorica.info\/wp-content\/uploads\/2024\/04\/arriva-autobus-putnici-768x378.jpg 768w, https:\/\/gorica.info\/wp-content\/uploads\/2024\/04\/arriva-autobus-putnici-750x369.jpg 750w, https:\/\/gorica.info\/wp-content\/uploads\/2024\/04\/arriva-autobus-putnici-1140x561.jpg 1140w, https:\/\/gorica.info\/wp-content\/uploads\/2024\/04\/arriva-autobus-putnici.jpg 1100w\" sizes=\"(max-width: 810px) 100vw, 810px\" \/> \u00a0\u00a0\u00a0<img loading=\"lazy\" decoding=\"async\" class=\"alignnone wp-image-63462 size-large\" src=\"https:\/\/gorica.info\/wp-content\/uploads\/2024\/04\/arriva-autobus-1024x768.jpg\" alt=\"gradski prijevoz\" width=\"810\" height=\"608\" srcset=\"https:\/\/gorica.info\/wp-content\/uploads\/2024\/04\/arriva-autobus-1024x768.jpg 1024w, https:\/\/gorica.info\/wp-content\/uploads\/2024\/04\/arriva-autobus-300x225.jpg 300w, https:\/\/gorica.info\/wp-content\/uploads\/2024\/04\/arriva-autobus-768x576.jpg 768w, https:\/\/gorica.info\/wp-content\/uploads\/2024\/04\/arriva-autobus-750x562.jpg 750w, https:\/\/gorica.info\/wp-content\/uploads\/2024\/04\/arriva-autobus.jpg 1067w\" sizes=\"(max-width: 810px) 100vw, 810px\" \/><\/p>\n<p><img loading=\"lazy\" decoding=\"async\" class=\"aligncenter wp-image-63460 size-large\" src=\"https:\/\/gorica.info\/wp-content\/uploads\/2024\/04\/arriva-autobus-sjedala-1024x768.jpg\" alt=\"gradski prijevoz\" width=\"810\" height=\"608\" srcset=\"https:\/\/gorica.info\/wp-content\/uploads\/2024\/04\/arriva-autobus-sjedala-1024x768.jpg 1024w, https:\/\/gorica.info\/wp-content\/uploads\/2024\/04\/arriva-autobus-sjedala-300x225.jpg 300w, https:\/\/gorica.info\/wp-content\/uploads\/2024\/04\/arriva-autobus-sjedala-768x576.jpg 768w, https:\/\/gorica.info\/wp-content\/uploads\/2024\/04\/arriva-autobus-sjedala-750x562.jpg 750w, https:\/\/gorica.info\/wp-content\/uploads\/2024\/04\/arriva-autobus-sjedala.jpg 1067w\" sizes=\"(max-width: 810px) 100vw, 810px\" \/><\/p>","protected":false},"excerpt":{"rendered":"<p>Sljede\u0107ih sedam godina Velikogori\u010dane \u0107e po gradu i prigradskim naseljima voziti autobusi Arrive i to besplatno. Ugovor o komunalnom linijskom prijevozu potpisao je u ponedjeljak gradona\u010delnik Kre\u0161imir A\u010dkar s direktorom Arrive Hrvatska Dra\u017eenom Divjakom. Nakon potpisivanja ugovora, na parkirali\u0161tu pored Muzeja Turopolja predstavljen je prvi velikogori\u010dki gradski autobusi. Putnici \u0107e s novim autobusima po\u010deti voziti [&hellip;]<\/p>\n","protected":false},"author":23,"featured_media":63450,"comment_status":"open","ping_status":"open","sticky":false,"template":"","format":"standard","meta":{"limit_modified_date":"","last_modified_date":"","jnews-multi-image_gallery":[],"jnews_single_post":[],"jnews_primary_category":[],"jnews_override_counter":[],"footnotes":""},"categories":[91],"tags":[2387,2388,2389,253,1754,2390],"class_list":["post-63449","post","type-post","status-publish","format-standard","has-post-thumbnail","hentry","category-vg-vazno","tag-arriva","tag-gradski-autobusni-prijevoz","tag-komunalni-prijevoz","tag-kresimir-ackar","tag-putnici","tag-ugovor-na-sedam-godina"],"yoast_head":"<!-- This site is optimized with the Yoast SEO Premium plugin v27.4 (Yoast SEO v27.4) - https:\/\/yoast.com\/product\/yoast-seo-premium-wordpress\/ -->\n<title>Potpisan ugovor za gradski prijevoz: Sljede\u0107ih sedam godina Velikogori\u010dane \u0107e voziti Arriva i to besplatno - Gorica Info<\/title>\n<meta name=\"description\" content=\"Potpisan ugovor za gradski prijevoz: Sljede\u0107ih sedam godina Velikogori\u010dane \u0107e voziti Arriva i to besplatno\" \/>\n<meta name=\"robots\" content=\"index, follow, max-snippet:-1, max-image-preview:large, max-video-preview:-1\" \/>\n<link rel=\"canonical\" href=\"https:\/\/gorica.info\/en\/potpisan-ugovor-za-gradski-prijevoz-sljedecih-sedam-godina-velikogoricane-ce-voziti-arriva-i-to-besplatno\/\" \/>\n<meta property=\"og:locale\" content=\"en_US\" \/>\n<meta property=\"og:type\" content=\"article\" \/>\n<meta property=\"og:title\" content=\"Potpisan ugovor za gradski prijevoz: Sljede\u0107ih sedam godina Velikogori\u010dane \u0107e voziti Arriva i to besplatno\" \/>\n<meta property=\"og:description\" content=\"Potpisan ugovor za gradski prijevoz: Sljede\u0107ih sedam godina Velikogori\u010dane \u0107e voziti Arriva i to besplatno\" \/>\n<meta property=\"og:url\" content=\"https:\/\/gorica.info\/en\/potpisan-ugovor-za-gradski-prijevoz-sljedecih-sedam-godina-velikogoricane-ce-voziti-arriva-i-to-besplatno\/\" \/>\n<meta property=\"og:site_name\" content=\"Gorica Info\" \/>\n<meta property=\"article:publisher\" content=\"https:\/\/www.facebook.com\/Goricainfo-106005144489262\" \/>\n<meta property=\"article:published_time\" content=\"2024-04-15T11:44:30+00:00\" \/>\n<meta property=\"og:image\" content=\"https:\/\/gorica.info\/wp-content\/uploads\/2024\/04\/arriva-autobus-prva-voznja.jpg\" \/>\n\t<meta property=\"og:image:width\" content=\"1200\" \/>\n\t<meta property=\"og:image:height\" content=\"771\" \/>\n\t<meta property=\"og:image:type\" content=\"image\/jpeg\" \/>\n<meta name=\"author\" content=\"Gorica. info\" \/>\n<meta name=\"twitter:card\" content=\"summary_large_image\" \/>\n<meta name=\"twitter:creator\" content=\"@GoricaInfo\" \/>\n<meta name=\"twitter:site\" content=\"@GoricaInfo\" \/>\n<meta name=\"twitter:label1\" content=\"Written by\" \/>\n\t<meta name=\"twitter:data1\" content=\"Gorica. info\" \/>\n\t<meta name=\"twitter:label2\" content=\"Est. reading time\" \/>\n\t<meta name=\"twitter:data2\" content=\"5 minutes\" \/>\n<meta name=\"geo.placename\" content=\"Velika Gorica\" \/>\n<meta name=\"geo.region\" content=\"Croatia\" \/>\n<!-- \/ Yoast SEO Premium plugin. -->","yoast_head_json":{"title":"Potpisan ugovor za gradski prijevoz: Sljede\u0107ih sedam godina Velikogori\u010dane \u0107e voziti Arriva i to besplatno - Gorica Info","description":"Potpisan ugovor za gradski prijevoz: Sljede\u0107ih sedam godina Velikogori\u010dane \u0107e voziti Arriva i to besplatno","robots":{"index":"index","follow":"follow","max-snippet":"max-snippet:-1","max-image-preview":"max-image-preview:large","max-video-preview":"max-video-preview:-1"},"canonical":"https:\/\/gorica.info\/en\/potpisan-ugovor-za-gradski-prijevoz-sljedecih-sedam-godina-velikogoricane-ce-voziti-arriva-i-to-besplatno\/","og_locale":"en_US","og_type":"article","og_title":"Potpisan ugovor za gradski prijevoz: Sljede\u0107ih sedam godina Velikogori\u010dane \u0107e voziti Arriva i to besplatno","og_description":"Potpisan ugovor za gradski prijevoz: Sljede\u0107ih sedam godina Velikogori\u010dane \u0107e voziti Arriva i to besplatno","og_url":"https:\/\/gorica.info\/en\/potpisan-ugovor-za-gradski-prijevoz-sljedecih-sedam-godina-velikogoricane-ce-voziti-arriva-i-to-besplatno\/","og_site_name":"Gorica Info","article_publisher":"https:\/\/www.facebook.com\/Goricainfo-106005144489262","article_published_time":"2024-04-15T11:44:30+00:00","og_image":[{"width":1200,"height":771,"url":"https:\/\/gorica.info\/wp-content\/uploads\/2024\/04\/arriva-autobus-prva-voznja.jpg","type":"image\/jpeg"}],"author":"Gorica. info","twitter_card":"summary_large_image","twitter_creator":"@GoricaInfo","twitter_site":"@GoricaInfo","twitter_misc":{"Written by":"Gorica. info","Est. reading time":"5 minutes"},"schema":{"@context":"https:\/\/schema.org","@graph":[{"@type":"NewsArticle","@id":"https:\/\/gorica.info\/potpisan-ugovor-za-gradski-prijevoz-sljedecih-sedam-godina-velikogoricane-ce-voziti-arriva-i-to-besplatno\/#article","isPartOf":{"@id":"https:\/\/gorica.info\/potpisan-ugovor-za-gradski-prijevoz-sljedecih-sedam-godina-velikogoricane-ce-voziti-arriva-i-to-besplatno\/"},"author":{"name":"Gorica. info","@id":"https:\/\/gorica.info\/#\/schema\/person\/4499af1f22f322670b9b5977ccc2e3de"},"headline":"Potpisan ugovor za gradski prijevoz: Sljede\u0107ih sedam godina Velikogori\u010dane \u0107e voziti Arriva i to besplatno","datePublished":"2024-04-15T11:44:30+00:00","mainEntityOfPage":{"@id":"https:\/\/gorica.info\/potpisan-ugovor-za-gradski-prijevoz-sljedecih-sedam-godina-velikogoricane-ce-voziti-arriva-i-to-besplatno\/"},"wordCount":360,"commentCount":0,"publisher":{"@id":"https:\/\/gorica.info\/#organization"},"image":{"@id":"https:\/\/gorica.info\/potpisan-ugovor-za-gradski-prijevoz-sljedecih-sedam-godina-velikogoricane-ce-voziti-arriva-i-to-besplatno\/#primaryimage"},"thumbnailUrl":"https:\/\/gorica.info\/wp-content\/uploads\/2024\/04\/arriva-autobus-prva-voznja.jpg","keywords":["arriva","gradski autobusni prijevoz","komunalni prijevoz","Kre\u0161imir A\u010dkar","putnici","ugovor na sedam godina"],"articleSection":["VG VA\u017dNO"],"inLanguage":"en-US","potentialAction":[{"@type":"CommentAction","name":"Comment","target":["https:\/\/gorica.info\/potpisan-ugovor-za-gradski-prijevoz-sljedecih-sedam-godina-velikogoricane-ce-voziti-arriva-i-to-besplatno\/#respond"]}],"copyrightYear":"2024","copyrightHolder":{"@id":"https:\/\/gorica.info\/en\/#organization"}},{"@type":"WebPage","@id":"https:\/\/gorica.info\/potpisan-ugovor-za-gradski-prijevoz-sljedecih-sedam-godina-velikogoricane-ce-voziti-arriva-i-to-besplatno\/","url":"https:\/\/gorica.info\/potpisan-ugovor-za-gradski-prijevoz-sljedecih-sedam-godina-velikogoricane-ce-voziti-arriva-i-to-besplatno\/","name":"Potpisan ugovor za gradski prijevoz: Sljede\u0107ih sedam godina Velikogori\u010dane \u0107e voziti Arriva i to besplatno - Gorica Info","isPartOf":{"@id":"https:\/\/gorica.info\/#website"},"primaryImageOfPage":{"@id":"https:\/\/gorica.info\/potpisan-ugovor-za-gradski-prijevoz-sljedecih-sedam-godina-velikogoricane-ce-voziti-arriva-i-to-besplatno\/#primaryimage"},"image":{"@id":"https:\/\/gorica.info\/potpisan-ugovor-za-gradski-prijevoz-sljedecih-sedam-godina-velikogoricane-ce-voziti-arriva-i-to-besplatno\/#primaryimage"},"thumbnailUrl":"https:\/\/gorica.info\/wp-content\/uploads\/2024\/04\/arriva-autobus-prva-voznja.jpg","datePublished":"2024-04-15T11:44:30+00:00","description":"Potpisan ugovor za gradski prijevoz: Sljede\u0107ih sedam godina Velikogori\u010dane \u0107e voziti Arriva i to besplatno","breadcrumb":{"@id":"https:\/\/gorica.info\/potpisan-ugovor-za-gradski-prijevoz-sljedecih-sedam-godina-velikogoricane-ce-voziti-arriva-i-to-besplatno\/#breadcrumb"},"inLanguage":"en-US","potentialAction":[{"@type":"ReadAction","target":["https:\/\/gorica.info\/potpisan-ugovor-za-gradski-prijevoz-sljedecih-sedam-godina-velikogoricane-ce-voziti-arriva-i-to-besplatno\/"]}]},{"@type":"ImageObject","inLanguage":"en-US","@id":"https:\/\/gorica.info\/potpisan-ugovor-za-gradski-prijevoz-sljedecih-sedam-godina-velikogoricane-ce-voziti-arriva-i-to-besplatno\/#primaryimage","url":"https:\/\/gorica.info\/wp-content\/uploads\/2024\/04\/arriva-autobus-prva-voznja.jpg","contentUrl":"https:\/\/gorica.info\/wp-content\/uploads\/2024\/04\/arriva-autobus-prva-voznja.jpg","width":1100,"height":707,"caption":"Foto: Gorica.info"},{"@type":"BreadcrumbList","@id":"https:\/\/gorica.info\/potpisan-ugovor-za-gradski-prijevoz-sljedecih-sedam-godina-velikogoricane-ce-voziti-arriva-i-to-besplatno\/#breadcrumb","itemListElement":[{"@type":"ListItem","position":1,"name":"Po\u010detna stranica","item":"https:\/\/gorica.info\/"},{"@type":"ListItem","position":2,"name":"Potpisan ugovor za gradski prijevoz: Sljede\u0107ih sedam godina Velikogori\u010dane \u0107e voziti Arriva i to besplatno"}]},{"@type":"WebSite","@id":"https:\/\/gorica.info\/#website","url":"https:\/\/gorica.info\/","name":"Gorica Info","description":"Vijesti iz Velike Gorice i okolice.","publisher":{"@id":"https:\/\/gorica.info\/#organization"},"potentialAction":[{"@type":"SearchAction","target":{"@type":"EntryPoint","urlTemplate":"https:\/\/gorica.info\/?s={search_term_string}"},"query-input":{"@type":"PropertyValueSpecification","valueRequired":true,"valueName":"search_term_string"}}],"inLanguage":"en-US"},{"@type":["Organization","Place","NewsMediaOrganization"],"@id":"https:\/\/gorica.info\/#organization","name":"Gorica Info","url":"https:\/\/gorica.info\/","logo":{"@id":"https:\/\/gorica.info\/potpisan-ugovor-za-gradski-prijevoz-sljedecih-sedam-godina-velikogoricane-ce-voziti-arriva-i-to-besplatno\/#local-main-organization-logo"},"image":{"@id":"https:\/\/gorica.info\/potpisan-ugovor-za-gradski-prijevoz-sljedecih-sedam-godina-velikogoricane-ce-voziti-arriva-i-to-besplatno\/#local-main-organization-logo"},"sameAs":["https:\/\/www.facebook.com\/Goricainfo-106005144489262","https:\/\/x.com\/GoricaInfo","https:\/\/www.instagram.com\/gorica.info\/"],"address":{"@id":"https:\/\/gorica.info\/potpisan-ugovor-za-gradski-prijevoz-sljedecih-sedam-godina-velikogoricane-ce-voziti-arriva-i-to-besplatno\/#local-main-place-address"},"telephone":[],"openingHoursSpecification":[{"@type":"OpeningHoursSpecification","dayOfWeek":["Monday","Tuesday","Wednesday","Thursday","Friday","Saturday","Sunday"],"opens":"09:00","closes":"17:00"}],"email":"redakcija@gorica.info"},{"@type":"Person","@id":"https:\/\/gorica.info\/#\/schema\/person\/4499af1f22f322670b9b5977ccc2e3de","name":"Gorica. info","description":"Gorica.info je lokalni portal koji prati Veliku Goricu i okolici, svakodnevno donosi najnovije vijesti i pri\u010de, kulturna doga\u0111anja i aktualnosti koje oblikuju \u017eivot gra\u0111ana.","url":"https:\/\/gorica.info\/en\/author\/gorica-info\/"},{"@type":"PostalAddress","@id":"https:\/\/gorica.info\/potpisan-ugovor-za-gradski-prijevoz-sljedecih-sedam-godina-velikogoricane-ce-voziti-arriva-i-to-besplatno\/#local-main-place-address","streetAddress":"Horvatova 97","addressLocality":"Velika Gorica","postalCode":"10410","addressRegion":"Croatia","addressCountry":"HR"},{"@type":"ImageObject","inLanguage":"en-US","@id":"https:\/\/gorica.info\/potpisan-ugovor-za-gradski-prijevoz-sljedecih-sedam-godina-velikogoricane-ce-voziti-arriva-i-to-besplatno\/#local-main-organization-logo","url":"https:\/\/gorica.info\/wp-content\/uploads\/2024\/07\/Gorica-Info-Logo-mali.png","contentUrl":"https:\/\/gorica.info\/wp-content\/uploads\/2024\/07\/Gorica-Info-Logo-mali.png","width":450,"height":85,"caption":"Gorica Info"}]},"geo.placename":"Velika Gorica","geo.region":"Croatia"},"_links":{"self":[{"href":"https:\/\/gorica.info\/en\/wp-json\/wp\/v2\/posts\/63449","targetHints":{"allow":["GET"]}}],"collection":[{"href":"https:\/\/gorica.info\/en\/wp-json\/wp\/v2\/posts"}],"about":[{"href":"https:\/\/gorica.info\/en\/wp-json\/wp\/v2\/types\/post"}],"author":[{"embeddable":true,"href":"https:\/\/gorica.info\/en\/wp-json\/wp\/v2\/users\/23"}],"replies":[{"embeddable":true,"href":"https:\/\/gorica.info\/en\/wp-json\/wp\/v2\/comments?post=63449"}],"version-history":[{"count":0,"href":"https:\/\/gorica.info\/en\/wp-json\/wp\/v2\/posts\/63449\/revisions"}],"wp:featuredmedia":[{"embeddable":true,"href":"https:\/\/gorica.info\/en\/wp-json\/wp\/v2\/media\/63450"}],"wp:attachment":[{"href":"https:\/\/gorica.info\/en\/wp-json\/wp\/v2\/media?parent=63449"}],"wp:term":[{"taxonomy":"category","embeddable":true,"href":"https:\/\/gorica.info\/en\/wp-json\/wp\/v2\/categories?post=63449"},{"taxonomy":"post_tag","embeddable":true,"href":"https:\/\/gorica.info\/en\/wp-json\/wp\/v2\/tags?post=63449"}],"curies":[{"name":"wp","href":"https:\/\/api.w.org\/{rel}","templated":true}]}}