{"id":63762,"date":"2024-04-24T11:33:57","date_gmt":"2024-04-24T09:33:57","guid":{"rendered":"https:\/\/gorica.info\/?p=63762"},"modified":"2024-04-24T11:33:57","modified_gmt":"2024-04-24T09:33:57","slug":"policija-traga-za-dvojicom-maskiranih-razbojnika-napali-i-opljackali-postara-ispred-poste","status":"publish","type":"post","link":"https:\/\/gorica.info\/en\/policija-traga-za-dvojicom-maskiranih-razbojnika-napali-i-opljackali-postara-ispred-poste\/","title":{"rendered":"Policija traga za dvojicom maskiranih razbojnika: Napali i oplja\u010dkali po\u0161tara ispred po\u0161te"},"content":{"rendered":"<p><strong>Zagreba\u010dka policija<\/strong> traga za<strong> dvojicom lopova<\/strong> koji su <strong>napali i oplja\u010dkali po\u0161tara<\/strong>. Razbojni\u0161tvo se dogodilo u utorak oko 17 sati u <strong>Novom Zagrebu na Aveniji Dubrovnik<\/strong> ispred <strong>poslovnice po\u0161te<\/strong>.<\/p>\n<p>&#8211; Dvojica nepoznatih <strong>maskiranih po\u010dinitelja<\/strong> uz verbalnu prijetnju i uporabu tjelesne snage po\u010dinila su<a href=\"https:\/\/gorica.info\/en\/2022\/01\/20\/uz-prijetnju-vatrenim-oruzjem-nepoznati-razbojnik-opljackao-postara\/\"> razbojni\u0161tvo<\/a> nad <strong>52-godi\u0161njim po\u0161tarom<\/strong> te otu\u0111ila novac \u2013 rekli su iz <a href=\"https:\/\/zagrebacka-policija.gov.hr\/vijesti\/razbojnistvo-u-novom-zagrebu-97440\/97440\">policije<\/a> bez navo\u0111enja ukradenog iznosa novca.<\/p>","protected":false},"excerpt":{"rendered":"<p>Zagreba\u010dka policija traga za dvojicom lopova koji su napali i oplja\u010dkali po\u0161tara. Razbojni\u0161tvo se dogodilo u utorak oko 17 sati u Novom Zagrebu na Aveniji Dubrovnik ispred poslovnice po\u0161te. &#8211; Dvojica nepoznatih maskiranih po\u010dinitelja uz verbalnu prijetnju i uporabu tjelesne snage po\u010dinila su razbojni\u0161tvo nad 52-godi\u0161njim po\u0161tarom te otu\u0111ila novac \u2013 rekli su iz policije [&hellip;]<\/p>\n","protected":false},"author":25,"featured_media":63765,"comment_status":"open","ping_status":"open","sticky":false,"template":"","format":"standard","meta":{"limit_modified_date":"","last_modified_date":"","jnews-multi-image_gallery":[],"jnews_single_post":[],"jnews_primary_category":[],"jnews_override_counter":[],"footnotes":""},"categories":[96],"tags":[2573,2574,2121,2575,266,2487],"class_list":["post-63762","post","type-post","status-publish","format-standard","has-post-thumbnail","hentry","category-vijesti","tag-avenija-dubrava","tag-maskirani-razbojnici","tag-novi-zagreb","tag-opljackali-postara","tag-policija","tag-potraga"],"yoast_head":"<!-- This site is optimized with the Yoast SEO Premium plugin v27.4 (Yoast SEO v27.4) - https:\/\/yoast.com\/product\/yoast-seo-premium-wordpress\/ -->\n<title>Policija traga za dvojicom maskiranih razbojnika: Napali i oplja\u010dkali po\u0161tara ispred po\u0161te - Gorica Info<\/title>\n<meta name=\"description\" content=\"Policija traga za dvojicom maskiranih razbojnika: Napali i oplja\u010dkali po\u0161tara ispred po\u0161te u Novom Zagrebu u utorak popodne.\" \/>\n<meta name=\"robots\" content=\"index, follow, max-snippet:-1, max-image-preview:large, max-video-preview:-1\" \/>\n<link rel=\"canonical\" href=\"https:\/\/gorica.info\/en\/policija-traga-za-dvojicom-maskiranih-razbojnika-napali-i-opljackali-postara-ispred-poste\/\" \/>\n<meta property=\"og:locale\" content=\"en_US\" \/>\n<meta property=\"og:type\" content=\"article\" \/>\n<meta property=\"og:title\" content=\"Policija traga za dvojicom maskiranih razbojnika: Napali i oplja\u010dkali po\u0161tara ispred po\u0161te\" \/>\n<meta property=\"og:description\" content=\"Policija traga za dvojicom maskiranih razbojnika: Napali i oplja\u010dkali po\u0161tara ispred po\u0161te u Novom Zagrebu u utorak popodne.\" \/>\n<meta property=\"og:url\" content=\"https:\/\/gorica.info\/en\/policija-traga-za-dvojicom-maskiranih-razbojnika-napali-i-opljackali-postara-ispred-poste\/\" \/>\n<meta property=\"og:site_name\" content=\"Gorica Info\" \/>\n<meta property=\"article:publisher\" content=\"https:\/\/www.facebook.com\/Goricainfo-106005144489262\" \/>\n<meta property=\"article:published_time\" content=\"2024-04-24T09:33:57+00:00\" \/>\n<meta property=\"og:image\" content=\"https:\/\/gorica.info\/wp-content\/uploads\/2024\/04\/policija-vozilo-1.jpg\" \/>\n\t<meta property=\"og:image:width\" content=\"750\" \/>\n\t<meta property=\"og:image:height\" content=\"500\" \/>\n\t<meta property=\"og:image:type\" content=\"image\/jpeg\" \/>\n<meta name=\"author\" content=\"Marta Horvat\" \/>\n<meta name=\"twitter:card\" content=\"summary_large_image\" \/>\n<meta name=\"twitter:creator\" content=\"@GoricaInfo\" \/>\n<meta name=\"twitter:site\" content=\"@GoricaInfo\" \/>\n<meta name=\"twitter:label1\" content=\"Written by\" \/>\n\t<meta name=\"twitter:data1\" content=\"Marta Horvat\" \/>\n\t<meta name=\"twitter:label2\" content=\"Est. reading time\" \/>\n\t<meta name=\"twitter:data2\" content=\"1 minute\" \/>\n<meta name=\"geo.placename\" content=\"Velika Gorica\" \/>\n<meta name=\"geo.region\" content=\"Croatia\" \/>\n<!-- \/ Yoast SEO Premium plugin. -->","yoast_head_json":{"title":"Policija traga za dvojicom maskiranih razbojnika: Napali i oplja\u010dkali po\u0161tara ispred po\u0161te - Gorica Info","description":"Policija traga za dvojicom maskiranih razbojnika: Napali i oplja\u010dkali po\u0161tara ispred po\u0161te u Novom Zagrebu u utorak popodne.","robots":{"index":"index","follow":"follow","max-snippet":"max-snippet:-1","max-image-preview":"max-image-preview:large","max-video-preview":"max-video-preview:-1"},"canonical":"https:\/\/gorica.info\/en\/policija-traga-za-dvojicom-maskiranih-razbojnika-napali-i-opljackali-postara-ispred-poste\/","og_locale":"en_US","og_type":"article","og_title":"Policija traga za dvojicom maskiranih razbojnika: Napali i oplja\u010dkali po\u0161tara ispred po\u0161te","og_description":"Policija traga za dvojicom maskiranih razbojnika: Napali i oplja\u010dkali po\u0161tara ispred po\u0161te u Novom Zagrebu u utorak popodne.","og_url":"https:\/\/gorica.info\/en\/policija-traga-za-dvojicom-maskiranih-razbojnika-napali-i-opljackali-postara-ispred-poste\/","og_site_name":"Gorica Info","article_publisher":"https:\/\/www.facebook.com\/Goricainfo-106005144489262","article_published_time":"2024-04-24T09:33:57+00:00","og_image":[{"width":750,"height":500,"url":"https:\/\/gorica.info\/wp-content\/uploads\/2024\/04\/policija-vozilo-1.jpg","type":"image\/jpeg"}],"author":"Marta Horvat","twitter_card":"summary_large_image","twitter_creator":"@GoricaInfo","twitter_site":"@GoricaInfo","twitter_misc":{"Written by":"Marta Horvat","Est. reading time":"1 minute"},"schema":{"@context":"https:\/\/schema.org","@graph":[{"@type":"NewsArticle","@id":"https:\/\/gorica.info\/policija-traga-za-dvojicom-maskiranih-razbojnika-napali-i-opljackali-postara-ispred-poste\/#article","isPartOf":{"@id":"https:\/\/gorica.info\/policija-traga-za-dvojicom-maskiranih-razbojnika-napali-i-opljackali-postara-ispred-poste\/"},"author":{"name":"Marta Horvat","@id":"https:\/\/gorica.info\/#\/schema\/person\/b2df2f6fb2a9073c0fa5af2672befd52"},"headline":"Policija traga za dvojicom maskiranih razbojnika: Napali i oplja\u010dkali po\u0161tara ispred po\u0161te","datePublished":"2024-04-24T09:33:57+00:00","mainEntityOfPage":{"@id":"https:\/\/gorica.info\/policija-traga-za-dvojicom-maskiranih-razbojnika-napali-i-opljackali-postara-ispred-poste\/"},"wordCount":85,"commentCount":0,"publisher":{"@id":"https:\/\/gorica.info\/#organization"},"image":{"@id":"https:\/\/gorica.info\/policija-traga-za-dvojicom-maskiranih-razbojnika-napali-i-opljackali-postara-ispred-poste\/#primaryimage"},"thumbnailUrl":"https:\/\/gorica.info\/wp-content\/uploads\/2024\/04\/policija-vozilo-1.jpg","keywords":["avenija dubrava","maskirani razbojnici","novi zagreb","oplja\u010dkali po\u0161tara","policija","potraga"],"articleSection":["VIJESTI"],"inLanguage":"en-US","potentialAction":[{"@type":"CommentAction","name":"Comment","target":["https:\/\/gorica.info\/policija-traga-za-dvojicom-maskiranih-razbojnika-napali-i-opljackali-postara-ispred-poste\/#respond"]}],"copyrightYear":"2024","copyrightHolder":{"@id":"https:\/\/gorica.info\/en\/#organization"}},{"@type":"WebPage","@id":"https:\/\/gorica.info\/policija-traga-za-dvojicom-maskiranih-razbojnika-napali-i-opljackali-postara-ispred-poste\/","url":"https:\/\/gorica.info\/policija-traga-za-dvojicom-maskiranih-razbojnika-napali-i-opljackali-postara-ispred-poste\/","name":"Policija traga za dvojicom maskiranih razbojnika: Napali i oplja\u010dkali po\u0161tara ispred po\u0161te - Gorica Info","isPartOf":{"@id":"https:\/\/gorica.info\/#website"},"primaryImageOfPage":{"@id":"https:\/\/gorica.info\/policija-traga-za-dvojicom-maskiranih-razbojnika-napali-i-opljackali-postara-ispred-poste\/#primaryimage"},"image":{"@id":"https:\/\/gorica.info\/policija-traga-za-dvojicom-maskiranih-razbojnika-napali-i-opljackali-postara-ispred-poste\/#primaryimage"},"thumbnailUrl":"https:\/\/gorica.info\/wp-content\/uploads\/2024\/04\/policija-vozilo-1.jpg","datePublished":"2024-04-24T09:33:57+00:00","description":"Policija traga za dvojicom maskiranih razbojnika: Napali i oplja\u010dkali po\u0161tara ispred po\u0161te u Novom Zagrebu u utorak popodne.","breadcrumb":{"@id":"https:\/\/gorica.info\/policija-traga-za-dvojicom-maskiranih-razbojnika-napali-i-opljackali-postara-ispred-poste\/#breadcrumb"},"inLanguage":"en-US","potentialAction":[{"@type":"ReadAction","target":["https:\/\/gorica.info\/policija-traga-za-dvojicom-maskiranih-razbojnika-napali-i-opljackali-postara-ispred-poste\/"]}]},{"@type":"ImageObject","inLanguage":"en-US","@id":"https:\/\/gorica.info\/policija-traga-za-dvojicom-maskiranih-razbojnika-napali-i-opljackali-postara-ispred-poste\/#primaryimage","url":"https:\/\/gorica.info\/wp-content\/uploads\/2024\/04\/policija-vozilo-1.jpg","contentUrl":"https:\/\/gorica.info\/wp-content\/uploads\/2024\/04\/policija-vozilo-1.jpg","width":750,"height":500,"caption":"Foto: Policija"},{"@type":"BreadcrumbList","@id":"https:\/\/gorica.info\/policija-traga-za-dvojicom-maskiranih-razbojnika-napali-i-opljackali-postara-ispred-poste\/#breadcrumb","itemListElement":[{"@type":"ListItem","position":1,"name":"Po\u010detna stranica","item":"https:\/\/gorica.info\/"},{"@type":"ListItem","position":2,"name":"Policija traga za dvojicom maskiranih razbojnika: Napali i oplja\u010dkali po\u0161tara ispred po\u0161te"}]},{"@type":"WebSite","@id":"https:\/\/gorica.info\/#website","url":"https:\/\/gorica.info\/","name":"Gorica Info","description":"Vijesti iz Velike Gorice i okolice.","publisher":{"@id":"https:\/\/gorica.info\/#organization"},"potentialAction":[{"@type":"SearchAction","target":{"@type":"EntryPoint","urlTemplate":"https:\/\/gorica.info\/?s={search_term_string}"},"query-input":{"@type":"PropertyValueSpecification","valueRequired":true,"valueName":"search_term_string"}}],"inLanguage":"en-US"},{"@type":["Organization","Place","NewsMediaOrganization"],"@id":"https:\/\/gorica.info\/#organization","name":"Gorica Info","url":"https:\/\/gorica.info\/","logo":{"@id":"https:\/\/gorica.info\/policija-traga-za-dvojicom-maskiranih-razbojnika-napali-i-opljackali-postara-ispred-poste\/#local-main-organization-logo"},"image":{"@id":"https:\/\/gorica.info\/policija-traga-za-dvojicom-maskiranih-razbojnika-napali-i-opljackali-postara-ispred-poste\/#local-main-organization-logo"},"sameAs":["https:\/\/www.facebook.com\/Goricainfo-106005144489262","https:\/\/x.com\/GoricaInfo","https:\/\/www.instagram.com\/gorica.info\/"],"address":{"@id":"https:\/\/gorica.info\/policija-traga-za-dvojicom-maskiranih-razbojnika-napali-i-opljackali-postara-ispred-poste\/#local-main-place-address"},"telephone":[],"openingHoursSpecification":[{"@type":"OpeningHoursSpecification","dayOfWeek":["Monday","Tuesday","Wednesday","Thursday","Friday","Saturday","Sunday"],"opens":"09:00","closes":"17:00"}],"email":"redakcija@gorica.info"},{"@type":"Person","@id":"https:\/\/gorica.info\/#\/schema\/person\/b2df2f6fb2a9073c0fa5af2672befd52","name":"Marta Horvat","description":"Marta Horvat je studentica koja redovito pi\u0161e za portal, prati sva gradska doga\u0111anja i u\u017eiva isprobavati nove recept koje dijeli s na\u0161im \u010ditateljima.","url":"https:\/\/gorica.info\/en\/author\/marta-horvat\/"},{"@type":"PostalAddress","@id":"https:\/\/gorica.info\/policija-traga-za-dvojicom-maskiranih-razbojnika-napali-i-opljackali-postara-ispred-poste\/#local-main-place-address","streetAddress":"Horvatova 97","addressLocality":"Velika Gorica","postalCode":"10410","addressRegion":"Croatia","addressCountry":"HR"},{"@type":"ImageObject","inLanguage":"en-US","@id":"https:\/\/gorica.info\/policija-traga-za-dvojicom-maskiranih-razbojnika-napali-i-opljackali-postara-ispred-poste\/#local-main-organization-logo","url":"https:\/\/gorica.info\/wp-content\/uploads\/2024\/07\/Gorica-Info-Logo-mali.png","contentUrl":"https:\/\/gorica.info\/wp-content\/uploads\/2024\/07\/Gorica-Info-Logo-mali.png","width":450,"height":85,"caption":"Gorica Info"}]},"geo.placename":"Velika Gorica","geo.region":"Croatia"},"_links":{"self":[{"href":"https:\/\/gorica.info\/en\/wp-json\/wp\/v2\/posts\/63762","targetHints":{"allow":["GET"]}}],"collection":[{"href":"https:\/\/gorica.info\/en\/wp-json\/wp\/v2\/posts"}],"about":[{"href":"https:\/\/gorica.info\/en\/wp-json\/wp\/v2\/types\/post"}],"author":[{"embeddable":true,"href":"https:\/\/gorica.info\/en\/wp-json\/wp\/v2\/users\/25"}],"replies":[{"embeddable":true,"href":"https:\/\/gorica.info\/en\/wp-json\/wp\/v2\/comments?post=63762"}],"version-history":[{"count":0,"href":"https:\/\/gorica.info\/en\/wp-json\/wp\/v2\/posts\/63762\/revisions"}],"wp:featuredmedia":[{"embeddable":true,"href":"https:\/\/gorica.info\/en\/wp-json\/wp\/v2\/media\/63765"}],"wp:attachment":[{"href":"https:\/\/gorica.info\/en\/wp-json\/wp\/v2\/media?parent=63762"}],"wp:term":[{"taxonomy":"category","embeddable":true,"href":"https:\/\/gorica.info\/en\/wp-json\/wp\/v2\/categories?post=63762"},{"taxonomy":"post_tag","embeddable":true,"href":"https:\/\/gorica.info\/en\/wp-json\/wp\/v2\/tags?post=63762"}],"curies":[{"name":"wp","href":"https:\/\/api.w.org\/{rel}","templated":true}]}}