{"id":64008,"date":"2024-05-01T10:19:52","date_gmt":"2024-05-01T08:19:52","guid":{"rendered":"https:\/\/gorica.info\/?p=64008"},"modified":"2024-05-01T10:19:52","modified_gmt":"2024-05-01T08:19:52","slug":"trgovacki-lanac-kaufland-pokrenuo-skolu-kuhanja-za-djecu-koja-zive-u-domovima","status":"publish","type":"post","link":"https:\/\/gorica.info\/en\/trgovacki-lanac-kaufland-pokrenuo-skolu-kuhanja-za-djecu-koja-zive-u-domovima\/","title":{"rendered":"Trgova\u010dki lanac Kaufland pokrenuo \u0161kolu kuhanja za djecu koja \u017eive u domovima"},"content":{"rendered":"<p><strong>Trgova\u010dki lanac Kaufland<\/strong> pokrenuo projekt<strong> \u0161kole kuhanja<\/strong> za \u0161ti\u0107enike <strong>centara za nezbrinutu djecu<\/strong> kako bi ih pripremio za <strong>samostalni \u017eivot<\/strong>. Za razliku od djece koja odrastaju u obiteljskom domu i u\u010de od roditelja svakodnevne vje\u0161tine poput kuhanja i pospremanja, djeca iz centara za nezbrinutu djecu nemaju dovoljno prilika sudjelovati u pripremi hrane jer svoje obroke dobivaju poslu\u017eene i pripremljene iz profesionalnih kuhinja.<\/p>\n<p>No, u zadnjih nekoliko godina u okviru organiziranog stanovanja sa svojim odgajateljima pripremaju <a href=\"https:\/\/gorica.info\/en\/category\/zivot\/danas-kuham\/\">jednostavnije obroke<\/a> za doru\u010dak i ve\u010deru. Kako bi se osposobili za sadr\u017eajniji i kvalitetniji samostalan \u017eivot, <strong>u\u010denje kulinarskih vje\u0161tina<\/strong> im je jedan od prioriteta, objavili su iz <a href=\"https:\/\/tvrtka.kaufland.hr\/ljudi-okolis\/drustveni-angazman\/ostale-aktivnosti.html\">Kauflanda.<\/a><\/p>\n<p><img fetchpriority=\"high\" decoding=\"async\" class=\"aligncenter wp-image-64010\" src=\"https:\/\/gorica.info\/wp-content\/uploads\/2024\/04\/Kaufland-skola-kuhanja1-foto-press-300x200.jpg\" alt=\"\" width=\"800\" height=\"533\" srcset=\"https:\/\/gorica.info\/wp-content\/uploads\/2024\/04\/Kaufland-skola-kuhanja1-foto-press-300x200.jpg 300w, https:\/\/gorica.info\/wp-content\/uploads\/2024\/04\/Kaufland-skola-kuhanja1-foto-press-768x512.jpg 768w, https:\/\/gorica.info\/wp-content\/uploads\/2024\/04\/Kaufland-skola-kuhanja1-foto-press-750x500.jpg 750w, https:\/\/gorica.info\/wp-content\/uploads\/2024\/04\/Kaufland-skola-kuhanja1-foto-press.jpg 900w\" sizes=\"(max-width: 800px) 100vw, 800px\" \/><\/p>\n<p>Kaufland je odlu\u010dio dati svoj doprinos u ubla\u017eavanju ovog problema s kojim se suo\u010davaju mladi pri izlasku iz centara za nezbrinutu djecu. Stoga je <strong>organizirana edukacija<\/strong> u obliku <strong>\u0161est prakti\u010dnih kulinarskih radionica<\/strong> tijekom kojih \u0107e mladi ste\u0107i potrebna znanja i savladati osnove kuhanja, a sve kako bi bili \u0161to spremniji suo\u010diti se sa samostalnim \u017eivotom izvan okvira centra. Dvije radionice ve\u0107 su uspje\u0161no provedene.<\/p>\n<p>U dogovoru s <strong>Centrom za djecu Zagreb<\/strong> provodimo prvo \u0161kolovanje za koje se prijavilo<strong> 11 djevoj\u010dica i djevojaka<\/strong> u dobi <strong>od 11 do 17 godina<\/strong>. Prvu od \u0161est radionica koje provode stru\u010dnjaci iz Aspire vodio je poznati <strong>chef Damir Tomljanovi\u0107<\/strong>.<\/p>\n<p>Nadamo se da \u0107e ovaj projekt djeci iz centra biti vjetar u le\u0111a za jednostavniji prelazak u samostalni \u017eivot i drago nam je \u0161to ih na ovaj na\u010din u tome mo\u017eemo podr\u017eati &#8211; objasnila je <strong>Marija Frani\u0107<\/strong>, voditeljica Korporativnih komunikacija u Kauflandu.<\/p>\n<p>&#8211; Veoma smo zadovoljni \u0161to je i privatni sektor prepoznao izazove s kojima se susre\u0107emo pri odgoju na\u0161e djece. Ovo je za nas jako va\u017ena suradnja gdje ih se konkretno osposobljava za \u017eivot nakon ustanove. S Kauflandom sura\u0111ujemo u humanitarnim projektima ve\u0107 nekoliko godina i zahvalni smo im na prepoznavanju potreba djece i suradnji. Nakon prve radionice dojmovi djevoj\u010dica su izrazito pozitivni te su motivirane za nastavak edukacije &#8211; rekla je <strong>Jasna \u0106urkovi\u0107 Kelava<\/strong>, ravnateljica Centra za djecu Zagreb.<\/p>","protected":false},"excerpt":{"rendered":"<p>Trgova\u010dki lanac Kaufland pokrenuo projekt \u0161kole kuhanja za \u0161ti\u0107enike centara za nezbrinutu djecu kako bi ih pripremio za samostalni \u017eivot. Za razliku od djece koja odrastaju u obiteljskom domu i u\u010de od roditelja svakodnevne vje\u0161tine poput kuhanja i pospremanja, djeca iz centara za nezbrinutu djecu nemaju dovoljno prilika sudjelovati u pripremi hrane jer svoje obroke [&hellip;]<\/p>\n","protected":false},"author":25,"featured_media":64009,"comment_status":"open","ping_status":"open","sticky":false,"template":"","format":"standard","meta":{"limit_modified_date":"","last_modified_date":"","jnews-multi-image_gallery":[],"jnews_single_post":[],"jnews_primary_category":[],"jnews_override_counter":[],"footnotes":""},"categories":[83],"tags":[157,4626,992,4627,4628],"class_list":["post-64008","post","type-post","status-publish","format-standard","has-post-thumbnail","hentry","category-drustvo","tag-djeca","tag-jasna-curkovic-kelava","tag-kaufland","tag-marija-franic","tag-sticenici-centra-za-djecu"],"yoast_head":"<!-- This site is optimized with the Yoast SEO Premium plugin v27.4 (Yoast SEO v27.4) - https:\/\/yoast.com\/product\/yoast-seo-premium-wordpress\/ -->\n<title>Trgova\u010dki lanac Kaufland pokrenuo \u0161kolu kuhanja za djecu koja \u017eive u domovima - Gorica Info<\/title>\n<meta name=\"description\" content=\"Trgova\u010dki lanac Kaufland pokrenuo \u0161kolu kuhanja za djecu koja \u017eive u domovima. Kroz \u0161est radionica nau\u010dit \u0107e osnovne stvari.\" \/>\n<meta name=\"robots\" content=\"index, follow, max-snippet:-1, max-image-preview:large, max-video-preview:-1\" \/>\n<link rel=\"canonical\" href=\"https:\/\/gorica.info\/en\/trgovacki-lanac-kaufland-pokrenuo-skolu-kuhanja-za-djecu-koja-zive-u-domovima\/\" \/>\n<meta property=\"og:locale\" content=\"en_US\" \/>\n<meta property=\"og:type\" content=\"article\" \/>\n<meta property=\"og:title\" content=\"Trgova\u010dki lanac Kaufland pokrenuo \u0161kolu kuhanja za djecu koja \u017eive u domovima\" \/>\n<meta property=\"og:description\" content=\"Trgova\u010dki lanac Kaufland pokrenuo \u0161kolu kuhanja za djecu koja \u017eive u domovima. Kroz \u0161est radionica nau\u010dit \u0107e osnovne stvari.\" \/>\n<meta property=\"og:url\" content=\"https:\/\/gorica.info\/en\/trgovacki-lanac-kaufland-pokrenuo-skolu-kuhanja-za-djecu-koja-zive-u-domovima\/\" \/>\n<meta property=\"og:site_name\" content=\"Gorica Info\" \/>\n<meta property=\"article:publisher\" content=\"https:\/\/www.facebook.com\/Goricainfo-106005144489262\" \/>\n<meta property=\"article:published_time\" content=\"2024-05-01T08:19:52+00:00\" \/>\n<meta property=\"og:image\" content=\"https:\/\/gorica.info\/wp-content\/uploads\/2024\/04\/Kaufland-skola-kuhanja2-foto-press.jpg\" \/>\n\t<meta property=\"og:image:width\" content=\"949\" \/>\n\t<meta property=\"og:image:height\" content=\"600\" \/>\n\t<meta property=\"og:image:type\" content=\"image\/jpeg\" \/>\n<meta name=\"author\" content=\"Marta Horvat\" \/>\n<meta name=\"twitter:card\" content=\"summary_large_image\" \/>\n<meta name=\"twitter:creator\" content=\"@GoricaInfo\" \/>\n<meta name=\"twitter:site\" content=\"@GoricaInfo\" \/>\n<meta name=\"twitter:label1\" content=\"Written by\" \/>\n\t<meta name=\"twitter:data1\" content=\"Marta Horvat\" \/>\n\t<meta name=\"twitter:label2\" content=\"Est. reading time\" \/>\n\t<meta name=\"twitter:data2\" content=\"3 minutes\" \/>\n<meta name=\"geo.placename\" content=\"Velika Gorica\" \/>\n<meta name=\"geo.region\" content=\"Croatia\" \/>\n<!-- \/ Yoast SEO Premium plugin. -->","yoast_head_json":{"title":"Trgova\u010dki lanac Kaufland pokrenuo \u0161kolu kuhanja za djecu koja \u017eive u domovima - Gorica Info","description":"Trgova\u010dki lanac Kaufland pokrenuo \u0161kolu kuhanja za djecu koja \u017eive u domovima. Kroz \u0161est radionica nau\u010dit \u0107e osnovne stvari.","robots":{"index":"index","follow":"follow","max-snippet":"max-snippet:-1","max-image-preview":"max-image-preview:large","max-video-preview":"max-video-preview:-1"},"canonical":"https:\/\/gorica.info\/en\/trgovacki-lanac-kaufland-pokrenuo-skolu-kuhanja-za-djecu-koja-zive-u-domovima\/","og_locale":"en_US","og_type":"article","og_title":"Trgova\u010dki lanac Kaufland pokrenuo \u0161kolu kuhanja za djecu koja \u017eive u domovima","og_description":"Trgova\u010dki lanac Kaufland pokrenuo \u0161kolu kuhanja za djecu koja \u017eive u domovima. Kroz \u0161est radionica nau\u010dit \u0107e osnovne stvari.","og_url":"https:\/\/gorica.info\/en\/trgovacki-lanac-kaufland-pokrenuo-skolu-kuhanja-za-djecu-koja-zive-u-domovima\/","og_site_name":"Gorica Info","article_publisher":"https:\/\/www.facebook.com\/Goricainfo-106005144489262","article_published_time":"2024-05-01T08:19:52+00:00","og_image":[{"width":949,"height":600,"url":"https:\/\/gorica.info\/wp-content\/uploads\/2024\/04\/Kaufland-skola-kuhanja2-foto-press.jpg","type":"image\/jpeg"}],"author":"Marta Horvat","twitter_card":"summary_large_image","twitter_creator":"@GoricaInfo","twitter_site":"@GoricaInfo","twitter_misc":{"Written by":"Marta Horvat","Est. reading time":"3 minutes"},"schema":{"@context":"https:\/\/schema.org","@graph":[{"@type":"NewsArticle","@id":"https:\/\/gorica.info\/trgovacki-lanac-kaufland-pokrenuo-skolu-kuhanja-za-djecu-koja-zive-u-domovima\/#article","isPartOf":{"@id":"https:\/\/gorica.info\/trgovacki-lanac-kaufland-pokrenuo-skolu-kuhanja-za-djecu-koja-zive-u-domovima\/"},"author":{"name":"Marta Horvat","@id":"https:\/\/gorica.info\/#\/schema\/person\/b2df2f6fb2a9073c0fa5af2672befd52"},"headline":"Trgova\u010dki lanac Kaufland pokrenuo \u0161kolu kuhanja za djecu koja \u017eive u domovima","datePublished":"2024-05-01T08:19:52+00:00","mainEntityOfPage":{"@id":"https:\/\/gorica.info\/trgovacki-lanac-kaufland-pokrenuo-skolu-kuhanja-za-djecu-koja-zive-u-domovima\/"},"wordCount":366,"commentCount":0,"publisher":{"@id":"https:\/\/gorica.info\/#organization"},"image":{"@id":"https:\/\/gorica.info\/trgovacki-lanac-kaufland-pokrenuo-skolu-kuhanja-za-djecu-koja-zive-u-domovima\/#primaryimage"},"thumbnailUrl":"https:\/\/gorica.info\/wp-content\/uploads\/2024\/04\/Kaufland-skola-kuhanja2-foto-press.jpg","keywords":["djeca","jasna \u0107urkovi\u0107 kelava","kaufland","marija frani\u0107","\u0161ti\u0107enici centra za djecu"],"articleSection":["DRU\u0160TVO"],"inLanguage":"en-US","potentialAction":[{"@type":"CommentAction","name":"Comment","target":["https:\/\/gorica.info\/trgovacki-lanac-kaufland-pokrenuo-skolu-kuhanja-za-djecu-koja-zive-u-domovima\/#respond"]}],"copyrightYear":"2024","copyrightHolder":{"@id":"https:\/\/gorica.info\/en\/#organization"}},{"@type":"WebPage","@id":"https:\/\/gorica.info\/trgovacki-lanac-kaufland-pokrenuo-skolu-kuhanja-za-djecu-koja-zive-u-domovima\/","url":"https:\/\/gorica.info\/trgovacki-lanac-kaufland-pokrenuo-skolu-kuhanja-za-djecu-koja-zive-u-domovima\/","name":"Trgova\u010dki lanac Kaufland pokrenuo \u0161kolu kuhanja za djecu koja \u017eive u domovima - Gorica Info","isPartOf":{"@id":"https:\/\/gorica.info\/#website"},"primaryImageOfPage":{"@id":"https:\/\/gorica.info\/trgovacki-lanac-kaufland-pokrenuo-skolu-kuhanja-za-djecu-koja-zive-u-domovima\/#primaryimage"},"image":{"@id":"https:\/\/gorica.info\/trgovacki-lanac-kaufland-pokrenuo-skolu-kuhanja-za-djecu-koja-zive-u-domovima\/#primaryimage"},"thumbnailUrl":"https:\/\/gorica.info\/wp-content\/uploads\/2024\/04\/Kaufland-skola-kuhanja2-foto-press.jpg","datePublished":"2024-05-01T08:19:52+00:00","description":"Trgova\u010dki lanac Kaufland pokrenuo \u0161kolu kuhanja za djecu koja \u017eive u domovima. Kroz \u0161est radionica nau\u010dit \u0107e osnovne stvari.","breadcrumb":{"@id":"https:\/\/gorica.info\/trgovacki-lanac-kaufland-pokrenuo-skolu-kuhanja-za-djecu-koja-zive-u-domovima\/#breadcrumb"},"inLanguage":"en-US","potentialAction":[{"@type":"ReadAction","target":["https:\/\/gorica.info\/trgovacki-lanac-kaufland-pokrenuo-skolu-kuhanja-za-djecu-koja-zive-u-domovima\/"]}]},{"@type":"ImageObject","inLanguage":"en-US","@id":"https:\/\/gorica.info\/trgovacki-lanac-kaufland-pokrenuo-skolu-kuhanja-za-djecu-koja-zive-u-domovima\/#primaryimage","url":"https:\/\/gorica.info\/wp-content\/uploads\/2024\/04\/Kaufland-skola-kuhanja2-foto-press.jpg","contentUrl":"https:\/\/gorica.info\/wp-content\/uploads\/2024\/04\/Kaufland-skola-kuhanja2-foto-press.jpg","width":949,"height":600,"caption":"Foto: Promo"},{"@type":"BreadcrumbList","@id":"https:\/\/gorica.info\/trgovacki-lanac-kaufland-pokrenuo-skolu-kuhanja-za-djecu-koja-zive-u-domovima\/#breadcrumb","itemListElement":[{"@type":"ListItem","position":1,"name":"Po\u010detna stranica","item":"https:\/\/gorica.info\/"},{"@type":"ListItem","position":2,"name":"Trgova\u010dki lanac Kaufland pokrenuo \u0161kolu kuhanja za djecu koja \u017eive u domovima"}]},{"@type":"WebSite","@id":"https:\/\/gorica.info\/#website","url":"https:\/\/gorica.info\/","name":"Gorica Info","description":"Vijesti iz Velike Gorice i okolice.","publisher":{"@id":"https:\/\/gorica.info\/#organization"},"potentialAction":[{"@type":"SearchAction","target":{"@type":"EntryPoint","urlTemplate":"https:\/\/gorica.info\/?s={search_term_string}"},"query-input":{"@type":"PropertyValueSpecification","valueRequired":true,"valueName":"search_term_string"}}],"inLanguage":"en-US"},{"@type":["Organization","Place","NewsMediaOrganization"],"@id":"https:\/\/gorica.info\/#organization","name":"Gorica Info","url":"https:\/\/gorica.info\/","logo":{"@id":"https:\/\/gorica.info\/trgovacki-lanac-kaufland-pokrenuo-skolu-kuhanja-za-djecu-koja-zive-u-domovima\/#local-main-organization-logo"},"image":{"@id":"https:\/\/gorica.info\/trgovacki-lanac-kaufland-pokrenuo-skolu-kuhanja-za-djecu-koja-zive-u-domovima\/#local-main-organization-logo"},"sameAs":["https:\/\/www.facebook.com\/Goricainfo-106005144489262","https:\/\/x.com\/GoricaInfo","https:\/\/www.instagram.com\/gorica.info\/"],"address":{"@id":"https:\/\/gorica.info\/trgovacki-lanac-kaufland-pokrenuo-skolu-kuhanja-za-djecu-koja-zive-u-domovima\/#local-main-place-address"},"telephone":[],"openingHoursSpecification":[{"@type":"OpeningHoursSpecification","dayOfWeek":["Monday","Tuesday","Wednesday","Thursday","Friday","Saturday","Sunday"],"opens":"09:00","closes":"17:00"}],"email":"redakcija@gorica.info"},{"@type":"Person","@id":"https:\/\/gorica.info\/#\/schema\/person\/b2df2f6fb2a9073c0fa5af2672befd52","name":"Marta Horvat","description":"Marta Horvat je studentica koja redovito pi\u0161e za portal, prati sva gradska doga\u0111anja i u\u017eiva isprobavati nove recept koje dijeli s na\u0161im \u010ditateljima.","url":"https:\/\/gorica.info\/en\/author\/marta-horvat\/"},{"@type":"PostalAddress","@id":"https:\/\/gorica.info\/trgovacki-lanac-kaufland-pokrenuo-skolu-kuhanja-za-djecu-koja-zive-u-domovima\/#local-main-place-address","streetAddress":"Horvatova 97","addressLocality":"Velika Gorica","postalCode":"10410","addressRegion":"Croatia","addressCountry":"HR"},{"@type":"ImageObject","inLanguage":"en-US","@id":"https:\/\/gorica.info\/trgovacki-lanac-kaufland-pokrenuo-skolu-kuhanja-za-djecu-koja-zive-u-domovima\/#local-main-organization-logo","url":"https:\/\/gorica.info\/wp-content\/uploads\/2024\/07\/Gorica-Info-Logo-mali.png","contentUrl":"https:\/\/gorica.info\/wp-content\/uploads\/2024\/07\/Gorica-Info-Logo-mali.png","width":450,"height":85,"caption":"Gorica Info"}]},"geo.placename":"Velika Gorica","geo.region":"Croatia"},"_links":{"self":[{"href":"https:\/\/gorica.info\/en\/wp-json\/wp\/v2\/posts\/64008","targetHints":{"allow":["GET"]}}],"collection":[{"href":"https:\/\/gorica.info\/en\/wp-json\/wp\/v2\/posts"}],"about":[{"href":"https:\/\/gorica.info\/en\/wp-json\/wp\/v2\/types\/post"}],"author":[{"embeddable":true,"href":"https:\/\/gorica.info\/en\/wp-json\/wp\/v2\/users\/25"}],"replies":[{"embeddable":true,"href":"https:\/\/gorica.info\/en\/wp-json\/wp\/v2\/comments?post=64008"}],"version-history":[{"count":0,"href":"https:\/\/gorica.info\/en\/wp-json\/wp\/v2\/posts\/64008\/revisions"}],"wp:featuredmedia":[{"embeddable":true,"href":"https:\/\/gorica.info\/en\/wp-json\/wp\/v2\/media\/64009"}],"wp:attachment":[{"href":"https:\/\/gorica.info\/en\/wp-json\/wp\/v2\/media?parent=64008"}],"wp:term":[{"taxonomy":"category","embeddable":true,"href":"https:\/\/gorica.info\/en\/wp-json\/wp\/v2\/categories?post=64008"},{"taxonomy":"post_tag","embeddable":true,"href":"https:\/\/gorica.info\/en\/wp-json\/wp\/v2\/tags?post=64008"}],"curies":[{"name":"wp","href":"https:\/\/api.w.org\/{rel}","templated":true}]}}