{"id":64326,"date":"2024-05-08T08:49:43","date_gmt":"2024-05-08T06:49:43","guid":{"rendered":"https:\/\/gorica.info\/?p=64326"},"modified":"2024-05-08T08:49:43","modified_gmt":"2024-05-08T06:49:43","slug":"kamion-s-prikolicom-prevrnuo-se-na-cesti-poginuo-vozac-ciji-identitet-jos-nije-poznat","status":"publish","type":"post","link":"https:\/\/gorica.info\/en\/kamion-s-prikolicom-prevrnuo-se-na-cesti-poginuo-vozac-ciji-identitet-jos-nije-poznat\/","title":{"rendered":"Kamion s prikolicom zagreba\u010dkih registracija prevrnuo se na cesti: Poginuo voza\u010d \u010diji identitet jo\u0161 nije poznat"},"content":{"rendered":"<p><strong>U prevrtanju kamiona s prikolicom<\/strong> smrtno je <strong>stradao voza\u010d<\/strong> \u010diji identitet jo\u0161 nije poznat. Nesre\u0107a se dogodila u utorak nave\u010der oko 22 sata dogodila u mjestu Bro\u0107anac kod Rakovice na staroj cesti prema Dalmaciji, objavila je <a href=\"https:\/\/karlovacka-policija.gov.hr\/vijesti\/u-brocancu-smrtno-stradao-vozac\/39966\">karlova\u010dka policija.<\/a><\/p>\n<p>&#8211; Voza\u010d je upravljao teretnim automobilom s pridodanim priklju\u010dnim vozilom zagreba\u010dkih registarskih oznaka i kretao se kolnikom <strong>dr\u017eavne ceste DC 1<\/strong> u smjeru Rakovice.<\/p>\n<p>Iz neutvr\u0111enih razloga, <strong>izgubio je nadzor<\/strong> nad upravlja\u010dem uslijed \u010dega dolazi do nekontroliranog kretanja vozila, pritom prelazi na suprotnu kolni\u010dku traku namijenjenu za kretanje vozila iz suprotnog smjera, udara u <strong>metalnu za\u0161titnu ogradu<\/strong>. Nakon toga dolazi do <a href=\"https:\/\/gorica.info\/en\/2024\/04\/28\/u-dvije-odvojene-nesrece-poginula-dvojica-traktorista-traktorima-sletjeli-u-kanal-i-stradali-na-mjestu-nesrece\/\">prevrtanja<\/a> kamiona s prikolicom preko kolni\u010dkih traka \u2013 ka\u017eu iz policija.<\/p>\n<p>Slijedi obdukcija radi utvr\u0111ivanja to\u010dnog identiteta osobe.<\/p>\n<p>Zbog prevrnutog kamiona na dr\u017eavnoj cesti DC1 u mjestu Bro\u0107anac (izme\u0111u Rakovice i Slunja) vozi se<strong> jednim trakom<\/strong>, objavio je Hrvatski autoklub.<\/p>","protected":false},"excerpt":{"rendered":"<p>U prevrtanju kamiona s prikolicom smrtno je stradao voza\u010d \u010diji identitet jo\u0161 nije poznat. Nesre\u0107a se dogodila u utorak nave\u010der oko 22 sata dogodila u mjestu Bro\u0107anac kod Rakovice na staroj cesti prema Dalmaciji, objavila je karlova\u010dka policija. &#8211; Voza\u010d je upravljao teretnim automobilom s pridodanim priklju\u010dnim vozilom zagreba\u010dkih registarskih oznaka i kretao se kolnikom [&hellip;]<\/p>\n","protected":false},"author":23,"featured_media":64329,"comment_status":"open","ping_status":"open","sticky":false,"template":"","format":"standard","meta":{"limit_modified_date":"","last_modified_date":"","jnews-multi-image_gallery":[],"jnews_single_post":[],"jnews_primary_category":[],"jnews_override_counter":[],"footnotes":""},"categories":[93],"tags":[519,3893,1017,266,4782,4783],"class_list":["post-64326","post","type-post","status-publish","format-standard","has-post-thumbnail","hentry","category-crna-kronika","tag-nesreca","tag-obdukcija","tag-ocevid","tag-policija","tag-prevrnuti-kamion","tag-stradao-vozac-kamiona"],"yoast_head":"<!-- This site is optimized with the Yoast SEO Premium plugin v27.4 (Yoast SEO v27.4) - https:\/\/yoast.com\/product\/yoast-seo-premium-wordpress\/ -->\n<title>Kamion s prikolicom zagreba\u010dkih registracija prevrnuo se na cesti: Poginuo voza\u010d \u010diji identitet jo\u0161 nije poznat - Gorica Info<\/title>\n<meta name=\"description\" content=\"Kamion s prikolicom prevrnuo se na cesti u mjestu Bro\u0111anac kod Rakovice: Poginuo voza\u010d \u010diji identitet jo\u0161 nije poznat, javila je policija.\" \/>\n<meta name=\"robots\" content=\"index, follow, max-snippet:-1, max-image-preview:large, max-video-preview:-1\" \/>\n<link rel=\"canonical\" href=\"https:\/\/gorica.info\/en\/kamion-s-prikolicom-prevrnuo-se-na-cesti-poginuo-vozac-ciji-identitet-jos-nije-poznat\/\" \/>\n<meta property=\"og:locale\" content=\"en_US\" \/>\n<meta property=\"og:type\" content=\"article\" \/>\n<meta property=\"og:title\" content=\"Kamion s prikolicom zagreba\u010dkih registracija prevrnuo se na cesti: Poginuo voza\u010d \u010diji identitet jo\u0161 nije poznat\" \/>\n<meta property=\"og:description\" content=\"Kamion s prikolicom prevrnuo se na cesti u mjestu Bro\u0111anac kod Rakovice: Poginuo voza\u010d \u010diji identitet jo\u0161 nije poznat, javila je policija.\" \/>\n<meta property=\"og:url\" content=\"https:\/\/gorica.info\/en\/kamion-s-prikolicom-prevrnuo-se-na-cesti-poginuo-vozac-ciji-identitet-jos-nije-poznat\/\" \/>\n<meta property=\"og:site_name\" content=\"Gorica Info\" \/>\n<meta property=\"article:publisher\" content=\"https:\/\/www.facebook.com\/Goricainfo-106005144489262\" \/>\n<meta property=\"article:published_time\" content=\"2024-05-08T06:49:43+00:00\" \/>\n<meta property=\"og:image\" content=\"https:\/\/gorica.info\/wp-content\/uploads\/2024\/05\/policija-vozilo4.jpg\" \/>\n\t<meta property=\"og:image:width\" content=\"750\" \/>\n\t<meta property=\"og:image:height\" content=\"500\" \/>\n\t<meta property=\"og:image:type\" content=\"image\/jpeg\" \/>\n<meta name=\"author\" content=\"Gorica. info\" \/>\n<meta name=\"twitter:card\" content=\"summary_large_image\" \/>\n<meta name=\"twitter:creator\" content=\"@GoricaInfo\" \/>\n<meta name=\"twitter:site\" content=\"@GoricaInfo\" \/>\n<meta name=\"twitter:label1\" content=\"Written by\" \/>\n\t<meta name=\"twitter:data1\" content=\"Gorica. info\" \/>\n\t<meta name=\"twitter:label2\" content=\"Est. reading time\" \/>\n\t<meta name=\"twitter:data2\" content=\"1 minute\" \/>\n<meta name=\"geo.placename\" content=\"Velika Gorica\" \/>\n<meta name=\"geo.region\" content=\"Croatia\" \/>\n<!-- \/ Yoast SEO Premium plugin. -->","yoast_head_json":{"title":"Kamion s prikolicom zagreba\u010dkih registracija prevrnuo se na cesti: Poginuo voza\u010d \u010diji identitet jo\u0161 nije poznat - Gorica Info","description":"Kamion s prikolicom prevrnuo se na cesti u mjestu Bro\u0111anac kod Rakovice: Poginuo voza\u010d \u010diji identitet jo\u0161 nije poznat, javila je policija.","robots":{"index":"index","follow":"follow","max-snippet":"max-snippet:-1","max-image-preview":"max-image-preview:large","max-video-preview":"max-video-preview:-1"},"canonical":"https:\/\/gorica.info\/en\/kamion-s-prikolicom-prevrnuo-se-na-cesti-poginuo-vozac-ciji-identitet-jos-nije-poznat\/","og_locale":"en_US","og_type":"article","og_title":"Kamion s prikolicom zagreba\u010dkih registracija prevrnuo se na cesti: Poginuo voza\u010d \u010diji identitet jo\u0161 nije poznat","og_description":"Kamion s prikolicom prevrnuo se na cesti u mjestu Bro\u0111anac kod Rakovice: Poginuo voza\u010d \u010diji identitet jo\u0161 nije poznat, javila je policija.","og_url":"https:\/\/gorica.info\/en\/kamion-s-prikolicom-prevrnuo-se-na-cesti-poginuo-vozac-ciji-identitet-jos-nije-poznat\/","og_site_name":"Gorica Info","article_publisher":"https:\/\/www.facebook.com\/Goricainfo-106005144489262","article_published_time":"2024-05-08T06:49:43+00:00","og_image":[{"width":750,"height":500,"url":"https:\/\/gorica.info\/wp-content\/uploads\/2024\/05\/policija-vozilo4.jpg","type":"image\/jpeg"}],"author":"Gorica. info","twitter_card":"summary_large_image","twitter_creator":"@GoricaInfo","twitter_site":"@GoricaInfo","twitter_misc":{"Written by":"Gorica. info","Est. reading time":"1 minute"},"schema":{"@context":"https:\/\/schema.org","@graph":[{"@type":"NewsArticle","@id":"https:\/\/gorica.info\/kamion-s-prikolicom-prevrnuo-se-na-cesti-poginuo-vozac-ciji-identitet-jos-nije-poznat\/#article","isPartOf":{"@id":"https:\/\/gorica.info\/kamion-s-prikolicom-prevrnuo-se-na-cesti-poginuo-vozac-ciji-identitet-jos-nije-poznat\/"},"author":{"name":"Gorica. info","@id":"https:\/\/gorica.info\/#\/schema\/person\/4499af1f22f322670b9b5977ccc2e3de"},"headline":"Kamion s prikolicom zagreba\u010dkih registracija prevrnuo se na cesti: Poginuo voza\u010d \u010diji identitet jo\u0161 nije poznat","datePublished":"2024-05-08T06:49:43+00:00","mainEntityOfPage":{"@id":"https:\/\/gorica.info\/kamion-s-prikolicom-prevrnuo-se-na-cesti-poginuo-vozac-ciji-identitet-jos-nije-poznat\/"},"wordCount":171,"commentCount":0,"publisher":{"@id":"https:\/\/gorica.info\/#organization"},"image":{"@id":"https:\/\/gorica.info\/kamion-s-prikolicom-prevrnuo-se-na-cesti-poginuo-vozac-ciji-identitet-jos-nije-poznat\/#primaryimage"},"thumbnailUrl":"https:\/\/gorica.info\/wp-content\/uploads\/2024\/05\/policija-vozilo4.jpg","keywords":["nesre\u0107a","obdukcija","o\u010devid","policija","prevrnuti kamion","stradao voza\u010d kamiona"],"articleSection":["CRNA KRONIKA"],"inLanguage":"en-US","potentialAction":[{"@type":"CommentAction","name":"Comment","target":["https:\/\/gorica.info\/kamion-s-prikolicom-prevrnuo-se-na-cesti-poginuo-vozac-ciji-identitet-jos-nije-poznat\/#respond"]}],"copyrightYear":"2024","copyrightHolder":{"@id":"https:\/\/gorica.info\/en\/#organization"}},{"@type":"WebPage","@id":"https:\/\/gorica.info\/kamion-s-prikolicom-prevrnuo-se-na-cesti-poginuo-vozac-ciji-identitet-jos-nije-poznat\/","url":"https:\/\/gorica.info\/kamion-s-prikolicom-prevrnuo-se-na-cesti-poginuo-vozac-ciji-identitet-jos-nije-poznat\/","name":"Kamion s prikolicom zagreba\u010dkih registracija prevrnuo se na cesti: Poginuo voza\u010d \u010diji identitet jo\u0161 nije poznat - Gorica Info","isPartOf":{"@id":"https:\/\/gorica.info\/#website"},"primaryImageOfPage":{"@id":"https:\/\/gorica.info\/kamion-s-prikolicom-prevrnuo-se-na-cesti-poginuo-vozac-ciji-identitet-jos-nije-poznat\/#primaryimage"},"image":{"@id":"https:\/\/gorica.info\/kamion-s-prikolicom-prevrnuo-se-na-cesti-poginuo-vozac-ciji-identitet-jos-nije-poznat\/#primaryimage"},"thumbnailUrl":"https:\/\/gorica.info\/wp-content\/uploads\/2024\/05\/policija-vozilo4.jpg","datePublished":"2024-05-08T06:49:43+00:00","description":"Kamion s prikolicom prevrnuo se na cesti u mjestu Bro\u0111anac kod Rakovice: Poginuo voza\u010d \u010diji identitet jo\u0161 nije poznat, javila je policija.","breadcrumb":{"@id":"https:\/\/gorica.info\/kamion-s-prikolicom-prevrnuo-se-na-cesti-poginuo-vozac-ciji-identitet-jos-nije-poznat\/#breadcrumb"},"inLanguage":"en-US","potentialAction":[{"@type":"ReadAction","target":["https:\/\/gorica.info\/kamion-s-prikolicom-prevrnuo-se-na-cesti-poginuo-vozac-ciji-identitet-jos-nije-poznat\/"]}]},{"@type":"ImageObject","inLanguage":"en-US","@id":"https:\/\/gorica.info\/kamion-s-prikolicom-prevrnuo-se-na-cesti-poginuo-vozac-ciji-identitet-jos-nije-poznat\/#primaryimage","url":"https:\/\/gorica.info\/wp-content\/uploads\/2024\/05\/policija-vozilo4.jpg","contentUrl":"https:\/\/gorica.info\/wp-content\/uploads\/2024\/05\/policija-vozilo4.jpg","width":750,"height":500},{"@type":"BreadcrumbList","@id":"https:\/\/gorica.info\/kamion-s-prikolicom-prevrnuo-se-na-cesti-poginuo-vozac-ciji-identitet-jos-nije-poznat\/#breadcrumb","itemListElement":[{"@type":"ListItem","position":1,"name":"Po\u010detna stranica","item":"https:\/\/gorica.info\/"},{"@type":"ListItem","position":2,"name":"Kamion s prikolicom zagreba\u010dkih registracija prevrnuo se na cesti: Poginuo voza\u010d \u010diji identitet jo\u0161 nije poznat"}]},{"@type":"WebSite","@id":"https:\/\/gorica.info\/#website","url":"https:\/\/gorica.info\/","name":"Gorica Info","description":"Vijesti iz Velike Gorice i okolice.","publisher":{"@id":"https:\/\/gorica.info\/#organization"},"potentialAction":[{"@type":"SearchAction","target":{"@type":"EntryPoint","urlTemplate":"https:\/\/gorica.info\/?s={search_term_string}"},"query-input":{"@type":"PropertyValueSpecification","valueRequired":true,"valueName":"search_term_string"}}],"inLanguage":"en-US"},{"@type":["Organization","Place","NewsMediaOrganization"],"@id":"https:\/\/gorica.info\/#organization","name":"Gorica Info","url":"https:\/\/gorica.info\/","logo":{"@id":"https:\/\/gorica.info\/kamion-s-prikolicom-prevrnuo-se-na-cesti-poginuo-vozac-ciji-identitet-jos-nije-poznat\/#local-main-organization-logo"},"image":{"@id":"https:\/\/gorica.info\/kamion-s-prikolicom-prevrnuo-se-na-cesti-poginuo-vozac-ciji-identitet-jos-nije-poznat\/#local-main-organization-logo"},"sameAs":["https:\/\/www.facebook.com\/Goricainfo-106005144489262","https:\/\/x.com\/GoricaInfo","https:\/\/www.instagram.com\/gorica.info\/"],"address":{"@id":"https:\/\/gorica.info\/kamion-s-prikolicom-prevrnuo-se-na-cesti-poginuo-vozac-ciji-identitet-jos-nije-poznat\/#local-main-place-address"},"telephone":[],"openingHoursSpecification":[{"@type":"OpeningHoursSpecification","dayOfWeek":["Monday","Tuesday","Wednesday","Thursday","Friday","Saturday","Sunday"],"opens":"09:00","closes":"17:00"}],"email":"redakcija@gorica.info"},{"@type":"Person","@id":"https:\/\/gorica.info\/#\/schema\/person\/4499af1f22f322670b9b5977ccc2e3de","name":"Gorica. info","description":"Gorica.info je lokalni portal koji prati Veliku Goricu i okolici, svakodnevno donosi najnovije vijesti i pri\u010de, kulturna doga\u0111anja i aktualnosti koje oblikuju \u017eivot gra\u0111ana.","url":"https:\/\/gorica.info\/en\/author\/gorica-info\/"},{"@type":"PostalAddress","@id":"https:\/\/gorica.info\/kamion-s-prikolicom-prevrnuo-se-na-cesti-poginuo-vozac-ciji-identitet-jos-nije-poznat\/#local-main-place-address","streetAddress":"Horvatova 97","addressLocality":"Velika Gorica","postalCode":"10410","addressRegion":"Croatia","addressCountry":"HR"},{"@type":"ImageObject","inLanguage":"en-US","@id":"https:\/\/gorica.info\/kamion-s-prikolicom-prevrnuo-se-na-cesti-poginuo-vozac-ciji-identitet-jos-nije-poznat\/#local-main-organization-logo","url":"https:\/\/gorica.info\/wp-content\/uploads\/2024\/07\/Gorica-Info-Logo-mali.png","contentUrl":"https:\/\/gorica.info\/wp-content\/uploads\/2024\/07\/Gorica-Info-Logo-mali.png","width":450,"height":85,"caption":"Gorica Info"}]},"geo.placename":"Velika Gorica","geo.region":"Croatia"},"_links":{"self":[{"href":"https:\/\/gorica.info\/en\/wp-json\/wp\/v2\/posts\/64326","targetHints":{"allow":["GET"]}}],"collection":[{"href":"https:\/\/gorica.info\/en\/wp-json\/wp\/v2\/posts"}],"about":[{"href":"https:\/\/gorica.info\/en\/wp-json\/wp\/v2\/types\/post"}],"author":[{"embeddable":true,"href":"https:\/\/gorica.info\/en\/wp-json\/wp\/v2\/users\/23"}],"replies":[{"embeddable":true,"href":"https:\/\/gorica.info\/en\/wp-json\/wp\/v2\/comments?post=64326"}],"version-history":[{"count":0,"href":"https:\/\/gorica.info\/en\/wp-json\/wp\/v2\/posts\/64326\/revisions"}],"wp:featuredmedia":[{"embeddable":true,"href":"https:\/\/gorica.info\/en\/wp-json\/wp\/v2\/media\/64329"}],"wp:attachment":[{"href":"https:\/\/gorica.info\/en\/wp-json\/wp\/v2\/media?parent=64326"}],"wp:term":[{"taxonomy":"category","embeddable":true,"href":"https:\/\/gorica.info\/en\/wp-json\/wp\/v2\/categories?post=64326"},{"taxonomy":"post_tag","embeddable":true,"href":"https:\/\/gorica.info\/en\/wp-json\/wp\/v2\/tags?post=64326"}],"curies":[{"name":"wp","href":"https:\/\/api.w.org\/{rel}","templated":true}]}}