{"id":64623,"date":"2024-05-14T09:00:02","date_gmt":"2024-05-14T07:00:02","guid":{"rendered":"https:\/\/gorica.info\/?p=64623"},"modified":"2024-05-14T09:00:02","modified_gmt":"2024-05-14T07:00:02","slug":"kolumna-pametnom-dosta-da-se-baby-lasagna-kandidira-za-recimo-predsjednika-republike-biste-li-glasali-za-njega","status":"publish","type":"post","link":"https:\/\/gorica.info\/en\/kolumna-pametnom-dosta-da-se-baby-lasagna-kandidira-za-recimo-predsjednika-republike-biste-li-glasali-za-njega\/","title":{"rendered":"KOLUMNA Pametnom dosta: Da se Baby Lasagna kandidira za, recimo, predsjednika Republike, biste li glasali za njega?"},"content":{"rendered":"<p>Baby Lasagna kao predsjednik Republike Hrvatske? Vjerojatno nemogu\u0107a misija budu\u0107i se mladi <strong>Marko Puri\u0161i\u0107<\/strong> vjerojatno ni pod koju cijenu ne bi uvalio u hrvatsko politi\u010dko blato, ali hajmo malo razmi\u0161ljati izvan realnih okvira. Pustimo ma\u0161ti na volju&#8230;<\/p>\n<p>Zamislite da na Pantov\u010dak napokon ne useli netko lo\u0161iji od svog prethodnika \u010demu svjedo\u010dimo od po\u010detka samostalne Hrvatske. Danas smo, uz sve njihove mane, svjesni da je <strong>Franjo Tu\u0111man<\/strong> bio premija za <strong>Stipu Mesi\u0107a<\/strong> koji je trivijalizirao predsjedni\u010dku du\u017enost, ali je i on bio nemjerljivo bolji od lignjastog <strong>Ive Josipovi\u0107a<\/strong>. No, i takav Josipovi\u0107 je, pak, bio Mercedes za<strong> Kolindu Grabar Kitarovi\u0107<\/strong> koja je od predsjedni\u010dke funkcije napravila parodiju.<\/p>\n<p>I onda, kada smo mislili da nakon Kolinde ne mo\u017ee gore, dogodio se <strong>Zoran Milanovi\u0107<\/strong>, besposleni pobornik balkanske filozofije &#8220;u se, na se&#8230;\u00a8&#8221;. Je li on krajnja granica nakon koje stvarno lo\u0161ije ne mo\u017ee? \u010covjek se uspio posva\u0111ati sa svima, izignorirati Ustav, izolirati sam sebe da ga nitko u inozemstvu ne \u017eeli vidjeti u svojoj blizini osim notornog <strong>Milorada Dodika<\/strong> na krka\u010dini odojaka i janjetine u nekoj bosanskoj nedo\u0111iji.<\/p>\n<p>Za\u0161to nam onda ne bi na Pantov\u010dak uselio neki op\u0107eomiljeni lik poput na\u0161eg pjeva\u010da koji je osvojio srca europske publike? <strong>Baby Lasagna<\/strong> ve\u0107 je sada nemjerljivo ve\u0107i ambasador hrvatskih interesa u inozemstvu nego \u0161to \u0107e likovi poput Milanovi\u0107a ili Kolinde ikada biti&#8230;<\/p>\n<p>Marko Puri\u0161i\u0107 je mlad, pametan, dokazano poduzetan, duhovit. Svijetla perspektiva je pred njim&#8230;<\/p>\n<p>Biste li, dakle, glasali za Marka da se kandidira na ovogodi\u0161njim presjedni\u010dkim izborima? Vjerojatno bi ve\u0107ina na\u0161ih ljudi danas, dok je ta mogu\u0107nost samo (ne)ostvariva hipoteza, odgovorila da bi Lasagna dobio njihov glas i da mu je mjesto na Pantov\u010daku.<\/p>\n<p>No, mislite li da bi se to i ostvarilo kada bi Marko, koliko god smo svjesni da je to nemogu\u0107e, stvarno odlu\u010dio da se kandidira?<\/p>\n<p>U tom slu\u010daju Marko Puri\u0161i\u0107, uvjeren sam, ne bi postao hrvatski predsjednik. Naime, vrlo brzo bi se aktivirali klasi\u010dni hrvatski politi\u010dari (neovisno o ideologiji koju propagiraju) nastoje\u0107i nam dokazati da je Marko, zapravo, lo\u0161 izbor.<\/p>\n<p>Izvukli bi oni trenuta\u010dno najpopularnijem Hrvatu sve negativno \u0161to se mo\u017ee na\u0107i, a ako toga i nema izmislili bi. Potom bi upregnuli svu raspolo\u017eivu strana\u010dku i partijsku ma\u0161ineriju, marketin\u0161ke i PR stru\u010dnjake i &#8220;stru\u010dnjake&#8221;, odane medije i dru\u0161tvene mre\u017ee na operaciji <strong>&#8220;demontiranje Lasagne&#8221;<\/strong>.<\/p>\n<p>A znaju\u0107i nas, prosje\u010dne glasa\u010de, ne bi me izenandilo da na kraju takve imaginarne politi\u010dko-marketin\u0161ke akcije ve\u0107ina Hrvatica i Hrvata zaklju\u010di da je i za nas dobro \u0161to je na Eurosongu pobijedio onaj nebinarni \u0160vicarac.<\/p>\n<p>I Lasagna ne bi uselio na Pantov\u010dak.<\/p>\n<p>No, vratimo se u realnost. Ova pri\u010da je, zapravo, karikirana hrvatska politi\u010dka stvarnost koja (bez karikiranja) ne dopu\u0161ta novim licima da nekontrolirano u\u0111u u politiku. Sve se to \u0161to gledamo &#8211; s lijeva, centra ili desna, crveno, plavo, crno, zeleno ili obojano bilo kojom bojom, pro\u017eeto bilo kojom ideologijom &#8211; svodi da politi\u010dke klonove. Povremeno netko odstupi od toga ili (vrlo rijetko) odsko\u010di od prosjeka, ali se sustav potrudi da ga brzo povu\u010de natrag u polit\u010dku kalju\u017eu.<\/p>\n<p><strong>Nema novih lica, nema novih ideja, nema ni\u010deg<\/strong> \u0161to bi uzburkalo doma\u0107u politi\u010dku \u017eabokre\u010dinu. I dok je tako, napredak u bilo kojem dru\u0161tvenom ili gospodarskom segmentu ostat \u0107e spor.<\/p>\n<p>I zato \u017eelim Marku da na\u0111e neki novi projekt i ne dopusti &#8220;uhodanom sistemu&#8221; da ga ograni\u010di ili sprije\u010di u imaginaciji.<\/p>\n<p>Mo\u017eda jednog dana na red za pravi remont, sustavnu ve\u0107 odavno potrebnu generalku, stigne i hrvatska politika.<\/p>\n<p>Jer, nada umire posljednja&#8230;<\/p>\n<p><em><strong>Renato Ivanu\u0161<\/strong>\u00a0dugogodi\u0161nji je medijski profesionalac i stru\u010dnjak. U profesionalnoj karijeri bio je gotovo sve \u0161to se mo\u017ee biti u medijima \u2013 novinar, reporter, ratni reporter, urednik rubrike, pomo\u0107nik glavnog urednika, zamjenik glavnog urednika, glavni urednik vode\u0107eg hrvatskog medija, direktor medijske agencije, CEO velike medijske ku\u0107e\u2026 Danas vodi svoju tvrtku\u00a0<a href=\"https:\/\/tvornica-sadrzaja.hr\/\">\u201dTvornica Sadr\u017eaja\u201d<\/a>, a za\u00a0<a href=\"https:\/\/gorica.info\/en\/\">Goricu.info<\/a>\u00a0svaki \u0107e tjedan analizirati najva\u017enije dru\u0161tvene i politi\u010dke doga\u0111aje kako bi vam dao \u0161iri kontekst i otkrio njihovu pozadinu<\/em><\/p>\n<p>&nbsp;<\/p>","protected":false},"excerpt":{"rendered":"<p>Baby Lasagna kao predsjednik Republike Hrvatske? Vjerojatno nemogu\u0107a misija budu\u0107i se mladi Marko Puri\u0161i\u0107 vjerojatno ni pod koju cijenu ne bi uvalio u hrvatsko politi\u010dko blato, ali hajmo malo razmi\u0161ljati izvan realnih okvira. Pustimo ma\u0161ti na volju&#8230; Zamislite da na Pantov\u010dak napokon ne useli netko lo\u0161iji od svog prethodnika \u010demu svjedo\u010dimo od po\u010detka samostalne Hrvatske. [&hellip;]<\/p>\n","protected":false},"author":26,"featured_media":64569,"comment_status":"open","ping_status":"open","sticky":false,"template":"","format":"standard","meta":{"limit_modified_date":"","last_modified_date":"","jnews-multi-image_gallery":[],"jnews_single_post":[],"jnews_primary_category":[],"jnews_override_counter":[],"footnotes":""},"categories":[89],"tags":[3178,1574,1801,2089,4884,140],"class_list":["post-64623","post","type-post","status-publish","format-standard","has-post-thumbnail","hentry","category-politicka-arena","tag-baby-lasagna","tag-gorica-info","tag-kolumna","tag-pametnom-dosta","tag-predsjednik-republike","tag-renato-ivanus"],"yoast_head":"<!-- This site is optimized with the Yoast SEO Premium plugin v27.4 (Yoast SEO v27.4) - https:\/\/yoast.com\/product\/yoast-seo-premium-wordpress\/ -->\n<title>KOLUMNA Pametnom dosta: Da se Baby Lasagna kandidira za, recimo, predsjednika Republike, biste li glasali za njega? - Gorica Info<\/title>\n<meta name=\"description\" content=\"Baby Lasgna, odnosno Marko Puri\u0161i\u0107, kao predsjednik Republike? Hipotetsko je to pitanje kojim se bavi kolumnist Gorice.info Renato Ivanu\u0161\" \/>\n<meta name=\"robots\" content=\"index, follow, max-snippet:-1, max-image-preview:large, max-video-preview:-1\" \/>\n<link rel=\"canonical\" href=\"https:\/\/gorica.info\/en\/kolumna-pametnom-dosta-da-se-baby-lasagna-kandidira-za-recimo-predsjednika-republike-biste-li-glasali-za-njega\/\" \/>\n<meta property=\"og:locale\" content=\"en_US\" \/>\n<meta property=\"og:type\" content=\"article\" \/>\n<meta property=\"og:title\" content=\"KOLUMNA Pametnom dosta: Da se Baby Lasagna kandidira za, recimo, predsjednika Republike, biste li glasali za njega?\" \/>\n<meta property=\"og:description\" content=\"Baby Lasgna, odnosno Marko Puri\u0161i\u0107, kao predsjednik Republike? Hipotetsko je to pitanje kojim se bavi kolumnist Gorice.info Renato Ivanu\u0161\" \/>\n<meta property=\"og:url\" content=\"https:\/\/gorica.info\/en\/kolumna-pametnom-dosta-da-se-baby-lasagna-kandidira-za-recimo-predsjednika-republike-biste-li-glasali-za-njega\/\" \/>\n<meta property=\"og:site_name\" content=\"Gorica Info\" \/>\n<meta property=\"article:publisher\" content=\"https:\/\/www.facebook.com\/Goricainfo-106005144489262\" \/>\n<meta property=\"article:published_time\" content=\"2024-05-14T07:00:02+00:00\" \/>\n<meta property=\"og:image\" content=\"https:\/\/gorica.info\/wp-content\/uploads\/2024\/05\/Baby-Lasagna-Corinne-Cumming-EBU.jpg\" \/>\n\t<meta property=\"og:image:width\" content=\"1200\" \/>\n\t<meta property=\"og:image:height\" content=\"800\" \/>\n\t<meta property=\"og:image:type\" content=\"image\/jpeg\" \/>\n<meta name=\"author\" content=\"Renato Ivanu\u0161\" \/>\n<meta name=\"twitter:card\" content=\"summary_large_image\" \/>\n<meta name=\"twitter:creator\" content=\"@GoricaInfo\" \/>\n<meta name=\"twitter:site\" content=\"@GoricaInfo\" \/>\n<meta name=\"twitter:label1\" content=\"Written by\" \/>\n\t<meta name=\"twitter:data1\" content=\"Renato Ivanu\u0161\" \/>\n\t<meta name=\"twitter:label2\" content=\"Est. reading time\" \/>\n\t<meta name=\"twitter:data2\" content=\"4 minutes\" \/>\n<meta name=\"geo.placename\" content=\"Velika Gorica\" \/>\n<meta name=\"geo.region\" content=\"Croatia\" \/>\n<!-- \/ Yoast SEO Premium plugin. -->","yoast_head_json":{"title":"KOLUMNA Pametnom dosta: Da se Baby Lasagna kandidira za, recimo, predsjednika Republike, biste li glasali za njega? - Gorica Info","description":"Baby Lasgna, odnosno Marko Puri\u0161i\u0107, kao predsjednik Republike? Hipotetsko je to pitanje kojim se bavi kolumnist Gorice.info Renato Ivanu\u0161","robots":{"index":"index","follow":"follow","max-snippet":"max-snippet:-1","max-image-preview":"max-image-preview:large","max-video-preview":"max-video-preview:-1"},"canonical":"https:\/\/gorica.info\/en\/kolumna-pametnom-dosta-da-se-baby-lasagna-kandidira-za-recimo-predsjednika-republike-biste-li-glasali-za-njega\/","og_locale":"en_US","og_type":"article","og_title":"KOLUMNA Pametnom dosta: Da se Baby Lasagna kandidira za, recimo, predsjednika Republike, biste li glasali za njega?","og_description":"Baby Lasgna, odnosno Marko Puri\u0161i\u0107, kao predsjednik Republike? Hipotetsko je to pitanje kojim se bavi kolumnist Gorice.info Renato Ivanu\u0161","og_url":"https:\/\/gorica.info\/en\/kolumna-pametnom-dosta-da-se-baby-lasagna-kandidira-za-recimo-predsjednika-republike-biste-li-glasali-za-njega\/","og_site_name":"Gorica Info","article_publisher":"https:\/\/www.facebook.com\/Goricainfo-106005144489262","article_published_time":"2024-05-14T07:00:02+00:00","og_image":[{"width":1200,"height":800,"url":"https:\/\/gorica.info\/wp-content\/uploads\/2024\/05\/Baby-Lasagna-Corinne-Cumming-EBU.jpg","type":"image\/jpeg"}],"author":"Renato Ivanu\u0161","twitter_card":"summary_large_image","twitter_creator":"@GoricaInfo","twitter_site":"@GoricaInfo","twitter_misc":{"Written by":"Renato Ivanu\u0161","Est. reading time":"4 minutes"},"schema":{"@context":"https:\/\/schema.org","@graph":[{"@type":"NewsArticle","@id":"https:\/\/gorica.info\/kolumna-pametnom-dosta-da-se-baby-lasagna-kandidira-za-recimo-predsjednika-republike-biste-li-glasali-za-njega\/#article","isPartOf":{"@id":"https:\/\/gorica.info\/kolumna-pametnom-dosta-da-se-baby-lasagna-kandidira-za-recimo-predsjednika-republike-biste-li-glasali-za-njega\/"},"author":{"name":"Renato Ivanu\u0161","@id":"https:\/\/gorica.info\/#\/schema\/person\/8cd1bb8bf579a07607a1a22610d7d09d"},"headline":"KOLUMNA Pametnom dosta: Da se Baby Lasagna kandidira za, recimo, predsjednika Republike, biste li glasali za njega?","datePublished":"2024-05-14T07:00:02+00:00","mainEntityOfPage":{"@id":"https:\/\/gorica.info\/kolumna-pametnom-dosta-da-se-baby-lasagna-kandidira-za-recimo-predsjednika-republike-biste-li-glasali-za-njega\/"},"wordCount":748,"commentCount":0,"publisher":{"@id":"https:\/\/gorica.info\/#organization"},"image":{"@id":"https:\/\/gorica.info\/kolumna-pametnom-dosta-da-se-baby-lasagna-kandidira-za-recimo-predsjednika-republike-biste-li-glasali-za-njega\/#primaryimage"},"thumbnailUrl":"https:\/\/gorica.info\/wp-content\/uploads\/2024\/05\/Baby-Lasagna-Corinne-Cumming-EBU.jpg","keywords":["baby lasagna","gorica.info","kolumna","pametnom dosta","predsjednik republike","renato ivanu\u0161"],"articleSection":["POLITI\u010cKA ARENA"],"inLanguage":"en-US","potentialAction":[{"@type":"CommentAction","name":"Comment","target":["https:\/\/gorica.info\/kolumna-pametnom-dosta-da-se-baby-lasagna-kandidira-za-recimo-predsjednika-republike-biste-li-glasali-za-njega\/#respond"]}],"copyrightYear":"2024","copyrightHolder":{"@id":"https:\/\/gorica.info\/en\/#organization"}},{"@type":"WebPage","@id":"https:\/\/gorica.info\/kolumna-pametnom-dosta-da-se-baby-lasagna-kandidira-za-recimo-predsjednika-republike-biste-li-glasali-za-njega\/","url":"https:\/\/gorica.info\/kolumna-pametnom-dosta-da-se-baby-lasagna-kandidira-za-recimo-predsjednika-republike-biste-li-glasali-za-njega\/","name":"KOLUMNA Pametnom dosta: Da se Baby Lasagna kandidira za, recimo, predsjednika Republike, biste li glasali za njega? - Gorica Info","isPartOf":{"@id":"https:\/\/gorica.info\/#website"},"primaryImageOfPage":{"@id":"https:\/\/gorica.info\/kolumna-pametnom-dosta-da-se-baby-lasagna-kandidira-za-recimo-predsjednika-republike-biste-li-glasali-za-njega\/#primaryimage"},"image":{"@id":"https:\/\/gorica.info\/kolumna-pametnom-dosta-da-se-baby-lasagna-kandidira-za-recimo-predsjednika-republike-biste-li-glasali-za-njega\/#primaryimage"},"thumbnailUrl":"https:\/\/gorica.info\/wp-content\/uploads\/2024\/05\/Baby-Lasagna-Corinne-Cumming-EBU.jpg","datePublished":"2024-05-14T07:00:02+00:00","description":"Baby Lasgna, odnosno Marko Puri\u0161i\u0107, kao predsjednik Republike? Hipotetsko je to pitanje kojim se bavi kolumnist Gorice.info Renato Ivanu\u0161","breadcrumb":{"@id":"https:\/\/gorica.info\/kolumna-pametnom-dosta-da-se-baby-lasagna-kandidira-za-recimo-predsjednika-republike-biste-li-glasali-za-njega\/#breadcrumb"},"inLanguage":"en-US","potentialAction":[{"@type":"ReadAction","target":["https:\/\/gorica.info\/kolumna-pametnom-dosta-da-se-baby-lasagna-kandidira-za-recimo-predsjednika-republike-biste-li-glasali-za-njega\/"]}]},{"@type":"ImageObject","inLanguage":"en-US","@id":"https:\/\/gorica.info\/kolumna-pametnom-dosta-da-se-baby-lasagna-kandidira-za-recimo-predsjednika-republike-biste-li-glasali-za-njega\/#primaryimage","url":"https:\/\/gorica.info\/wp-content\/uploads\/2024\/05\/Baby-Lasagna-Corinne-Cumming-EBU.jpg","contentUrl":"https:\/\/gorica.info\/wp-content\/uploads\/2024\/05\/Baby-Lasagna-Corinne-Cumming-EBU.jpg","width":1100,"height":733,"caption":"Foto: EBU \/ Corinne Cumming"},{"@type":"BreadcrumbList","@id":"https:\/\/gorica.info\/kolumna-pametnom-dosta-da-se-baby-lasagna-kandidira-za-recimo-predsjednika-republike-biste-li-glasali-za-njega\/#breadcrumb","itemListElement":[{"@type":"ListItem","position":1,"name":"Po\u010detna stranica","item":"https:\/\/gorica.info\/"},{"@type":"ListItem","position":2,"name":"KOLUMNA Pametnom dosta: Da se Baby Lasagna kandidira za, recimo, predsjednika Republike, biste li glasali za njega?"}]},{"@type":"WebSite","@id":"https:\/\/gorica.info\/#website","url":"https:\/\/gorica.info\/","name":"Gorica Info","description":"Vijesti iz Velike Gorice i okolice.","publisher":{"@id":"https:\/\/gorica.info\/#organization"},"potentialAction":[{"@type":"SearchAction","target":{"@type":"EntryPoint","urlTemplate":"https:\/\/gorica.info\/?s={search_term_string}"},"query-input":{"@type":"PropertyValueSpecification","valueRequired":true,"valueName":"search_term_string"}}],"inLanguage":"en-US"},{"@type":["Organization","Place","NewsMediaOrganization"],"@id":"https:\/\/gorica.info\/#organization","name":"Gorica Info","url":"https:\/\/gorica.info\/","logo":{"@id":"https:\/\/gorica.info\/kolumna-pametnom-dosta-da-se-baby-lasagna-kandidira-za-recimo-predsjednika-republike-biste-li-glasali-za-njega\/#local-main-organization-logo"},"image":{"@id":"https:\/\/gorica.info\/kolumna-pametnom-dosta-da-se-baby-lasagna-kandidira-za-recimo-predsjednika-republike-biste-li-glasali-za-njega\/#local-main-organization-logo"},"sameAs":["https:\/\/www.facebook.com\/Goricainfo-106005144489262","https:\/\/x.com\/GoricaInfo","https:\/\/www.instagram.com\/gorica.info\/"],"address":{"@id":"https:\/\/gorica.info\/kolumna-pametnom-dosta-da-se-baby-lasagna-kandidira-za-recimo-predsjednika-republike-biste-li-glasali-za-njega\/#local-main-place-address"},"telephone":[],"openingHoursSpecification":[{"@type":"OpeningHoursSpecification","dayOfWeek":["Monday","Tuesday","Wednesday","Thursday","Friday","Saturday","Sunday"],"opens":"09:00","closes":"17:00"}],"email":"redakcija@gorica.info"},{"@type":"Person","@id":"https:\/\/gorica.info\/#\/schema\/person\/8cd1bb8bf579a07607a1a22610d7d09d","name":"Renato Ivanu\u0161","description":"Renato Ivanu\u0161 je dugogodi\u0161nji novinar i urednik najve\u0107ih hrvatskih medija. Voli nogomet, pogotovo HNK Goricu.","url":"https:\/\/gorica.info\/en\/author\/renato-ivanus\/"},{"@type":"PostalAddress","@id":"https:\/\/gorica.info\/kolumna-pametnom-dosta-da-se-baby-lasagna-kandidira-za-recimo-predsjednika-republike-biste-li-glasali-za-njega\/#local-main-place-address","streetAddress":"Horvatova 97","addressLocality":"Velika Gorica","postalCode":"10410","addressRegion":"Croatia","addressCountry":"HR"},{"@type":"ImageObject","inLanguage":"en-US","@id":"https:\/\/gorica.info\/kolumna-pametnom-dosta-da-se-baby-lasagna-kandidira-za-recimo-predsjednika-republike-biste-li-glasali-za-njega\/#local-main-organization-logo","url":"https:\/\/gorica.info\/wp-content\/uploads\/2024\/07\/Gorica-Info-Logo-mali.png","contentUrl":"https:\/\/gorica.info\/wp-content\/uploads\/2024\/07\/Gorica-Info-Logo-mali.png","width":450,"height":85,"caption":"Gorica Info"}]},"geo.placename":"Velika Gorica","geo.region":"Croatia"},"_links":{"self":[{"href":"https:\/\/gorica.info\/en\/wp-json\/wp\/v2\/posts\/64623","targetHints":{"allow":["GET"]}}],"collection":[{"href":"https:\/\/gorica.info\/en\/wp-json\/wp\/v2\/posts"}],"about":[{"href":"https:\/\/gorica.info\/en\/wp-json\/wp\/v2\/types\/post"}],"author":[{"embeddable":true,"href":"https:\/\/gorica.info\/en\/wp-json\/wp\/v2\/users\/26"}],"replies":[{"embeddable":true,"href":"https:\/\/gorica.info\/en\/wp-json\/wp\/v2\/comments?post=64623"}],"version-history":[{"count":0,"href":"https:\/\/gorica.info\/en\/wp-json\/wp\/v2\/posts\/64623\/revisions"}],"wp:featuredmedia":[{"embeddable":true,"href":"https:\/\/gorica.info\/en\/wp-json\/wp\/v2\/media\/64569"}],"wp:attachment":[{"href":"https:\/\/gorica.info\/en\/wp-json\/wp\/v2\/media?parent=64623"}],"wp:term":[{"taxonomy":"category","embeddable":true,"href":"https:\/\/gorica.info\/en\/wp-json\/wp\/v2\/categories?post=64623"},{"taxonomy":"post_tag","embeddable":true,"href":"https:\/\/gorica.info\/en\/wp-json\/wp\/v2\/tags?post=64623"}],"curies":[{"name":"wp","href":"https:\/\/api.w.org\/{rel}","templated":true}]}}