{"id":64747,"date":"2024-05-16T07:20:10","date_gmt":"2024-05-16T05:20:10","guid":{"rendered":"https:\/\/gorica.info\/?p=64747"},"modified":"2024-05-16T07:20:10","modified_gmt":"2024-05-16T05:20:10","slug":"vazna-obavijest-iz-zet-a-sedam-tramvajskih-linija-u-cetvrtak-ce-prometovati-izmijenjenim-trasama","status":"publish","type":"post","link":"https:\/\/gorica.info\/en\/vazna-obavijest-iz-zet-a-sedam-tramvajskih-linija-u-cetvrtak-ce-prometovati-izmijenjenim-trasama\/","title":{"rendered":"Va\u017ena obavijest iz ZET-a: Sedam tramvajskih linija u \u010detvrtak \u0107e prometovati izmijenjenim trasama"},"content":{"rendered":"<p><strong>Zbog sanacije energetskog kabla<\/strong> u \u010detvrtak, 16. svibnja <strong>od 8.05 do 15.30 sati<\/strong> bit \u0107e obustavljen <a href=\"https:\/\/gorica.info\/en\/2024\/01\/03\/ponovno-su-plave-boje-na-zet-ovim-autobusima-i-tramvajima-vise-nema-reklama\/\">tramvajski promet llicom<\/a>, od Ulice Republike Austrije do Trga bana Josipa Jela\u010di\u0107a, Juri\u0161i\u0107evom, Ulicom Franje Ra\u010dkog, preko Zrinjevca, te Frankopanskom i Savskom sjeverno od Vodnikove.<\/p>\n<p>Tramvajske linije<strong> 1, 6, 11, 12, 13, 14 i 17<\/strong> prometovat \u0107e izmijenjenim trasama u oba smjera, najavili su iz<a href=\"https:\/\/www.zet.hr\/aktualnosti\/izmjene-u-prometu\/tramvaji-u-cetvrtak-zaobilaze-uze-gradsko-srediste\/8043\"> ZET-a<\/a>.<\/p>\n<p><strong>Linija 1<\/strong>: Zapadni kolodvor &#8211; Juki\u0107eva &#8211; Vodnikova &#8211; Glavni kolodvor &#8211; Dra\u0161kovi\u0107eva &#8211; Ulica kneza Mislava &#8211; Borongaj<\/p>\n<p><strong>Linija 6<\/strong>: \u010crnomerec &#8211; Ulica Republike Austrije &#8211; Juki\u0107eva &#8211; Glavni kolodvor &#8211; Autobusni kolodvor &#8211; Sopot<\/p>\n<p><strong>Linija 11<\/strong>: \u010crnomerec &#8211; Ulica Republike Austrije &#8211; Juki\u0107eva &#8211; Glavni kolodvor &#8211; Dra\u0161kovi\u0107eva &#8211; Vla\u0161ka &#8211; Dubec<\/p>\n<p><strong>Linija 12<\/strong>: Ljubljanica &#8211; Savska &#8211; Ulica grada Vukovara &#8211; Dr\u017ei\u0107eva &#8211; \u0160ubi\u0107eva &#8211; Kvaternikov trg &#8211; Dubrava<\/p>\n<p><strong>Linija 13<\/strong>: Kvaternikov trg &#8211; Trg \u017ertava fa\u0161izma &#8211; Glavni kolodvor &#8211; Vodnikova &#8211; Savska &#8211; Ulica grada Vukovara &#8211; \u017ditnjak<\/p>\n<p><strong>Linija 14<\/strong>: Savski most &#8211; Savska &#8211; Vodnikova &#8211; Glavni Kolodvor &#8211; Dra\u0161kovi\u0107eva &#8211; Mihaljevac<\/p>\n<p><strong>Linija 17<\/strong>: Pre\u010dko &#8211; Savska &#8211; Ulica grada Vukovara &#8211; Autobusni kolodvor &#8211; Branimirova &#8211; Ulica kneza Mislava &#8211; Trg \u017ertava fa\u0161izma\u00a0 &#8211; Borongaj.<\/p>","protected":false},"excerpt":{"rendered":"<p>Zbog sanacije energetskog kabla u \u010detvrtak, 16. svibnja od 8.05 do 15.30 sati bit \u0107e obustavljen tramvajski promet llicom, od Ulice Republike Austrije do Trga bana Josipa Jela\u010di\u0107a, Juri\u0161i\u0107evom, Ulicom Franje Ra\u010dkog, preko Zrinjevca, te Frankopanskom i Savskom sjeverno od Vodnikove. Tramvajske linije 1, 6, 11, 12, 13, 14 i 17 prometovat \u0107e izmijenjenim trasama [&hellip;]<\/p>\n","protected":false},"author":23,"featured_media":64748,"comment_status":"open","ping_status":"open","sticky":false,"template":"","format":"standard","meta":{"limit_modified_date":"","last_modified_date":"","jnews-multi-image_gallery":[],"jnews_single_post":[],"jnews_primary_category":[],"jnews_override_counter":[],"footnotes":""},"categories":[107],"tags":[4922,745,370,4923,283,284],"class_list":["post-64747","post","type-post","status-publish","format-standard","has-post-thumbnail","hentry","category-zagreb","tag-linija","tag-obilazni-pravci","tag-tramvaji","tag-tramvajske-linije","tag-tramvajski-promet","tag-zet"],"yoast_head":"<!-- This site is optimized with the Yoast SEO Premium plugin v27.4 (Yoast SEO v27.4) - https:\/\/yoast.com\/product\/yoast-seo-premium-wordpress\/ -->\n<title>Va\u017ena obavijest iz ZET-a: Sedam tramvajskih linija u \u010detvrtak \u0107e prometovati izmijenjenim trasama - Gorica Info<\/title>\n<meta name=\"description\" content=\"Va\u017ena obavijest iz ZET-a: Sedam tramvajskih linija u \u010detvrtak \u0107e prometovati izmijenjenim trasama i ne\u0107e voziti sredi\u0161tem grada.\" \/>\n<meta name=\"robots\" content=\"index, follow, max-snippet:-1, max-image-preview:large, max-video-preview:-1\" \/>\n<link rel=\"canonical\" href=\"https:\/\/gorica.info\/en\/vazna-obavijest-iz-zet-a-sedam-tramvajskih-linija-u-cetvrtak-ce-prometovati-izmijenjenim-trasama\/\" \/>\n<meta property=\"og:locale\" content=\"en_US\" \/>\n<meta property=\"og:type\" content=\"article\" \/>\n<meta property=\"og:title\" content=\"Va\u017ena obavijest iz ZET-a: Sedam tramvajskih linija u \u010detvrtak \u0107e prometovati izmijenjenim trasama\" \/>\n<meta property=\"og:description\" content=\"Va\u017ena obavijest iz ZET-a: Sedam tramvajskih linija u \u010detvrtak \u0107e prometovati izmijenjenim trasama i ne\u0107e voziti sredi\u0161tem grada.\" \/>\n<meta property=\"og:url\" content=\"https:\/\/gorica.info\/en\/vazna-obavijest-iz-zet-a-sedam-tramvajskih-linija-u-cetvrtak-ce-prometovati-izmijenjenim-trasama\/\" \/>\n<meta property=\"og:site_name\" content=\"Gorica Info\" \/>\n<meta property=\"article:publisher\" content=\"https:\/\/www.facebook.com\/Goricainfo-106005144489262\" \/>\n<meta property=\"article:published_time\" content=\"2024-05-16T05:20:10+00:00\" \/>\n<meta property=\"og:image\" content=\"https:\/\/gorica.info\/wp-content\/uploads\/2024\/05\/tramvaji-zg.jpg\" \/>\n\t<meta property=\"og:image:width\" content=\"1067\" \/>\n\t<meta property=\"og:image:height\" content=\"800\" \/>\n\t<meta property=\"og:image:type\" content=\"image\/jpeg\" \/>\n<meta name=\"author\" content=\"Gorica. info\" \/>\n<meta name=\"twitter:card\" content=\"summary_large_image\" \/>\n<meta name=\"twitter:creator\" content=\"@GoricaInfo\" \/>\n<meta name=\"twitter:site\" content=\"@GoricaInfo\" \/>\n<meta name=\"twitter:label1\" content=\"Written by\" \/>\n\t<meta name=\"twitter:data1\" content=\"Gorica. info\" \/>\n\t<meta name=\"twitter:label2\" content=\"Est. reading time\" \/>\n\t<meta name=\"twitter:data2\" content=\"2 minutes\" \/>\n<meta name=\"geo.placename\" content=\"Velika Gorica\" \/>\n<meta name=\"geo.region\" content=\"Croatia\" \/>\n<!-- \/ Yoast SEO Premium plugin. -->","yoast_head_json":{"title":"Va\u017ena obavijest iz ZET-a: Sedam tramvajskih linija u \u010detvrtak \u0107e prometovati izmijenjenim trasama - Gorica Info","description":"Va\u017ena obavijest iz ZET-a: Sedam tramvajskih linija u \u010detvrtak \u0107e prometovati izmijenjenim trasama i ne\u0107e voziti sredi\u0161tem grada.","robots":{"index":"index","follow":"follow","max-snippet":"max-snippet:-1","max-image-preview":"max-image-preview:large","max-video-preview":"max-video-preview:-1"},"canonical":"https:\/\/gorica.info\/en\/vazna-obavijest-iz-zet-a-sedam-tramvajskih-linija-u-cetvrtak-ce-prometovati-izmijenjenim-trasama\/","og_locale":"en_US","og_type":"article","og_title":"Va\u017ena obavijest iz ZET-a: Sedam tramvajskih linija u \u010detvrtak \u0107e prometovati izmijenjenim trasama","og_description":"Va\u017ena obavijest iz ZET-a: Sedam tramvajskih linija u \u010detvrtak \u0107e prometovati izmijenjenim trasama i ne\u0107e voziti sredi\u0161tem grada.","og_url":"https:\/\/gorica.info\/en\/vazna-obavijest-iz-zet-a-sedam-tramvajskih-linija-u-cetvrtak-ce-prometovati-izmijenjenim-trasama\/","og_site_name":"Gorica Info","article_publisher":"https:\/\/www.facebook.com\/Goricainfo-106005144489262","article_published_time":"2024-05-16T05:20:10+00:00","og_image":[{"width":1067,"height":800,"url":"https:\/\/gorica.info\/wp-content\/uploads\/2024\/05\/tramvaji-zg.jpg","type":"image\/jpeg"}],"author":"Gorica. info","twitter_card":"summary_large_image","twitter_creator":"@GoricaInfo","twitter_site":"@GoricaInfo","twitter_misc":{"Written by":"Gorica. info","Est. reading time":"2 minutes"},"schema":{"@context":"https:\/\/schema.org","@graph":[{"@type":"NewsArticle","@id":"https:\/\/gorica.info\/vazna-obavijest-iz-zet-a-sedam-tramvajskih-linija-u-cetvrtak-ce-prometovati-izmijenjenim-trasama\/#article","isPartOf":{"@id":"https:\/\/gorica.info\/vazna-obavijest-iz-zet-a-sedam-tramvajskih-linija-u-cetvrtak-ce-prometovati-izmijenjenim-trasama\/"},"author":{"name":"Gorica. info","@id":"https:\/\/gorica.info\/#\/schema\/person\/4499af1f22f322670b9b5977ccc2e3de"},"headline":"Va\u017ena obavijest iz ZET-a: Sedam tramvajskih linija u \u010detvrtak \u0107e prometovati izmijenjenim trasama","datePublished":"2024-05-16T05:20:10+00:00","mainEntityOfPage":{"@id":"https:\/\/gorica.info\/vazna-obavijest-iz-zet-a-sedam-tramvajskih-linija-u-cetvrtak-ce-prometovati-izmijenjenim-trasama\/"},"wordCount":212,"commentCount":0,"publisher":{"@id":"https:\/\/gorica.info\/#organization"},"image":{"@id":"https:\/\/gorica.info\/vazna-obavijest-iz-zet-a-sedam-tramvajskih-linija-u-cetvrtak-ce-prometovati-izmijenjenim-trasama\/#primaryimage"},"thumbnailUrl":"https:\/\/gorica.info\/wp-content\/uploads\/2024\/05\/tramvaji-zg.jpg","keywords":["linija","obilazni pravci","tramvaji","tramvajske linije","tramvajski promet","ZET"],"articleSection":["ZAGREB"],"inLanguage":"en-US","potentialAction":[{"@type":"CommentAction","name":"Comment","target":["https:\/\/gorica.info\/vazna-obavijest-iz-zet-a-sedam-tramvajskih-linija-u-cetvrtak-ce-prometovati-izmijenjenim-trasama\/#respond"]}],"copyrightYear":"2024","copyrightHolder":{"@id":"https:\/\/gorica.info\/en\/#organization"}},{"@type":"WebPage","@id":"https:\/\/gorica.info\/vazna-obavijest-iz-zet-a-sedam-tramvajskih-linija-u-cetvrtak-ce-prometovati-izmijenjenim-trasama\/","url":"https:\/\/gorica.info\/vazna-obavijest-iz-zet-a-sedam-tramvajskih-linija-u-cetvrtak-ce-prometovati-izmijenjenim-trasama\/","name":"Va\u017ena obavijest iz ZET-a: Sedam tramvajskih linija u \u010detvrtak \u0107e prometovati izmijenjenim trasama - Gorica Info","isPartOf":{"@id":"https:\/\/gorica.info\/#website"},"primaryImageOfPage":{"@id":"https:\/\/gorica.info\/vazna-obavijest-iz-zet-a-sedam-tramvajskih-linija-u-cetvrtak-ce-prometovati-izmijenjenim-trasama\/#primaryimage"},"image":{"@id":"https:\/\/gorica.info\/vazna-obavijest-iz-zet-a-sedam-tramvajskih-linija-u-cetvrtak-ce-prometovati-izmijenjenim-trasama\/#primaryimage"},"thumbnailUrl":"https:\/\/gorica.info\/wp-content\/uploads\/2024\/05\/tramvaji-zg.jpg","datePublished":"2024-05-16T05:20:10+00:00","description":"Va\u017ena obavijest iz ZET-a: Sedam tramvajskih linija u \u010detvrtak \u0107e prometovati izmijenjenim trasama i ne\u0107e voziti sredi\u0161tem grada.","breadcrumb":{"@id":"https:\/\/gorica.info\/vazna-obavijest-iz-zet-a-sedam-tramvajskih-linija-u-cetvrtak-ce-prometovati-izmijenjenim-trasama\/#breadcrumb"},"inLanguage":"en-US","potentialAction":[{"@type":"ReadAction","target":["https:\/\/gorica.info\/vazna-obavijest-iz-zet-a-sedam-tramvajskih-linija-u-cetvrtak-ce-prometovati-izmijenjenim-trasama\/"]}]},{"@type":"ImageObject","inLanguage":"en-US","@id":"https:\/\/gorica.info\/vazna-obavijest-iz-zet-a-sedam-tramvajskih-linija-u-cetvrtak-ce-prometovati-izmijenjenim-trasama\/#primaryimage","url":"https:\/\/gorica.info\/wp-content\/uploads\/2024\/05\/tramvaji-zg.jpg","contentUrl":"https:\/\/gorica.info\/wp-content\/uploads\/2024\/05\/tramvaji-zg.jpg","width":1067,"height":800,"caption":"linija"},{"@type":"BreadcrumbList","@id":"https:\/\/gorica.info\/vazna-obavijest-iz-zet-a-sedam-tramvajskih-linija-u-cetvrtak-ce-prometovati-izmijenjenim-trasama\/#breadcrumb","itemListElement":[{"@type":"ListItem","position":1,"name":"Po\u010detna stranica","item":"https:\/\/gorica.info\/"},{"@type":"ListItem","position":2,"name":"Va\u017ena obavijest iz ZET-a: Sedam tramvajskih linija u \u010detvrtak \u0107e prometovati izmijenjenim trasama"}]},{"@type":"WebSite","@id":"https:\/\/gorica.info\/#website","url":"https:\/\/gorica.info\/","name":"Gorica Info","description":"Vijesti iz Velike Gorice i okolice.","publisher":{"@id":"https:\/\/gorica.info\/#organization"},"potentialAction":[{"@type":"SearchAction","target":{"@type":"EntryPoint","urlTemplate":"https:\/\/gorica.info\/?s={search_term_string}"},"query-input":{"@type":"PropertyValueSpecification","valueRequired":true,"valueName":"search_term_string"}}],"inLanguage":"en-US"},{"@type":["Organization","Place","NewsMediaOrganization"],"@id":"https:\/\/gorica.info\/#organization","name":"Gorica Info","url":"https:\/\/gorica.info\/","logo":{"@id":"https:\/\/gorica.info\/vazna-obavijest-iz-zet-a-sedam-tramvajskih-linija-u-cetvrtak-ce-prometovati-izmijenjenim-trasama\/#local-main-organization-logo"},"image":{"@id":"https:\/\/gorica.info\/vazna-obavijest-iz-zet-a-sedam-tramvajskih-linija-u-cetvrtak-ce-prometovati-izmijenjenim-trasama\/#local-main-organization-logo"},"sameAs":["https:\/\/www.facebook.com\/Goricainfo-106005144489262","https:\/\/x.com\/GoricaInfo","https:\/\/www.instagram.com\/gorica.info\/"],"address":{"@id":"https:\/\/gorica.info\/vazna-obavijest-iz-zet-a-sedam-tramvajskih-linija-u-cetvrtak-ce-prometovati-izmijenjenim-trasama\/#local-main-place-address"},"telephone":[],"openingHoursSpecification":[{"@type":"OpeningHoursSpecification","dayOfWeek":["Monday","Tuesday","Wednesday","Thursday","Friday","Saturday","Sunday"],"opens":"09:00","closes":"17:00"}],"email":"redakcija@gorica.info"},{"@type":"Person","@id":"https:\/\/gorica.info\/#\/schema\/person\/4499af1f22f322670b9b5977ccc2e3de","name":"Gorica. info","description":"Gorica.info je lokalni portal koji prati Veliku Goricu i okolici, svakodnevno donosi najnovije vijesti i pri\u010de, kulturna doga\u0111anja i aktualnosti koje oblikuju \u017eivot gra\u0111ana.","url":"https:\/\/gorica.info\/en\/author\/gorica-info\/"},{"@type":"PostalAddress","@id":"https:\/\/gorica.info\/vazna-obavijest-iz-zet-a-sedam-tramvajskih-linija-u-cetvrtak-ce-prometovati-izmijenjenim-trasama\/#local-main-place-address","streetAddress":"Horvatova 97","addressLocality":"Velika Gorica","postalCode":"10410","addressRegion":"Croatia","addressCountry":"HR"},{"@type":"ImageObject","inLanguage":"en-US","@id":"https:\/\/gorica.info\/vazna-obavijest-iz-zet-a-sedam-tramvajskih-linija-u-cetvrtak-ce-prometovati-izmijenjenim-trasama\/#local-main-organization-logo","url":"https:\/\/gorica.info\/wp-content\/uploads\/2024\/07\/Gorica-Info-Logo-mali.png","contentUrl":"https:\/\/gorica.info\/wp-content\/uploads\/2024\/07\/Gorica-Info-Logo-mali.png","width":450,"height":85,"caption":"Gorica Info"}]},"geo.placename":"Velika Gorica","geo.region":"Croatia"},"_links":{"self":[{"href":"https:\/\/gorica.info\/en\/wp-json\/wp\/v2\/posts\/64747","targetHints":{"allow":["GET"]}}],"collection":[{"href":"https:\/\/gorica.info\/en\/wp-json\/wp\/v2\/posts"}],"about":[{"href":"https:\/\/gorica.info\/en\/wp-json\/wp\/v2\/types\/post"}],"author":[{"embeddable":true,"href":"https:\/\/gorica.info\/en\/wp-json\/wp\/v2\/users\/23"}],"replies":[{"embeddable":true,"href":"https:\/\/gorica.info\/en\/wp-json\/wp\/v2\/comments?post=64747"}],"version-history":[{"count":0,"href":"https:\/\/gorica.info\/en\/wp-json\/wp\/v2\/posts\/64747\/revisions"}],"wp:featuredmedia":[{"embeddable":true,"href":"https:\/\/gorica.info\/en\/wp-json\/wp\/v2\/media\/64748"}],"wp:attachment":[{"href":"https:\/\/gorica.info\/en\/wp-json\/wp\/v2\/media?parent=64747"}],"wp:term":[{"taxonomy":"category","embeddable":true,"href":"https:\/\/gorica.info\/en\/wp-json\/wp\/v2\/categories?post=64747"},{"taxonomy":"post_tag","embeddable":true,"href":"https:\/\/gorica.info\/en\/wp-json\/wp\/v2\/tags?post=64747"}],"curies":[{"name":"wp","href":"https:\/\/api.w.org\/{rel}","templated":true}]}}