{"id":64968,"date":"2024-05-21T11:08:16","date_gmt":"2024-05-21T09:08:16","guid":{"rendered":"https:\/\/gorica.info\/?p=64968"},"modified":"2024-05-21T11:08:16","modified_gmt":"2024-05-21T09:08:16","slug":"gradonacelnik-ackar-ugostio-i-nagradio-drzavne-prvake-hnk-gorice","status":"publish","type":"post","link":"https:\/\/gorica.info\/en\/gradonacelnik-ackar-ugostio-i-nagradio-drzavne-prvake-hnk-gorice\/","title":{"rendered":"Gradona\u010delnik A\u010dkar ugostio i nagradio dr\u017eavne prvake HNK Gorice"},"content":{"rendered":"<p><strong>Talentirani pioniri <a href=\"https:\/\/gorica.info\/en\/?s=hnk+gorica\">HNK Gorice<\/a><\/strong> ostvarili su povijesni rezultat postav\u0161i <strong>dr\u017eavni prvaci<\/strong>. Na tom su im uspjehu u utorak \u010destitali gradona\u010delnik <strong>Kre\u0161imir A\u010dkar<\/strong> i zamjenik <strong>Neven Karas<\/strong>.<\/p>\n<p>Gradona\u010delnik A\u010dkar kazao je kako su oni na\u0161 ponos jer su ostvarili povijesni uspjeh za na\u0161 grad.<\/p>\n<p><img fetchpriority=\"high\" decoding=\"async\" class=\"aligncenter wp-image-64976 size-large\" src=\"https:\/\/gorica.info\/wp-content\/uploads\/2024\/05\/pioniri-hnk-gorica-1024x768.jpg\" alt=\"\" width=\"810\" height=\"608\" srcset=\"https:\/\/gorica.info\/wp-content\/uploads\/2024\/05\/pioniri-hnk-gorica-1024x768.jpg 1024w, https:\/\/gorica.info\/wp-content\/uploads\/2024\/05\/pioniri-hnk-gorica-300x225.jpg 300w, https:\/\/gorica.info\/wp-content\/uploads\/2024\/05\/pioniri-hnk-gorica-768x576.jpg 768w, https:\/\/gorica.info\/wp-content\/uploads\/2024\/05\/pioniri-hnk-gorica-750x562.jpg 750w, https:\/\/gorica.info\/wp-content\/uploads\/2024\/05\/pioniri-hnk-gorica.jpg 1067w\" sizes=\"(max-width: 810px) 100vw, 810px\" \/><\/p>\n<p>&#8211; Predsjednik HNS-a Marijan Kusti\u0107 nedavno mi je rekao da osim velike \u010detvorke, a to su Dinamo, Hajduk, Rijeka i Osijek te Lokomotive, niti jednom klubu nije uspjelo osvojiti naslov prvaka Hrvatske u ovom uzrastu. Va\u0161a pobjeda i va\u0161 trofej su onda ne\u0161to puno vi\u0161e i va\u017enije nego \u0161to se prvotno mislili \u2013 istaknuo je gradona\u010delnik.<\/p>\n<p>\u2013 Uspjeh koji ste postigli u ovoj sezoni produkt je rada i odricanja. Vi pokazujete da <a href=\"https:\/\/www.facebook.com\/skolahnkgorica\/\">omladinski pogon HNK Gorice<\/a> je svijetla to\u010dka i da ste na pravom putu. S punim pravom mo\u017eemo re\u0107i da Velika Gorica zaslu\u017euje prvoliga\u0161a, ali i da trebamo dati sve da vi stasate u seniorsku mom\u010dad i budete budu\u0107nost i ponos na\u0161eg grada \u2013 poru\u010dio je A\u010dkar.<\/p>\n<p>Zamjenik Karas, koji je predsjednik HRK Gorice, kazao je kako se nada da \u0107e u budu\u0107nosti imati isti uspjeh i generaciju mladih sporta\u0161a u svom rukometnom klubu. Vodstvo na\u0161eg grada voli i poti\u010de rad mla\u0111ih dobnih kategorija u svim sportovima \u2013 rekao je Karas.<\/p>\n<p><img decoding=\"async\" class=\"aligncenter wp-image-64974 size-large\" src=\"https:\/\/gorica.info\/wp-content\/uploads\/2024\/05\/boris-trivunov-1024x737.jpg\" alt=\"\" width=\"810\" height=\"583\" srcset=\"https:\/\/gorica.info\/wp-content\/uploads\/2024\/05\/boris-trivunov-1024x737.jpg 1024w, https:\/\/gorica.info\/wp-content\/uploads\/2024\/05\/boris-trivunov-300x216.jpg 300w, https:\/\/gorica.info\/wp-content\/uploads\/2024\/05\/boris-trivunov-768x553.jpg 768w, https:\/\/gorica.info\/wp-content\/uploads\/2024\/05\/boris-trivunov-120x86.jpg 120w, https:\/\/gorica.info\/wp-content\/uploads\/2024\/05\/boris-trivunov-750x540.jpg 750w, https:\/\/gorica.info\/wp-content\/uploads\/2024\/05\/boris-trivunov.jpg 1100w\" sizes=\"(max-width: 810px) 100vw, 810px\" \/><\/p>\n<p>Na mlade nogometa\u0161e posebno je ponosan njihov trener <strong>Boris Trivunov<\/strong>.<\/p>\n<p>&#8211; De\u010dki su napravili povijesni i veliki rezultat. Mislim da niti oni nisu svjesni \u0161to smo sve uspjeli napraviti na kraju. Moja poruka im je da samo nastave dalje raditi i da se ne zadovolje s ovime \u0161to smo postigli, nego da i dalje naporno rade bude to jo\u0161 i bolje \u2013 rekao je trener Trivunov uz zahvalu cijelom klubu te <strong>Slavku Perkovi\u0107u<\/strong> i <strong>Marku Radani\u0107u<\/strong> \u0161to su mu dali podr\u0161ku.<\/p>\n<p>Direktor Nogometne \u0161kole HNK Gorice <strong>Slavko Perkovi\u0107<\/strong> zahvalio je Gradu Velikoj Gorici \u0161to izdvaja zna\u010dajna sredstva za razvoj nogometne \u0161kole.<\/p>\n<p><img decoding=\"async\" class=\"aligncenter wp-image-64975 size-large\" src=\"https:\/\/gorica.info\/wp-content\/uploads\/2024\/05\/pioniri-hnk-gorica1-1024x768.jpg\" alt=\"dr\u017eavne prvake\" width=\"810\" height=\"608\" srcset=\"https:\/\/gorica.info\/wp-content\/uploads\/2024\/05\/pioniri-hnk-gorica1-1024x768.jpg 1024w, https:\/\/gorica.info\/wp-content\/uploads\/2024\/05\/pioniri-hnk-gorica1-300x225.jpg 300w, https:\/\/gorica.info\/wp-content\/uploads\/2024\/05\/pioniri-hnk-gorica1-768x576.jpg 768w, https:\/\/gorica.info\/wp-content\/uploads\/2024\/05\/pioniri-hnk-gorica1-750x562.jpg 750w, https:\/\/gorica.info\/wp-content\/uploads\/2024\/05\/pioniri-hnk-gorica1.jpg 1067w\" sizes=\"(max-width: 810px) 100vw, 810px\" \/><\/p>\n<p><img loading=\"lazy\" decoding=\"async\" class=\"aligncenter wp-image-64969 size-large\" src=\"https:\/\/gorica.info\/wp-content\/uploads\/2024\/05\/pioniri-hnk-gorica3-1024x768.jpg\" alt=\"\" width=\"810\" height=\"608\" srcset=\"https:\/\/gorica.info\/wp-content\/uploads\/2024\/05\/pioniri-hnk-gorica3-1024x768.jpg 1024w, https:\/\/gorica.info\/wp-content\/uploads\/2024\/05\/pioniri-hnk-gorica3-300x225.jpg 300w, https:\/\/gorica.info\/wp-content\/uploads\/2024\/05\/pioniri-hnk-gorica3-768x576.jpg 768w, https:\/\/gorica.info\/wp-content\/uploads\/2024\/05\/pioniri-hnk-gorica3-750x562.jpg 750w, https:\/\/gorica.info\/wp-content\/uploads\/2024\/05\/pioniri-hnk-gorica3.jpg 1067w\" sizes=\"(max-width: 810px) 100vw, 810px\" \/><\/p>\n<p><img loading=\"lazy\" decoding=\"async\" class=\"aligncenter wp-image-64970 size-large\" src=\"https:\/\/gorica.info\/wp-content\/uploads\/2024\/05\/pioniri-hnk-gorica2-1024x768.jpg\" alt=\"\" width=\"810\" height=\"608\" srcset=\"https:\/\/gorica.info\/wp-content\/uploads\/2024\/05\/pioniri-hnk-gorica2-1024x768.jpg 1024w, https:\/\/gorica.info\/wp-content\/uploads\/2024\/05\/pioniri-hnk-gorica2-300x225.jpg 300w, https:\/\/gorica.info\/wp-content\/uploads\/2024\/05\/pioniri-hnk-gorica2.jpg 1067w\" sizes=\"(max-width: 810px) 100vw, 810px\" \/><\/p>\n<p><img loading=\"lazy\" decoding=\"async\" class=\"aligncenter wp-image-64971 size-large\" src=\"https:\/\/gorica.info\/wp-content\/uploads\/2024\/05\/hnk-gorica-pioniri2-1024x767.jpg\" alt=\"dr\u017eavne prvake\" width=\"810\" height=\"607\" srcset=\"https:\/\/gorica.info\/wp-content\/uploads\/2024\/05\/hnk-gorica-pioniri2-1024x767.jpg 1024w, https:\/\/gorica.info\/wp-content\/uploads\/2024\/05\/hnk-gorica-pioniri2-300x225.jpg 300w, https:\/\/gorica.info\/wp-content\/uploads\/2024\/05\/hnk-gorica-pioniri2-768x575.jpg 768w, https:\/\/gorica.info\/wp-content\/uploads\/2024\/05\/hnk-gorica-pioniri2-750x562.jpg 750w, https:\/\/gorica.info\/wp-content\/uploads\/2024\/05\/hnk-gorica-pioniri2.jpg 1068w\" sizes=\"(max-width: 810px) 100vw, 810px\" \/><\/p>\n<p><img loading=\"lazy\" decoding=\"async\" class=\"aligncenter wp-image-64972 size-large\" src=\"https:\/\/gorica.info\/wp-content\/uploads\/2024\/05\/hnk-gorica-pioniri1-1024x767.jpg\" alt=\"dr\u017eavne prvake\" width=\"810\" height=\"607\" srcset=\"https:\/\/gorica.info\/wp-content\/uploads\/2024\/05\/hnk-gorica-pioniri1-1024x767.jpg 1024w, https:\/\/gorica.info\/wp-content\/uploads\/2024\/05\/hnk-gorica-pioniri1-300x225.jpg 300w, https:\/\/gorica.info\/wp-content\/uploads\/2024\/05\/hnk-gorica-pioniri1-768x575.jpg 768w, https:\/\/gorica.info\/wp-content\/uploads\/2024\/05\/hnk-gorica-pioniri1-750x562.jpg 750w, https:\/\/gorica.info\/wp-content\/uploads\/2024\/05\/hnk-gorica-pioniri1.jpg 1068w\" sizes=\"(max-width: 810px) 100vw, 810px\" \/><\/p>\n<p><img loading=\"lazy\" decoding=\"async\" class=\"aligncenter wp-image-64973 size-large\" src=\"https:\/\/gorica.info\/wp-content\/uploads\/2024\/05\/hnk-gorica-pioniri-1024x767.jpg\" alt=\"dr\u017eavne prvake\" width=\"810\" height=\"607\" srcset=\"https:\/\/gorica.info\/wp-content\/uploads\/2024\/05\/hnk-gorica-pioniri-1024x767.jpg 1024w, https:\/\/gorica.info\/wp-content\/uploads\/2024\/05\/hnk-gorica-pioniri-300x225.jpg 300w, https:\/\/gorica.info\/wp-content\/uploads\/2024\/05\/hnk-gorica-pioniri-768x575.jpg 768w, https:\/\/gorica.info\/wp-content\/uploads\/2024\/05\/hnk-gorica-pioniri-750x562.jpg 750w, https:\/\/gorica.info\/wp-content\/uploads\/2024\/05\/hnk-gorica-pioniri.jpg 1068w\" sizes=\"(max-width: 810px) 100vw, 810px\" \/><\/p>","protected":false},"excerpt":{"rendered":"<p>Talentirani pioniri HNK Gorice ostvarili su povijesni rezultat postav\u0161i dr\u017eavni prvaci. Na tom su im uspjehu u utorak \u010destitali gradona\u010delnik Kre\u0161imir A\u010dkar i zamjenik Neven Karas. Gradona\u010delnik A\u010dkar kazao je kako su oni na\u0161 ponos jer su ostvarili povijesni uspjeh za na\u0161 grad. &#8211; Predsjednik HNS-a Marijan Kusti\u0107 nedavno mi je rekao da osim velike [&hellip;]<\/p>\n","protected":false},"author":23,"featured_media":64977,"comment_status":"open","ping_status":"open","sticky":false,"template":"","format":"standard","meta":{"limit_modified_date":"","last_modified_date":"","jnews-multi-image_gallery":[],"jnews_single_post":[],"jnews_primary_category":[],"jnews_override_counter":[],"footnotes":""},"categories":[101],"tags":[],"class_list":["post-64968","post","type-post","status-publish","format-standard","has-post-thumbnail","hentry","category-nogomet"],"yoast_head":"<!-- This site is optimized with the Yoast SEO Premium plugin v27.5 (Yoast SEO v27.5) - https:\/\/yoast.com\/product\/yoast-seo-premium-wordpress\/ -->\n<title>Gradona\u010delnik A\u010dkar ugostio i nagradio dr\u017eavne prvake HNK Gorice - Gorica Info<\/title>\n<meta name=\"description\" content=\"Gradona\u010delnik A\u010dkar ugostio i nagradio dr\u017eavne prvake HNK Gorice koji su postigli povijesni uspjeh za na\u0161 grad i klub.\" \/>\n<meta name=\"robots\" content=\"index, follow, max-snippet:-1, max-image-preview:large, max-video-preview:-1\" \/>\n<link rel=\"canonical\" href=\"https:\/\/gorica.info\/en\/gradonacelnik-ackar-ugostio-i-nagradio-drzavne-prvake-hnk-gorice\/\" \/>\n<meta property=\"og:locale\" content=\"en_US\" \/>\n<meta property=\"og:type\" content=\"article\" \/>\n<meta property=\"og:title\" content=\"Gradona\u010delnik A\u010dkar ugostio i nagradio dr\u017eavne prvake HNK Gorice\" \/>\n<meta property=\"og:description\" content=\"Gradona\u010delnik A\u010dkar ugostio i nagradio dr\u017eavne prvake HNK Gorice koji su postigli povijesni uspjeh za na\u0161 grad i klub.\" \/>\n<meta property=\"og:url\" content=\"https:\/\/gorica.info\/en\/gradonacelnik-ackar-ugostio-i-nagradio-drzavne-prvake-hnk-gorice\/\" \/>\n<meta property=\"og:site_name\" content=\"Gorica Info\" \/>\n<meta property=\"article:publisher\" content=\"https:\/\/www.facebook.com\/Goricainfo-106005144489262\" \/>\n<meta property=\"article:published_time\" content=\"2024-05-21T09:08:16+00:00\" \/>\n<meta property=\"og:image\" content=\"https:\/\/gorica.info\/wp-content\/uploads\/2024\/05\/hnk-gorica-pioniri-prvaci.jpg\" \/>\n\t<meta property=\"og:image:width\" content=\"1200\" \/>\n\t<meta property=\"og:image:height\" content=\"676\" \/>\n\t<meta property=\"og:image:type\" content=\"image\/jpeg\" \/>\n<meta name=\"author\" content=\"Gorica. info\" \/>\n<meta name=\"twitter:card\" content=\"summary_large_image\" \/>\n<meta name=\"twitter:creator\" content=\"@GoricaInfo\" \/>\n<meta name=\"twitter:site\" content=\"@GoricaInfo\" \/>\n<meta name=\"twitter:label1\" content=\"Written by\" \/>\n\t<meta name=\"twitter:data1\" content=\"Gorica. info\" \/>\n\t<meta name=\"twitter:label2\" content=\"Est. reading time\" \/>\n\t<meta name=\"twitter:data2\" content=\"4 minutes\" \/>\n<meta name=\"geo.placename\" content=\"Velika Gorica\" \/>\n<meta name=\"geo.region\" content=\"Croatia\" \/>\n<!-- \/ Yoast SEO Premium plugin. -->","yoast_head_json":{"title":"Gradona\u010delnik A\u010dkar ugostio i nagradio dr\u017eavne prvake HNK Gorice - Gorica Info","description":"Gradona\u010delnik A\u010dkar ugostio i nagradio dr\u017eavne prvake HNK Gorice koji su postigli povijesni uspjeh za na\u0161 grad i klub.","robots":{"index":"index","follow":"follow","max-snippet":"max-snippet:-1","max-image-preview":"max-image-preview:large","max-video-preview":"max-video-preview:-1"},"canonical":"https:\/\/gorica.info\/en\/gradonacelnik-ackar-ugostio-i-nagradio-drzavne-prvake-hnk-gorice\/","og_locale":"en_US","og_type":"article","og_title":"Gradona\u010delnik A\u010dkar ugostio i nagradio dr\u017eavne prvake HNK Gorice","og_description":"Gradona\u010delnik A\u010dkar ugostio i nagradio dr\u017eavne prvake HNK Gorice koji su postigli povijesni uspjeh za na\u0161 grad i klub.","og_url":"https:\/\/gorica.info\/en\/gradonacelnik-ackar-ugostio-i-nagradio-drzavne-prvake-hnk-gorice\/","og_site_name":"Gorica Info","article_publisher":"https:\/\/www.facebook.com\/Goricainfo-106005144489262","article_published_time":"2024-05-21T09:08:16+00:00","og_image":[{"width":1200,"height":676,"url":"https:\/\/gorica.info\/wp-content\/uploads\/2024\/05\/hnk-gorica-pioniri-prvaci.jpg","type":"image\/jpeg"}],"author":"Gorica. info","twitter_card":"summary_large_image","twitter_creator":"@GoricaInfo","twitter_site":"@GoricaInfo","twitter_misc":{"Written by":"Gorica. info","Est. reading time":"4 minutes"},"schema":{"@context":"https:\/\/schema.org","@graph":[{"@type":"NewsArticle","@id":"https:\/\/gorica.info\/gradonacelnik-ackar-ugostio-i-nagradio-drzavne-prvake-hnk-gorice\/#article","isPartOf":{"@id":"https:\/\/gorica.info\/gradonacelnik-ackar-ugostio-i-nagradio-drzavne-prvake-hnk-gorice\/"},"author":{"name":"Gorica. info","@id":"https:\/\/gorica.info\/#\/schema\/person\/4499af1f22f322670b9b5977ccc2e3de"},"headline":"Gradona\u010delnik A\u010dkar ugostio i nagradio dr\u017eavne prvake HNK Gorice","datePublished":"2024-05-21T09:08:16+00:00","mainEntityOfPage":{"@id":"https:\/\/gorica.info\/gradonacelnik-ackar-ugostio-i-nagradio-drzavne-prvake-hnk-gorice\/"},"wordCount":346,"commentCount":0,"publisher":{"@id":"https:\/\/gorica.info\/#organization"},"image":{"@id":"https:\/\/gorica.info\/gradonacelnik-ackar-ugostio-i-nagradio-drzavne-prvake-hnk-gorice\/#primaryimage"},"thumbnailUrl":"https:\/\/gorica.info\/wp-content\/uploads\/2024\/05\/hnk-gorica-pioniri-prvaci.jpg","articleSection":["NOGOMET"],"inLanguage":"en-US","potentialAction":[{"@type":"CommentAction","name":"Comment","target":["https:\/\/gorica.info\/gradonacelnik-ackar-ugostio-i-nagradio-drzavne-prvake-hnk-gorice\/#respond"]}],"copyrightYear":"2024","copyrightHolder":{"@id":"https:\/\/gorica.info\/en\/#organization"}},{"@type":"WebPage","@id":"https:\/\/gorica.info\/gradonacelnik-ackar-ugostio-i-nagradio-drzavne-prvake-hnk-gorice\/","url":"https:\/\/gorica.info\/gradonacelnik-ackar-ugostio-i-nagradio-drzavne-prvake-hnk-gorice\/","name":"Gradona\u010delnik A\u010dkar ugostio i nagradio dr\u017eavne prvake HNK Gorice - Gorica Info","isPartOf":{"@id":"https:\/\/gorica.info\/#website"},"primaryImageOfPage":{"@id":"https:\/\/gorica.info\/gradonacelnik-ackar-ugostio-i-nagradio-drzavne-prvake-hnk-gorice\/#primaryimage"},"image":{"@id":"https:\/\/gorica.info\/gradonacelnik-ackar-ugostio-i-nagradio-drzavne-prvake-hnk-gorice\/#primaryimage"},"thumbnailUrl":"https:\/\/gorica.info\/wp-content\/uploads\/2024\/05\/hnk-gorica-pioniri-prvaci.jpg","datePublished":"2024-05-21T09:08:16+00:00","description":"Gradona\u010delnik A\u010dkar ugostio i nagradio dr\u017eavne prvake HNK Gorice koji su postigli povijesni uspjeh za na\u0161 grad i klub.","breadcrumb":{"@id":"https:\/\/gorica.info\/gradonacelnik-ackar-ugostio-i-nagradio-drzavne-prvake-hnk-gorice\/#breadcrumb"},"inLanguage":"en-US","potentialAction":[{"@type":"ReadAction","target":["https:\/\/gorica.info\/gradonacelnik-ackar-ugostio-i-nagradio-drzavne-prvake-hnk-gorice\/"]}]},{"@type":"ImageObject","inLanguage":"en-US","@id":"https:\/\/gorica.info\/gradonacelnik-ackar-ugostio-i-nagradio-drzavne-prvake-hnk-gorice\/#primaryimage","url":"https:\/\/gorica.info\/wp-content\/uploads\/2024\/05\/hnk-gorica-pioniri-prvaci.jpg","contentUrl":"https:\/\/gorica.info\/wp-content\/uploads\/2024\/05\/hnk-gorica-pioniri-prvaci.jpg","width":1100,"height":620,"caption":"dr\u017eavne prvake"},{"@type":"BreadcrumbList","@id":"https:\/\/gorica.info\/gradonacelnik-ackar-ugostio-i-nagradio-drzavne-prvake-hnk-gorice\/#breadcrumb","itemListElement":[{"@type":"ListItem","position":1,"name":"Po\u010detna stranica","item":"https:\/\/gorica.info\/"},{"@type":"ListItem","position":2,"name":"Gradona\u010delnik A\u010dkar ugostio i nagradio dr\u017eavne prvake HNK Gorice"}]},{"@type":"WebSite","@id":"https:\/\/gorica.info\/#website","url":"https:\/\/gorica.info\/","name":"Gorica Info","description":"Vijesti iz Velike Gorice i okolice.","publisher":{"@id":"https:\/\/gorica.info\/#organization"},"potentialAction":[{"@type":"SearchAction","target":{"@type":"EntryPoint","urlTemplate":"https:\/\/gorica.info\/?s={search_term_string}"},"query-input":{"@type":"PropertyValueSpecification","valueRequired":true,"valueName":"search_term_string"}}],"inLanguage":"en-US"},{"@type":["Organization","Place","NewsMediaOrganization"],"@id":"https:\/\/gorica.info\/#organization","name":"Gorica Info","url":"https:\/\/gorica.info\/","logo":{"@id":"https:\/\/gorica.info\/gradonacelnik-ackar-ugostio-i-nagradio-drzavne-prvake-hnk-gorice\/#local-main-organization-logo"},"image":{"@id":"https:\/\/gorica.info\/gradonacelnik-ackar-ugostio-i-nagradio-drzavne-prvake-hnk-gorice\/#local-main-organization-logo"},"sameAs":["https:\/\/www.facebook.com\/Goricainfo-106005144489262","https:\/\/x.com\/GoricaInfo","https:\/\/www.instagram.com\/gorica.info\/"],"address":{"@id":"https:\/\/gorica.info\/gradonacelnik-ackar-ugostio-i-nagradio-drzavne-prvake-hnk-gorice\/#local-main-place-address"},"telephone":[],"openingHoursSpecification":[{"@type":"OpeningHoursSpecification","dayOfWeek":["Monday","Tuesday","Wednesday","Thursday","Friday","Saturday","Sunday"],"opens":"09:00","closes":"17:00"}],"email":"redakcija@gorica.info"},{"@type":"Person","@id":"https:\/\/gorica.info\/#\/schema\/person\/4499af1f22f322670b9b5977ccc2e3de","name":"Gorica. info","description":"Gorica.info je lokalni portal koji prati Veliku Goricu i okolici, svakodnevno donosi najnovije vijesti i pri\u010de, kulturna doga\u0111anja i aktualnosti koje oblikuju \u017eivot gra\u0111ana.","url":"https:\/\/gorica.info\/en\/author\/gorica-info\/"},{"@type":"PostalAddress","@id":"https:\/\/gorica.info\/gradonacelnik-ackar-ugostio-i-nagradio-drzavne-prvake-hnk-gorice\/#local-main-place-address","streetAddress":"Horvatova 97","addressLocality":"Velika Gorica","postalCode":"10410","addressRegion":"Croatia","addressCountry":"HR"},{"@type":"ImageObject","inLanguage":"en-US","@id":"https:\/\/gorica.info\/gradonacelnik-ackar-ugostio-i-nagradio-drzavne-prvake-hnk-gorice\/#local-main-organization-logo","url":"https:\/\/gorica.info\/wp-content\/uploads\/2024\/07\/Gorica-Info-Logo-mali.png","contentUrl":"https:\/\/gorica.info\/wp-content\/uploads\/2024\/07\/Gorica-Info-Logo-mali.png","width":450,"height":85,"caption":"Gorica Info"}]},"geo.placename":"Velika Gorica","geo.region":"Croatia"},"_links":{"self":[{"href":"https:\/\/gorica.info\/en\/wp-json\/wp\/v2\/posts\/64968","targetHints":{"allow":["GET"]}}],"collection":[{"href":"https:\/\/gorica.info\/en\/wp-json\/wp\/v2\/posts"}],"about":[{"href":"https:\/\/gorica.info\/en\/wp-json\/wp\/v2\/types\/post"}],"author":[{"embeddable":true,"href":"https:\/\/gorica.info\/en\/wp-json\/wp\/v2\/users\/23"}],"replies":[{"embeddable":true,"href":"https:\/\/gorica.info\/en\/wp-json\/wp\/v2\/comments?post=64968"}],"version-history":[{"count":0,"href":"https:\/\/gorica.info\/en\/wp-json\/wp\/v2\/posts\/64968\/revisions"}],"wp:featuredmedia":[{"embeddable":true,"href":"https:\/\/gorica.info\/en\/wp-json\/wp\/v2\/media\/64977"}],"wp:attachment":[{"href":"https:\/\/gorica.info\/en\/wp-json\/wp\/v2\/media?parent=64968"}],"wp:term":[{"taxonomy":"category","embeddable":true,"href":"https:\/\/gorica.info\/en\/wp-json\/wp\/v2\/categories?post=64968"},{"taxonomy":"post_tag","embeddable":true,"href":"https:\/\/gorica.info\/en\/wp-json\/wp\/v2\/tags?post=64968"}],"curies":[{"name":"wp","href":"https:\/\/api.w.org\/{rel}","templated":true}]}}