{"id":65009,"date":"2024-05-22T12:22:42","date_gmt":"2024-05-22T10:22:42","guid":{"rendered":"https:\/\/gorica.info\/?p=65009"},"modified":"2024-05-22T12:22:42","modified_gmt":"2024-05-22T10:22:42","slug":"uhicen-vozac-kamiona-koji-je-usmrtio-djevojcicu-u-dugom-selu","status":"publish","type":"post","link":"https:\/\/gorica.info\/en\/uhicen-vozac-kamiona-koji-je-usmrtio-djevojcicu-u-dugom-selu\/","title":{"rendered":"Uhi\u0107en voza\u010d kamiona koji je usmrtio djevoj\u010dicu u Dugom Selu"},"content":{"rendered":"<p><strong>Policija<\/strong> je uhitila <strong>27-godi\u0161njeg voza\u010da kamiona<\/strong> koji je u<a href=\"https:\/\/gorica.info\/en\/2024\/05\/21\/upravo-objavila-policija-u-prometnoj-nesreci-u-dugom-selu-poginulo-dijete\/\"> utorak u Dugom Selu<\/a> <strong>usmrtio djevoj\u010dicu<\/strong>.<\/p>\n<p>Iz policije su objavili detalje<strong> tragi\u010dne nesre\u0107e<\/strong> koja je potresla cijelu Hrvatsku.<\/p>\n<p>&#8211; Ju\u010der, 21. svibnja oko 12.05 sati u Rugvi\u010dkoj ulici u Dugom Selu, 27-godi\u0161njak je upravljao\u00a0 teretnim automobilom marke Mercedes zagreba\u010dkih registarskih oznaka. Prilikom skretanja u desno na kolnik ulice II. savski odvojak, bez da se prije zapo\u010dinjanja navedene radnje uvjerio da to mo\u017ee u\u010diniti bez opasnosti za druge sudionike u prometu, ne vode\u0107i pritom ra\u010duna o smjeru i polo\u017eaju svog vozila u odnosu na pje\u0161aka s njegove desne strane. Tada je kota\u010dima vozila zahvatio pje\u0161aka (dijete) koje je pje\u0161ice prelazilo kolnik u smjeru jugoistoka, pri tome dolaze\u0107i voza\u010du s njegove desne strane, kre\u0107u\u0107i se prethodno nogostupom. U prometnoj nesre\u0107i dijete je smrtno stradalo \u2013 objavili su iz <a href=\"https:\/\/zagrebacka-policija.gov.hr\/vijesti\/prometna-nesreca-sa-smrtnom-posljedicom-97710\/97710\">Policijske uprave zagreba\u010dke<\/a>.<\/p>\n<p>Na mjestu doga\u0111aja pod vodstvom zamjenika Op\u0107inskog kaznenog dr\u017eavnog odvjetni\u0161tva obavljen je o\u010devid prometne nesre\u0107e.<\/p>\n<p>Voza\u010d teretnog automobila je uhi\u0107en te \u0107e nakon provedenog kriminalisti\u010dkog istra\u017eivanja biti predan pritvorskom nadzorniku dok \u0107e kaznena prijava protiv istog biti dostavljena dr\u017eavnom odvjetni\u0161tvu.<\/p>\n<p>Iz Policijske uprave zagreba\u010dke jo\u0161 jednom pozivaju voza\u010de i sve ostale sudionike u prometu da se pridr\u017eavaju prometnih pravila kako bi se pove\u0107ala ukupna razina sigurnosti u cestovnom prometu.<\/p>","protected":false},"excerpt":{"rendered":"<p>Policija je uhitila 27-godi\u0161njeg voza\u010da kamiona koji je u utorak u Dugom Selu usmrtio djevoj\u010dicu. Iz policije su objavili detalje tragi\u010dne nesre\u0107e koja je potresla cijelu Hrvatsku. &#8211; Ju\u010der, 21. svibnja oko 12.05 sati u Rugvi\u010dkoj ulici u Dugom Selu, 27-godi\u0161njak je upravljao\u00a0 teretnim automobilom marke Mercedes zagreba\u010dkih registarskih oznaka. Prilikom skretanja u desno na [&hellip;]<\/p>\n","protected":false},"author":23,"featured_media":65010,"comment_status":"open","ping_status":"open","sticky":false,"template":"","format":"standard","meta":{"limit_modified_date":"","last_modified_date":"","jnews-multi-image_gallery":[],"jnews_single_post":[],"jnews_primary_category":[],"jnews_override_counter":[],"footnotes":""},"categories":[93],"tags":[3692,266,5041,5042,5043,5044,1327],"class_list":["post-65009","post","type-post","status-publish","format-standard","has-post-thumbnail","hentry","category-crna-kronika","tag-dugo-selo","tag-policija","tag-pregazio-djevojcicu","tag-stradalo-dijete","tag-tragicna-nesreca","tag-uhicen-mladi-vozac","tag-vozac-kamiona"],"yoast_head":"<!-- This site is optimized with the Yoast SEO Premium plugin v27.4 (Yoast SEO v27.4) - https:\/\/yoast.com\/product\/yoast-seo-premium-wordpress\/ -->\n<title>Uhi\u0107en voza\u010d kamiona koji je usmrtio djevoj\u010dicu u Dugom Selu - Gorica Info<\/title>\n<meta name=\"description\" content=\"Uhi\u0107en voza\u010d kamiona koji je usmrtio djevoj\u010dicu u Dugom Selu\" \/>\n<meta name=\"robots\" content=\"index, follow, max-snippet:-1, max-image-preview:large, max-video-preview:-1\" \/>\n<link rel=\"canonical\" href=\"https:\/\/gorica.info\/en\/uhicen-vozac-kamiona-koji-je-usmrtio-djevojcicu-u-dugom-selu\/\" \/>\n<meta property=\"og:locale\" content=\"en_US\" \/>\n<meta property=\"og:type\" content=\"article\" \/>\n<meta property=\"og:title\" content=\"Uhi\u0107en voza\u010d kamiona koji je usmrtio djevoj\u010dicu u Dugom Selu\" \/>\n<meta property=\"og:description\" content=\"Uhi\u0107en voza\u010d kamiona koji je usmrtio djevoj\u010dicu u Dugom Selu\" \/>\n<meta property=\"og:url\" content=\"https:\/\/gorica.info\/en\/uhicen-vozac-kamiona-koji-je-usmrtio-djevojcicu-u-dugom-selu\/\" \/>\n<meta property=\"og:site_name\" content=\"Gorica Info\" \/>\n<meta property=\"article:publisher\" content=\"https:\/\/www.facebook.com\/Goricainfo-106005144489262\" \/>\n<meta property=\"article:published_time\" content=\"2024-05-22T10:22:42+00:00\" \/>\n<meta property=\"og:image\" content=\"https:\/\/gorica.info\/wp-content\/uploads\/2024\/05\/policija-natpis-1.jpg\" \/>\n\t<meta property=\"og:image:width\" content=\"750\" \/>\n\t<meta property=\"og:image:height\" content=\"500\" \/>\n\t<meta property=\"og:image:type\" content=\"image\/jpeg\" \/>\n<meta name=\"author\" content=\"Gorica. info\" \/>\n<meta name=\"twitter:card\" content=\"summary_large_image\" \/>\n<meta name=\"twitter:creator\" content=\"@GoricaInfo\" \/>\n<meta name=\"twitter:site\" content=\"@GoricaInfo\" \/>\n<meta name=\"twitter:label1\" content=\"Written by\" \/>\n\t<meta name=\"twitter:data1\" content=\"Gorica. info\" \/>\n\t<meta name=\"twitter:label2\" content=\"Est. reading time\" \/>\n\t<meta name=\"twitter:data2\" content=\"2 minutes\" \/>\n<meta name=\"geo.placename\" content=\"Velika Gorica\" \/>\n<meta name=\"geo.region\" content=\"Croatia\" \/>\n<!-- \/ Yoast SEO Premium plugin. -->","yoast_head_json":{"title":"Uhi\u0107en voza\u010d kamiona koji je usmrtio djevoj\u010dicu u Dugom Selu - Gorica Info","description":"Uhi\u0107en voza\u010d kamiona koji je usmrtio djevoj\u010dicu u Dugom Selu","robots":{"index":"index","follow":"follow","max-snippet":"max-snippet:-1","max-image-preview":"max-image-preview:large","max-video-preview":"max-video-preview:-1"},"canonical":"https:\/\/gorica.info\/en\/uhicen-vozac-kamiona-koji-je-usmrtio-djevojcicu-u-dugom-selu\/","og_locale":"en_US","og_type":"article","og_title":"Uhi\u0107en voza\u010d kamiona koji je usmrtio djevoj\u010dicu u Dugom Selu","og_description":"Uhi\u0107en voza\u010d kamiona koji je usmrtio djevoj\u010dicu u Dugom Selu","og_url":"https:\/\/gorica.info\/en\/uhicen-vozac-kamiona-koji-je-usmrtio-djevojcicu-u-dugom-selu\/","og_site_name":"Gorica Info","article_publisher":"https:\/\/www.facebook.com\/Goricainfo-106005144489262","article_published_time":"2024-05-22T10:22:42+00:00","og_image":[{"width":750,"height":500,"url":"https:\/\/gorica.info\/wp-content\/uploads\/2024\/05\/policija-natpis-1.jpg","type":"image\/jpeg"}],"author":"Gorica. info","twitter_card":"summary_large_image","twitter_creator":"@GoricaInfo","twitter_site":"@GoricaInfo","twitter_misc":{"Written by":"Gorica. info","Est. reading time":"2 minutes"},"schema":{"@context":"https:\/\/schema.org","@graph":[{"@type":"NewsArticle","@id":"https:\/\/gorica.info\/uhicen-vozac-kamiona-koji-je-usmrtio-djevojcicu-u-dugom-selu\/#article","isPartOf":{"@id":"https:\/\/gorica.info\/uhicen-vozac-kamiona-koji-je-usmrtio-djevojcicu-u-dugom-selu\/"},"author":{"name":"Gorica. info","@id":"https:\/\/gorica.info\/#\/schema\/person\/4499af1f22f322670b9b5977ccc2e3de"},"headline":"Uhi\u0107en voza\u010d kamiona koji je usmrtio djevoj\u010dicu u Dugom Selu","datePublished":"2024-05-22T10:22:42+00:00","mainEntityOfPage":{"@id":"https:\/\/gorica.info\/uhicen-vozac-kamiona-koji-je-usmrtio-djevojcicu-u-dugom-selu\/"},"wordCount":256,"commentCount":0,"publisher":{"@id":"https:\/\/gorica.info\/#organization"},"image":{"@id":"https:\/\/gorica.info\/uhicen-vozac-kamiona-koji-je-usmrtio-djevojcicu-u-dugom-selu\/#primaryimage"},"thumbnailUrl":"https:\/\/gorica.info\/wp-content\/uploads\/2024\/05\/policija-natpis-1.jpg","keywords":["dugo selo","policija","pregazio djevoj\u010dicu","stradalo dijete","tragi\u010dna nesre\u0107a","uhi\u0107en mladi voza\u010d","voza\u010d kamiona"],"articleSection":["CRNA KRONIKA"],"inLanguage":"en-US","potentialAction":[{"@type":"CommentAction","name":"Comment","target":["https:\/\/gorica.info\/uhicen-vozac-kamiona-koji-je-usmrtio-djevojcicu-u-dugom-selu\/#respond"]}],"copyrightYear":"2024","copyrightHolder":{"@id":"https:\/\/gorica.info\/en\/#organization"}},{"@type":"WebPage","@id":"https:\/\/gorica.info\/uhicen-vozac-kamiona-koji-je-usmrtio-djevojcicu-u-dugom-selu\/","url":"https:\/\/gorica.info\/uhicen-vozac-kamiona-koji-je-usmrtio-djevojcicu-u-dugom-selu\/","name":"Uhi\u0107en voza\u010d kamiona koji je usmrtio djevoj\u010dicu u Dugom Selu - Gorica Info","isPartOf":{"@id":"https:\/\/gorica.info\/#website"},"primaryImageOfPage":{"@id":"https:\/\/gorica.info\/uhicen-vozac-kamiona-koji-je-usmrtio-djevojcicu-u-dugom-selu\/#primaryimage"},"image":{"@id":"https:\/\/gorica.info\/uhicen-vozac-kamiona-koji-je-usmrtio-djevojcicu-u-dugom-selu\/#primaryimage"},"thumbnailUrl":"https:\/\/gorica.info\/wp-content\/uploads\/2024\/05\/policija-natpis-1.jpg","datePublished":"2024-05-22T10:22:42+00:00","description":"Uhi\u0107en voza\u010d kamiona koji je usmrtio djevoj\u010dicu u Dugom Selu","breadcrumb":{"@id":"https:\/\/gorica.info\/uhicen-vozac-kamiona-koji-je-usmrtio-djevojcicu-u-dugom-selu\/#breadcrumb"},"inLanguage":"en-US","potentialAction":[{"@type":"ReadAction","target":["https:\/\/gorica.info\/uhicen-vozac-kamiona-koji-je-usmrtio-djevojcicu-u-dugom-selu\/"]}]},{"@type":"ImageObject","inLanguage":"en-US","@id":"https:\/\/gorica.info\/uhicen-vozac-kamiona-koji-je-usmrtio-djevojcicu-u-dugom-selu\/#primaryimage","url":"https:\/\/gorica.info\/wp-content\/uploads\/2024\/05\/policija-natpis-1.jpg","contentUrl":"https:\/\/gorica.info\/wp-content\/uploads\/2024\/05\/policija-natpis-1.jpg","width":750,"height":500,"caption":"Foto: Policija"},{"@type":"BreadcrumbList","@id":"https:\/\/gorica.info\/uhicen-vozac-kamiona-koji-je-usmrtio-djevojcicu-u-dugom-selu\/#breadcrumb","itemListElement":[{"@type":"ListItem","position":1,"name":"Po\u010detna stranica","item":"https:\/\/gorica.info\/"},{"@type":"ListItem","position":2,"name":"Uhi\u0107en voza\u010d kamiona koji je usmrtio djevoj\u010dicu u Dugom Selu"}]},{"@type":"WebSite","@id":"https:\/\/gorica.info\/#website","url":"https:\/\/gorica.info\/","name":"Gorica Info","description":"Vijesti iz Velike Gorice i okolice.","publisher":{"@id":"https:\/\/gorica.info\/#organization"},"potentialAction":[{"@type":"SearchAction","target":{"@type":"EntryPoint","urlTemplate":"https:\/\/gorica.info\/?s={search_term_string}"},"query-input":{"@type":"PropertyValueSpecification","valueRequired":true,"valueName":"search_term_string"}}],"inLanguage":"en-US"},{"@type":["Organization","Place","NewsMediaOrganization"],"@id":"https:\/\/gorica.info\/#organization","name":"Gorica Info","url":"https:\/\/gorica.info\/","logo":{"@id":"https:\/\/gorica.info\/uhicen-vozac-kamiona-koji-je-usmrtio-djevojcicu-u-dugom-selu\/#local-main-organization-logo"},"image":{"@id":"https:\/\/gorica.info\/uhicen-vozac-kamiona-koji-je-usmrtio-djevojcicu-u-dugom-selu\/#local-main-organization-logo"},"sameAs":["https:\/\/www.facebook.com\/Goricainfo-106005144489262","https:\/\/x.com\/GoricaInfo","https:\/\/www.instagram.com\/gorica.info\/"],"address":{"@id":"https:\/\/gorica.info\/uhicen-vozac-kamiona-koji-je-usmrtio-djevojcicu-u-dugom-selu\/#local-main-place-address"},"telephone":[],"openingHoursSpecification":[{"@type":"OpeningHoursSpecification","dayOfWeek":["Monday","Tuesday","Wednesday","Thursday","Friday","Saturday","Sunday"],"opens":"09:00","closes":"17:00"}],"email":"redakcija@gorica.info"},{"@type":"Person","@id":"https:\/\/gorica.info\/#\/schema\/person\/4499af1f22f322670b9b5977ccc2e3de","name":"Gorica. info","description":"Gorica.info je lokalni portal koji prati Veliku Goricu i okolici, svakodnevno donosi najnovije vijesti i pri\u010de, kulturna doga\u0111anja i aktualnosti koje oblikuju \u017eivot gra\u0111ana.","url":"https:\/\/gorica.info\/en\/author\/gorica-info\/"},{"@type":"PostalAddress","@id":"https:\/\/gorica.info\/uhicen-vozac-kamiona-koji-je-usmrtio-djevojcicu-u-dugom-selu\/#local-main-place-address","streetAddress":"Horvatova 97","addressLocality":"Velika Gorica","postalCode":"10410","addressRegion":"Croatia","addressCountry":"HR"},{"@type":"ImageObject","inLanguage":"en-US","@id":"https:\/\/gorica.info\/uhicen-vozac-kamiona-koji-je-usmrtio-djevojcicu-u-dugom-selu\/#local-main-organization-logo","url":"https:\/\/gorica.info\/wp-content\/uploads\/2024\/07\/Gorica-Info-Logo-mali.png","contentUrl":"https:\/\/gorica.info\/wp-content\/uploads\/2024\/07\/Gorica-Info-Logo-mali.png","width":450,"height":85,"caption":"Gorica Info"}]},"geo.placename":"Velika Gorica","geo.region":"Croatia"},"_links":{"self":[{"href":"https:\/\/gorica.info\/en\/wp-json\/wp\/v2\/posts\/65009","targetHints":{"allow":["GET"]}}],"collection":[{"href":"https:\/\/gorica.info\/en\/wp-json\/wp\/v2\/posts"}],"about":[{"href":"https:\/\/gorica.info\/en\/wp-json\/wp\/v2\/types\/post"}],"author":[{"embeddable":true,"href":"https:\/\/gorica.info\/en\/wp-json\/wp\/v2\/users\/23"}],"replies":[{"embeddable":true,"href":"https:\/\/gorica.info\/en\/wp-json\/wp\/v2\/comments?post=65009"}],"version-history":[{"count":0,"href":"https:\/\/gorica.info\/en\/wp-json\/wp\/v2\/posts\/65009\/revisions"}],"wp:featuredmedia":[{"embeddable":true,"href":"https:\/\/gorica.info\/en\/wp-json\/wp\/v2\/media\/65010"}],"wp:attachment":[{"href":"https:\/\/gorica.info\/en\/wp-json\/wp\/v2\/media?parent=65009"}],"wp:term":[{"taxonomy":"category","embeddable":true,"href":"https:\/\/gorica.info\/en\/wp-json\/wp\/v2\/categories?post=65009"},{"taxonomy":"post_tag","embeddable":true,"href":"https:\/\/gorica.info\/en\/wp-json\/wp\/v2\/tags?post=65009"}],"curies":[{"name":"wp","href":"https:\/\/api.w.org\/{rel}","templated":true}]}}