{"id":65306,"date":"2024-05-28T18:44:55","date_gmt":"2024-05-28T16:44:55","guid":{"rendered":"https:\/\/gorica.info\/?p=65306"},"modified":"2024-05-28T18:44:55","modified_gmt":"2024-05-28T16:44:55","slug":"hdz-u-velikoj-gorici-predstavio-listu-za-europske-izbore-idemo-po-jos-jednu-uvjerljivu-pobjedu","status":"publish","type":"post","link":"https:\/\/gorica.info\/en\/hdz-u-velikoj-gorici-predstavio-listu-za-europske-izbore-idemo-po-jos-jednu-uvjerljivu-pobjedu\/","title":{"rendered":"HDZ u Velikoj Gorici predstavio listu za europske izbore: &#8220;Idemo po jo\u0161 jednu uvjerljivu pobjedu&#8221;"},"content":{"rendered":"<p>Premijer <a href=\"https:\/\/gorica.info\/en\/2024\/05\/17\/premijer-andrej-plenkovic-potvrdio-u-velikoj-gorici-gradit-ce-se-dnevna-bolnica\/\"><strong>Andrej Plenkovi\u0107<\/strong><\/a> i prvi na listi<strong> HDZ-a za europske izbore<\/strong> predstavio je danas u Velikoj Gorici glavne odrednice programa s kojima njegova stranka \u017eeli pobjediti na izborima za <strong>Europski parlament<\/strong> koji \u0107e se odr\u017eati <strong>9. lipnja<\/strong>.<\/p>\n<p>Slogan pod kojim HDZ ide u europske izbore je <strong>Hrvatska sna\u017ena i va\u017ena<\/strong>.<\/p>\n<p>Gradona\u010delnik Velike Gorice i saborski zastupnik HDZ-a <strong>Kre\u0161imir A\u010dkar<\/strong> kazao je kako je davno iz Velike Gorice u Europu oti\u0161la podgutnica, a danas svi nose njenu nasljednicu &#8211; kravatu. Iz na\u0161eg grada svi kre\u0107u na putovanja sa zra\u010dne luke, a isto se tako svi na nju i vra\u0107aju. Prisjetio se A\u010dkar kako je upoznao A. Plenkovi\u0107a tijekom velikih poplava u na\u0161em kraju.<\/p>\n<figure id=\"attachment_65316\" aria-describedby=\"caption-attachment-65316\" style=\"width: 810px\" class=\"wp-caption aligncenter\"><img fetchpriority=\"high\" decoding=\"async\" class=\"wp-image-65316 size-large\" src=\"https:\/\/gorica.info\/wp-content\/uploads\/2024\/05\/hdz-eu-4-1024x768.jpg\" alt=\"europski izbori\" width=\"810\" height=\"608\" srcset=\"https:\/\/gorica.info\/wp-content\/uploads\/2024\/05\/hdz-eu-4-1024x768.jpg 1024w, https:\/\/gorica.info\/wp-content\/uploads\/2024\/05\/hdz-eu-4-300x225.jpg 300w, https:\/\/gorica.info\/wp-content\/uploads\/2024\/05\/hdz-eu-4-768x576.jpg 768w, https:\/\/gorica.info\/wp-content\/uploads\/2024\/05\/hdz-eu-4-750x562.jpg 750w, https:\/\/gorica.info\/wp-content\/uploads\/2024\/05\/hdz-eu-4.jpg 1067w\" sizes=\"(max-width: 810px) 100vw, 810px\" \/><figcaption id=\"caption-attachment-65316\" class=\"wp-caption-text\">Gradona\u010delnik Kre\u0161imir A\u010dkar \/ Foto: Gorica.info<\/figcaption><\/figure>\n<p>&#8211; Tada sam upoznao mladog EU zastupnika Andreja Plenkovi\u0107a koji je rekao da je vizija da ljudi ostanu na svojoj djedovini. A tada\u0161nji premijer, <strong>Zoran Milanovi\u0107<\/strong>, govorio o tome da je najbolje da se ljudi odsele &#8211; prisjetio se A\u010dkar i podsjetio da je Andrej Plenkovi\u0107 za svog premijerskog mandata osigurao novac iz EU fondova kojim su, me\u0111u ostalim, osigurani nasipi, a iz istih izvora kasnije su osigurana sredstva za sanaciju \u0161teta nakon katarstrofalnog petrinjskog potresa.<\/p>\n<p>Nakon A\u010dkara okupljenima su se kratko obratili kandidati na HDZ-ovoj listi.<\/p>\n<p>Andrej Plenkovi\u0107 slikovito je opisao izbore za Europski parlament. &#8211; HDZ u ove izbore ulazi kao u utakmicu, prvo poluvrijeme, parlamentarne izbore, smo dobili s 19 razlike, ovo je drugo poluvrijeme. Pobjeda na ovim izborima opet mora biti uvjerljiva, poru\u010dio je Plenkovi\u0107.<\/p>\n<p>Uvjeren je da HDZ na temelju dosada\u0161njih postignu\u0107a Vlade i rada EU zastupnika treba pobijediti. Agilno, aktivno i mudro smo realizirala sve svoje strate\u0161ke ciljeve, gradili smo partnerstva i doveli zemlju i na\u0161e dru\u0161tvo u samu jezgru europskih integracija.<\/p>\n<p>Podsjetio je na uvo\u0111enje eura i ulazak u \u0161engenski prostor \u0161to je veliki uspjeh koji se po\u010deo graditi jo\u0161 2016. u prvom mandatu HDZ-ove Vlade. Najbrojao sve uspjehe Vlade od smanjivanja broja nezaposlenih, pove\u0107anja pla\u0107a, smanjenja inflacije, rastere\u0107enje pla\u0107a, rje\u0161evanja energetske krize, saniranje posljedica zagreba\u010dkog i petrinjskog potresa&#8230;<\/p>\n<p>Hrvatska nikada ne\u0107e biti sama zahvaljuju\u0107i na\u0161oj snazi, ali \u0107e se uvijek mo\u0107i nasloniti na EU partnere, poru\u010dio je Plenkovi\u0107 uz poziv da se izi\u0111e na izbore i glasa za HDZ. Imamo najbolje kandidate, najbolji program i zato idemo po jo\u0161 jednu uvjerljivu pobjedu, zaklju\u010dio je Plenkovi\u0107.<\/p>\n<p>Kao \u0161to smo ve\u0107 napisali <a href=\"https:\/\/eu.hdz.hr\/liste\/\">HDZ-ovu listu<\/a> nosi predsjednik stranke Andrej Plenkovi\u0107, na drugom mjestu je <strong>Dubravka \u0160uica<\/strong>, tre\u0107i je <strong>Davor Ivo Stier<\/strong>, \u010detvrti je <strong>Karlo Ressler<\/strong>, peta <strong>Nikolina Brnjac<\/strong>, \u0161esta <strong>\u017deljana Zovko<\/strong>, sedma <strong>Sun\u010dana Glavak<\/strong>, osmi <strong>Tomislav Sokol<\/strong>, deveti <strong>Marko Pavi\u0107<\/strong>, deseti <strong>Ante Mihanovi\u0107<\/strong>, jedanaesti <strong>Danijel Maru\u0161i\u0107<\/strong>, dok je dvanaesta <strong>Marijana Petir<\/strong>.<\/p>\n<p><img decoding=\"async\" class=\"alignnone size-full wp-image-65321\" src=\"https:\/\/gorica.info\/wp-content\/uploads\/2024\/05\/hdz-eu5.jpg\" alt=\"\" width=\"1200\" height=\"694\" srcset=\"https:\/\/gorica.info\/wp-content\/uploads\/2024\/05\/hdz-eu5.jpg 1100w, https:\/\/gorica.info\/wp-content\/uploads\/2024\/05\/hdz-eu5-300x174.jpg 300w, https:\/\/gorica.info\/wp-content\/uploads\/2024\/05\/hdz-eu5-1024x592.jpg 1024w, https:\/\/gorica.info\/wp-content\/uploads\/2024\/05\/hdz-eu5-768x444.jpg 768w, https:\/\/gorica.info\/wp-content\/uploads\/2024\/05\/hdz-eu5-750x434.jpg 750w, https:\/\/gorica.info\/wp-content\/uploads\/2024\/05\/hdz-eu5-1140x659.jpg 1140w\" sizes=\"(max-width: 1200px) 100vw, 1200px\" \/><\/p>\n<p><img decoding=\"async\" class=\"alignnone size-full wp-image-65317\" src=\"https:\/\/gorica.info\/wp-content\/uploads\/2024\/05\/hdz-eu-1.jpg\" alt=\"\" width=\"1067\" height=\"800\" srcset=\"https:\/\/gorica.info\/wp-content\/uploads\/2024\/05\/hdz-eu-1.jpg 1067w, https:\/\/gorica.info\/wp-content\/uploads\/2024\/05\/hdz-eu-1-300x225.jpg 300w, https:\/\/gorica.info\/wp-content\/uploads\/2024\/05\/hdz-eu-1-1024x768.jpg 1024w, https:\/\/gorica.info\/wp-content\/uploads\/2024\/05\/hdz-eu-1-768x576.jpg 768w, https:\/\/gorica.info\/wp-content\/uploads\/2024\/05\/hdz-eu-1-750x562.jpg 750w\" sizes=\"(max-width: 1067px) 100vw, 1067px\" \/><\/p>\n<p><img loading=\"lazy\" decoding=\"async\" class=\"alignnone wp-image-65318 size-full\" src=\"https:\/\/gorica.info\/wp-content\/uploads\/2024\/05\/hdz-eu3-e1716911525181.jpg\" alt=\"\" width=\"910\" height=\"622\" srcset=\"https:\/\/gorica.info\/wp-content\/uploads\/2024\/05\/hdz-eu3-e1716911525181.jpg 910w, https:\/\/gorica.info\/wp-content\/uploads\/2024\/05\/hdz-eu3-e1716911525181-300x205.jpg 300w, https:\/\/gorica.info\/wp-content\/uploads\/2024\/05\/hdz-eu3-e1716911525181-768x525.jpg 768w, https:\/\/gorica.info\/wp-content\/uploads\/2024\/05\/hdz-eu3-e1716911525181-750x513.jpg 750w\" sizes=\"(max-width: 910px) 100vw, 910px\" \/><\/p>\n<p><img loading=\"lazy\" decoding=\"async\" class=\"aligncenter wp-image-65328 size-large\" src=\"https:\/\/gorica.info\/wp-content\/uploads\/2024\/05\/hdz-izbori1-1024x769.jpg\" alt=\"\" width=\"810\" height=\"608\" srcset=\"https:\/\/gorica.info\/wp-content\/uploads\/2024\/05\/hdz-izbori1-1024x769.jpg 1024w, https:\/\/gorica.info\/wp-content\/uploads\/2024\/05\/hdz-izbori1-300x225.jpg 300w, https:\/\/gorica.info\/wp-content\/uploads\/2024\/05\/hdz-izbori1-768x577.jpg 768w, https:\/\/gorica.info\/wp-content\/uploads\/2024\/05\/hdz-izbori1-750x563.jpg 750w, https:\/\/gorica.info\/wp-content\/uploads\/2024\/05\/hdz-izbori1.jpg 1065w\" sizes=\"(max-width: 810px) 100vw, 810px\" \/><\/p>\n<p><img loading=\"lazy\" decoding=\"async\" class=\"aligncenter wp-image-65327 size-large\" src=\"https:\/\/gorica.info\/wp-content\/uploads\/2024\/05\/hdz-skup-eu-izbori-1024x767.jpg\" alt=\"\" width=\"810\" height=\"607\" srcset=\"https:\/\/gorica.info\/wp-content\/uploads\/2024\/05\/hdz-skup-eu-izbori-1024x767.jpg 1024w, https:\/\/gorica.info\/wp-content\/uploads\/2024\/05\/hdz-skup-eu-izbori-300x225.jpg 300w, https:\/\/gorica.info\/wp-content\/uploads\/2024\/05\/hdz-skup-eu-izbori-768x575.jpg 768w, https:\/\/gorica.info\/wp-content\/uploads\/2024\/05\/hdz-skup-eu-izbori-750x562.jpg 750w, https:\/\/gorica.info\/wp-content\/uploads\/2024\/05\/hdz-skup-eu-izbori.jpg 1068w\" sizes=\"(max-width: 810px) 100vw, 810px\" \/><\/p>","protected":false},"excerpt":{"rendered":"<p>Premijer Andrej Plenkovi\u0107 i prvi na listi HDZ-a za europske izbore predstavio je danas u Velikoj Gorici glavne odrednice programa s kojima njegova stranka \u017eeli pobjediti na izborima za Europski parlament koji \u0107e se odr\u017eati 9. lipnja. Slogan pod kojim HDZ ide u europske izbore je Hrvatska sna\u017ena i va\u017ena. Gradona\u010delnik Velike Gorice i saborski [&hellip;]<\/p>\n","protected":false},"author":1,"featured_media":65315,"comment_status":"open","ping_status":"open","sticky":false,"template":"","format":"standard","meta":{"limit_modified_date":"","last_modified_date":"","jnews-multi-image_gallery":[],"jnews_single_post":[],"jnews_primary_category":[],"jnews_override_counter":[],"footnotes":""},"categories":[89],"tags":[300,5145,5146,337,253,1694],"class_list":["post-65306","post","type-post","status-publish","format-standard","has-post-thumbnail","hentry","category-politicka-arena","tag-andrej-plenkovic","tag-eu-parlament","tag-europski-izbori","tag-hdz","tag-kresimir-ackar","tag-lista"],"yoast_head":"<!-- This site is optimized with the Yoast SEO Premium plugin v27.5 (Yoast SEO v27.5) - https:\/\/yoast.com\/product\/yoast-seo-premium-wordpress\/ -->\n<title>HDZ u Velikoj Gorici predstavio listu za europske izbore: &quot;Idemo po jo\u0161 jednu uvjerljivu pobjedu&quot; - Gorica Info<\/title>\n<meta name=\"description\" content=\"Premijer Andrej Plenkovi\u0107 predstavio je u Velikoj Gorici program HDZ-a za skore europske izbore koji \u0107e se odr\u017eati 9. lipnja 2024.\" \/>\n<meta name=\"robots\" content=\"index, follow, max-snippet:-1, max-image-preview:large, max-video-preview:-1\" \/>\n<link rel=\"canonical\" href=\"https:\/\/gorica.info\/en\/hdz-u-velikoj-gorici-predstavio-listu-za-europske-izbore-idemo-po-jos-jednu-uvjerljivu-pobjedu\/\" \/>\n<meta property=\"og:locale\" content=\"en_US\" \/>\n<meta property=\"og:type\" content=\"article\" \/>\n<meta property=\"og:title\" content=\"HDZ u Velikoj Gorici predstavio listu za europske izbore: &quot;Idemo po jo\u0161 jednu uvjerljivu pobjedu&quot;\" \/>\n<meta property=\"og:description\" content=\"Premijer Andrej Plenkovi\u0107 predstavio je u Velikoj Gorici program HDZ-a za skore europske izbore koji \u0107e se odr\u017eati 9. lipnja 2024.\" \/>\n<meta property=\"og:url\" content=\"https:\/\/gorica.info\/en\/hdz-u-velikoj-gorici-predstavio-listu-za-europske-izbore-idemo-po-jos-jednu-uvjerljivu-pobjedu\/\" \/>\n<meta property=\"og:site_name\" content=\"Gorica Info\" \/>\n<meta property=\"article:publisher\" content=\"https:\/\/www.facebook.com\/Goricainfo-106005144489262\" \/>\n<meta property=\"article:published_time\" content=\"2024-05-28T16:44:55+00:00\" \/>\n<meta property=\"og:image\" content=\"https:\/\/gorica.info\/wp-content\/uploads\/2024\/05\/hdz-eu2-e1716910621179.jpg\" \/>\n\t<meta property=\"og:image:width\" content=\"755\" \/>\n\t<meta property=\"og:image:height\" content=\"585\" \/>\n\t<meta property=\"og:image:type\" content=\"image\/jpeg\" \/>\n<meta name=\"author\" content=\"admin\" \/>\n<meta name=\"twitter:card\" content=\"summary_large_image\" \/>\n<meta name=\"twitter:creator\" content=\"@GoricaInfo\" \/>\n<meta name=\"twitter:site\" content=\"@GoricaInfo\" \/>\n<meta name=\"twitter:label1\" content=\"Written by\" \/>\n\t<meta name=\"twitter:data1\" content=\"admin\" \/>\n\t<meta name=\"twitter:label2\" content=\"Est. reading time\" \/>\n\t<meta name=\"twitter:data2\" content=\"4 minutes\" \/>\n<meta name=\"geo.placename\" content=\"Velika Gorica\" \/>\n<meta name=\"geo.region\" content=\"Croatia\" \/>\n<!-- \/ Yoast SEO Premium plugin. -->","yoast_head_json":{"title":"HDZ u Velikoj Gorici predstavio listu za europske izbore: \"Idemo po jo\u0161 jednu uvjerljivu pobjedu\" - Gorica Info","description":"Premijer Andrej Plenkovi\u0107 predstavio je u Velikoj Gorici program HDZ-a za skore europske izbore koji \u0107e se odr\u017eati 9. lipnja 2024.","robots":{"index":"index","follow":"follow","max-snippet":"max-snippet:-1","max-image-preview":"max-image-preview:large","max-video-preview":"max-video-preview:-1"},"canonical":"https:\/\/gorica.info\/en\/hdz-u-velikoj-gorici-predstavio-listu-za-europske-izbore-idemo-po-jos-jednu-uvjerljivu-pobjedu\/","og_locale":"en_US","og_type":"article","og_title":"HDZ u Velikoj Gorici predstavio listu za europske izbore: \"Idemo po jo\u0161 jednu uvjerljivu pobjedu\"","og_description":"Premijer Andrej Plenkovi\u0107 predstavio je u Velikoj Gorici program HDZ-a za skore europske izbore koji \u0107e se odr\u017eati 9. lipnja 2024.","og_url":"https:\/\/gorica.info\/en\/hdz-u-velikoj-gorici-predstavio-listu-za-europske-izbore-idemo-po-jos-jednu-uvjerljivu-pobjedu\/","og_site_name":"Gorica Info","article_publisher":"https:\/\/www.facebook.com\/Goricainfo-106005144489262","article_published_time":"2024-05-28T16:44:55+00:00","og_image":[{"width":755,"height":585,"url":"https:\/\/gorica.info\/wp-content\/uploads\/2024\/05\/hdz-eu2-e1716910621179.jpg","type":"image\/jpeg"}],"author":"admin","twitter_card":"summary_large_image","twitter_creator":"@GoricaInfo","twitter_site":"@GoricaInfo","twitter_misc":{"Written by":"admin","Est. reading time":"4 minutes"},"schema":{"@context":"https:\/\/schema.org","@graph":[{"@type":"NewsArticle","@id":"https:\/\/gorica.info\/hdz-u-velikoj-gorici-predstavio-listu-za-europske-izbore-idemo-po-jos-jednu-uvjerljivu-pobjedu\/#article","isPartOf":{"@id":"https:\/\/gorica.info\/hdz-u-velikoj-gorici-predstavio-listu-za-europske-izbore-idemo-po-jos-jednu-uvjerljivu-pobjedu\/"},"author":{"name":"admin","@id":"https:\/\/gorica.info\/#\/schema\/person\/8165dea7600c64352a88a998008450cd"},"headline":"HDZ u Velikoj Gorici predstavio listu za europske izbore: &#8220;Idemo po jo\u0161 jednu uvjerljivu pobjedu&#8221;","datePublished":"2024-05-28T16:44:55+00:00","mainEntityOfPage":{"@id":"https:\/\/gorica.info\/hdz-u-velikoj-gorici-predstavio-listu-za-europske-izbore-idemo-po-jos-jednu-uvjerljivu-pobjedu\/"},"wordCount":499,"commentCount":0,"publisher":{"@id":"https:\/\/gorica.info\/#organization"},"image":{"@id":"https:\/\/gorica.info\/hdz-u-velikoj-gorici-predstavio-listu-za-europske-izbore-idemo-po-jos-jednu-uvjerljivu-pobjedu\/#primaryimage"},"thumbnailUrl":"https:\/\/gorica.info\/wp-content\/uploads\/2024\/05\/hdz-eu2-e1716910621179.jpg","keywords":["Andrej Plenkovi\u0107","eu parlament","europski izbori","HDZ","Kre\u0161imir A\u010dkar","lista"],"articleSection":["POLITI\u010cKA ARENA"],"inLanguage":"en-US","potentialAction":[{"@type":"CommentAction","name":"Comment","target":["https:\/\/gorica.info\/hdz-u-velikoj-gorici-predstavio-listu-za-europske-izbore-idemo-po-jos-jednu-uvjerljivu-pobjedu\/#respond"]}],"copyrightYear":"2024","copyrightHolder":{"@id":"https:\/\/gorica.info\/en\/#organization"}},{"@type":"WebPage","@id":"https:\/\/gorica.info\/hdz-u-velikoj-gorici-predstavio-listu-za-europske-izbore-idemo-po-jos-jednu-uvjerljivu-pobjedu\/","url":"https:\/\/gorica.info\/hdz-u-velikoj-gorici-predstavio-listu-za-europske-izbore-idemo-po-jos-jednu-uvjerljivu-pobjedu\/","name":"HDZ u Velikoj Gorici predstavio listu za europske izbore: \"Idemo po jo\u0161 jednu uvjerljivu pobjedu\" - Gorica Info","isPartOf":{"@id":"https:\/\/gorica.info\/#website"},"primaryImageOfPage":{"@id":"https:\/\/gorica.info\/hdz-u-velikoj-gorici-predstavio-listu-za-europske-izbore-idemo-po-jos-jednu-uvjerljivu-pobjedu\/#primaryimage"},"image":{"@id":"https:\/\/gorica.info\/hdz-u-velikoj-gorici-predstavio-listu-za-europske-izbore-idemo-po-jos-jednu-uvjerljivu-pobjedu\/#primaryimage"},"thumbnailUrl":"https:\/\/gorica.info\/wp-content\/uploads\/2024\/05\/hdz-eu2-e1716910621179.jpg","datePublished":"2024-05-28T16:44:55+00:00","description":"Premijer Andrej Plenkovi\u0107 predstavio je u Velikoj Gorici program HDZ-a za skore europske izbore koji \u0107e se odr\u017eati 9. lipnja 2024.","breadcrumb":{"@id":"https:\/\/gorica.info\/hdz-u-velikoj-gorici-predstavio-listu-za-europske-izbore-idemo-po-jos-jednu-uvjerljivu-pobjedu\/#breadcrumb"},"inLanguage":"en-US","potentialAction":[{"@type":"ReadAction","target":["https:\/\/gorica.info\/hdz-u-velikoj-gorici-predstavio-listu-za-europske-izbore-idemo-po-jos-jednu-uvjerljivu-pobjedu\/"]}]},{"@type":"ImageObject","inLanguage":"en-US","@id":"https:\/\/gorica.info\/hdz-u-velikoj-gorici-predstavio-listu-za-europske-izbore-idemo-po-jos-jednu-uvjerljivu-pobjedu\/#primaryimage","url":"https:\/\/gorica.info\/wp-content\/uploads\/2024\/05\/hdz-eu2-e1716910621179.jpg","contentUrl":"https:\/\/gorica.info\/wp-content\/uploads\/2024\/05\/hdz-eu2-e1716910621179.jpg","width":755,"height":585,"caption":"Foto: Gorica.info"},{"@type":"BreadcrumbList","@id":"https:\/\/gorica.info\/hdz-u-velikoj-gorici-predstavio-listu-za-europske-izbore-idemo-po-jos-jednu-uvjerljivu-pobjedu\/#breadcrumb","itemListElement":[{"@type":"ListItem","position":1,"name":"Po\u010detna stranica","item":"https:\/\/gorica.info\/"},{"@type":"ListItem","position":2,"name":"HDZ u Velikoj Gorici predstavio listu za europske izbore: &#8220;Idemo po jo\u0161 jednu uvjerljivu pobjedu&#8221;"}]},{"@type":"WebSite","@id":"https:\/\/gorica.info\/#website","url":"https:\/\/gorica.info\/","name":"Gorica Info","description":"Vijesti iz Velike Gorice i okolice.","publisher":{"@id":"https:\/\/gorica.info\/#organization"},"potentialAction":[{"@type":"SearchAction","target":{"@type":"EntryPoint","urlTemplate":"https:\/\/gorica.info\/?s={search_term_string}"},"query-input":{"@type":"PropertyValueSpecification","valueRequired":true,"valueName":"search_term_string"}}],"inLanguage":"en-US"},{"@type":["Organization","Place","NewsMediaOrganization"],"@id":"https:\/\/gorica.info\/#organization","name":"Gorica Info","url":"https:\/\/gorica.info\/","logo":{"@id":"https:\/\/gorica.info\/hdz-u-velikoj-gorici-predstavio-listu-za-europske-izbore-idemo-po-jos-jednu-uvjerljivu-pobjedu\/#local-main-organization-logo"},"image":{"@id":"https:\/\/gorica.info\/hdz-u-velikoj-gorici-predstavio-listu-za-europske-izbore-idemo-po-jos-jednu-uvjerljivu-pobjedu\/#local-main-organization-logo"},"sameAs":["https:\/\/www.facebook.com\/Goricainfo-106005144489262","https:\/\/x.com\/GoricaInfo","https:\/\/www.instagram.com\/gorica.info\/"],"address":{"@id":"https:\/\/gorica.info\/hdz-u-velikoj-gorici-predstavio-listu-za-europske-izbore-idemo-po-jos-jednu-uvjerljivu-pobjedu\/#local-main-place-address"},"telephone":[],"openingHoursSpecification":[{"@type":"OpeningHoursSpecification","dayOfWeek":["Monday","Tuesday","Wednesday","Thursday","Friday","Saturday","Sunday"],"opens":"09:00","closes":"17:00"}],"email":"redakcija@gorica.info"},{"@type":"Person","@id":"https:\/\/gorica.info\/#\/schema\/person\/8165dea7600c64352a88a998008450cd","name":"admin","sameAs":["https:\/\/gorica.info"],"url":"https:\/\/gorica.info\/en\/author\/admin\/"},{"@type":"PostalAddress","@id":"https:\/\/gorica.info\/hdz-u-velikoj-gorici-predstavio-listu-za-europske-izbore-idemo-po-jos-jednu-uvjerljivu-pobjedu\/#local-main-place-address","streetAddress":"Horvatova 97","addressLocality":"Velika Gorica","postalCode":"10410","addressRegion":"Croatia","addressCountry":"HR"},{"@type":"ImageObject","inLanguage":"en-US","@id":"https:\/\/gorica.info\/hdz-u-velikoj-gorici-predstavio-listu-za-europske-izbore-idemo-po-jos-jednu-uvjerljivu-pobjedu\/#local-main-organization-logo","url":"https:\/\/gorica.info\/wp-content\/uploads\/2024\/07\/Gorica-Info-Logo-mali.png","contentUrl":"https:\/\/gorica.info\/wp-content\/uploads\/2024\/07\/Gorica-Info-Logo-mali.png","width":450,"height":85,"caption":"Gorica Info"}]},"geo.placename":"Velika Gorica","geo.region":"Croatia"},"_links":{"self":[{"href":"https:\/\/gorica.info\/en\/wp-json\/wp\/v2\/posts\/65306","targetHints":{"allow":["GET"]}}],"collection":[{"href":"https:\/\/gorica.info\/en\/wp-json\/wp\/v2\/posts"}],"about":[{"href":"https:\/\/gorica.info\/en\/wp-json\/wp\/v2\/types\/post"}],"author":[{"embeddable":true,"href":"https:\/\/gorica.info\/en\/wp-json\/wp\/v2\/users\/1"}],"replies":[{"embeddable":true,"href":"https:\/\/gorica.info\/en\/wp-json\/wp\/v2\/comments?post=65306"}],"version-history":[{"count":0,"href":"https:\/\/gorica.info\/en\/wp-json\/wp\/v2\/posts\/65306\/revisions"}],"wp:featuredmedia":[{"embeddable":true,"href":"https:\/\/gorica.info\/en\/wp-json\/wp\/v2\/media\/65315"}],"wp:attachment":[{"href":"https:\/\/gorica.info\/en\/wp-json\/wp\/v2\/media?parent=65306"}],"wp:term":[{"taxonomy":"category","embeddable":true,"href":"https:\/\/gorica.info\/en\/wp-json\/wp\/v2\/categories?post=65306"},{"taxonomy":"post_tag","embeddable":true,"href":"https:\/\/gorica.info\/en\/wp-json\/wp\/v2\/tags?post=65306"}],"curies":[{"name":"wp","href":"https:\/\/api.w.org\/{rel}","templated":true}]}}