{"id":65699,"date":"2024-06-06T15:33:11","date_gmt":"2024-06-06T13:33:11","guid":{"rendered":"https:\/\/gorica.info\/?p=65699"},"modified":"2024-06-06T15:33:11","modified_gmt":"2024-06-06T13:33:11","slug":"vg-cistoca-gradani-koji-zive-u-obiteljskim-kucama-mogu-preuzeti-zute-i-plave-vrecice","status":"publish","type":"post","link":"https:\/\/gorica.info\/en\/vg-cistoca-gradani-koji-zive-u-obiteljskim-kucama-mogu-preuzeti-zute-i-plave-vrecice\/","title":{"rendered":"VG \u010cisto\u0107a: Gra\u0111ani koji \u017eive u obiteljskim ku\u0107ama mogu preuzeti \u017eute i plave vre\u0107ice"},"content":{"rendered":"<p><strong>Iz VG \u010cisto\u0107e<\/strong> javljaju kako gra\u0111ani<strong> naselja Velike Gorice<\/strong> i <strong>Gradi\u0107a<\/strong> koji koriste <strong>spremnike od 120 L<\/strong> za odvojeni reciklabilni otpad, mogu <strong>dobiti \u017eute i plave vre\u0107ice<\/strong>. Vre\u0107ice se ne napla\u0107uju i namijenjene su korisnicima <strong>obiteljskih ku\u0107a<\/strong>.<\/p>\n<p>&#8211; <a href=\"https:\/\/gorica.info\/en\/2024\/06\/05\/gospodarenje-otpadom-glavna-tema-konferencije-i-radionice-u-poduzetnickom-inkubatoru-u-tijeku-su-prijave-za-sudjelovanje\/\">Korisnici<\/a> u fazi podjele dobivaju<strong> dva paketa<\/strong> vre\u0107ica po<strong> 12 komada \u017eutih vre\u0107ica<\/strong> za plasti\u010dnu i metalnu ambala\u017eu i <strong>12 komada plavih vre\u0107ica<\/strong> za papir i karton. Vre\u0107ice su dostatne za godinu dana \u2013 rekli su iz <a href=\"https:\/\/www.vgcistoca.hr\/novosti\/obavijest-o-dodatnim-vrecicama-za-kucanstva\/\">VG \u010cisto\u0107e.<\/a><\/p>\n<p>Dodatne informacije mogu\u0107e je dobiti putem e-maila korisni\u010dke slu\u017ebe <a href=\"mailto:reklamacije@vgcistoca.hr\">reklamacije@vgcistoca.hr<\/a> kao i na brojeve telefona 01\/ 6566 \u2013 757 i 01\/ 6566 \u2013 758.<\/p>","protected":false},"excerpt":{"rendered":"<p>Iz VG \u010cisto\u0107e javljaju kako gra\u0111ani naselja Velike Gorice i Gradi\u0107a koji koriste spremnike od 120 L za odvojeni reciklabilni otpad, mogu dobiti \u017eute i plave vre\u0107ice. Vre\u0107ice se ne napla\u0107uju i namijenjene su korisnicima obiteljskih ku\u0107a. &#8211; Korisnici u fazi podjele dobivaju dva paketa vre\u0107ica po 12 komada \u017eutih vre\u0107ica za plasti\u010dnu i metalnu [&hellip;]<\/p>\n","protected":false},"author":25,"featured_media":65700,"comment_status":"open","ping_status":"open","sticky":false,"template":"","format":"standard","meta":{"limit_modified_date":"","last_modified_date":"","jnews-multi-image_gallery":[],"jnews_single_post":[],"jnews_primary_category":[],"jnews_override_counter":[],"footnotes":""},"categories":[87],"tags":[12860,12861,943,12862,12863,321,12864],"class_list":["post-65699","post","type-post","status-publish","format-standard","has-post-thumbnail","hentry","category-gorica","tag-karton","tag-papir","tag-plastika","tag-plave-vrecice","tag-spremnik","tag-vg-cistoca","tag-zute-vrecice"],"yoast_head":"<!-- This site is optimized with the Yoast SEO Premium plugin v27.4 (Yoast SEO v27.4) - https:\/\/yoast.com\/product\/yoast-seo-premium-wordpress\/ -->\n<title>VG \u010cisto\u0107a: Gra\u0111ani koji \u017eive u obiteljskim ku\u0107ama mogu preuzeti \u017eute i plave vre\u0107ice - Gorica Info<\/title>\n<meta name=\"description\" content=\"VG \u010cisto\u0107a: Gra\u0111ani koji \u017eive u obiteljskim ku\u0107ama mogu bespaltno preuzeti \u017eute i plave vre\u0107ice koje su im dovoljne za godinu dana.\" \/>\n<meta name=\"robots\" content=\"index, follow, max-snippet:-1, max-image-preview:large, max-video-preview:-1\" \/>\n<link rel=\"canonical\" href=\"https:\/\/gorica.info\/en\/vg-cistoca-gradani-koji-zive-u-obiteljskim-kucama-mogu-preuzeti-zute-i-plave-vrecice\/\" \/>\n<meta property=\"og:locale\" content=\"en_US\" \/>\n<meta property=\"og:type\" content=\"article\" \/>\n<meta property=\"og:title\" content=\"VG \u010cisto\u0107a: Gra\u0111ani koji \u017eive u obiteljskim ku\u0107ama mogu preuzeti \u017eute i plave vre\u0107ice\" \/>\n<meta property=\"og:description\" content=\"VG \u010cisto\u0107a: Gra\u0111ani koji \u017eive u obiteljskim ku\u0107ama mogu bespaltno preuzeti \u017eute i plave vre\u0107ice koje su im dovoljne za godinu dana.\" \/>\n<meta property=\"og:url\" content=\"https:\/\/gorica.info\/en\/vg-cistoca-gradani-koji-zive-u-obiteljskim-kucama-mogu-preuzeti-zute-i-plave-vrecice\/\" \/>\n<meta property=\"og:site_name\" content=\"Gorica Info\" \/>\n<meta property=\"article:publisher\" content=\"https:\/\/www.facebook.com\/Goricainfo-106005144489262\" \/>\n<meta property=\"article:published_time\" content=\"2024-06-06T13:33:11+00:00\" \/>\n<meta property=\"og:image\" content=\"https:\/\/gorica.info\/wp-content\/uploads\/2024\/06\/vg-cistoca-vrecice-e1717687950457.jpg\" \/>\n\t<meta property=\"og:image:width\" content=\"800\" \/>\n\t<meta property=\"og:image:height\" content=\"548\" \/>\n\t<meta property=\"og:image:type\" content=\"image\/jpeg\" \/>\n<meta name=\"author\" content=\"Marta Horvat\" \/>\n<meta name=\"twitter:card\" content=\"summary_large_image\" \/>\n<meta name=\"twitter:creator\" content=\"@GoricaInfo\" \/>\n<meta name=\"twitter:site\" content=\"@GoricaInfo\" \/>\n<meta name=\"twitter:label1\" content=\"Written by\" \/>\n\t<meta name=\"twitter:data1\" content=\"Marta Horvat\" \/>\n\t<meta name=\"twitter:label2\" content=\"Est. reading time\" \/>\n\t<meta name=\"twitter:data2\" content=\"1 minute\" \/>\n<meta name=\"geo.placename\" content=\"Velika Gorica\" \/>\n<meta name=\"geo.region\" content=\"Croatia\" \/>\n<!-- \/ Yoast SEO Premium plugin. -->","yoast_head_json":{"title":"VG \u010cisto\u0107a: Gra\u0111ani koji \u017eive u obiteljskim ku\u0107ama mogu preuzeti \u017eute i plave vre\u0107ice - Gorica Info","description":"VG \u010cisto\u0107a: Gra\u0111ani koji \u017eive u obiteljskim ku\u0107ama mogu bespaltno preuzeti \u017eute i plave vre\u0107ice koje su im dovoljne za godinu dana.","robots":{"index":"index","follow":"follow","max-snippet":"max-snippet:-1","max-image-preview":"max-image-preview:large","max-video-preview":"max-video-preview:-1"},"canonical":"https:\/\/gorica.info\/en\/vg-cistoca-gradani-koji-zive-u-obiteljskim-kucama-mogu-preuzeti-zute-i-plave-vrecice\/","og_locale":"en_US","og_type":"article","og_title":"VG \u010cisto\u0107a: Gra\u0111ani koji \u017eive u obiteljskim ku\u0107ama mogu preuzeti \u017eute i plave vre\u0107ice","og_description":"VG \u010cisto\u0107a: Gra\u0111ani koji \u017eive u obiteljskim ku\u0107ama mogu bespaltno preuzeti \u017eute i plave vre\u0107ice koje su im dovoljne za godinu dana.","og_url":"https:\/\/gorica.info\/en\/vg-cistoca-gradani-koji-zive-u-obiteljskim-kucama-mogu-preuzeti-zute-i-plave-vrecice\/","og_site_name":"Gorica Info","article_publisher":"https:\/\/www.facebook.com\/Goricainfo-106005144489262","article_published_time":"2024-06-06T13:33:11+00:00","og_image":[{"width":800,"height":548,"url":"https:\/\/gorica.info\/wp-content\/uploads\/2024\/06\/vg-cistoca-vrecice-e1717687950457.jpg","type":"image\/jpeg"}],"author":"Marta Horvat","twitter_card":"summary_large_image","twitter_creator":"@GoricaInfo","twitter_site":"@GoricaInfo","twitter_misc":{"Written by":"Marta Horvat","Est. reading time":"1 minute"},"schema":{"@context":"https:\/\/schema.org","@graph":[{"@type":"NewsArticle","@id":"https:\/\/gorica.info\/vg-cistoca-gradani-koji-zive-u-obiteljskim-kucama-mogu-preuzeti-zute-i-plave-vrecice\/#article","isPartOf":{"@id":"https:\/\/gorica.info\/vg-cistoca-gradani-koji-zive-u-obiteljskim-kucama-mogu-preuzeti-zute-i-plave-vrecice\/"},"author":{"name":"Marta Horvat","@id":"https:\/\/gorica.info\/#\/schema\/person\/b2df2f6fb2a9073c0fa5af2672befd52"},"headline":"VG \u010cisto\u0107a: Gra\u0111ani koji \u017eive u obiteljskim ku\u0107ama mogu preuzeti \u017eute i plave vre\u0107ice","datePublished":"2024-06-06T13:33:11+00:00","mainEntityOfPage":{"@id":"https:\/\/gorica.info\/vg-cistoca-gradani-koji-zive-u-obiteljskim-kucama-mogu-preuzeti-zute-i-plave-vrecice\/"},"wordCount":126,"commentCount":0,"publisher":{"@id":"https:\/\/gorica.info\/#organization"},"image":{"@id":"https:\/\/gorica.info\/vg-cistoca-gradani-koji-zive-u-obiteljskim-kucama-mogu-preuzeti-zute-i-plave-vrecice\/#primaryimage"},"thumbnailUrl":"https:\/\/gorica.info\/wp-content\/uploads\/2024\/06\/vg-cistoca-vrecice-e1717687950457.jpg","keywords":["karton","papir","plastika","plave vre\u0107ice","spremnik","VG \u010cisto\u0107a","\u017eute vre\u0107ice"],"articleSection":["GORICA"],"inLanguage":"en-US","potentialAction":[{"@type":"CommentAction","name":"Comment","target":["https:\/\/gorica.info\/vg-cistoca-gradani-koji-zive-u-obiteljskim-kucama-mogu-preuzeti-zute-i-plave-vrecice\/#respond"]}],"copyrightYear":"2024","copyrightHolder":{"@id":"https:\/\/gorica.info\/en\/#organization"}},{"@type":"WebPage","@id":"https:\/\/gorica.info\/vg-cistoca-gradani-koji-zive-u-obiteljskim-kucama-mogu-preuzeti-zute-i-plave-vrecice\/","url":"https:\/\/gorica.info\/vg-cistoca-gradani-koji-zive-u-obiteljskim-kucama-mogu-preuzeti-zute-i-plave-vrecice\/","name":"VG \u010cisto\u0107a: Gra\u0111ani koji \u017eive u obiteljskim ku\u0107ama mogu preuzeti \u017eute i plave vre\u0107ice - Gorica Info","isPartOf":{"@id":"https:\/\/gorica.info\/#website"},"primaryImageOfPage":{"@id":"https:\/\/gorica.info\/vg-cistoca-gradani-koji-zive-u-obiteljskim-kucama-mogu-preuzeti-zute-i-plave-vrecice\/#primaryimage"},"image":{"@id":"https:\/\/gorica.info\/vg-cistoca-gradani-koji-zive-u-obiteljskim-kucama-mogu-preuzeti-zute-i-plave-vrecice\/#primaryimage"},"thumbnailUrl":"https:\/\/gorica.info\/wp-content\/uploads\/2024\/06\/vg-cistoca-vrecice-e1717687950457.jpg","datePublished":"2024-06-06T13:33:11+00:00","description":"VG \u010cisto\u0107a: Gra\u0111ani koji \u017eive u obiteljskim ku\u0107ama mogu bespaltno preuzeti \u017eute i plave vre\u0107ice koje su im dovoljne za godinu dana.","breadcrumb":{"@id":"https:\/\/gorica.info\/vg-cistoca-gradani-koji-zive-u-obiteljskim-kucama-mogu-preuzeti-zute-i-plave-vrecice\/#breadcrumb"},"inLanguage":"en-US","potentialAction":[{"@type":"ReadAction","target":["https:\/\/gorica.info\/vg-cistoca-gradani-koji-zive-u-obiteljskim-kucama-mogu-preuzeti-zute-i-plave-vrecice\/"]}]},{"@type":"ImageObject","inLanguage":"en-US","@id":"https:\/\/gorica.info\/vg-cistoca-gradani-koji-zive-u-obiteljskim-kucama-mogu-preuzeti-zute-i-plave-vrecice\/#primaryimage","url":"https:\/\/gorica.info\/wp-content\/uploads\/2024\/06\/vg-cistoca-vrecice-e1717687950457.jpg","contentUrl":"https:\/\/gorica.info\/wp-content\/uploads\/2024\/06\/vg-cistoca-vrecice-e1717687950457.jpg","width":800,"height":548,"caption":"Foto: VG \u010cisto\u0107a"},{"@type":"BreadcrumbList","@id":"https:\/\/gorica.info\/vg-cistoca-gradani-koji-zive-u-obiteljskim-kucama-mogu-preuzeti-zute-i-plave-vrecice\/#breadcrumb","itemListElement":[{"@type":"ListItem","position":1,"name":"Po\u010detna stranica","item":"https:\/\/gorica.info\/"},{"@type":"ListItem","position":2,"name":"VG \u010cisto\u0107a: Gra\u0111ani koji \u017eive u obiteljskim ku\u0107ama mogu preuzeti \u017eute i plave vre\u0107ice"}]},{"@type":"WebSite","@id":"https:\/\/gorica.info\/#website","url":"https:\/\/gorica.info\/","name":"Gorica Info","description":"Vijesti iz Velike Gorice i okolice.","publisher":{"@id":"https:\/\/gorica.info\/#organization"},"potentialAction":[{"@type":"SearchAction","target":{"@type":"EntryPoint","urlTemplate":"https:\/\/gorica.info\/?s={search_term_string}"},"query-input":{"@type":"PropertyValueSpecification","valueRequired":true,"valueName":"search_term_string"}}],"inLanguage":"en-US"},{"@type":["Organization","Place","NewsMediaOrganization"],"@id":"https:\/\/gorica.info\/#organization","name":"Gorica Info","url":"https:\/\/gorica.info\/","logo":{"@id":"https:\/\/gorica.info\/vg-cistoca-gradani-koji-zive-u-obiteljskim-kucama-mogu-preuzeti-zute-i-plave-vrecice\/#local-main-organization-logo"},"image":{"@id":"https:\/\/gorica.info\/vg-cistoca-gradani-koji-zive-u-obiteljskim-kucama-mogu-preuzeti-zute-i-plave-vrecice\/#local-main-organization-logo"},"sameAs":["https:\/\/www.facebook.com\/Goricainfo-106005144489262","https:\/\/x.com\/GoricaInfo","https:\/\/www.instagram.com\/gorica.info\/"],"address":{"@id":"https:\/\/gorica.info\/vg-cistoca-gradani-koji-zive-u-obiteljskim-kucama-mogu-preuzeti-zute-i-plave-vrecice\/#local-main-place-address"},"telephone":[],"openingHoursSpecification":[{"@type":"OpeningHoursSpecification","dayOfWeek":["Monday","Tuesday","Wednesday","Thursday","Friday","Saturday","Sunday"],"opens":"09:00","closes":"17:00"}],"email":"redakcija@gorica.info"},{"@type":"Person","@id":"https:\/\/gorica.info\/#\/schema\/person\/b2df2f6fb2a9073c0fa5af2672befd52","name":"Marta Horvat","description":"Marta Horvat je studentica koja redovito pi\u0161e za portal, prati sva gradska doga\u0111anja i u\u017eiva isprobavati nove recept koje dijeli s na\u0161im \u010ditateljima.","url":"https:\/\/gorica.info\/en\/author\/marta-horvat\/"},{"@type":"PostalAddress","@id":"https:\/\/gorica.info\/vg-cistoca-gradani-koji-zive-u-obiteljskim-kucama-mogu-preuzeti-zute-i-plave-vrecice\/#local-main-place-address","streetAddress":"Horvatova 97","addressLocality":"Velika Gorica","postalCode":"10410","addressRegion":"Croatia","addressCountry":"HR"},{"@type":"ImageObject","inLanguage":"en-US","@id":"https:\/\/gorica.info\/vg-cistoca-gradani-koji-zive-u-obiteljskim-kucama-mogu-preuzeti-zute-i-plave-vrecice\/#local-main-organization-logo","url":"https:\/\/gorica.info\/wp-content\/uploads\/2024\/07\/Gorica-Info-Logo-mali.png","contentUrl":"https:\/\/gorica.info\/wp-content\/uploads\/2024\/07\/Gorica-Info-Logo-mali.png","width":450,"height":85,"caption":"Gorica Info"}]},"geo.placename":"Velika Gorica","geo.region":"Croatia"},"_links":{"self":[{"href":"https:\/\/gorica.info\/en\/wp-json\/wp\/v2\/posts\/65699","targetHints":{"allow":["GET"]}}],"collection":[{"href":"https:\/\/gorica.info\/en\/wp-json\/wp\/v2\/posts"}],"about":[{"href":"https:\/\/gorica.info\/en\/wp-json\/wp\/v2\/types\/post"}],"author":[{"embeddable":true,"href":"https:\/\/gorica.info\/en\/wp-json\/wp\/v2\/users\/25"}],"replies":[{"embeddable":true,"href":"https:\/\/gorica.info\/en\/wp-json\/wp\/v2\/comments?post=65699"}],"version-history":[{"count":0,"href":"https:\/\/gorica.info\/en\/wp-json\/wp\/v2\/posts\/65699\/revisions"}],"wp:featuredmedia":[{"embeddable":true,"href":"https:\/\/gorica.info\/en\/wp-json\/wp\/v2\/media\/65700"}],"wp:attachment":[{"href":"https:\/\/gorica.info\/en\/wp-json\/wp\/v2\/media?parent=65699"}],"wp:term":[{"taxonomy":"category","embeddable":true,"href":"https:\/\/gorica.info\/en\/wp-json\/wp\/v2\/categories?post=65699"},{"taxonomy":"post_tag","embeddable":true,"href":"https:\/\/gorica.info\/en\/wp-json\/wp\/v2\/tags?post=65699"}],"curies":[{"name":"wp","href":"https:\/\/api.w.org\/{rel}","templated":true}]}}