{"id":65833,"date":"2024-06-09T11:02:50","date_gmt":"2024-06-09T09:02:50","guid":{"rendered":"https:\/\/gorica.info\/?p=65833"},"modified":"2024-06-09T11:02:50","modified_gmt":"2024-06-09T09:02:50","slug":"eu-izbori-odaziv-biraca-los-i-u-velikoj-gorici-na-nekim-mjestima-glasace-mogu-prebrojiti-na-prste","status":"publish","type":"post","link":"https:\/\/gorica.info\/en\/eu-izbori-odaziv-biraca-los-i-u-velikoj-gorici-na-nekim-mjestima-glasace-mogu-prebrojiti-na-prste\/","title":{"rendered":"EU izbori: Odaziv bira\u010da lo\u0161 i u Velikoj Gorici, na nekim mjestima glasa\u010de mogu prebrojiti na prste"},"content":{"rendered":"<p>EU izbori <a href=\"https:\/\/www.izbori.hr\/site\/\">po\u010deli su jutros<\/a> u Hrvatskoj to\u010dno u 7:00 sati. Izborna povjerenstva su na svojim mjestima, pripremljeni su glasa\u010dki listi\u0107i, pregrade koje jam\u010de privatnost kod zaokru\u017eivanja \u017eeljene liste i kandidata, kemijske olovke &#8211; jedino nema glasa\u010da.<\/p>\n<p>Znalo se da EU izbori ne\u0107e hrvatskim glasa\u010dima biti atraktivni poput onih parlamentarnih koji su odr\u017eani 17. travnja, no, barem se jutros tako \u010dini, nije se o\u010dekivao niti ovako lo\u0161 odaziv.<\/p>\n<p>Niti u Velikoj Gorici nije ni\u0161ta druga\u010dije. Na\u0161i \u010ditatelji nam javljaju da u gradu ima glasa\u010dkih mjesta na kojima se iza\u0161li glasa\u010di u prva dva-tri sata glasanja mogu prebrojati na prste dvije ruke. Ima i onih mjesta gdje je odaziv bolji, dose\u017ee gotovo do stotine iza\u0161lih glasa\u010da, ali, dodaju u bira\u010dkom odboru, to nije niti jedna petina u odnosu na parlamentarne izbore.<\/p>\n<p>Kako bilo, ako \u017eelite <a href=\"https:\/\/gorica.info\/en\/2024\/06\/04\/kolumna-pametnom-dosta-eu-izbori-su-nebitni-svima-nama-osim-potencijalnim-eu-uhljebima\/\">odabrati listu i konkretnu osobu koju biste poslali u Europski parlament<\/a> za oko 7000 eura mjese\u010dne pla\u0107e neto, ne\u0107ete morati \u010dekati u redovima i brzo \u0107ete biti gotovi. Za 12 mjesta u parlamentu nadme\u0107e se 300 kandidata na 25 lista.<\/p>\n<p>Naravno, sve se to mo\u017ee promijeniti, pa mo\u017eda i izlaznost na kraju dosegne neki zadovoljavaju\u0107i postotak. Vidjet \u0107emo, birali\u0161ta se zatvaraju u 19 sati, a rezultate bismo trebali doznati danas u 23 sata.<\/p>\n<p><img fetchpriority=\"high\" decoding=\"async\" class=\"wp-image-65835 size-full aligncenter\" src=\"https:\/\/gorica.info\/wp-content\/uploads\/2024\/06\/euizbori2.jpg\" alt=\"eu izbori\" width=\"600\" height=\"800\" srcset=\"https:\/\/gorica.info\/wp-content\/uploads\/2024\/06\/euizbori2.jpg 600w, https:\/\/gorica.info\/wp-content\/uploads\/2024\/06\/euizbori2-225x300.jpg 225w, https:\/\/gorica.info\/wp-content\/uploads\/2024\/06\/euizbori2-9x12.jpg 9w\" sizes=\"(max-width: 600px) 100vw, 600px\" \/><\/p>\n<figure id=\"attachment_65836\" aria-describedby=\"caption-attachment-65836\" style=\"width: 600px\" class=\"wp-caption aligncenter\"><img decoding=\"async\" class=\"size-full wp-image-65836\" src=\"https:\/\/gorica.info\/wp-content\/uploads\/2024\/06\/euizbori3.jpg\" alt=\"eu izbori\" width=\"600\" height=\"800\" srcset=\"https:\/\/gorica.info\/wp-content\/uploads\/2024\/06\/euizbori3.jpg 600w, https:\/\/gorica.info\/wp-content\/uploads\/2024\/06\/euizbori3-225x300.jpg 225w, https:\/\/gorica.info\/wp-content\/uploads\/2024\/06\/euizbori3-9x12.jpg 9w\" sizes=\"(max-width: 600px) 100vw, 600px\" \/><figcaption id=\"caption-attachment-65836\" class=\"wp-caption-text\">Foto: \u010citateljica Gorice.info<\/figcaption><\/figure>","protected":false},"excerpt":{"rendered":"<p>EU izbori po\u010deli su jutros u Hrvatskoj to\u010dno u 7:00 sati. Izborna povjerenstva su na svojim mjestima, pripremljeni su glasa\u010dki listi\u0107i, pregrade koje jam\u010de privatnost kod zaokru\u017eivanja \u017eeljene liste i kandidata, kemijske olovke &#8211; jedino nema glasa\u010da. Znalo se da EU izbori ne\u0107e hrvatskim glasa\u010dima biti atraktivni poput onih parlamentarnih koji su odr\u017eani 17. travnja, [&hellip;]<\/p>\n","protected":false},"author":24,"featured_media":65834,"comment_status":"open","ping_status":"open","sticky":false,"template":"","format":"standard","meta":{"limit_modified_date":"","last_modified_date":"","jnews-multi-image_gallery":[],"jnews_single_post":[],"jnews_primary_category":[],"jnews_override_counter":[],"footnotes":""},"categories":[89],"tags":[12894,5169,2427,12895],"class_list":["post-65833","post","type-post","status-publish","format-standard","has-post-thumbnail","hentry","category-politicka-arena","tag-eu-izbori-2024","tag-europski-parlament","tag-glasaci","tag-odaziv"],"yoast_head":"<!-- This site is optimized with the Yoast SEO Premium plugin v27.4 (Yoast SEO v27.4) - https:\/\/yoast.com\/product\/yoast-seo-premium-wordpress\/ -->\n<title>EU izbori: Odaziv bira\u010da lo\u0161 i u Velikoj Gorici, na nekim mjestima glasa\u010de mogu prebrojiti na prste - Gorica Info<\/title>\n<meta name=\"description\" content=\"EU izbori po\u010deli su jutros u 7:00 sati i u Hrvatskoj, sve je spremno, birali\u0161ta su otvorena, ali u nedjeljno prijepodne nedostaju bira\u010di\" \/>\n<meta name=\"robots\" content=\"index, follow, max-snippet:-1, max-image-preview:large, max-video-preview:-1\" \/>\n<link rel=\"canonical\" href=\"https:\/\/gorica.info\/en\/eu-izbori-odaziv-biraca-los-i-u-velikoj-gorici-na-nekim-mjestima-glasace-mogu-prebrojiti-na-prste\/\" \/>\n<meta property=\"og:locale\" content=\"en_US\" \/>\n<meta property=\"og:type\" content=\"article\" \/>\n<meta property=\"og:title\" content=\"EU izbori: Odaziv bira\u010da lo\u0161 i u Velikoj Gorici, na nekim mjestima glasa\u010de mogu prebrojiti na prste\" \/>\n<meta property=\"og:description\" content=\"EU izbori po\u010deli su jutros u 7:00 sati i u Hrvatskoj, sve je spremno, birali\u0161ta su otvorena, ali u nedjeljno prijepodne nedostaju bira\u010di\" \/>\n<meta property=\"og:url\" content=\"https:\/\/gorica.info\/en\/eu-izbori-odaziv-biraca-los-i-u-velikoj-gorici-na-nekim-mjestima-glasace-mogu-prebrojiti-na-prste\/\" \/>\n<meta property=\"og:site_name\" content=\"Gorica Info\" \/>\n<meta property=\"article:publisher\" content=\"https:\/\/www.facebook.com\/Goricainfo-106005144489262\" \/>\n<meta property=\"article:published_time\" content=\"2024-06-09T09:02:50+00:00\" \/>\n<meta property=\"og:image\" content=\"https:\/\/gorica.info\/wp-content\/uploads\/2024\/06\/euizbori.jpg\" \/>\n\t<meta property=\"og:image:width\" content=\"1067\" \/>\n\t<meta property=\"og:image:height\" content=\"800\" \/>\n\t<meta property=\"og:image:type\" content=\"image\/jpeg\" \/>\n<meta name=\"author\" content=\"Marija Stip\u010di\u0107\" \/>\n<meta name=\"twitter:card\" content=\"summary_large_image\" \/>\n<meta name=\"twitter:creator\" content=\"@GoricaInfo\" \/>\n<meta name=\"twitter:site\" content=\"@GoricaInfo\" \/>\n<meta name=\"twitter:label1\" content=\"Written by\" \/>\n\t<meta name=\"twitter:data1\" content=\"Marija Stip\u010di\u0107\" \/>\n\t<meta name=\"twitter:label2\" content=\"Est. reading time\" \/>\n\t<meta name=\"twitter:data2\" content=\"2 minutes\" \/>\n<meta name=\"geo.placename\" content=\"Velika Gorica\" \/>\n<meta name=\"geo.region\" content=\"Croatia\" \/>\n<!-- \/ Yoast SEO Premium plugin. -->","yoast_head_json":{"title":"EU izbori: Odaziv bira\u010da lo\u0161 i u Velikoj Gorici, na nekim mjestima glasa\u010de mogu prebrojiti na prste - Gorica Info","description":"EU izbori po\u010deli su jutros u 7:00 sati i u Hrvatskoj, sve je spremno, birali\u0161ta su otvorena, ali u nedjeljno prijepodne nedostaju bira\u010di","robots":{"index":"index","follow":"follow","max-snippet":"max-snippet:-1","max-image-preview":"max-image-preview:large","max-video-preview":"max-video-preview:-1"},"canonical":"https:\/\/gorica.info\/en\/eu-izbori-odaziv-biraca-los-i-u-velikoj-gorici-na-nekim-mjestima-glasace-mogu-prebrojiti-na-prste\/","og_locale":"en_US","og_type":"article","og_title":"EU izbori: Odaziv bira\u010da lo\u0161 i u Velikoj Gorici, na nekim mjestima glasa\u010de mogu prebrojiti na prste","og_description":"EU izbori po\u010deli su jutros u 7:00 sati i u Hrvatskoj, sve je spremno, birali\u0161ta su otvorena, ali u nedjeljno prijepodne nedostaju bira\u010di","og_url":"https:\/\/gorica.info\/en\/eu-izbori-odaziv-biraca-los-i-u-velikoj-gorici-na-nekim-mjestima-glasace-mogu-prebrojiti-na-prste\/","og_site_name":"Gorica Info","article_publisher":"https:\/\/www.facebook.com\/Goricainfo-106005144489262","article_published_time":"2024-06-09T09:02:50+00:00","og_image":[{"width":1067,"height":800,"url":"https:\/\/gorica.info\/wp-content\/uploads\/2024\/06\/euizbori.jpg","type":"image\/jpeg"}],"author":"Marija Stip\u010di\u0107","twitter_card":"summary_large_image","twitter_creator":"@GoricaInfo","twitter_site":"@GoricaInfo","twitter_misc":{"Written by":"Marija Stip\u010di\u0107","Est. reading time":"2 minutes"},"schema":{"@context":"https:\/\/schema.org","@graph":[{"@type":"NewsArticle","@id":"https:\/\/gorica.info\/eu-izbori-odaziv-biraca-los-i-u-velikoj-gorici-na-nekim-mjestima-glasace-mogu-prebrojiti-na-prste\/#article","isPartOf":{"@id":"https:\/\/gorica.info\/eu-izbori-odaziv-biraca-los-i-u-velikoj-gorici-na-nekim-mjestima-glasace-mogu-prebrojiti-na-prste\/"},"author":{"name":"Marija Stip\u010di\u0107","@id":"https:\/\/gorica.info\/#\/schema\/person\/9333bbb1dc58fe60ed05834f4e88dc63"},"headline":"EU izbori: Odaziv bira\u010da lo\u0161 i u Velikoj Gorici, na nekim mjestima glasa\u010de mogu prebrojiti na prste","datePublished":"2024-06-09T09:02:50+00:00","mainEntityOfPage":{"@id":"https:\/\/gorica.info\/eu-izbori-odaziv-biraca-los-i-u-velikoj-gorici-na-nekim-mjestima-glasace-mogu-prebrojiti-na-prste\/"},"wordCount":258,"commentCount":0,"publisher":{"@id":"https:\/\/gorica.info\/#organization"},"image":{"@id":"https:\/\/gorica.info\/eu-izbori-odaziv-biraca-los-i-u-velikoj-gorici-na-nekim-mjestima-glasace-mogu-prebrojiti-na-prste\/#primaryimage"},"thumbnailUrl":"https:\/\/gorica.info\/wp-content\/uploads\/2024\/06\/euizbori.jpg","keywords":["eu izbori 2024","europski parlament","glasa\u010di","odaziv"],"articleSection":["POLITI\u010cKA ARENA"],"inLanguage":"en-US","potentialAction":[{"@type":"CommentAction","name":"Comment","target":["https:\/\/gorica.info\/eu-izbori-odaziv-biraca-los-i-u-velikoj-gorici-na-nekim-mjestima-glasace-mogu-prebrojiti-na-prste\/#respond"]}],"copyrightYear":"2024","copyrightHolder":{"@id":"https:\/\/gorica.info\/en\/#organization"}},{"@type":"WebPage","@id":"https:\/\/gorica.info\/eu-izbori-odaziv-biraca-los-i-u-velikoj-gorici-na-nekim-mjestima-glasace-mogu-prebrojiti-na-prste\/","url":"https:\/\/gorica.info\/eu-izbori-odaziv-biraca-los-i-u-velikoj-gorici-na-nekim-mjestima-glasace-mogu-prebrojiti-na-prste\/","name":"EU izbori: Odaziv bira\u010da lo\u0161 i u Velikoj Gorici, na nekim mjestima glasa\u010de mogu prebrojiti na prste - Gorica Info","isPartOf":{"@id":"https:\/\/gorica.info\/#website"},"primaryImageOfPage":{"@id":"https:\/\/gorica.info\/eu-izbori-odaziv-biraca-los-i-u-velikoj-gorici-na-nekim-mjestima-glasace-mogu-prebrojiti-na-prste\/#primaryimage"},"image":{"@id":"https:\/\/gorica.info\/eu-izbori-odaziv-biraca-los-i-u-velikoj-gorici-na-nekim-mjestima-glasace-mogu-prebrojiti-na-prste\/#primaryimage"},"thumbnailUrl":"https:\/\/gorica.info\/wp-content\/uploads\/2024\/06\/euizbori.jpg","datePublished":"2024-06-09T09:02:50+00:00","description":"EU izbori po\u010deli su jutros u 7:00 sati i u Hrvatskoj, sve je spremno, birali\u0161ta su otvorena, ali u nedjeljno prijepodne nedostaju bira\u010di","breadcrumb":{"@id":"https:\/\/gorica.info\/eu-izbori-odaziv-biraca-los-i-u-velikoj-gorici-na-nekim-mjestima-glasace-mogu-prebrojiti-na-prste\/#breadcrumb"},"inLanguage":"en-US","potentialAction":[{"@type":"ReadAction","target":["https:\/\/gorica.info\/eu-izbori-odaziv-biraca-los-i-u-velikoj-gorici-na-nekim-mjestima-glasace-mogu-prebrojiti-na-prste\/"]}]},{"@type":"ImageObject","inLanguage":"en-US","@id":"https:\/\/gorica.info\/eu-izbori-odaziv-biraca-los-i-u-velikoj-gorici-na-nekim-mjestima-glasace-mogu-prebrojiti-na-prste\/#primaryimage","url":"https:\/\/gorica.info\/wp-content\/uploads\/2024\/06\/euizbori.jpg","contentUrl":"https:\/\/gorica.info\/wp-content\/uploads\/2024\/06\/euizbori.jpg","width":1067,"height":800,"caption":"EU izbori ne privla\u010de glasa\u010de poput onih parlamentarnih \/ Foto: Gorica.info"},{"@type":"BreadcrumbList","@id":"https:\/\/gorica.info\/eu-izbori-odaziv-biraca-los-i-u-velikoj-gorici-na-nekim-mjestima-glasace-mogu-prebrojiti-na-prste\/#breadcrumb","itemListElement":[{"@type":"ListItem","position":1,"name":"Po\u010detna stranica","item":"https:\/\/gorica.info\/"},{"@type":"ListItem","position":2,"name":"EU izbori: Odaziv bira\u010da lo\u0161 i u Velikoj Gorici, na nekim mjestima glasa\u010de mogu prebrojiti na prste"}]},{"@type":"WebSite","@id":"https:\/\/gorica.info\/#website","url":"https:\/\/gorica.info\/","name":"Gorica Info","description":"Vijesti iz Velike Gorice i okolice.","publisher":{"@id":"https:\/\/gorica.info\/#organization"},"potentialAction":[{"@type":"SearchAction","target":{"@type":"EntryPoint","urlTemplate":"https:\/\/gorica.info\/?s={search_term_string}"},"query-input":{"@type":"PropertyValueSpecification","valueRequired":true,"valueName":"search_term_string"}}],"inLanguage":"en-US"},{"@type":["Organization","Place","NewsMediaOrganization"],"@id":"https:\/\/gorica.info\/#organization","name":"Gorica Info","url":"https:\/\/gorica.info\/","logo":{"@id":"https:\/\/gorica.info\/eu-izbori-odaziv-biraca-los-i-u-velikoj-gorici-na-nekim-mjestima-glasace-mogu-prebrojiti-na-prste\/#local-main-organization-logo"},"image":{"@id":"https:\/\/gorica.info\/eu-izbori-odaziv-biraca-los-i-u-velikoj-gorici-na-nekim-mjestima-glasace-mogu-prebrojiti-na-prste\/#local-main-organization-logo"},"sameAs":["https:\/\/www.facebook.com\/Goricainfo-106005144489262","https:\/\/x.com\/GoricaInfo","https:\/\/www.instagram.com\/gorica.info\/"],"address":{"@id":"https:\/\/gorica.info\/eu-izbori-odaziv-biraca-los-i-u-velikoj-gorici-na-nekim-mjestima-glasace-mogu-prebrojiti-na-prste\/#local-main-place-address"},"telephone":[],"openingHoursSpecification":[{"@type":"OpeningHoursSpecification","dayOfWeek":["Monday","Tuesday","Wednesday","Thursday","Friday","Saturday","Sunday"],"opens":"09:00","closes":"17:00"}],"email":"redakcija@gorica.info"},{"@type":"Person","@id":"https:\/\/gorica.info\/#\/schema\/person\/9333bbb1dc58fe60ed05834f4e88dc63","name":"Marija Stip\u010di\u0107","description":"Marija Stip\u010di\u0107 novinarske vje\u0161tine brusila je na portalu Gorica.info. Redovito pi\u0161e za rubrike Info, Gorica, \u017divot, Danas kuham.","url":"https:\/\/gorica.info\/en\/author\/marija-stipcic\/"},{"@type":"PostalAddress","@id":"https:\/\/gorica.info\/eu-izbori-odaziv-biraca-los-i-u-velikoj-gorici-na-nekim-mjestima-glasace-mogu-prebrojiti-na-prste\/#local-main-place-address","streetAddress":"Horvatova 97","addressLocality":"Velika Gorica","postalCode":"10410","addressRegion":"Croatia","addressCountry":"HR"},{"@type":"ImageObject","inLanguage":"en-US","@id":"https:\/\/gorica.info\/eu-izbori-odaziv-biraca-los-i-u-velikoj-gorici-na-nekim-mjestima-glasace-mogu-prebrojiti-na-prste\/#local-main-organization-logo","url":"https:\/\/gorica.info\/wp-content\/uploads\/2024\/07\/Gorica-Info-Logo-mali.png","contentUrl":"https:\/\/gorica.info\/wp-content\/uploads\/2024\/07\/Gorica-Info-Logo-mali.png","width":450,"height":85,"caption":"Gorica Info"}]},"geo.placename":"Velika Gorica","geo.region":"Croatia"},"_links":{"self":[{"href":"https:\/\/gorica.info\/en\/wp-json\/wp\/v2\/posts\/65833","targetHints":{"allow":["GET"]}}],"collection":[{"href":"https:\/\/gorica.info\/en\/wp-json\/wp\/v2\/posts"}],"about":[{"href":"https:\/\/gorica.info\/en\/wp-json\/wp\/v2\/types\/post"}],"author":[{"embeddable":true,"href":"https:\/\/gorica.info\/en\/wp-json\/wp\/v2\/users\/24"}],"replies":[{"embeddable":true,"href":"https:\/\/gorica.info\/en\/wp-json\/wp\/v2\/comments?post=65833"}],"version-history":[{"count":0,"href":"https:\/\/gorica.info\/en\/wp-json\/wp\/v2\/posts\/65833\/revisions"}],"wp:featuredmedia":[{"embeddable":true,"href":"https:\/\/gorica.info\/en\/wp-json\/wp\/v2\/media\/65834"}],"wp:attachment":[{"href":"https:\/\/gorica.info\/en\/wp-json\/wp\/v2\/media?parent=65833"}],"wp:term":[{"taxonomy":"category","embeddable":true,"href":"https:\/\/gorica.info\/en\/wp-json\/wp\/v2\/categories?post=65833"},{"taxonomy":"post_tag","embeddable":true,"href":"https:\/\/gorica.info\/en\/wp-json\/wp\/v2\/tags?post=65833"}],"curies":[{"name":"wp","href":"https:\/\/api.w.org\/{rel}","templated":true}]}}