{"id":66112,"date":"2024-06-16T14:51:48","date_gmt":"2024-06-16T12:51:48","guid":{"rendered":"https:\/\/gorica.info\/?p=66112"},"modified":"2024-06-16T14:51:48","modified_gmt":"2024-06-16T12:51:48","slug":"obiljezen-svjetski-dan-mazoret-sporta-sudjelovale-i-velikogoricke-mazoretkinje","status":"publish","type":"post","link":"https:\/\/gorica.info\/en\/obiljezen-svjetski-dan-mazoret-sporta-sudjelovale-i-velikogoricke-mazoretkinje\/","title":{"rendered":"Obilje\u017een Svjetski dan ma\u017eoret sporta: Sudjelovale i Velikogori\u010dke ma\u017eoretkinje"},"content":{"rendered":"<p><strong>Na Europskom trgu<\/strong> u Zagrebu u subotu je obilje\u017een <strong>VII. Svjetski dan ma\u017eoret sporta<\/strong> u organizaciji Saveza ma\u017eoretkinja i pom pon timova Hrvatske. Nastupilo je <strong>deset timova<\/strong>, me\u0111u kojima i <a href=\"https:\/\/www.facebook.com\/velikagoricamajorettes?locale=hr_HR\"><strong>Velikogori\u010dke ma\u017eoretkinje<\/strong><\/a> te dva puha\u010dka orkestra.<\/p>\n<p><img fetchpriority=\"high\" decoding=\"async\" class=\"aligncenter wp-image-66114 size-large\" src=\"https:\/\/gorica.info\/wp-content\/uploads\/2024\/06\/mazoretkinje2-zagreb-1024x473.jpg\" alt=\"ma\u017eoret\" width=\"810\" height=\"374\" srcset=\"https:\/\/gorica.info\/wp-content\/uploads\/2024\/06\/mazoretkinje2-zagreb-1024x473.jpg 1024w, https:\/\/gorica.info\/wp-content\/uploads\/2024\/06\/mazoretkinje2-zagreb-300x139.jpg 300w, https:\/\/gorica.info\/wp-content\/uploads\/2024\/06\/mazoretkinje2-zagreb-768x355.jpg 768w, https:\/\/gorica.info\/wp-content\/uploads\/2024\/06\/mazoretkinje2-zagreb-18x8.jpg 18w, https:\/\/gorica.info\/wp-content\/uploads\/2024\/06\/mazoretkinje2-zagreb-750x346.jpg 750w, https:\/\/gorica.info\/wp-content\/uploads\/2024\/06\/mazoretkinje2-zagreb-1140x526.jpg 1140w, https:\/\/gorica.info\/wp-content\/uploads\/2024\/06\/mazoretkinje2-zagreb.jpg 1100w\" sizes=\"(max-width: 810px) 100vw, 810px\" \/><\/p>\n<p>Program je zapo\u010deo defileom svih sudionika, a revijalni program otvorio Gradski puha\u010dki orkestar Krapina izvedbama svima prepoznatljivih skladbi poput \u201eWhat a wonderful world\u201c, \u201eMacarena\u201c, \u201eLepe ti je Zagorje zelene\u201c. Velikogori\u010dke ma\u017eoretkinje nastupile su u nekoliko razli\u010ditih formacija uz glasnu podr\u0161ku publike.<\/p>\n<p><img decoding=\"async\" class=\"aligncenter wp-image-66122 size-large\" src=\"https:\/\/gorica.info\/wp-content\/uploads\/2024\/06\/mazoretkinje8-zagreb-1024x473.jpg\" alt=\"\" width=\"810\" height=\"374\" srcset=\"https:\/\/gorica.info\/wp-content\/uploads\/2024\/06\/mazoretkinje8-zagreb-1024x473.jpg 1024w, https:\/\/gorica.info\/wp-content\/uploads\/2024\/06\/mazoretkinje8-zagreb-300x139.jpg 300w, https:\/\/gorica.info\/wp-content\/uploads\/2024\/06\/mazoretkinje8-zagreb-768x355.jpg 768w, https:\/\/gorica.info\/wp-content\/uploads\/2024\/06\/mazoretkinje8-zagreb-18x8.jpg 18w, https:\/\/gorica.info\/wp-content\/uploads\/2024\/06\/mazoretkinje8-zagreb-750x346.jpg 750w, https:\/\/gorica.info\/wp-content\/uploads\/2024\/06\/mazoretkinje8-zagreb-1140x526.jpg 1140w, https:\/\/gorica.info\/wp-content\/uploads\/2024\/06\/mazoretkinje8-zagreb.jpg 1100w\" sizes=\"(max-width: 810px) 100vw, 810px\" \/><\/p>\n<p>Svakako treba naglasiti kako je to tim koji na podru\u010dju na\u0161ega grada djeluje ve\u0107 27 godina te trenutno djeluju u \u010detiri dobna uzrasta i broje 55 \u010dlanica. Osvaja\u010dice su brojnih nagrada, a posebno isti\u010du trostruku titulu europskih prvakinja 2023. godine u razli\u010ditim Mace kategorijama te titulu europskih viceprvakina u juniorskoj Batonflag kategoriji.<\/p>\n<p><img decoding=\"async\" class=\"aligncenter wp-image-66118 size-large\" src=\"https:\/\/gorica.info\/wp-content\/uploads\/2024\/06\/mazoretkinje3-zagreb-1024x664.jpg\" alt=\"ma\u017eoret\" width=\"810\" height=\"525\" srcset=\"https:\/\/gorica.info\/wp-content\/uploads\/2024\/06\/mazoretkinje3-zagreb-1024x664.jpg 1024w, https:\/\/gorica.info\/wp-content\/uploads\/2024\/06\/mazoretkinje3-zagreb-300x195.jpg 300w, https:\/\/gorica.info\/wp-content\/uploads\/2024\/06\/mazoretkinje3-zagreb-768x498.jpg 768w, https:\/\/gorica.info\/wp-content\/uploads\/2024\/06\/mazoretkinje3-zagreb-18x12.jpg 18w, https:\/\/gorica.info\/wp-content\/uploads\/2024\/06\/mazoretkinje3-zagreb-750x486.jpg 750w, https:\/\/gorica.info\/wp-content\/uploads\/2024\/06\/mazoretkinje3-zagreb-1140x739.jpg 1140w, https:\/\/gorica.info\/wp-content\/uploads\/2024\/06\/mazoretkinje3-zagreb.jpg 1100w\" sizes=\"(max-width: 810px) 100vw, 810px\" \/><\/p>\n<p>&#8211; Prije nekoliko godina do\u0161la sam na ideju da jedan dan u godinu i bude dan ma\u017eoret sporta koji na neki na\u010din obilje\u017eavamo u svim udru\u017eenjima. Prije svega napravimo zajedni\u010dku koreografiju te timovi u svim zemljama rade istu koreografiju na taj dan &#8211; pojasnila je <strong>\u017deljka Banovi\u0107<\/strong>, predsjednica Saveza ma\u017eoretkinja i pom-pon timova Hrvatske te predsjednica Svjetske federacije ma\u017eoret sporta.<\/p>\n<p>I kao i svaka proslava i ova je bila lepr\u0161ava, opu\u0161tena, prepuna veselja i u\u017eitka za gledanje.<\/p>\n<p>&#8211; Program nije mjerilo na\u0161eg natjecateljskog dijela, ovdje su svi vrlo le\u017eerni i opu\u0161teni jer cilj je bio da se svi tako sastanemo i slavimo ovaj dan. Puno smo radili na napretku i to se vidi po na\u0161im rezultatima na svjetskoj razini.<\/p>\n<h4><strong>Pripreme za Europsko prvenstvo<\/strong><\/h4>\n<p>Ako samo malo istra\u017eimo \u0161to se u posljednjem periodu doga\u0111alo na ma\u017eoret sceni postaje jasno da je tu rije\u010d o izuzetno progresivnom napretku \u0161to nam je potvrdila i sama Banovi\u0107 koja je neumorna i doista se cijela daje u ovom sportu, a timovi joj to vra\u0107aju na najljep\u0161i mogu\u0107i na\u010din.<\/p>\n<p><img loading=\"lazy\" decoding=\"async\" class=\"aligncenter wp-image-66117 size-large\" src=\"https:\/\/gorica.info\/wp-content\/uploads\/2024\/06\/mazoretkinje6-zagreb-1024x611.jpg\" alt=\"ma\u017eoret\" width=\"810\" height=\"483\" srcset=\"https:\/\/gorica.info\/wp-content\/uploads\/2024\/06\/mazoretkinje6-zagreb-1024x611.jpg 1024w, https:\/\/gorica.info\/wp-content\/uploads\/2024\/06\/mazoretkinje6-zagreb-300x179.jpg 300w, https:\/\/gorica.info\/wp-content\/uploads\/2024\/06\/mazoretkinje6-zagreb-768x458.jpg 768w, https:\/\/gorica.info\/wp-content\/uploads\/2024\/06\/mazoretkinje6-zagreb-18x12.jpg 18w, https:\/\/gorica.info\/wp-content\/uploads\/2024\/06\/mazoretkinje6-zagreb-750x448.jpg 750w, https:\/\/gorica.info\/wp-content\/uploads\/2024\/06\/mazoretkinje6-zagreb-1140x680.jpg 1140w, https:\/\/gorica.info\/wp-content\/uploads\/2024\/06\/mazoretkinje6-zagreb.jpg 1100w\" sizes=\"(max-width: 810px) 100vw, 810px\" \/><\/p>\n<p>&#8211; Sve \u0161to se doga\u0111a u ma\u017eoret sportu posljednjih godina je veliki napredak, pogotovo nakon korone, mi smo ba\u0161 napredovali ne samo u Europi nego i u Aziji tako da sam osobno, u ovom trenutku na tri kontinenta gdje imamo projekte, ali moram re\u0107i, ja sam iako stalno negdje, izuzetno sretna i ispunjena.<\/p>\n<p>Naravno, nema odmora kod ma\u017eoretkinja pa nam je Banovi\u0107 za kraj otkrila \u0161to je sljede\u0107e na rasporedu.<\/p>\n<p>&#8211; Ove godine imamo najve\u0107e <a href=\"https:\/\/gorica.info\/en\/2024\/04\/23\/na-drzavnom-turniru-velikogoricke-mazoretkinje-osvojile-su-osam-medalja\/\">Europsko prvenstvo<\/a> u povijesti s <strong>900 koreografija<\/strong> u \u010detiri dana gdje \u0107e nastupiti <strong>140 timova<\/strong> uz 14 zemalja, a vjerujemo i u dobre rezultate hrvatskih timova bez obzira na iznimno jaku konkurenciju. Prvenstvo \u0107e se odr\u017eati u Liberecu u \u010ce\u0161koj po\u010detkom srpnja.<\/p>\n<p><img loading=\"lazy\" decoding=\"async\" class=\"aligncenter wp-image-66115 size-large\" src=\"https:\/\/gorica.info\/wp-content\/uploads\/2024\/06\/mazoretkinje4-zagreb-1024x636.jpg\" alt=\"\" width=\"810\" height=\"503\" srcset=\"https:\/\/gorica.info\/wp-content\/uploads\/2024\/06\/mazoretkinje4-zagreb-1024x636.jpg 1024w, https:\/\/gorica.info\/wp-content\/uploads\/2024\/06\/mazoretkinje4-zagreb-300x186.jpg 300w, https:\/\/gorica.info\/wp-content\/uploads\/2024\/06\/mazoretkinje4-zagreb-768x477.jpg 768w, https:\/\/gorica.info\/wp-content\/uploads\/2024\/06\/mazoretkinje4-zagreb-18x12.jpg 18w, https:\/\/gorica.info\/wp-content\/uploads\/2024\/06\/mazoretkinje4-zagreb-750x466.jpg 750w, https:\/\/gorica.info\/wp-content\/uploads\/2024\/06\/mazoretkinje4-zagreb-1140x708.jpg 1140w, https:\/\/gorica.info\/wp-content\/uploads\/2024\/06\/mazoretkinje4-zagreb.jpg 1100w\" sizes=\"(max-width: 810px) 100vw, 810px\" \/><\/p>\n<p><img loading=\"lazy\" decoding=\"async\" class=\"aligncenter wp-image-66116 size-large\" src=\"https:\/\/gorica.info\/wp-content\/uploads\/2024\/06\/mazoretkinje5-zagreb-1024x667.jpg\" alt=\"\" width=\"810\" height=\"528\" srcset=\"https:\/\/gorica.info\/wp-content\/uploads\/2024\/06\/mazoretkinje5-zagreb-1024x667.jpg 1024w, https:\/\/gorica.info\/wp-content\/uploads\/2024\/06\/mazoretkinje5-zagreb-300x196.jpg 300w, https:\/\/gorica.info\/wp-content\/uploads\/2024\/06\/mazoretkinje5-zagreb-768x500.jpg 768w, https:\/\/gorica.info\/wp-content\/uploads\/2024\/06\/mazoretkinje5-zagreb-18x12.jpg 18w, https:\/\/gorica.info\/wp-content\/uploads\/2024\/06\/mazoretkinje5-zagreb-750x489.jpg 750w, https:\/\/gorica.info\/wp-content\/uploads\/2024\/06\/mazoretkinje5-zagreb-1140x743.jpg 1140w, https:\/\/gorica.info\/wp-content\/uploads\/2024\/06\/mazoretkinje5-zagreb.jpg 1100w\" sizes=\"(max-width: 810px) 100vw, 810px\" \/><\/p>\n<p><img loading=\"lazy\" decoding=\"async\" class=\"aligncenter wp-image-66119 size-large\" src=\"https:\/\/gorica.info\/wp-content\/uploads\/2024\/06\/mazoretkinje7-zagreb-1024x576.jpg\" alt=\"\" width=\"810\" height=\"456\" srcset=\"https:\/\/gorica.info\/wp-content\/uploads\/2024\/06\/mazoretkinje7-zagreb-1024x576.jpg 1024w, https:\/\/gorica.info\/wp-content\/uploads\/2024\/06\/mazoretkinje7-zagreb-300x169.jpg 300w, https:\/\/gorica.info\/wp-content\/uploads\/2024\/06\/mazoretkinje7-zagreb-768x432.jpg 768w, https:\/\/gorica.info\/wp-content\/uploads\/2024\/06\/mazoretkinje7-zagreb-18x10.jpg 18w, https:\/\/gorica.info\/wp-content\/uploads\/2024\/06\/mazoretkinje7-zagreb-750x422.jpg 750w, https:\/\/gorica.info\/wp-content\/uploads\/2024\/06\/mazoretkinje7-zagreb-1140x641.jpg 1140w, https:\/\/gorica.info\/wp-content\/uploads\/2024\/06\/mazoretkinje7-zagreb.jpg 1100w\" sizes=\"(max-width: 810px) 100vw, 810px\" \/><\/p>","protected":false},"excerpt":{"rendered":"<p>Na Europskom trgu u Zagrebu u subotu je obilje\u017een VII. Svjetski dan ma\u017eoret sporta u organizaciji Saveza ma\u017eoretkinja i pom pon timova Hrvatske. Nastupilo je deset timova, me\u0111u kojima i Velikogori\u010dke ma\u017eoretkinje te dva puha\u010dka orkestra. Program je zapo\u010deo defileom svih sudionika, a revijalni program otvorio Gradski puha\u010dki orkestar Krapina izvedbama svima prepoznatljivih skladbi poput [&hellip;]<\/p>\n","protected":false},"author":23,"featured_media":66113,"comment_status":"open","ping_status":"open","sticky":false,"template":"","format":"standard","meta":{"limit_modified_date":"","last_modified_date":"","jnews-multi-image_gallery":[],"jnews_single_post":[],"jnews_primary_category":[],"jnews_override_counter":[],"footnotes":""},"categories":[99],"tags":[11275,9904,2544,288,3879],"class_list":["post-66112","post","type-post","status-publish","format-standard","has-post-thumbnail","hentry","category-sport","tag-europski-trg","tag-mazoret","tag-velikogoricke-mazoretkinje","tag-zagreb","tag-zeljka-banovic"],"yoast_head":"<!-- This site is optimized with the Yoast SEO Premium plugin v27.4 (Yoast SEO v27.4) - https:\/\/yoast.com\/product\/yoast-seo-premium-wordpress\/ -->\n<title>Obilje\u017een Svjetski dan ma\u017eoret sporta: Sudjelovale i Velikogori\u010dke ma\u017eoretkinje - Gorica Info<\/title>\n<meta name=\"description\" content=\"U Zagrebu na Europskom trgu obilje\u017een je Svjetski dan ma\u017eoret sporta: Sudjelovale su i Velikogori\u010dke ma\u017eoretkinje.\" \/>\n<meta name=\"robots\" content=\"index, follow, max-snippet:-1, max-image-preview:large, max-video-preview:-1\" \/>\n<link rel=\"canonical\" href=\"https:\/\/gorica.info\/en\/obiljezen-svjetski-dan-mazoret-sporta-sudjelovale-i-velikogoricke-mazoretkinje\/\" \/>\n<meta property=\"og:locale\" content=\"en_US\" \/>\n<meta property=\"og:type\" content=\"article\" \/>\n<meta property=\"og:title\" content=\"Obilje\u017een Svjetski dan ma\u017eoret sporta: Sudjelovale i Velikogori\u010dke ma\u017eoretkinje\" \/>\n<meta property=\"og:description\" content=\"U Zagrebu na Europskom trgu obilje\u017een je Svjetski dan ma\u017eoret sporta: Sudjelovale su i Velikogori\u010dke ma\u017eoretkinje.\" \/>\n<meta property=\"og:url\" content=\"https:\/\/gorica.info\/en\/obiljezen-svjetski-dan-mazoret-sporta-sudjelovale-i-velikogoricke-mazoretkinje\/\" \/>\n<meta property=\"og:site_name\" content=\"Gorica Info\" \/>\n<meta property=\"article:publisher\" content=\"https:\/\/www.facebook.com\/Goricainfo-106005144489262\" \/>\n<meta property=\"article:published_time\" content=\"2024-06-16T12:51:48+00:00\" \/>\n<meta property=\"og:image\" content=\"https:\/\/gorica.info\/wp-content\/uploads\/2024\/06\/mazoretkinje-zagreb.jpg\" \/>\n\t<meta property=\"og:image:width\" content=\"1200\" \/>\n\t<meta property=\"og:image:height\" content=\"771\" \/>\n\t<meta property=\"og:image:type\" content=\"image\/jpeg\" \/>\n<meta name=\"author\" content=\"Gorica. info\" \/>\n<meta name=\"twitter:card\" content=\"summary_large_image\" \/>\n<meta name=\"twitter:creator\" content=\"@GoricaInfo\" \/>\n<meta name=\"twitter:site\" content=\"@GoricaInfo\" \/>\n<meta name=\"twitter:label1\" content=\"Written by\" \/>\n\t<meta name=\"twitter:data1\" content=\"Gorica. info\" \/>\n\t<meta name=\"twitter:label2\" content=\"Est. reading time\" \/>\n\t<meta name=\"twitter:data2\" content=\"4 minutes\" \/>\n<meta name=\"geo.placename\" content=\"Velika Gorica\" \/>\n<meta name=\"geo.region\" content=\"Croatia\" \/>\n<!-- \/ Yoast SEO Premium plugin. -->","yoast_head_json":{"title":"Obilje\u017een Svjetski dan ma\u017eoret sporta: Sudjelovale i Velikogori\u010dke ma\u017eoretkinje - Gorica Info","description":"U Zagrebu na Europskom trgu obilje\u017een je Svjetski dan ma\u017eoret sporta: Sudjelovale su i Velikogori\u010dke ma\u017eoretkinje.","robots":{"index":"index","follow":"follow","max-snippet":"max-snippet:-1","max-image-preview":"max-image-preview:large","max-video-preview":"max-video-preview:-1"},"canonical":"https:\/\/gorica.info\/en\/obiljezen-svjetski-dan-mazoret-sporta-sudjelovale-i-velikogoricke-mazoretkinje\/","og_locale":"en_US","og_type":"article","og_title":"Obilje\u017een Svjetski dan ma\u017eoret sporta: Sudjelovale i Velikogori\u010dke ma\u017eoretkinje","og_description":"U Zagrebu na Europskom trgu obilje\u017een je Svjetski dan ma\u017eoret sporta: Sudjelovale su i Velikogori\u010dke ma\u017eoretkinje.","og_url":"https:\/\/gorica.info\/en\/obiljezen-svjetski-dan-mazoret-sporta-sudjelovale-i-velikogoricke-mazoretkinje\/","og_site_name":"Gorica Info","article_publisher":"https:\/\/www.facebook.com\/Goricainfo-106005144489262","article_published_time":"2024-06-16T12:51:48+00:00","og_image":[{"width":1200,"height":771,"url":"https:\/\/gorica.info\/wp-content\/uploads\/2024\/06\/mazoretkinje-zagreb.jpg","type":"image\/jpeg"}],"author":"Gorica. info","twitter_card":"summary_large_image","twitter_creator":"@GoricaInfo","twitter_site":"@GoricaInfo","twitter_misc":{"Written by":"Gorica. info","Est. reading time":"4 minutes"},"schema":{"@context":"https:\/\/schema.org","@graph":[{"@type":"NewsArticle","@id":"https:\/\/gorica.info\/obiljezen-svjetski-dan-mazoret-sporta-sudjelovale-i-velikogoricke-mazoretkinje\/#article","isPartOf":{"@id":"https:\/\/gorica.info\/obiljezen-svjetski-dan-mazoret-sporta-sudjelovale-i-velikogoricke-mazoretkinje\/"},"author":{"name":"Gorica. info","@id":"https:\/\/gorica.info\/#\/schema\/person\/4499af1f22f322670b9b5977ccc2e3de"},"headline":"Obilje\u017een Svjetski dan ma\u017eoret sporta: Sudjelovale i Velikogori\u010dke ma\u017eoretkinje","datePublished":"2024-06-16T12:51:48+00:00","mainEntityOfPage":{"@id":"https:\/\/gorica.info\/obiljezen-svjetski-dan-mazoret-sporta-sudjelovale-i-velikogoricke-mazoretkinje\/"},"wordCount":475,"commentCount":0,"publisher":{"@id":"https:\/\/gorica.info\/#organization"},"image":{"@id":"https:\/\/gorica.info\/obiljezen-svjetski-dan-mazoret-sporta-sudjelovale-i-velikogoricke-mazoretkinje\/#primaryimage"},"thumbnailUrl":"https:\/\/gorica.info\/wp-content\/uploads\/2024\/06\/mazoretkinje-zagreb.jpg","keywords":["europski trg","ma\u017eoret","velikogori\u010dke ma\u017eoretkinje","Zagreb","\u017eeljka banovi\u0107"],"articleSection":["SPORT"],"inLanguage":"en-US","potentialAction":[{"@type":"CommentAction","name":"Comment","target":["https:\/\/gorica.info\/obiljezen-svjetski-dan-mazoret-sporta-sudjelovale-i-velikogoricke-mazoretkinje\/#respond"]}],"copyrightYear":"2024","copyrightHolder":{"@id":"https:\/\/gorica.info\/en\/#organization"}},{"@type":"WebPage","@id":"https:\/\/gorica.info\/obiljezen-svjetski-dan-mazoret-sporta-sudjelovale-i-velikogoricke-mazoretkinje\/","url":"https:\/\/gorica.info\/obiljezen-svjetski-dan-mazoret-sporta-sudjelovale-i-velikogoricke-mazoretkinje\/","name":"Obilje\u017een Svjetski dan ma\u017eoret sporta: Sudjelovale i Velikogori\u010dke ma\u017eoretkinje - Gorica Info","isPartOf":{"@id":"https:\/\/gorica.info\/#website"},"primaryImageOfPage":{"@id":"https:\/\/gorica.info\/obiljezen-svjetski-dan-mazoret-sporta-sudjelovale-i-velikogoricke-mazoretkinje\/#primaryimage"},"image":{"@id":"https:\/\/gorica.info\/obiljezen-svjetski-dan-mazoret-sporta-sudjelovale-i-velikogoricke-mazoretkinje\/#primaryimage"},"thumbnailUrl":"https:\/\/gorica.info\/wp-content\/uploads\/2024\/06\/mazoretkinje-zagreb.jpg","datePublished":"2024-06-16T12:51:48+00:00","description":"U Zagrebu na Europskom trgu obilje\u017een je Svjetski dan ma\u017eoret sporta: Sudjelovale su i Velikogori\u010dke ma\u017eoretkinje.","breadcrumb":{"@id":"https:\/\/gorica.info\/obiljezen-svjetski-dan-mazoret-sporta-sudjelovale-i-velikogoricke-mazoretkinje\/#breadcrumb"},"inLanguage":"en-US","potentialAction":[{"@type":"ReadAction","target":["https:\/\/gorica.info\/obiljezen-svjetski-dan-mazoret-sporta-sudjelovale-i-velikogoricke-mazoretkinje\/"]}]},{"@type":"ImageObject","inLanguage":"en-US","@id":"https:\/\/gorica.info\/obiljezen-svjetski-dan-mazoret-sporta-sudjelovale-i-velikogoricke-mazoretkinje\/#primaryimage","url":"https:\/\/gorica.info\/wp-content\/uploads\/2024\/06\/mazoretkinje-zagreb.jpg","contentUrl":"https:\/\/gorica.info\/wp-content\/uploads\/2024\/06\/mazoretkinje-zagreb.jpg","width":1100,"height":707,"caption":"Na Europskom trgu u Zagrebu nastupilo je 10 timova"},{"@type":"BreadcrumbList","@id":"https:\/\/gorica.info\/obiljezen-svjetski-dan-mazoret-sporta-sudjelovale-i-velikogoricke-mazoretkinje\/#breadcrumb","itemListElement":[{"@type":"ListItem","position":1,"name":"Po\u010detna stranica","item":"https:\/\/gorica.info\/"},{"@type":"ListItem","position":2,"name":"Obilje\u017een Svjetski dan ma\u017eoret sporta: Sudjelovale i Velikogori\u010dke ma\u017eoretkinje"}]},{"@type":"WebSite","@id":"https:\/\/gorica.info\/#website","url":"https:\/\/gorica.info\/","name":"Gorica Info","description":"Vijesti iz Velike Gorice i okolice.","publisher":{"@id":"https:\/\/gorica.info\/#organization"},"potentialAction":[{"@type":"SearchAction","target":{"@type":"EntryPoint","urlTemplate":"https:\/\/gorica.info\/?s={search_term_string}"},"query-input":{"@type":"PropertyValueSpecification","valueRequired":true,"valueName":"search_term_string"}}],"inLanguage":"en-US"},{"@type":["Organization","Place","NewsMediaOrganization"],"@id":"https:\/\/gorica.info\/#organization","name":"Gorica Info","url":"https:\/\/gorica.info\/","logo":{"@id":"https:\/\/gorica.info\/obiljezen-svjetski-dan-mazoret-sporta-sudjelovale-i-velikogoricke-mazoretkinje\/#local-main-organization-logo"},"image":{"@id":"https:\/\/gorica.info\/obiljezen-svjetski-dan-mazoret-sporta-sudjelovale-i-velikogoricke-mazoretkinje\/#local-main-organization-logo"},"sameAs":["https:\/\/www.facebook.com\/Goricainfo-106005144489262","https:\/\/x.com\/GoricaInfo","https:\/\/www.instagram.com\/gorica.info\/"],"address":{"@id":"https:\/\/gorica.info\/obiljezen-svjetski-dan-mazoret-sporta-sudjelovale-i-velikogoricke-mazoretkinje\/#local-main-place-address"},"telephone":[],"openingHoursSpecification":[{"@type":"OpeningHoursSpecification","dayOfWeek":["Monday","Tuesday","Wednesday","Thursday","Friday","Saturday","Sunday"],"opens":"09:00","closes":"17:00"}],"email":"redakcija@gorica.info"},{"@type":"Person","@id":"https:\/\/gorica.info\/#\/schema\/person\/4499af1f22f322670b9b5977ccc2e3de","name":"Gorica. info","description":"Gorica.info je lokalni portal koji prati Veliku Goricu i okolici, svakodnevno donosi najnovije vijesti i pri\u010de, kulturna doga\u0111anja i aktualnosti koje oblikuju \u017eivot gra\u0111ana.","url":"https:\/\/gorica.info\/en\/author\/gorica-info\/"},{"@type":"PostalAddress","@id":"https:\/\/gorica.info\/obiljezen-svjetski-dan-mazoret-sporta-sudjelovale-i-velikogoricke-mazoretkinje\/#local-main-place-address","streetAddress":"Horvatova 97","addressLocality":"Velika Gorica","postalCode":"10410","addressRegion":"Croatia","addressCountry":"HR"},{"@type":"ImageObject","inLanguage":"en-US","@id":"https:\/\/gorica.info\/obiljezen-svjetski-dan-mazoret-sporta-sudjelovale-i-velikogoricke-mazoretkinje\/#local-main-organization-logo","url":"https:\/\/gorica.info\/wp-content\/uploads\/2024\/07\/Gorica-Info-Logo-mali.png","contentUrl":"https:\/\/gorica.info\/wp-content\/uploads\/2024\/07\/Gorica-Info-Logo-mali.png","width":450,"height":85,"caption":"Gorica Info"}]},"geo.placename":"Velika Gorica","geo.region":"Croatia"},"_links":{"self":[{"href":"https:\/\/gorica.info\/en\/wp-json\/wp\/v2\/posts\/66112","targetHints":{"allow":["GET"]}}],"collection":[{"href":"https:\/\/gorica.info\/en\/wp-json\/wp\/v2\/posts"}],"about":[{"href":"https:\/\/gorica.info\/en\/wp-json\/wp\/v2\/types\/post"}],"author":[{"embeddable":true,"href":"https:\/\/gorica.info\/en\/wp-json\/wp\/v2\/users\/23"}],"replies":[{"embeddable":true,"href":"https:\/\/gorica.info\/en\/wp-json\/wp\/v2\/comments?post=66112"}],"version-history":[{"count":0,"href":"https:\/\/gorica.info\/en\/wp-json\/wp\/v2\/posts\/66112\/revisions"}],"wp:featuredmedia":[{"embeddable":true,"href":"https:\/\/gorica.info\/en\/wp-json\/wp\/v2\/media\/66113"}],"wp:attachment":[{"href":"https:\/\/gorica.info\/en\/wp-json\/wp\/v2\/media?parent=66112"}],"wp:term":[{"taxonomy":"category","embeddable":true,"href":"https:\/\/gorica.info\/en\/wp-json\/wp\/v2\/categories?post=66112"},{"taxonomy":"post_tag","embeddable":true,"href":"https:\/\/gorica.info\/en\/wp-json\/wp\/v2\/tags?post=66112"}],"curies":[{"name":"wp","href":"https:\/\/api.w.org\/{rel}","templated":true}]}}