{"id":66128,"date":"2024-06-18T09:00:24","date_gmt":"2024-06-18T07:00:24","guid":{"rendered":"https:\/\/gorica.info\/?p=66128"},"modified":"2024-06-18T09:00:24","modified_gmt":"2024-06-18T07:00:24","slug":"kolumna-pametnom-dosta-ovo-je-godina-kruha-i-igara-a-sve-bitno-ceka-neka-druga-vremena","status":"publish","type":"post","link":"https:\/\/gorica.info\/en\/kolumna-pametnom-dosta-ovo-je-godina-kruha-i-igara-a-sve-bitno-ceka-neka-druga-vremena\/","title":{"rendered":"KOLUMNA Pametnom dosta: Ovo je godina kruha i igara, a suo\u010davanje s realno\u0161\u0107u neka malo pri\u010deka"},"content":{"rendered":"<p>Ovo je definitivno godina kruha i igara u Hrvatskoj. Narod se uglavnom zabavlja i navija, dok politi\u010dari, uz malo strepnje povezane s izborima, ne vuku bitne poteze.<\/p>\n<p>Ima vremena, do\u0107i \u0107e doba kada \u0107e trebati ozbiljno raditi.<\/p>\n<p>Nazvali smo ovu godinu superizbornom budu\u0107i su se u njoj poklopili parlamentarni, europski i predsjedni\u010dki izbori. Krenuli smo s izborima u travnju, nastavili u lipnju, a vjerojatno nas u prosincu o\u010dekuje prvi krug predsjedni\u010dkih izbora.<\/p>\n<p><strong>Na\u0161 narod sve to promatra pomalo sretan<\/strong> jer je ovo ona godina u kojoj \u0107e politi\u010dari svih boja barem malo strijepiti od toga kome \u0107e pripasti na\u0161i glasovi. Nije ovo godina za velike odluke, bitne mjere i poteze, a kamoli ukidanje raznih privremenih povlastica poput dr\u017eavnih intervencija na cijene struje, plina i goriva.<\/p>\n<p>Pripazit \u0107e politi\u010dari, posebno oni koji su na vlasti, da ne naljute narod.<\/p>\n<p><strong>O\u010dito se Andrej Plenkovi\u0107 u toj kombinaciji kruha i igara odli\u010dno sna\u0161ao<\/strong>. Pobijedio je na parlamentarnim izborima (tre\u0107i puta za redom) iako je izgledalo kao da \u0107e ovoga puta imati ve\u0107ih problema, pa \u010dak mo\u017eda i ne uspije.<\/p>\n<p>No, uspio je. Na\u0161ao je i Domovinski pokret za koalicijskog partnera, a zadovoljio je i manjinske zastupnike. Ponovno je sklopio ve\u0107inu u parlamentu i to bez neke velike drame.<\/p>\n<p>Pobijedio je Plenkovi\u0107 i na europskim izborima. Od 12 hrvatskih putnika za Europski parlament, njegovih HDZ-ovki i HDZ-ovaca bit \u0107e \u010dak \u0161est. Dobro, nije tu lo\u0161e pro\u0161ao ni SDP sa \u010detiri zastupnika, a zadovoljni su i u Domovinskom pokretu i Mo\u017eemo! koji su osvojili po jedno mjesto.<\/p>\n<p>Jedini dosada\u0161nji pravi gubitnik u dvama izborima je Most. Nakon parlamentarnih po\u010deli su pucketati odlaskom bra\u010dnog para Raspudi\u0107 (koji su, dodu\u0161e, iskoristili Most za jo\u0161 jedan \u010detverogodi\u0161nji anga\u017eman u Saboru i rije\u0161enu dr\u017eavnu pla\u0107icu), a nakon europskih izbora Most se po\u010deo opasno ljuljati.<\/p>\n<p>Rezultat je lo\u0161, nisu bili ni blizu mandatu u Europskom parlamentu. Tu je listu nosio (trenuta\u010dno) glavni Mostovac Bo\u017eo Petrov, a na progla\u0161enju rezultata znakovito nije bilo Nikole Grmoje. Sprema li se promjena na \u010delu Mosta? Je li ba\u0161 Grmoja onaj koji mo\u017ee vratiti Mostu stari sjaj? Ili je ispred Mosta sudbina Laburista i sli\u010dnih stranaka i tre\u0107ih opcija koje su potrajale maksimalno desetak godina?<\/p>\n<p><strong>\u017divotu u oblacima Hrvatske pomogao je i Eurosong<\/strong> na kojem je na\u0161 Baby Lasagna izvukao sve ono najpozitivnije iz naroda, a i sada to isto o\u010dekujemo od Vatrenih na Euru. Nisu na\u0161i nogometa\u0161i ba\u0161 dobro po\u010deli, ali vjerujemo da \u0107e se ipak vratiti na pobjedni\u010dke staze.<\/p>\n<p>Sti\u017ee nam i ljeto, turisti\u010dka sezona, godi\u0161nji odmori i nikome ne\u0107e padati ni na kraj pameti da se bavi poltikom i politi\u010darima.<\/p>\n<p>Jo\u0161 malo kruha i igara \u010deka nas krajem godine kada \u0107e Zoran Milanovi\u0107 poku\u0161ati ostati na Pantov\u010daku i kao najaktivniji neradnik i najhrabriji kukavica u Hrvata uni\u0161tavati ono malo preostalog digniteta predsjedni\u010dke du\u017enosti jo\u0161 pet godina. Ho\u0107e li u tome uspjeti ovisi o nama glasa\u010dima.<\/p>\n<p>No ne\u0107e time zavr\u0161iti sezona kruha i igara u Hrvatskoj. Produ\u017eit \u0107e se ona gotovo u \u010ditavu prvu polovinu sljede\u0107e godine. U drugom dijelu svibnja 2025. o\u010dekuju nas, naime, i lokalni izbori. Bit \u0107e to ona tre\u0161nja na vrhu torte koja \u0107e ozna\u010diti kraj politi\u010dkim iluzijama.<\/p>\n<p><strong>Nakon toga slijedi suo\u010davanje s realno\u0161\u0107u.<\/strong> \u0160to \u0107e to zna\u010diti trenuta\u010dno je te\u0161ko predvidjeti. Ho\u0107e li nas boljeti i koliko? Mo\u017eemo li pro\u0107i tek malo okrznuti ili \u0107emo te\u0161ko stradati? Vjerujem da odgovor ne zna ni Vidoviti Milan.<\/p>\n<p>I zato u\u017eivajmo u kruhu i igrama. Dok mo\u017eemo&#8230;<\/p>\n<p><em><strong>Renato Ivanu\u0161<\/strong>\u00a0dugogodi\u0161nji je medijski profesionalac i stru\u010dnjak. U profesionalnoj karijeri bio je gotovo sve \u0161to se mo\u017ee biti u medijima \u2013 novinar, reporter, ratni reporter, urednik rubrike, pomo\u0107nik glavnog urednika, zamjenik glavnog urednika, glavni urednik vode\u0107eg hrvatskog medija, direktor medijske agencije, CEO velike medijske ku\u0107e\u2026 Danas vodi svoju tvrtku\u00a0<a href=\"https:\/\/tvornica-sadrzaja.hr\/\">\u201dTvornica Sadr\u017eaja\u201d<\/a>, a za\u00a0<a href=\"https:\/\/gorica.info\/en\/\">Goricu.info<\/a>\u00a0svaki \u0107e tjedan analizirati najva\u017enije dru\u0161tvene i politi\u010dke doga\u0111aje kako bi vam dao \u0161iri kontekst i otkrio njihovu pozadinu<\/em><\/p>","protected":false},"excerpt":{"rendered":"<p>Ovo je definitivno godina kruha i igara u Hrvatskoj. Narod se uglavnom zabavlja i navija, dok politi\u010dari, uz malo strepnje povezane s izborima, ne vuku bitne poteze. Ima vremena, do\u0107i \u0107e doba kada \u0107e trebati ozbiljno raditi. Nazvali smo ovu godinu superizbornom budu\u0107i su se u njoj poklopili parlamentarni, europski i predsjedni\u010dki izbori. Krenuli smo [&hellip;]<\/p>\n","protected":false},"author":26,"featured_media":63132,"comment_status":"open","ping_status":"open","sticky":false,"template":"","format":"standard","meta":{"limit_modified_date":"","last_modified_date":"","jnews-multi-image_gallery":[],"jnews_single_post":[],"jnews_primary_category":[],"jnews_override_counter":[],"footnotes":""},"categories":[89],"tags":[275,1801,13017,2089,2216,140],"class_list":["post-66128","post","type-post","status-publish","format-standard","has-post-thumbnail","hentry","category-politicka-arena","tag-izbori","tag-kolumna","tag-kruha-i-igara","tag-pametnom-dosta","tag-politika","tag-renato-ivanus"],"yoast_head":"<!-- This site is optimized with the Yoast SEO Premium plugin v27.4 (Yoast SEO v27.4) - https:\/\/yoast.com\/product\/yoast-seo-premium-wordpress\/ -->\n<title>KOLUMNA Pametnom dosta: Ovo je godina kruha i igara, a suo\u010davanje s realno\u0161\u0107u neka malo pri\u010deka - Gorica Info<\/title>\n<meta name=\"description\" content=\"Godinom kruha i igara u Hrvatskoj pozabavio se u ovotjednoj politi\u010dkoj kolumni Gorice.info medijski stru\u010dnjak Renato Ivanu\u0161\" \/>\n<meta name=\"robots\" content=\"index, follow, max-snippet:-1, max-image-preview:large, max-video-preview:-1\" \/>\n<link rel=\"canonical\" href=\"https:\/\/gorica.info\/en\/kolumna-pametnom-dosta-ovo-je-godina-kruha-i-igara-a-sve-bitno-ceka-neka-druga-vremena\/\" \/>\n<meta property=\"og:locale\" content=\"en_US\" \/>\n<meta property=\"og:type\" content=\"article\" \/>\n<meta property=\"og:title\" content=\"KOLUMNA Pametnom dosta: Ovo je godina kruha i igara, a suo\u010davanje s realno\u0161\u0107u neka malo pri\u010deka\" \/>\n<meta property=\"og:description\" content=\"Godinom kruha i igara u Hrvatskoj pozabavio se u ovotjednoj politi\u010dkoj kolumni Gorice.info medijski stru\u010dnjak Renato Ivanu\u0161\" \/>\n<meta property=\"og:url\" content=\"https:\/\/gorica.info\/en\/kolumna-pametnom-dosta-ovo-je-godina-kruha-i-igara-a-sve-bitno-ceka-neka-druga-vremena\/\" \/>\n<meta property=\"og:site_name\" content=\"Gorica Info\" \/>\n<meta property=\"article:publisher\" content=\"https:\/\/www.facebook.com\/Goricainfo-106005144489262\" \/>\n<meta property=\"article:published_time\" content=\"2024-06-18T07:00:24+00:00\" \/>\n<meta property=\"og:image\" content=\"https:\/\/gorica.info\/wp-content\/uploads\/2024\/04\/iStock-1285284677.jpg\" \/>\n\t<meta property=\"og:image:width\" content=\"1200\" \/>\n\t<meta property=\"og:image:height\" content=\"758\" \/>\n\t<meta property=\"og:image:type\" content=\"image\/jpeg\" \/>\n<meta name=\"author\" content=\"Renato Ivanu\u0161\" \/>\n<meta name=\"twitter:card\" content=\"summary_large_image\" \/>\n<meta name=\"twitter:creator\" content=\"@GoricaInfo\" \/>\n<meta name=\"twitter:site\" content=\"@GoricaInfo\" \/>\n<meta name=\"twitter:label1\" content=\"Written by\" \/>\n\t<meta name=\"twitter:data1\" content=\"Renato Ivanu\u0161\" \/>\n\t<meta name=\"twitter:label2\" content=\"Est. reading time\" \/>\n\t<meta name=\"twitter:data2\" content=\"4 minutes\" \/>\n<meta name=\"geo.placename\" content=\"Velika Gorica\" \/>\n<meta name=\"geo.region\" content=\"Croatia\" \/>\n<!-- \/ Yoast SEO Premium plugin. -->","yoast_head_json":{"title":"KOLUMNA Pametnom dosta: Ovo je godina kruha i igara, a suo\u010davanje s realno\u0161\u0107u neka malo pri\u010deka - Gorica Info","description":"Godinom kruha i igara u Hrvatskoj pozabavio se u ovotjednoj politi\u010dkoj kolumni Gorice.info medijski stru\u010dnjak Renato Ivanu\u0161","robots":{"index":"index","follow":"follow","max-snippet":"max-snippet:-1","max-image-preview":"max-image-preview:large","max-video-preview":"max-video-preview:-1"},"canonical":"https:\/\/gorica.info\/en\/kolumna-pametnom-dosta-ovo-je-godina-kruha-i-igara-a-sve-bitno-ceka-neka-druga-vremena\/","og_locale":"en_US","og_type":"article","og_title":"KOLUMNA Pametnom dosta: Ovo je godina kruha i igara, a suo\u010davanje s realno\u0161\u0107u neka malo pri\u010deka","og_description":"Godinom kruha i igara u Hrvatskoj pozabavio se u ovotjednoj politi\u010dkoj kolumni Gorice.info medijski stru\u010dnjak Renato Ivanu\u0161","og_url":"https:\/\/gorica.info\/en\/kolumna-pametnom-dosta-ovo-je-godina-kruha-i-igara-a-sve-bitno-ceka-neka-druga-vremena\/","og_site_name":"Gorica Info","article_publisher":"https:\/\/www.facebook.com\/Goricainfo-106005144489262","article_published_time":"2024-06-18T07:00:24+00:00","og_image":[{"width":1200,"height":758,"url":"https:\/\/gorica.info\/wp-content\/uploads\/2024\/04\/iStock-1285284677.jpg","type":"image\/jpeg"}],"author":"Renato Ivanu\u0161","twitter_card":"summary_large_image","twitter_creator":"@GoricaInfo","twitter_site":"@GoricaInfo","twitter_misc":{"Written by":"Renato Ivanu\u0161","Est. reading time":"4 minutes"},"schema":{"@context":"https:\/\/schema.org","@graph":[{"@type":"NewsArticle","@id":"https:\/\/gorica.info\/kolumna-pametnom-dosta-ovo-je-godina-kruha-i-igara-a-sve-bitno-ceka-neka-druga-vremena\/#article","isPartOf":{"@id":"https:\/\/gorica.info\/kolumna-pametnom-dosta-ovo-je-godina-kruha-i-igara-a-sve-bitno-ceka-neka-druga-vremena\/"},"author":{"name":"Renato Ivanu\u0161","@id":"https:\/\/gorica.info\/#\/schema\/person\/8cd1bb8bf579a07607a1a22610d7d09d"},"headline":"KOLUMNA Pametnom dosta: Ovo je godina kruha i igara, a suo\u010davanje s realno\u0161\u0107u neka malo pri\u010deka","datePublished":"2024-06-18T07:00:24+00:00","mainEntityOfPage":{"@id":"https:\/\/gorica.info\/kolumna-pametnom-dosta-ovo-je-godina-kruha-i-igara-a-sve-bitno-ceka-neka-druga-vremena\/"},"wordCount":741,"commentCount":0,"publisher":{"@id":"https:\/\/gorica.info\/#organization"},"image":{"@id":"https:\/\/gorica.info\/kolumna-pametnom-dosta-ovo-je-godina-kruha-i-igara-a-sve-bitno-ceka-neka-druga-vremena\/#primaryimage"},"thumbnailUrl":"https:\/\/gorica.info\/wp-content\/uploads\/2024\/04\/iStock-1285284677.jpg","keywords":["izbori","kolumna","kruha i igara","pametnom dosta","politika","renato ivanu\u0161"],"articleSection":["POLITI\u010cKA ARENA"],"inLanguage":"en-US","potentialAction":[{"@type":"CommentAction","name":"Comment","target":["https:\/\/gorica.info\/kolumna-pametnom-dosta-ovo-je-godina-kruha-i-igara-a-sve-bitno-ceka-neka-druga-vremena\/#respond"]}],"copyrightYear":"2024","copyrightHolder":{"@id":"https:\/\/gorica.info\/en\/#organization"}},{"@type":"WebPage","@id":"https:\/\/gorica.info\/kolumna-pametnom-dosta-ovo-je-godina-kruha-i-igara-a-sve-bitno-ceka-neka-druga-vremena\/","url":"https:\/\/gorica.info\/kolumna-pametnom-dosta-ovo-je-godina-kruha-i-igara-a-sve-bitno-ceka-neka-druga-vremena\/","name":"KOLUMNA Pametnom dosta: Ovo je godina kruha i igara, a suo\u010davanje s realno\u0161\u0107u neka malo pri\u010deka - Gorica Info","isPartOf":{"@id":"https:\/\/gorica.info\/#website"},"primaryImageOfPage":{"@id":"https:\/\/gorica.info\/kolumna-pametnom-dosta-ovo-je-godina-kruha-i-igara-a-sve-bitno-ceka-neka-druga-vremena\/#primaryimage"},"image":{"@id":"https:\/\/gorica.info\/kolumna-pametnom-dosta-ovo-je-godina-kruha-i-igara-a-sve-bitno-ceka-neka-druga-vremena\/#primaryimage"},"thumbnailUrl":"https:\/\/gorica.info\/wp-content\/uploads\/2024\/04\/iStock-1285284677.jpg","datePublished":"2024-06-18T07:00:24+00:00","description":"Godinom kruha i igara u Hrvatskoj pozabavio se u ovotjednoj politi\u010dkoj kolumni Gorice.info medijski stru\u010dnjak Renato Ivanu\u0161","breadcrumb":{"@id":"https:\/\/gorica.info\/kolumna-pametnom-dosta-ovo-je-godina-kruha-i-igara-a-sve-bitno-ceka-neka-druga-vremena\/#breadcrumb"},"inLanguage":"en-US","potentialAction":[{"@type":"ReadAction","target":["https:\/\/gorica.info\/kolumna-pametnom-dosta-ovo-je-godina-kruha-i-igara-a-sve-bitno-ceka-neka-druga-vremena\/"]}]},{"@type":"ImageObject","inLanguage":"en-US","@id":"https:\/\/gorica.info\/kolumna-pametnom-dosta-ovo-je-godina-kruha-i-igara-a-sve-bitno-ceka-neka-druga-vremena\/#primaryimage","url":"https:\/\/gorica.info\/wp-content\/uploads\/2024\/04\/iStock-1285284677.jpg","contentUrl":"https:\/\/gorica.info\/wp-content\/uploads\/2024\/04\/iStock-1285284677.jpg","width":1100,"height":695,"caption":"Ilustracija: Cemile Bingol \/ iStock"},{"@type":"BreadcrumbList","@id":"https:\/\/gorica.info\/kolumna-pametnom-dosta-ovo-je-godina-kruha-i-igara-a-sve-bitno-ceka-neka-druga-vremena\/#breadcrumb","itemListElement":[{"@type":"ListItem","position":1,"name":"Po\u010detna stranica","item":"https:\/\/gorica.info\/"},{"@type":"ListItem","position":2,"name":"KOLUMNA Pametnom dosta: Ovo je godina kruha i igara, a suo\u010davanje s realno\u0161\u0107u neka malo pri\u010deka"}]},{"@type":"WebSite","@id":"https:\/\/gorica.info\/#website","url":"https:\/\/gorica.info\/","name":"Gorica Info","description":"Vijesti iz Velike Gorice i okolice.","publisher":{"@id":"https:\/\/gorica.info\/#organization"},"potentialAction":[{"@type":"SearchAction","target":{"@type":"EntryPoint","urlTemplate":"https:\/\/gorica.info\/?s={search_term_string}"},"query-input":{"@type":"PropertyValueSpecification","valueRequired":true,"valueName":"search_term_string"}}],"inLanguage":"en-US"},{"@type":["Organization","Place","NewsMediaOrganization"],"@id":"https:\/\/gorica.info\/#organization","name":"Gorica Info","url":"https:\/\/gorica.info\/","logo":{"@id":"https:\/\/gorica.info\/kolumna-pametnom-dosta-ovo-je-godina-kruha-i-igara-a-sve-bitno-ceka-neka-druga-vremena\/#local-main-organization-logo"},"image":{"@id":"https:\/\/gorica.info\/kolumna-pametnom-dosta-ovo-je-godina-kruha-i-igara-a-sve-bitno-ceka-neka-druga-vremena\/#local-main-organization-logo"},"sameAs":["https:\/\/www.facebook.com\/Goricainfo-106005144489262","https:\/\/x.com\/GoricaInfo","https:\/\/www.instagram.com\/gorica.info\/"],"address":{"@id":"https:\/\/gorica.info\/kolumna-pametnom-dosta-ovo-je-godina-kruha-i-igara-a-sve-bitno-ceka-neka-druga-vremena\/#local-main-place-address"},"telephone":[],"openingHoursSpecification":[{"@type":"OpeningHoursSpecification","dayOfWeek":["Monday","Tuesday","Wednesday","Thursday","Friday","Saturday","Sunday"],"opens":"09:00","closes":"17:00"}],"email":"redakcija@gorica.info"},{"@type":"Person","@id":"https:\/\/gorica.info\/#\/schema\/person\/8cd1bb8bf579a07607a1a22610d7d09d","name":"Renato Ivanu\u0161","description":"Renato Ivanu\u0161 je dugogodi\u0161nji novinar i urednik najve\u0107ih hrvatskih medija. Voli nogomet, pogotovo HNK Goricu.","url":"https:\/\/gorica.info\/en\/author\/renato-ivanus\/"},{"@type":"PostalAddress","@id":"https:\/\/gorica.info\/kolumna-pametnom-dosta-ovo-je-godina-kruha-i-igara-a-sve-bitno-ceka-neka-druga-vremena\/#local-main-place-address","streetAddress":"Horvatova 97","addressLocality":"Velika Gorica","postalCode":"10410","addressRegion":"Croatia","addressCountry":"HR"},{"@type":"ImageObject","inLanguage":"en-US","@id":"https:\/\/gorica.info\/kolumna-pametnom-dosta-ovo-je-godina-kruha-i-igara-a-sve-bitno-ceka-neka-druga-vremena\/#local-main-organization-logo","url":"https:\/\/gorica.info\/wp-content\/uploads\/2024\/07\/Gorica-Info-Logo-mali.png","contentUrl":"https:\/\/gorica.info\/wp-content\/uploads\/2024\/07\/Gorica-Info-Logo-mali.png","width":450,"height":85,"caption":"Gorica Info"}]},"geo.placename":"Velika Gorica","geo.region":"Croatia"},"_links":{"self":[{"href":"https:\/\/gorica.info\/en\/wp-json\/wp\/v2\/posts\/66128","targetHints":{"allow":["GET"]}}],"collection":[{"href":"https:\/\/gorica.info\/en\/wp-json\/wp\/v2\/posts"}],"about":[{"href":"https:\/\/gorica.info\/en\/wp-json\/wp\/v2\/types\/post"}],"author":[{"embeddable":true,"href":"https:\/\/gorica.info\/en\/wp-json\/wp\/v2\/users\/26"}],"replies":[{"embeddable":true,"href":"https:\/\/gorica.info\/en\/wp-json\/wp\/v2\/comments?post=66128"}],"version-history":[{"count":0,"href":"https:\/\/gorica.info\/en\/wp-json\/wp\/v2\/posts\/66128\/revisions"}],"wp:featuredmedia":[{"embeddable":true,"href":"https:\/\/gorica.info\/en\/wp-json\/wp\/v2\/media\/63132"}],"wp:attachment":[{"href":"https:\/\/gorica.info\/en\/wp-json\/wp\/v2\/media?parent=66128"}],"wp:term":[{"taxonomy":"category","embeddable":true,"href":"https:\/\/gorica.info\/en\/wp-json\/wp\/v2\/categories?post=66128"},{"taxonomy":"post_tag","embeddable":true,"href":"https:\/\/gorica.info\/en\/wp-json\/wp\/v2\/tags?post=66128"}],"curies":[{"name":"wp","href":"https:\/\/api.w.org\/{rel}","templated":true}]}}