{"id":66260,"date":"2024-06-19T11:25:31","date_gmt":"2024-06-19T09:25:31","guid":{"rendered":"https:\/\/gorica.info\/?p=66260"},"modified":"2024-06-19T11:25:31","modified_gmt":"2024-06-19T09:25:31","slug":"izlozba-radmile-grlic-svi-moji-snovi-u-galeriji-trumbetas","status":"publish","type":"post","link":"https:\/\/gorica.info\/en\/izlozba-radmile-grlic-svi-moji-snovi-u-galeriji-trumbetas\/","title":{"rendered":"Samostalna izlo\u017eba Radmile Grli\u0107 \u201eSvi moji snovi\u201c u Galeriji Trumbeta\u0161"},"content":{"rendered":"<p>Prvu samostalnu izlo\u017ebu <strong>Radmile Grli\u0107<\/strong>, \u010dlanice ULIKUM-a Velike Gorice, mo\u017eete razgledati <strong>u petak, 21. lipnja<\/strong> u <a href=\"https:\/\/www.pouvg.hr\/kultura\/koncerti-i-izlozbe\/samostalna-izlozba-radmile-grlic-svi-moji-snovi\/?fbclid=IwZXh0bgNhZW0CMTAAAR1rB7J04qZjhWxOFm1kLcZ5Pogf62XeoZm9RLsmDfN3n4pGnvhGt-ZgO4w_aem_ZmFrZWR1bW15MTZieXRlcw\">Galeriji Trumbeta\u0161<\/a>. Otvorenje izlo\u017ebe \u201eSvi moji snovi\u201c zakazano je za<strong> 18 sati<\/strong>.<\/p>\n<p><a href=\"https:\/\/gorica.info\/en\/2024\/06\/19\/u-muzeju-turopolja-otvorena-izlozba-popularnih-motocikla-jawa\/\">Izlo\u017eba<\/a> donosi dvije tematske cjeline: more i prirodu \u2013 pejza\u017e. Radmila Grli\u0107 svojim radovima istra\u017euje i izra\u017eava klasi\u010dnu estetiku, duboko po\u0161tuju\u0107i tradicionalne umjetni\u010dke vrijednosti.<\/p>\n<p>Ljepotom svojih kompozicija omogu\u0107uje prepoznati stvarala\u010dku individualnost kao trag intimna iskustva slijede\u0107i slikarsku viziju vlastite individualnosti. Radmila pokazuje dosljednost u koncepciji s osloncem na motiv koji je prepoznatljiv u jedrima i pejza\u017eu koji ispunjavaju kadar.<\/p>\n<p>Na taj na\u010din blistavo\u0161\u0107u boje na moru i nebu jedrima zapo\u010dinje igru variraju\u0107i kompoziciju u ritmu vertikalnog skladanja tako da svaki segment pulsira poradi kromatskog rasporeda, zapisao je<strong> Ante \u017divkovi\u0107 Fo\u0161ar <\/strong>u najavi izlo\u017ebe.<\/p>","protected":false},"excerpt":{"rendered":"<p>Prvu samostalnu izlo\u017ebu Radmile Grli\u0107, \u010dlanice ULIKUM-a Velike Gorice, mo\u017eete razgledati u petak, 21. lipnja u Galeriji Trumbeta\u0161. Otvorenje izlo\u017ebe \u201eSvi moji snovi\u201c zakazano je za 18 sati. Izlo\u017eba donosi dvije tematske cjeline: more i prirodu \u2013 pejza\u017e. Radmila Grli\u0107 svojim radovima istra\u017euje i izra\u017eava klasi\u010dnu estetiku, duboko po\u0161tuju\u0107i tradicionalne umjetni\u010dke vrijednosti. Ljepotom svojih kompozicija [&hellip;]<\/p>\n","protected":false},"author":25,"featured_media":66261,"comment_status":"open","ping_status":"open","sticky":false,"template":"","format":"standard","meta":{"limit_modified_date":"","last_modified_date":"","jnews-multi-image_gallery":[],"jnews_single_post":[],"jnews_primary_category":[],"jnews_override_counter":[],"footnotes":""},"categories":[84],"tags":[4370,8939,694,13035,13036,13037],"class_list":["post-66260","post","type-post","status-publish","format-standard","has-post-thumbnail","hentry","category-kultura","tag-galerija-trumbetas","tag-izlozba-likovnih-radova","tag-more","tag-pjesazi","tag-radmila-grlic","tag-svi-moji-snovi"],"yoast_head":"<!-- This site is optimized with the Yoast SEO Premium plugin v27.5 (Yoast SEO v27.5) - https:\/\/yoast.com\/product\/yoast-seo-premium-wordpress\/ -->\n<title>Samostalna izlo\u017eba Radmile Grli\u0107 \u201eSvi moji snovi\u201c u Galeriji Trumbeta\u0161 - Gorica Info<\/title>\n<meta name=\"description\" content=\"Izlo\u017eba Radmile Grli\u0107 \u201eSvi moji snovi\u201c u Galeriji Trumbeta\u0161, otvorenje je u petak, 21. lipnja u 18 sati, najavili su iz POU VG.\" \/>\n<meta name=\"robots\" content=\"index, follow, max-snippet:-1, max-image-preview:large, max-video-preview:-1\" \/>\n<link rel=\"canonical\" href=\"https:\/\/gorica.info\/en\/izlozba-radmile-grlic-svi-moji-snovi-u-galeriji-trumbetas\/\" \/>\n<meta property=\"og:locale\" content=\"en_US\" \/>\n<meta property=\"og:type\" content=\"article\" \/>\n<meta property=\"og:title\" content=\"Samostalna izlo\u017eba Radmile Grli\u0107 \u201eSvi moji snovi\u201c u Galeriji Trumbeta\u0161\" \/>\n<meta property=\"og:description\" content=\"Izlo\u017eba Radmile Grli\u0107 \u201eSvi moji snovi\u201c u Galeriji Trumbeta\u0161, otvorenje je u petak, 21. lipnja u 18 sati, najavili su iz POU VG.\" \/>\n<meta property=\"og:url\" content=\"https:\/\/gorica.info\/en\/izlozba-radmile-grlic-svi-moji-snovi-u-galeriji-trumbetas\/\" \/>\n<meta property=\"og:site_name\" content=\"Gorica Info\" \/>\n<meta property=\"article:publisher\" content=\"https:\/\/www.facebook.com\/Goricainfo-106005144489262\" \/>\n<meta property=\"article:published_time\" content=\"2024-06-19T09:25:31+00:00\" \/>\n<meta property=\"og:image\" content=\"https:\/\/gorica.info\/wp-content\/uploads\/2024\/06\/izlozba-radmila-grlic.jpg\" \/>\n\t<meta property=\"og:image:width\" content=\"1200\" \/>\n\t<meta property=\"og:image:height\" content=\"771\" \/>\n\t<meta property=\"og:image:type\" content=\"image\/jpeg\" \/>\n<meta name=\"author\" content=\"Marta Horvat\" \/>\n<meta name=\"twitter:card\" content=\"summary_large_image\" \/>\n<meta name=\"twitter:creator\" content=\"@GoricaInfo\" \/>\n<meta name=\"twitter:site\" content=\"@GoricaInfo\" \/>\n<meta name=\"twitter:label1\" content=\"Written by\" \/>\n\t<meta name=\"twitter:data1\" content=\"Marta Horvat\" \/>\n\t<meta name=\"twitter:label2\" content=\"Est. reading time\" \/>\n\t<meta name=\"twitter:data2\" content=\"1 minute\" \/>\n<meta name=\"geo.placename\" content=\"Velika Gorica\" \/>\n<meta name=\"geo.region\" content=\"Croatia\" \/>\n<!-- \/ Yoast SEO Premium plugin. -->","yoast_head_json":{"title":"Samostalna izlo\u017eba Radmile Grli\u0107 \u201eSvi moji snovi\u201c u Galeriji Trumbeta\u0161 - Gorica Info","description":"Izlo\u017eba Radmile Grli\u0107 \u201eSvi moji snovi\u201c u Galeriji Trumbeta\u0161, otvorenje je u petak, 21. lipnja u 18 sati, najavili su iz POU VG.","robots":{"index":"index","follow":"follow","max-snippet":"max-snippet:-1","max-image-preview":"max-image-preview:large","max-video-preview":"max-video-preview:-1"},"canonical":"https:\/\/gorica.info\/en\/izlozba-radmile-grlic-svi-moji-snovi-u-galeriji-trumbetas\/","og_locale":"en_US","og_type":"article","og_title":"Samostalna izlo\u017eba Radmile Grli\u0107 \u201eSvi moji snovi\u201c u Galeriji Trumbeta\u0161","og_description":"Izlo\u017eba Radmile Grli\u0107 \u201eSvi moji snovi\u201c u Galeriji Trumbeta\u0161, otvorenje je u petak, 21. lipnja u 18 sati, najavili su iz POU VG.","og_url":"https:\/\/gorica.info\/en\/izlozba-radmile-grlic-svi-moji-snovi-u-galeriji-trumbetas\/","og_site_name":"Gorica Info","article_publisher":"https:\/\/www.facebook.com\/Goricainfo-106005144489262","article_published_time":"2024-06-19T09:25:31+00:00","og_image":[{"width":1200,"height":771,"url":"https:\/\/gorica.info\/wp-content\/uploads\/2024\/06\/izlozba-radmila-grlic.jpg","type":"image\/jpeg"}],"author":"Marta Horvat","twitter_card":"summary_large_image","twitter_creator":"@GoricaInfo","twitter_site":"@GoricaInfo","twitter_misc":{"Written by":"Marta Horvat","Est. reading time":"1 minute"},"schema":{"@context":"https:\/\/schema.org","@graph":[{"@type":"NewsArticle","@id":"https:\/\/gorica.info\/izlozba-radmile-grlic-svi-moji-snovi-u-galeriji-trumbetas\/#article","isPartOf":{"@id":"https:\/\/gorica.info\/izlozba-radmile-grlic-svi-moji-snovi-u-galeriji-trumbetas\/"},"author":{"name":"Marta Horvat","@id":"https:\/\/gorica.info\/#\/schema\/person\/b2df2f6fb2a9073c0fa5af2672befd52"},"headline":"Samostalna izlo\u017eba Radmile Grli\u0107 \u201eSvi moji snovi\u201c u Galeriji Trumbeta\u0161","datePublished":"2024-06-19T09:25:31+00:00","mainEntityOfPage":{"@id":"https:\/\/gorica.info\/izlozba-radmile-grlic-svi-moji-snovi-u-galeriji-trumbetas\/"},"wordCount":149,"commentCount":0,"publisher":{"@id":"https:\/\/gorica.info\/#organization"},"image":{"@id":"https:\/\/gorica.info\/izlozba-radmile-grlic-svi-moji-snovi-u-galeriji-trumbetas\/#primaryimage"},"thumbnailUrl":"https:\/\/gorica.info\/wp-content\/uploads\/2024\/06\/izlozba-radmila-grlic.jpg","keywords":["galerija trumbeta\u0161","izlo\u017eba likovnih radova","more","pjesa\u017ei","radmila grli\u0107","svi moji snovi"],"articleSection":["KULTURA"],"inLanguage":"en-US","potentialAction":[{"@type":"CommentAction","name":"Comment","target":["https:\/\/gorica.info\/izlozba-radmile-grlic-svi-moji-snovi-u-galeriji-trumbetas\/#respond"]}],"copyrightYear":"2024","copyrightHolder":{"@id":"https:\/\/gorica.info\/en\/#organization"}},{"@type":"WebPage","@id":"https:\/\/gorica.info\/izlozba-radmile-grlic-svi-moji-snovi-u-galeriji-trumbetas\/","url":"https:\/\/gorica.info\/izlozba-radmile-grlic-svi-moji-snovi-u-galeriji-trumbetas\/","name":"Samostalna izlo\u017eba Radmile Grli\u0107 \u201eSvi moji snovi\u201c u Galeriji Trumbeta\u0161 - Gorica Info","isPartOf":{"@id":"https:\/\/gorica.info\/#website"},"primaryImageOfPage":{"@id":"https:\/\/gorica.info\/izlozba-radmile-grlic-svi-moji-snovi-u-galeriji-trumbetas\/#primaryimage"},"image":{"@id":"https:\/\/gorica.info\/izlozba-radmile-grlic-svi-moji-snovi-u-galeriji-trumbetas\/#primaryimage"},"thumbnailUrl":"https:\/\/gorica.info\/wp-content\/uploads\/2024\/06\/izlozba-radmila-grlic.jpg","datePublished":"2024-06-19T09:25:31+00:00","description":"Izlo\u017eba Radmile Grli\u0107 \u201eSvi moji snovi\u201c u Galeriji Trumbeta\u0161, otvorenje je u petak, 21. lipnja u 18 sati, najavili su iz POU VG.","breadcrumb":{"@id":"https:\/\/gorica.info\/izlozba-radmile-grlic-svi-moji-snovi-u-galeriji-trumbetas\/#breadcrumb"},"inLanguage":"en-US","potentialAction":[{"@type":"ReadAction","target":["https:\/\/gorica.info\/izlozba-radmile-grlic-svi-moji-snovi-u-galeriji-trumbetas\/"]}]},{"@type":"ImageObject","inLanguage":"en-US","@id":"https:\/\/gorica.info\/izlozba-radmile-grlic-svi-moji-snovi-u-galeriji-trumbetas\/#primaryimage","url":"https:\/\/gorica.info\/wp-content\/uploads\/2024\/06\/izlozba-radmila-grlic.jpg","contentUrl":"https:\/\/gorica.info\/wp-content\/uploads\/2024\/06\/izlozba-radmila-grlic.jpg","width":1100,"height":707,"caption":"Foto: POU VG"},{"@type":"BreadcrumbList","@id":"https:\/\/gorica.info\/izlozba-radmile-grlic-svi-moji-snovi-u-galeriji-trumbetas\/#breadcrumb","itemListElement":[{"@type":"ListItem","position":1,"name":"Po\u010detna stranica","item":"https:\/\/gorica.info\/"},{"@type":"ListItem","position":2,"name":"Samostalna izlo\u017eba Radmile Grli\u0107 \u201eSvi moji snovi\u201c u Galeriji Trumbeta\u0161"}]},{"@type":"WebSite","@id":"https:\/\/gorica.info\/#website","url":"https:\/\/gorica.info\/","name":"Gorica Info","description":"Vijesti iz Velike Gorice i okolice.","publisher":{"@id":"https:\/\/gorica.info\/#organization"},"potentialAction":[{"@type":"SearchAction","target":{"@type":"EntryPoint","urlTemplate":"https:\/\/gorica.info\/?s={search_term_string}"},"query-input":{"@type":"PropertyValueSpecification","valueRequired":true,"valueName":"search_term_string"}}],"inLanguage":"en-US"},{"@type":["Organization","Place","NewsMediaOrganization"],"@id":"https:\/\/gorica.info\/#organization","name":"Gorica Info","url":"https:\/\/gorica.info\/","logo":{"@id":"https:\/\/gorica.info\/izlozba-radmile-grlic-svi-moji-snovi-u-galeriji-trumbetas\/#local-main-organization-logo"},"image":{"@id":"https:\/\/gorica.info\/izlozba-radmile-grlic-svi-moji-snovi-u-galeriji-trumbetas\/#local-main-organization-logo"},"sameAs":["https:\/\/www.facebook.com\/Goricainfo-106005144489262","https:\/\/x.com\/GoricaInfo","https:\/\/www.instagram.com\/gorica.info\/"],"address":{"@id":"https:\/\/gorica.info\/izlozba-radmile-grlic-svi-moji-snovi-u-galeriji-trumbetas\/#local-main-place-address"},"telephone":[],"openingHoursSpecification":[{"@type":"OpeningHoursSpecification","dayOfWeek":["Monday","Tuesday","Wednesday","Thursday","Friday","Saturday","Sunday"],"opens":"09:00","closes":"17:00"}],"email":"redakcija@gorica.info"},{"@type":"Person","@id":"https:\/\/gorica.info\/#\/schema\/person\/b2df2f6fb2a9073c0fa5af2672befd52","name":"Marta Horvat","description":"Marta Horvat je studentica koja redovito pi\u0161e za portal, prati sva gradska doga\u0111anja i u\u017eiva isprobavati nove recept koje dijeli s na\u0161im \u010ditateljima.","url":"https:\/\/gorica.info\/en\/author\/marta-horvat\/"},{"@type":"PostalAddress","@id":"https:\/\/gorica.info\/izlozba-radmile-grlic-svi-moji-snovi-u-galeriji-trumbetas\/#local-main-place-address","streetAddress":"Horvatova 97","addressLocality":"Velika Gorica","postalCode":"10410","addressRegion":"Croatia","addressCountry":"HR"},{"@type":"ImageObject","inLanguage":"en-US","@id":"https:\/\/gorica.info\/izlozba-radmile-grlic-svi-moji-snovi-u-galeriji-trumbetas\/#local-main-organization-logo","url":"https:\/\/gorica.info\/wp-content\/uploads\/2024\/07\/Gorica-Info-Logo-mali.png","contentUrl":"https:\/\/gorica.info\/wp-content\/uploads\/2024\/07\/Gorica-Info-Logo-mali.png","width":450,"height":85,"caption":"Gorica Info"}]},"geo.placename":"Velika Gorica","geo.region":"Croatia"},"_links":{"self":[{"href":"https:\/\/gorica.info\/en\/wp-json\/wp\/v2\/posts\/66260","targetHints":{"allow":["GET"]}}],"collection":[{"href":"https:\/\/gorica.info\/en\/wp-json\/wp\/v2\/posts"}],"about":[{"href":"https:\/\/gorica.info\/en\/wp-json\/wp\/v2\/types\/post"}],"author":[{"embeddable":true,"href":"https:\/\/gorica.info\/en\/wp-json\/wp\/v2\/users\/25"}],"replies":[{"embeddable":true,"href":"https:\/\/gorica.info\/en\/wp-json\/wp\/v2\/comments?post=66260"}],"version-history":[{"count":0,"href":"https:\/\/gorica.info\/en\/wp-json\/wp\/v2\/posts\/66260\/revisions"}],"wp:featuredmedia":[{"embeddable":true,"href":"https:\/\/gorica.info\/en\/wp-json\/wp\/v2\/media\/66261"}],"wp:attachment":[{"href":"https:\/\/gorica.info\/en\/wp-json\/wp\/v2\/media?parent=66260"}],"wp:term":[{"taxonomy":"category","embeddable":true,"href":"https:\/\/gorica.info\/en\/wp-json\/wp\/v2\/categories?post=66260"},{"taxonomy":"post_tag","embeddable":true,"href":"https:\/\/gorica.info\/en\/wp-json\/wp\/v2\/tags?post=66260"}],"curies":[{"name":"wp","href":"https:\/\/api.w.org\/{rel}","templated":true}]}}