{"id":66409,"date":"2024-06-22T15:07:27","date_gmt":"2024-06-22T13:07:27","guid":{"rendered":"https:\/\/gorica.info\/?p=66409"},"modified":"2024-06-22T15:07:27","modified_gmt":"2024-06-22T13:07:27","slug":"udruga-dragovoljaca-i-veterana-domovinskog-rata-velike-gorice-obiljezila-30-obljetnicu-osnivanja","status":"publish","type":"post","link":"https:\/\/gorica.info\/en\/udruga-dragovoljaca-i-veterana-domovinskog-rata-velike-gorice-obiljezila-30-obljetnicu-osnivanja\/","title":{"rendered":"Udruga dragovoljaca i veterana Domovinskog rata Velike Gorice obilje\u017eila 30. obljetnicu osnivanja"},"content":{"rendered":"<p><strong>Udruga dragovoljaca i veterana Domovinskog rata &#8211; Ogranak Velike Gorice<\/strong> obilje\u017eila je 30. obljetnicu osnivanja. Program <a href=\"https:\/\/gorica.info\/en\/2023\/03\/06\/godisnji-izvjestajni-sabor-udruge-dragovoljaca-i-veterana-domovinskog-rata-ogranak-velika-gorica\/\">obilje\u017eavanja<\/a> zapo\u010deo je<strong> polaganjem cvije\u0107a i paljenjem svije\u0107a<\/strong> za sve poginule i umrle hrvatske branitelje kod spomenika Golubice.<\/p>\n<p><img fetchpriority=\"high\" decoding=\"async\" class=\"aligncenter wp-image-66417 size-full\" src=\"https:\/\/gorica.info\/wp-content\/uploads\/2024\/06\/udruga-dragovoljaca-obljetnica-e1719068363773.jpg\" alt=\"\" width=\"598\" height=\"616\" srcset=\"https:\/\/gorica.info\/wp-content\/uploads\/2024\/06\/udruga-dragovoljaca-obljetnica-e1719068363773.jpg 598w, https:\/\/gorica.info\/wp-content\/uploads\/2024\/06\/udruga-dragovoljaca-obljetnica-e1719068363773-291x300.jpg 291w, https:\/\/gorica.info\/wp-content\/uploads\/2024\/06\/udruga-dragovoljaca-obljetnica-e1719068363773-12x12.jpg 12w\" sizes=\"(max-width: 598px) 100vw, 598px\" \/><\/p>\n<p>\u010clanovi <a href=\"https:\/\/www.facebook.com\/profile.php?id=100089740742642\">udruge<\/a> i njihovi gosti dru\u017eenje su nastavili na Turopoljskom gruntu obitelji Diane\u017eevi\u0107. Uz sada\u0161nje aktivne \u010dlanove udruge nazo\u010dni su bili i osniva\u010di udruge, prvi predsjednik ogranka <strong>\u017deljko Bla\u017eekovi\u0107<\/strong> i prvi tajnik ogranka <strong>Tihomir Tre\u0161\u010dec<\/strong>.<\/p>\n<p>Prigodnim govorom nazo\u010dnima se obratio dugogodi\u0161nji predsjednik Ogranka<strong> Stjepan Kova\u010devi\u0107<\/strong> koji je nakon toga podijelio zahvalnice zaslu\u017enim pojedincima i institucijama koje podr\u017eavaju rad udruge proteklih 30 godina.<\/p>\n<p><img decoding=\"async\" class=\"aligncenter wp-image-66416 size-full\" src=\"https:\/\/gorica.info\/wp-content\/uploads\/2024\/06\/udruga-dragovoljaca-gradonacelnik-kresimir-ackar-e1719068487492.jpg\" alt=\"\" width=\"600\" height=\"632\" srcset=\"https:\/\/gorica.info\/wp-content\/uploads\/2024\/06\/udruga-dragovoljaca-gradonacelnik-kresimir-ackar-e1719068487492.jpg 600w, https:\/\/gorica.info\/wp-content\/uploads\/2024\/06\/udruga-dragovoljaca-gradonacelnik-kresimir-ackar-e1719068487492-285x300.jpg 285w, https:\/\/gorica.info\/wp-content\/uploads\/2024\/06\/udruga-dragovoljaca-gradonacelnik-kresimir-ackar-e1719068487492-11x12.jpg 11w\" sizes=\"(max-width: 600px) 100vw, 600px\" \/><\/p>\n<p>Obilje\u017eavanju su se odazvali brojni gosti me\u0111u njima i dr\u017eavni tajnik iz Ministarstva hrvatskih branitelja <strong>\u0160piro Janovi\u0107<\/strong>, zamjenika ravnatelja Veteranskog centra <strong>Zvonimir Kal\u010dik<\/strong>, gradona\u010delnik Velike Gorice <strong>Kre\u0161imir A\u010dkar,<\/strong> zamjenik <strong>Neven Karas<\/strong>, pro\u010delnica<strong> Lana Kruni\u0107 Lukini\u0107<\/strong>, dopredsjednik UDVDR RH\u00a0 i predsjednik Podru\u017enica Zagreba\u010dke \u017eupanije <strong>Zvonko Mari\u0107<\/strong>, predsjednik UDVDR Ogranka Sveta Nedelja <strong>Drago Majstorovi\u0107<\/strong>, predstavnice Udruge udovica poginulih branitelja, predstavnici Udruge djece hrvatskih branitelja, predstavnici Udruge hrvatskih branitelja lije\u010denih od PTSP-a Zagreba\u010dke \u017eupanije &#8211; Klub Velika Gorica.<\/p>\n<p><img decoding=\"async\" class=\"aligncenter wp-image-66415 size-full\" src=\"https:\/\/gorica.info\/wp-content\/uploads\/2024\/06\/udruga-dragovoljaca-obljetnica1-e1719068517778.jpg\" alt=\"\" width=\"600\" height=\"610\" srcset=\"https:\/\/gorica.info\/wp-content\/uploads\/2024\/06\/udruga-dragovoljaca-obljetnica1-e1719068517778.jpg 600w, https:\/\/gorica.info\/wp-content\/uploads\/2024\/06\/udruga-dragovoljaca-obljetnica1-e1719068517778-295x300.jpg 295w, https:\/\/gorica.info\/wp-content\/uploads\/2024\/06\/udruga-dragovoljaca-obljetnica1-e1719068517778-12x12.jpg 12w, https:\/\/gorica.info\/wp-content\/uploads\/2024\/06\/udruga-dragovoljaca-obljetnica1-e1719068517778-75x75.jpg 75w\" sizes=\"(max-width: 600px) 100vw, 600px\" \/><\/p>\n<p><img loading=\"lazy\" decoding=\"async\" class=\"aligncenter wp-image-66413 size-large\" src=\"https:\/\/gorica.info\/wp-content\/uploads\/2024\/06\/udruga-dragovoljaca-obljetnica3-1024x768.jpg\" alt=\"\" width=\"810\" height=\"608\" srcset=\"https:\/\/gorica.info\/wp-content\/uploads\/2024\/06\/udruga-dragovoljaca-obljetnica3-1024x768.jpg 1024w, https:\/\/gorica.info\/wp-content\/uploads\/2024\/06\/udruga-dragovoljaca-obljetnica3-300x225.jpg 300w, https:\/\/gorica.info\/wp-content\/uploads\/2024\/06\/udruga-dragovoljaca-obljetnica3-768x576.jpg 768w, https:\/\/gorica.info\/wp-content\/uploads\/2024\/06\/udruga-dragovoljaca-obljetnica3-16x12.jpg 16w, https:\/\/gorica.info\/wp-content\/uploads\/2024\/06\/udruga-dragovoljaca-obljetnica3-750x562.jpg 750w, https:\/\/gorica.info\/wp-content\/uploads\/2024\/06\/udruga-dragovoljaca-obljetnica3.jpg 1067w\" sizes=\"(max-width: 810px) 100vw, 810px\" \/><\/p>\n<p><img loading=\"lazy\" decoding=\"async\" class=\"aligncenter wp-image-66414 size-large\" src=\"https:\/\/gorica.info\/wp-content\/uploads\/2024\/06\/udruga-dragovoljaca-obljetnica2-1024x768.jpg\" alt=\"\" width=\"810\" height=\"608\" srcset=\"https:\/\/gorica.info\/wp-content\/uploads\/2024\/06\/udruga-dragovoljaca-obljetnica2-1024x768.jpg 1024w, https:\/\/gorica.info\/wp-content\/uploads\/2024\/06\/udruga-dragovoljaca-obljetnica2-300x225.jpg 300w, https:\/\/gorica.info\/wp-content\/uploads\/2024\/06\/udruga-dragovoljaca-obljetnica2-768x576.jpg 768w, https:\/\/gorica.info\/wp-content\/uploads\/2024\/06\/udruga-dragovoljaca-obljetnica2-16x12.jpg 16w, https:\/\/gorica.info\/wp-content\/uploads\/2024\/06\/udruga-dragovoljaca-obljetnica2-750x562.jpg 750w, https:\/\/gorica.info\/wp-content\/uploads\/2024\/06\/udruga-dragovoljaca-obljetnica2.jpg 1067w\" sizes=\"(max-width: 810px) 100vw, 810px\" \/><\/p>\n<p><img loading=\"lazy\" decoding=\"async\" class=\"aligncenter wp-image-66414 size-large\" src=\"https:\/\/gorica.info\/wp-content\/uploads\/2024\/06\/udruga-dragovoljaca-obljetnica2-1024x768.jpg\" alt=\"dragovoljaca\" width=\"810\" height=\"608\" srcset=\"https:\/\/gorica.info\/wp-content\/uploads\/2024\/06\/udruga-dragovoljaca-obljetnica2-1024x768.jpg 1024w, https:\/\/gorica.info\/wp-content\/uploads\/2024\/06\/udruga-dragovoljaca-obljetnica2-300x225.jpg 300w, https:\/\/gorica.info\/wp-content\/uploads\/2024\/06\/udruga-dragovoljaca-obljetnica2-768x576.jpg 768w, https:\/\/gorica.info\/wp-content\/uploads\/2024\/06\/udruga-dragovoljaca-obljetnica2-16x12.jpg 16w, https:\/\/gorica.info\/wp-content\/uploads\/2024\/06\/udruga-dragovoljaca-obljetnica2-750x562.jpg 750w, https:\/\/gorica.info\/wp-content\/uploads\/2024\/06\/udruga-dragovoljaca-obljetnica2.jpg 1067w\" sizes=\"(max-width: 810px) 100vw, 810px\" \/><\/p>\n<p><img loading=\"lazy\" decoding=\"async\" class=\"aligncenter wp-image-66411 size-large\" src=\"https:\/\/gorica.info\/wp-content\/uploads\/2024\/06\/udruga-dragovoljaca-obljetnica5-1024x768.jpg\" alt=\"dragovoljaca\" width=\"810\" height=\"608\" srcset=\"https:\/\/gorica.info\/wp-content\/uploads\/2024\/06\/udruga-dragovoljaca-obljetnica5-1024x768.jpg 1024w, https:\/\/gorica.info\/wp-content\/uploads\/2024\/06\/udruga-dragovoljaca-obljetnica5-300x225.jpg 300w, https:\/\/gorica.info\/wp-content\/uploads\/2024\/06\/udruga-dragovoljaca-obljetnica5-768x576.jpg 768w, https:\/\/gorica.info\/wp-content\/uploads\/2024\/06\/udruga-dragovoljaca-obljetnica5-16x12.jpg 16w, https:\/\/gorica.info\/wp-content\/uploads\/2024\/06\/udruga-dragovoljaca-obljetnica5-750x562.jpg 750w, https:\/\/gorica.info\/wp-content\/uploads\/2024\/06\/udruga-dragovoljaca-obljetnica5.jpg 1067w\" sizes=\"(max-width: 810px) 100vw, 810px\" \/><\/p>","protected":false},"excerpt":{"rendered":"<p>Udruga dragovoljaca i veterana Domovinskog rata &#8211; Ogranak Velike Gorice obilje\u017eila je 30. obljetnicu osnivanja. Program obilje\u017eavanja zapo\u010deo je polaganjem cvije\u0107a i paljenjem svije\u0107a za sve poginule i umrle hrvatske branitelje kod spomenika Golubice. \u010clanovi udruge i njihovi gosti dru\u017eenje su nastavili na Turopoljskom gruntu obitelji Diane\u017eevi\u0107. Uz sada\u0161nje aktivne \u010dlanove udruge nazo\u010dni su bili [&hellip;]<\/p>\n","protected":false},"author":25,"featured_media":66410,"comment_status":"open","ping_status":"open","sticky":false,"template":"","format":"standard","meta":{"limit_modified_date":"","last_modified_date":"","jnews-multi-image_gallery":[],"jnews_single_post":[],"jnews_primary_category":[],"jnews_override_counter":[],"footnotes":""},"categories":[86],"tags":[13086,1561,13087,13088,826,3790],"class_list":["post-66409","post","type-post","status-publish","format-standard","has-post-thumbnail","hentry","category-udruge","tag-obiljezavanje-30-obljetnice","tag-obljetnica","tag-ogranak-velike-gorice","tag-udruga-dragovoljaca","tag-veterani","tag-zahvalnice"],"yoast_head":"<!-- This site is optimized with the Yoast SEO Premium plugin v27.4 (Yoast SEO v27.4) - https:\/\/yoast.com\/product\/yoast-seo-premium-wordpress\/ -->\n<title>Udruga dragovoljaca i veterana Domovinskog rata Velike Gorice obilje\u017eila 30. obljetnicu osnivanja - Gorica Info<\/title>\n<meta name=\"description\" content=\"Udruga dragovoljaca i veterana Domovinskog rata - Ogranak Velike Gorice obilje\u017eila je 30. obljetnicu osnivanja uz prigodan program.\" \/>\n<meta name=\"robots\" content=\"index, follow, max-snippet:-1, max-image-preview:large, max-video-preview:-1\" \/>\n<link rel=\"canonical\" href=\"https:\/\/gorica.info\/en\/udruga-dragovoljaca-i-veterana-domovinskog-rata-velike-gorice-obiljezila-30-obljetnicu-osnivanja\/\" \/>\n<meta property=\"og:locale\" content=\"en_US\" \/>\n<meta property=\"og:type\" content=\"article\" \/>\n<meta property=\"og:title\" content=\"Udruga dragovoljaca i veterana Domovinskog rata Velike Gorice obilje\u017eila 30. obljetnicu osnivanja\" \/>\n<meta property=\"og:description\" content=\"Udruga dragovoljaca i veterana Domovinskog rata - Ogranak Velike Gorice obilje\u017eila je 30. obljetnicu osnivanja uz prigodan program.\" \/>\n<meta property=\"og:url\" content=\"https:\/\/gorica.info\/en\/udruga-dragovoljaca-i-veterana-domovinskog-rata-velike-gorice-obiljezila-30-obljetnicu-osnivanja\/\" \/>\n<meta property=\"og:site_name\" content=\"Gorica Info\" \/>\n<meta property=\"article:publisher\" content=\"https:\/\/www.facebook.com\/Goricainfo-106005144489262\" \/>\n<meta property=\"article:published_time\" content=\"2024-06-22T13:07:27+00:00\" \/>\n<meta property=\"og:image\" content=\"https:\/\/gorica.info\/wp-content\/uploads\/2024\/06\/udruga-dragovoljaca-30-obljetnica.jpg\" \/>\n\t<meta property=\"og:image:width\" content=\"1200\" \/>\n\t<meta property=\"og:image:height\" content=\"771\" \/>\n\t<meta property=\"og:image:type\" content=\"image\/jpeg\" \/>\n<meta name=\"author\" content=\"Marta Horvat\" \/>\n<meta name=\"twitter:card\" content=\"summary_large_image\" \/>\n<meta name=\"twitter:creator\" content=\"@GoricaInfo\" \/>\n<meta name=\"twitter:site\" content=\"@GoricaInfo\" \/>\n<meta name=\"twitter:label1\" content=\"Written by\" \/>\n\t<meta name=\"twitter:data1\" content=\"Marta Horvat\" \/>\n\t<meta name=\"twitter:label2\" content=\"Est. reading time\" \/>\n\t<meta name=\"twitter:data2\" content=\"3 minutes\" \/>\n<meta name=\"geo.placename\" content=\"Velika Gorica\" \/>\n<meta name=\"geo.region\" content=\"Croatia\" \/>\n<!-- \/ Yoast SEO Premium plugin. -->","yoast_head_json":{"title":"Udruga dragovoljaca i veterana Domovinskog rata Velike Gorice obilje\u017eila 30. obljetnicu osnivanja - Gorica Info","description":"Udruga dragovoljaca i veterana Domovinskog rata - Ogranak Velike Gorice obilje\u017eila je 30. obljetnicu osnivanja uz prigodan program.","robots":{"index":"index","follow":"follow","max-snippet":"max-snippet:-1","max-image-preview":"max-image-preview:large","max-video-preview":"max-video-preview:-1"},"canonical":"https:\/\/gorica.info\/en\/udruga-dragovoljaca-i-veterana-domovinskog-rata-velike-gorice-obiljezila-30-obljetnicu-osnivanja\/","og_locale":"en_US","og_type":"article","og_title":"Udruga dragovoljaca i veterana Domovinskog rata Velike Gorice obilje\u017eila 30. obljetnicu osnivanja","og_description":"Udruga dragovoljaca i veterana Domovinskog rata - Ogranak Velike Gorice obilje\u017eila je 30. obljetnicu osnivanja uz prigodan program.","og_url":"https:\/\/gorica.info\/en\/udruga-dragovoljaca-i-veterana-domovinskog-rata-velike-gorice-obiljezila-30-obljetnicu-osnivanja\/","og_site_name":"Gorica Info","article_publisher":"https:\/\/www.facebook.com\/Goricainfo-106005144489262","article_published_time":"2024-06-22T13:07:27+00:00","og_image":[{"width":1200,"height":771,"url":"https:\/\/gorica.info\/wp-content\/uploads\/2024\/06\/udruga-dragovoljaca-30-obljetnica.jpg","type":"image\/jpeg"}],"author":"Marta Horvat","twitter_card":"summary_large_image","twitter_creator":"@GoricaInfo","twitter_site":"@GoricaInfo","twitter_misc":{"Written by":"Marta Horvat","Est. reading time":"3 minutes"},"schema":{"@context":"https:\/\/schema.org","@graph":[{"@type":"NewsArticle","@id":"https:\/\/gorica.info\/udruga-dragovoljaca-i-veterana-domovinskog-rata-velike-gorice-obiljezila-30-obljetnicu-osnivanja\/#article","isPartOf":{"@id":"https:\/\/gorica.info\/udruga-dragovoljaca-i-veterana-domovinskog-rata-velike-gorice-obiljezila-30-obljetnicu-osnivanja\/"},"author":{"name":"Marta Horvat","@id":"https:\/\/gorica.info\/#\/schema\/person\/b2df2f6fb2a9073c0fa5af2672befd52"},"headline":"Udruga dragovoljaca i veterana Domovinskog rata Velike Gorice obilje\u017eila 30. obljetnicu osnivanja","datePublished":"2024-06-22T13:07:27+00:00","mainEntityOfPage":{"@id":"https:\/\/gorica.info\/udruga-dragovoljaca-i-veterana-domovinskog-rata-velike-gorice-obiljezila-30-obljetnicu-osnivanja\/"},"wordCount":210,"commentCount":0,"publisher":{"@id":"https:\/\/gorica.info\/#organization"},"image":{"@id":"https:\/\/gorica.info\/udruga-dragovoljaca-i-veterana-domovinskog-rata-velike-gorice-obiljezila-30-obljetnicu-osnivanja\/#primaryimage"},"thumbnailUrl":"https:\/\/gorica.info\/wp-content\/uploads\/2024\/06\/udruga-dragovoljaca-30-obljetnica.jpg","keywords":["obilje\u017eavanje 30. obljetnice","obljetnica","ogranak velike gorice","udruga dragovoljaca","veterani","zahvalnice"],"articleSection":["UDRUGE"],"inLanguage":"en-US","potentialAction":[{"@type":"CommentAction","name":"Comment","target":["https:\/\/gorica.info\/udruga-dragovoljaca-i-veterana-domovinskog-rata-velike-gorice-obiljezila-30-obljetnicu-osnivanja\/#respond"]}],"copyrightYear":"2024","copyrightHolder":{"@id":"https:\/\/gorica.info\/en\/#organization"}},{"@type":"WebPage","@id":"https:\/\/gorica.info\/udruga-dragovoljaca-i-veterana-domovinskog-rata-velike-gorice-obiljezila-30-obljetnicu-osnivanja\/","url":"https:\/\/gorica.info\/udruga-dragovoljaca-i-veterana-domovinskog-rata-velike-gorice-obiljezila-30-obljetnicu-osnivanja\/","name":"Udruga dragovoljaca i veterana Domovinskog rata Velike Gorice obilje\u017eila 30. obljetnicu osnivanja - Gorica Info","isPartOf":{"@id":"https:\/\/gorica.info\/#website"},"primaryImageOfPage":{"@id":"https:\/\/gorica.info\/udruga-dragovoljaca-i-veterana-domovinskog-rata-velike-gorice-obiljezila-30-obljetnicu-osnivanja\/#primaryimage"},"image":{"@id":"https:\/\/gorica.info\/udruga-dragovoljaca-i-veterana-domovinskog-rata-velike-gorice-obiljezila-30-obljetnicu-osnivanja\/#primaryimage"},"thumbnailUrl":"https:\/\/gorica.info\/wp-content\/uploads\/2024\/06\/udruga-dragovoljaca-30-obljetnica.jpg","datePublished":"2024-06-22T13:07:27+00:00","description":"Udruga dragovoljaca i veterana Domovinskog rata - Ogranak Velike Gorice obilje\u017eila je 30. obljetnicu osnivanja uz prigodan program.","breadcrumb":{"@id":"https:\/\/gorica.info\/udruga-dragovoljaca-i-veterana-domovinskog-rata-velike-gorice-obiljezila-30-obljetnicu-osnivanja\/#breadcrumb"},"inLanguage":"en-US","potentialAction":[{"@type":"ReadAction","target":["https:\/\/gorica.info\/udruga-dragovoljaca-i-veterana-domovinskog-rata-velike-gorice-obiljezila-30-obljetnicu-osnivanja\/"]}]},{"@type":"ImageObject","inLanguage":"en-US","@id":"https:\/\/gorica.info\/udruga-dragovoljaca-i-veterana-domovinskog-rata-velike-gorice-obiljezila-30-obljetnicu-osnivanja\/#primaryimage","url":"https:\/\/gorica.info\/wp-content\/uploads\/2024\/06\/udruga-dragovoljaca-30-obljetnica.jpg","contentUrl":"https:\/\/gorica.info\/wp-content\/uploads\/2024\/06\/udruga-dragovoljaca-30-obljetnica.jpg","width":1100,"height":707,"caption":"Foto: Udruga dragovoljaca i veterana Domovinskog rata Velike Gorice"},{"@type":"BreadcrumbList","@id":"https:\/\/gorica.info\/udruga-dragovoljaca-i-veterana-domovinskog-rata-velike-gorice-obiljezila-30-obljetnicu-osnivanja\/#breadcrumb","itemListElement":[{"@type":"ListItem","position":1,"name":"Po\u010detna stranica","item":"https:\/\/gorica.info\/"},{"@type":"ListItem","position":2,"name":"Udruga dragovoljaca i veterana Domovinskog rata Velike Gorice obilje\u017eila 30. obljetnicu osnivanja"}]},{"@type":"WebSite","@id":"https:\/\/gorica.info\/#website","url":"https:\/\/gorica.info\/","name":"Gorica Info","description":"Vijesti iz Velike Gorice i okolice.","publisher":{"@id":"https:\/\/gorica.info\/#organization"},"potentialAction":[{"@type":"SearchAction","target":{"@type":"EntryPoint","urlTemplate":"https:\/\/gorica.info\/?s={search_term_string}"},"query-input":{"@type":"PropertyValueSpecification","valueRequired":true,"valueName":"search_term_string"}}],"inLanguage":"en-US"},{"@type":["Organization","Place","NewsMediaOrganization"],"@id":"https:\/\/gorica.info\/#organization","name":"Gorica Info","url":"https:\/\/gorica.info\/","logo":{"@id":"https:\/\/gorica.info\/udruga-dragovoljaca-i-veterana-domovinskog-rata-velike-gorice-obiljezila-30-obljetnicu-osnivanja\/#local-main-organization-logo"},"image":{"@id":"https:\/\/gorica.info\/udruga-dragovoljaca-i-veterana-domovinskog-rata-velike-gorice-obiljezila-30-obljetnicu-osnivanja\/#local-main-organization-logo"},"sameAs":["https:\/\/www.facebook.com\/Goricainfo-106005144489262","https:\/\/x.com\/GoricaInfo","https:\/\/www.instagram.com\/gorica.info\/"],"address":{"@id":"https:\/\/gorica.info\/udruga-dragovoljaca-i-veterana-domovinskog-rata-velike-gorice-obiljezila-30-obljetnicu-osnivanja\/#local-main-place-address"},"telephone":[],"openingHoursSpecification":[{"@type":"OpeningHoursSpecification","dayOfWeek":["Monday","Tuesday","Wednesday","Thursday","Friday","Saturday","Sunday"],"opens":"09:00","closes":"17:00"}],"email":"redakcija@gorica.info"},{"@type":"Person","@id":"https:\/\/gorica.info\/#\/schema\/person\/b2df2f6fb2a9073c0fa5af2672befd52","name":"Marta Horvat","description":"Marta Horvat je studentica koja redovito pi\u0161e za portal, prati sva gradska doga\u0111anja i u\u017eiva isprobavati nove recept koje dijeli s na\u0161im \u010ditateljima.","url":"https:\/\/gorica.info\/en\/author\/marta-horvat\/"},{"@type":"PostalAddress","@id":"https:\/\/gorica.info\/udruga-dragovoljaca-i-veterana-domovinskog-rata-velike-gorice-obiljezila-30-obljetnicu-osnivanja\/#local-main-place-address","streetAddress":"Horvatova 97","addressLocality":"Velika Gorica","postalCode":"10410","addressRegion":"Croatia","addressCountry":"HR"},{"@type":"ImageObject","inLanguage":"en-US","@id":"https:\/\/gorica.info\/udruga-dragovoljaca-i-veterana-domovinskog-rata-velike-gorice-obiljezila-30-obljetnicu-osnivanja\/#local-main-organization-logo","url":"https:\/\/gorica.info\/wp-content\/uploads\/2024\/07\/Gorica-Info-Logo-mali.png","contentUrl":"https:\/\/gorica.info\/wp-content\/uploads\/2024\/07\/Gorica-Info-Logo-mali.png","width":450,"height":85,"caption":"Gorica Info"}]},"geo.placename":"Velika Gorica","geo.region":"Croatia"},"_links":{"self":[{"href":"https:\/\/gorica.info\/en\/wp-json\/wp\/v2\/posts\/66409","targetHints":{"allow":["GET"]}}],"collection":[{"href":"https:\/\/gorica.info\/en\/wp-json\/wp\/v2\/posts"}],"about":[{"href":"https:\/\/gorica.info\/en\/wp-json\/wp\/v2\/types\/post"}],"author":[{"embeddable":true,"href":"https:\/\/gorica.info\/en\/wp-json\/wp\/v2\/users\/25"}],"replies":[{"embeddable":true,"href":"https:\/\/gorica.info\/en\/wp-json\/wp\/v2\/comments?post=66409"}],"version-history":[{"count":0,"href":"https:\/\/gorica.info\/en\/wp-json\/wp\/v2\/posts\/66409\/revisions"}],"wp:featuredmedia":[{"embeddable":true,"href":"https:\/\/gorica.info\/en\/wp-json\/wp\/v2\/media\/66410"}],"wp:attachment":[{"href":"https:\/\/gorica.info\/en\/wp-json\/wp\/v2\/media?parent=66409"}],"wp:term":[{"taxonomy":"category","embeddable":true,"href":"https:\/\/gorica.info\/en\/wp-json\/wp\/v2\/categories?post=66409"},{"taxonomy":"post_tag","embeddable":true,"href":"https:\/\/gorica.info\/en\/wp-json\/wp\/v2\/tags?post=66409"}],"curies":[{"name":"wp","href":"https:\/\/api.w.org\/{rel}","templated":true}]}}