{"id":66766,"date":"2024-06-30T11:33:20","date_gmt":"2024-06-30T09:33:20","guid":{"rendered":"https:\/\/gorica.info\/?p=66766"},"modified":"2024-07-03T12:18:40","modified_gmt":"2024-07-03T10:18:40","slug":"vjencanje-u-kravarskom-proslavljeni-goricki-paraolimpijac-velimir-sandor-ozenio-anu-zokic","status":"publish","type":"post","link":"https:\/\/gorica.info\/en\/vjencanje-u-kravarskom-proslavljeni-goricki-paraolimpijac-velimir-sandor-ozenio-anu-zokic\/","title":{"rendered":"Vjen\u010danje u Kravarskom: Proslavljeni gori\u010dki paraolimpijac Velimir \u0160andor o\u017eenio Anu Zoki\u0107"},"content":{"rendered":"<p>Proslavljeni gori\u010dki paraolimpijac<strong> Velimir \u0160andor<\/strong> uplovio je u subotu u bra\u010dnu luku sa svojom izabranicom<strong> Anom Zoki\u0107.<\/strong> Vjen\u010dali su se u crkvi u Kravarskom, a svadbena proslava odr\u017eana je na pla\u017ei u Pokupskom.<\/p>\n<figure id=\"attachment_66767\" aria-describedby=\"caption-attachment-66767\" style=\"width: 717px\" class=\"wp-caption aligncenter\"><img fetchpriority=\"high\" decoding=\"async\" class=\"wp-image-66767 size-full\" src=\"https:\/\/gorica.info\/wp-content\/uploads\/2024\/06\/velimir-sandor-vjencanje2-e1719743949674.jpg\" alt=\"kravarskom\" width=\"717\" height=\"654\" srcset=\"https:\/\/gorica.info\/wp-content\/uploads\/2024\/06\/velimir-sandor-vjencanje2-e1719743949674.jpg 717w, https:\/\/gorica.info\/wp-content\/uploads\/2024\/06\/velimir-sandor-vjencanje2-e1719743949674-300x274.jpg 300w, https:\/\/gorica.info\/wp-content\/uploads\/2024\/06\/velimir-sandor-vjencanje2-e1719743949674-13x12.jpg 13w\" sizes=\"(max-width: 717px) 100vw, 717px\" \/><figcaption id=\"caption-attachment-66767\" class=\"wp-caption-text\">Foto: Paraatletski klub Uspon<\/figcaption><\/figure>\n<p>&#8211; Nema boljeg trenutka za sre\u0107u od ovog. Hvala vam \u0161to ste ga podijelili s nama \u2013 poru\u010dili su \u0160andorove kolege iz <a href=\"https:\/\/www.facebook.com\/profile.php?id=100057498847087&amp;locale=hr_HR\">Paraatletskog kluba Uspon<\/a>.<\/p>\n<figure id=\"attachment_66769\" aria-describedby=\"caption-attachment-66769\" style=\"width: 810px\" class=\"wp-caption aligncenter\"><img decoding=\"async\" class=\"wp-image-66769 size-large\" src=\"https:\/\/gorica.info\/wp-content\/uploads\/2024\/06\/velimir-sandor-vjencanje-1024x768.jpg\" alt=\"\" width=\"810\" height=\"608\" srcset=\"https:\/\/gorica.info\/wp-content\/uploads\/2024\/06\/velimir-sandor-vjencanje-1024x768.jpg 1024w, https:\/\/gorica.info\/wp-content\/uploads\/2024\/06\/velimir-sandor-vjencanje-300x225.jpg 300w, https:\/\/gorica.info\/wp-content\/uploads\/2024\/06\/velimir-sandor-vjencanje-768x576.jpg 768w, https:\/\/gorica.info\/wp-content\/uploads\/2024\/06\/velimir-sandor-vjencanje-16x12.jpg 16w, https:\/\/gorica.info\/wp-content\/uploads\/2024\/06\/velimir-sandor-vjencanje-750x562.jpg 750w, https:\/\/gorica.info\/wp-content\/uploads\/2024\/06\/velimir-sandor-vjencanje.jpg 1067w\" sizes=\"(max-width: 810px) 100vw, 810px\" \/><figcaption id=\"caption-attachment-66769\" class=\"wp-caption-text\">Foto: Paraatletski klub Uspon<\/figcaption><\/figure>\n<p>Pred na\u0161im olimpijcem je nastup na<a href=\"https:\/\/gorica.info\/en\/2024\/06\/03\/svjetski-viceprvak-velimir-sandor-priprema-se-za-olimpijadu-i-vjencanje\/\"> Paraolimpijskim igrama u Parizu<\/a> gdje \u0107e braniti srebro iz Tokija.<\/p>\n<p>Velimiru i Ani \u017eelimo sve najbolje u njihovom zajedni\u010dkom \u017eivotu!<\/p>","protected":false},"excerpt":{"rendered":"<p>Proslavljeni gori\u010dki paraolimpijac Velimir \u0160andor uplovio je u subotu u bra\u010dnu luku sa svojom izabranicom Anom Zoki\u0107. Vjen\u010dali su se u crkvi u Kravarskom, a svadbena proslava odr\u017eana je na pla\u017ei u Pokupskom. &#8211; Nema boljeg trenutka za sre\u0107u od ovog. Hvala vam \u0161to ste ga podijelili s nama \u2013 poru\u010dili su \u0160andorove kolege iz [&hellip;]<\/p>\n","protected":false},"author":23,"featured_media":66771,"comment_status":"open","ping_status":"open","sticky":false,"template":"","format":"standard","meta":{"limit_modified_date":"","last_modified_date":"","jnews-multi-image_gallery":[],"jnews_single_post":[],"jnews_primary_category":[],"jnews_override_counter":[],"footnotes":""},"categories":[109],"tags":[13209,13210,655,13211,331,12836,2468,657],"class_list":["post-66766","post","type-post","status-publish","format-standard","has-post-thumbnail","hentry","category-zivot","tag-ana-zokic","tag-bacac-diska","tag-brak","tag-izabranica","tag-kravarsko","tag-paraolimpijac","tag-velimir-sandor","tag-vjencanje"],"yoast_head":"<!-- This site is optimized with the Yoast SEO Premium plugin v27.4 (Yoast SEO v27.4) - https:\/\/yoast.com\/product\/yoast-seo-premium-wordpress\/ -->\n<title>Vjen\u010danje u Kravarskom: Proslavljeni gori\u010dki paraolimpijac Velimir \u0160andor o\u017eenio Anu Zoki\u0107 - Gorica Info<\/title>\n<meta name=\"description\" content=\"Vjen\u010danje u Kravarskom: Proslavljeni gori\u010dki paraolimpijac Velimir \u0160andor o\u017eenio je svoju izabranicu Anu Zoki\u0107.\" \/>\n<meta name=\"robots\" content=\"index, follow, max-snippet:-1, max-image-preview:large, max-video-preview:-1\" \/>\n<link rel=\"canonical\" href=\"https:\/\/gorica.info\/en\/vjencanje-u-kravarskom-proslavljeni-goricki-paraolimpijac-velimir-sandor-ozenio-anu-zokic\/\" \/>\n<meta property=\"og:locale\" content=\"en_US\" \/>\n<meta property=\"og:type\" content=\"article\" \/>\n<meta property=\"og:title\" content=\"Vjen\u010danje u Kravarskom: Proslavljeni gori\u010dki paraolimpijac Velimir \u0160andor o\u017eenio Anu Zoki\u0107\" \/>\n<meta property=\"og:description\" content=\"Vjen\u010danje u Kravarskom: Proslavljeni gori\u010dki paraolimpijac Velimir \u0160andor o\u017eenio je svoju izabranicu Anu Zoki\u0107.\" \/>\n<meta property=\"og:url\" content=\"https:\/\/gorica.info\/en\/vjencanje-u-kravarskom-proslavljeni-goricki-paraolimpijac-velimir-sandor-ozenio-anu-zokic\/\" \/>\n<meta property=\"og:site_name\" content=\"Gorica Info\" \/>\n<meta property=\"article:publisher\" content=\"https:\/\/www.facebook.com\/Goricainfo-106005144489262\" \/>\n<meta property=\"article:published_time\" content=\"2024-06-30T09:33:20+00:00\" \/>\n<meta property=\"article:modified_time\" content=\"2024-07-03T10:18:40+00:00\" \/>\n<meta property=\"og:image\" content=\"https:\/\/gorica.info\/wp-content\/uploads\/2024\/06\/velimir-sandor-vjencanje-foto-uspon.jpg\" \/>\n\t<meta property=\"og:image:width\" content=\"1200\" \/>\n\t<meta property=\"og:image:height\" content=\"771\" \/>\n\t<meta property=\"og:image:type\" content=\"image\/jpeg\" \/>\n<meta name=\"author\" content=\"Gorica. info\" \/>\n<meta name=\"twitter:card\" content=\"summary_large_image\" \/>\n<meta name=\"twitter:creator\" content=\"@GoricaInfo\" \/>\n<meta name=\"twitter:site\" content=\"@GoricaInfo\" \/>\n<meta name=\"twitter:label1\" content=\"Written by\" \/>\n\t<meta name=\"twitter:data1\" content=\"Gorica. info\" \/>\n\t<meta name=\"twitter:label2\" content=\"Est. reading time\" \/>\n\t<meta name=\"twitter:data2\" content=\"2 minutes\" \/>\n<meta name=\"geo.placename\" content=\"Velika Gorica\" \/>\n<meta name=\"geo.region\" content=\"Croatia\" \/>\n<!-- \/ Yoast SEO Premium plugin. -->","yoast_head_json":{"title":"Vjen\u010danje u Kravarskom: Proslavljeni gori\u010dki paraolimpijac Velimir \u0160andor o\u017eenio Anu Zoki\u0107 - Gorica Info","description":"Vjen\u010danje u Kravarskom: Proslavljeni gori\u010dki paraolimpijac Velimir \u0160andor o\u017eenio je svoju izabranicu Anu Zoki\u0107.","robots":{"index":"index","follow":"follow","max-snippet":"max-snippet:-1","max-image-preview":"max-image-preview:large","max-video-preview":"max-video-preview:-1"},"canonical":"https:\/\/gorica.info\/en\/vjencanje-u-kravarskom-proslavljeni-goricki-paraolimpijac-velimir-sandor-ozenio-anu-zokic\/","og_locale":"en_US","og_type":"article","og_title":"Vjen\u010danje u Kravarskom: Proslavljeni gori\u010dki paraolimpijac Velimir \u0160andor o\u017eenio Anu Zoki\u0107","og_description":"Vjen\u010danje u Kravarskom: Proslavljeni gori\u010dki paraolimpijac Velimir \u0160andor o\u017eenio je svoju izabranicu Anu Zoki\u0107.","og_url":"https:\/\/gorica.info\/en\/vjencanje-u-kravarskom-proslavljeni-goricki-paraolimpijac-velimir-sandor-ozenio-anu-zokic\/","og_site_name":"Gorica Info","article_publisher":"https:\/\/www.facebook.com\/Goricainfo-106005144489262","article_published_time":"2024-06-30T09:33:20+00:00","article_modified_time":"2024-07-03T10:18:40+00:00","og_image":[{"width":1200,"height":771,"url":"https:\/\/gorica.info\/wp-content\/uploads\/2024\/06\/velimir-sandor-vjencanje-foto-uspon.jpg","type":"image\/jpeg"}],"author":"Gorica. info","twitter_card":"summary_large_image","twitter_creator":"@GoricaInfo","twitter_site":"@GoricaInfo","twitter_misc":{"Written by":"Gorica. info","Est. reading time":"2 minutes"},"schema":{"@context":"https:\/\/schema.org","@graph":[{"@type":"NewsArticle","@id":"https:\/\/gorica.info\/vjencanje-u-kravarskom-proslavljeni-goricki-paraolimpijac-velimir-sandor-ozenio-anu-zokic\/#article","isPartOf":{"@id":"https:\/\/gorica.info\/vjencanje-u-kravarskom-proslavljeni-goricki-paraolimpijac-velimir-sandor-ozenio-anu-zokic\/"},"author":{"name":"Gorica. info","@id":"https:\/\/gorica.info\/#\/schema\/person\/4499af1f22f322670b9b5977ccc2e3de"},"headline":"Vjen\u010danje u Kravarskom: Proslavljeni gori\u010dki paraolimpijac Velimir \u0160andor o\u017eenio Anu Zoki\u0107","datePublished":"2024-06-30T09:33:20+00:00","dateModified":"2024-07-03T10:18:40+00:00","mainEntityOfPage":{"@id":"https:\/\/gorica.info\/vjencanje-u-kravarskom-proslavljeni-goricki-paraolimpijac-velimir-sandor-ozenio-anu-zokic\/"},"wordCount":128,"commentCount":0,"publisher":{"@id":"https:\/\/gorica.info\/#organization"},"image":{"@id":"https:\/\/gorica.info\/vjencanje-u-kravarskom-proslavljeni-goricki-paraolimpijac-velimir-sandor-ozenio-anu-zokic\/#primaryimage"},"thumbnailUrl":"https:\/\/gorica.info\/wp-content\/uploads\/2024\/06\/velimir-sandor-vjencanje-foto-uspon.jpg","keywords":["ana zoki\u0107","baca\u010d diska","brak","izabranica","Kravarsko","paraolimpijac","velimir \u0161andor","vjen\u010danje"],"articleSection":["\u017dIVOT"],"inLanguage":"en-US","potentialAction":[{"@type":"CommentAction","name":"Comment","target":["https:\/\/gorica.info\/vjencanje-u-kravarskom-proslavljeni-goricki-paraolimpijac-velimir-sandor-ozenio-anu-zokic\/#respond"]}],"copyrightYear":"2024","copyrightHolder":{"@id":"https:\/\/gorica.info\/en\/#organization"}},{"@type":"WebPage","@id":"https:\/\/gorica.info\/vjencanje-u-kravarskom-proslavljeni-goricki-paraolimpijac-velimir-sandor-ozenio-anu-zokic\/","url":"https:\/\/gorica.info\/vjencanje-u-kravarskom-proslavljeni-goricki-paraolimpijac-velimir-sandor-ozenio-anu-zokic\/","name":"Vjen\u010danje u Kravarskom: Proslavljeni gori\u010dki paraolimpijac Velimir \u0160andor o\u017eenio Anu Zoki\u0107 - Gorica Info","isPartOf":{"@id":"https:\/\/gorica.info\/#website"},"primaryImageOfPage":{"@id":"https:\/\/gorica.info\/vjencanje-u-kravarskom-proslavljeni-goricki-paraolimpijac-velimir-sandor-ozenio-anu-zokic\/#primaryimage"},"image":{"@id":"https:\/\/gorica.info\/vjencanje-u-kravarskom-proslavljeni-goricki-paraolimpijac-velimir-sandor-ozenio-anu-zokic\/#primaryimage"},"thumbnailUrl":"https:\/\/gorica.info\/wp-content\/uploads\/2024\/06\/velimir-sandor-vjencanje-foto-uspon.jpg","datePublished":"2024-06-30T09:33:20+00:00","dateModified":"2024-07-03T10:18:40+00:00","description":"Vjen\u010danje u Kravarskom: Proslavljeni gori\u010dki paraolimpijac Velimir \u0160andor o\u017eenio je svoju izabranicu Anu Zoki\u0107.","breadcrumb":{"@id":"https:\/\/gorica.info\/vjencanje-u-kravarskom-proslavljeni-goricki-paraolimpijac-velimir-sandor-ozenio-anu-zokic\/#breadcrumb"},"inLanguage":"en-US","potentialAction":[{"@type":"ReadAction","target":["https:\/\/gorica.info\/vjencanje-u-kravarskom-proslavljeni-goricki-paraolimpijac-velimir-sandor-ozenio-anu-zokic\/"]}]},{"@type":"ImageObject","inLanguage":"en-US","@id":"https:\/\/gorica.info\/vjencanje-u-kravarskom-proslavljeni-goricki-paraolimpijac-velimir-sandor-ozenio-anu-zokic\/#primaryimage","url":"https:\/\/gorica.info\/wp-content\/uploads\/2024\/06\/velimir-sandor-vjencanje-foto-uspon.jpg","contentUrl":"https:\/\/gorica.info\/wp-content\/uploads\/2024\/06\/velimir-sandor-vjencanje-foto-uspon.jpg","width":1100,"height":707,"caption":"Foto: Paraatletski klub Uspon"},{"@type":"BreadcrumbList","@id":"https:\/\/gorica.info\/vjencanje-u-kravarskom-proslavljeni-goricki-paraolimpijac-velimir-sandor-ozenio-anu-zokic\/#breadcrumb","itemListElement":[{"@type":"ListItem","position":1,"name":"Po\u010detna stranica","item":"https:\/\/gorica.info\/"},{"@type":"ListItem","position":2,"name":"Vjen\u010danje u Kravarskom: Proslavljeni gori\u010dki paraolimpijac Velimir \u0160andor o\u017eenio Anu Zoki\u0107"}]},{"@type":"WebSite","@id":"https:\/\/gorica.info\/#website","url":"https:\/\/gorica.info\/","name":"Gorica Info","description":"Vijesti iz Velike Gorice i okolice.","publisher":{"@id":"https:\/\/gorica.info\/#organization"},"potentialAction":[{"@type":"SearchAction","target":{"@type":"EntryPoint","urlTemplate":"https:\/\/gorica.info\/?s={search_term_string}"},"query-input":{"@type":"PropertyValueSpecification","valueRequired":true,"valueName":"search_term_string"}}],"inLanguage":"en-US"},{"@type":["Organization","Place","NewsMediaOrganization"],"@id":"https:\/\/gorica.info\/#organization","name":"Gorica Info","url":"https:\/\/gorica.info\/","logo":{"@id":"https:\/\/gorica.info\/vjencanje-u-kravarskom-proslavljeni-goricki-paraolimpijac-velimir-sandor-ozenio-anu-zokic\/#local-main-organization-logo"},"image":{"@id":"https:\/\/gorica.info\/vjencanje-u-kravarskom-proslavljeni-goricki-paraolimpijac-velimir-sandor-ozenio-anu-zokic\/#local-main-organization-logo"},"sameAs":["https:\/\/www.facebook.com\/Goricainfo-106005144489262","https:\/\/x.com\/GoricaInfo","https:\/\/www.instagram.com\/gorica.info\/"],"address":{"@id":"https:\/\/gorica.info\/vjencanje-u-kravarskom-proslavljeni-goricki-paraolimpijac-velimir-sandor-ozenio-anu-zokic\/#local-main-place-address"},"telephone":[],"openingHoursSpecification":[{"@type":"OpeningHoursSpecification","dayOfWeek":["Monday","Tuesday","Wednesday","Thursday","Friday","Saturday","Sunday"],"opens":"09:00","closes":"17:00"}],"email":"redakcija@gorica.info"},{"@type":"Person","@id":"https:\/\/gorica.info\/#\/schema\/person\/4499af1f22f322670b9b5977ccc2e3de","name":"Gorica. info","description":"Gorica.info je lokalni portal koji prati Veliku Goricu i okolici, svakodnevno donosi najnovije vijesti i pri\u010de, kulturna doga\u0111anja i aktualnosti koje oblikuju \u017eivot gra\u0111ana.","url":"https:\/\/gorica.info\/en\/author\/gorica-info\/"},{"@type":"PostalAddress","@id":"https:\/\/gorica.info\/vjencanje-u-kravarskom-proslavljeni-goricki-paraolimpijac-velimir-sandor-ozenio-anu-zokic\/#local-main-place-address","streetAddress":"Horvatova 97","addressLocality":"Velika Gorica","postalCode":"10410","addressRegion":"Croatia","addressCountry":"HR"},{"@type":"ImageObject","inLanguage":"en-US","@id":"https:\/\/gorica.info\/vjencanje-u-kravarskom-proslavljeni-goricki-paraolimpijac-velimir-sandor-ozenio-anu-zokic\/#local-main-organization-logo","url":"https:\/\/gorica.info\/wp-content\/uploads\/2024\/07\/Gorica-Info-Logo-mali.png","contentUrl":"https:\/\/gorica.info\/wp-content\/uploads\/2024\/07\/Gorica-Info-Logo-mali.png","width":450,"height":85,"caption":"Gorica Info"}]},"geo.placename":"Velika Gorica","geo.region":"Croatia"},"_links":{"self":[{"href":"https:\/\/gorica.info\/en\/wp-json\/wp\/v2\/posts\/66766","targetHints":{"allow":["GET"]}}],"collection":[{"href":"https:\/\/gorica.info\/en\/wp-json\/wp\/v2\/posts"}],"about":[{"href":"https:\/\/gorica.info\/en\/wp-json\/wp\/v2\/types\/post"}],"author":[{"embeddable":true,"href":"https:\/\/gorica.info\/en\/wp-json\/wp\/v2\/users\/23"}],"replies":[{"embeddable":true,"href":"https:\/\/gorica.info\/en\/wp-json\/wp\/v2\/comments?post=66766"}],"version-history":[{"count":1,"href":"https:\/\/gorica.info\/en\/wp-json\/wp\/v2\/posts\/66766\/revisions"}],"predecessor-version":[{"id":72898,"href":"https:\/\/gorica.info\/en\/wp-json\/wp\/v2\/posts\/66766\/revisions\/72898"}],"wp:featuredmedia":[{"embeddable":true,"href":"https:\/\/gorica.info\/en\/wp-json\/wp\/v2\/media\/66771"}],"wp:attachment":[{"href":"https:\/\/gorica.info\/en\/wp-json\/wp\/v2\/media?parent=66766"}],"wp:term":[{"taxonomy":"category","embeddable":true,"href":"https:\/\/gorica.info\/en\/wp-json\/wp\/v2\/categories?post=66766"},{"taxonomy":"post_tag","embeddable":true,"href":"https:\/\/gorica.info\/en\/wp-json\/wp\/v2\/tags?post=66766"}],"curies":[{"name":"wp","href":"https:\/\/api.w.org\/{rel}","templated":true}]}}