{"id":66777,"date":"2024-06-30T15:03:27","date_gmt":"2024-06-30T13:03:27","guid":{"rendered":"https:\/\/gorica.info\/?p=66777"},"modified":"2024-06-30T15:03:27","modified_gmt":"2024-06-30T13:03:27","slug":"vatrogasci-iz-jaruna-izvukli-mrtvo-tijelo-muskarca","status":"publish","type":"post","link":"https:\/\/gorica.info\/en\/vatrogasci-iz-jaruna-izvukli-mrtvo-tijelo-muskarca\/","title":{"rendered":"Vatrogasci iz Jaruna izvukli mrtvo tijelo mu\u0161karca"},"content":{"rendered":"<p><strong>U zagreba\u010dkom Jarunu<\/strong> u nedjelju je <a href=\"https:\/\/zagrebacka-policija.gov.hr\/\">prona\u0111eno<\/a> <a href=\"https:\/\/gorica.info\/en\/2024\/06\/30\/hgss-ovi-u-sumi-pronasli-tijelo-nepoznate-zenske-osobe\/\">tijelo<\/a> <strong>mu\u0161karca<\/strong>. Le\u0161 je prona\u0111en oko 11:30 sati na Malom jezeru.<\/p>\n<p>Tijelo je prona\u0111eno blizu obale na dubini od nekoliko metara. Iz jezera su ga izvukli<a href=\"https:\/\/www.facebook.com\/vatrogascizagreb?locale=hr_HR\"> vatrogasci.<\/a><\/p>\n<p>Prema neslu\u017ebenim informacijama tijelo pripada mu\u0161karcu \u010diji je nestanak <strong>prijavljen sino\u0107<\/strong>.<\/p>","protected":false},"excerpt":{"rendered":"<p>U zagreba\u010dkom Jarunu u nedjelju je prona\u0111eno tijelo mu\u0161karca. Le\u0161 je prona\u0111en oko 11:30 sati na Malom jezeru. Tijelo je prona\u0111eno blizu obale na dubini od nekoliko metara. Iz jezera su ga izvukli vatrogasci. Prema neslu\u017ebenim informacijama tijelo pripada mu\u0161karcu \u010diji je nestanak prijavljen sino\u0107.<\/p>","protected":false},"author":23,"featured_media":66778,"comment_status":"open","ping_status":"open","sticky":false,"template":"","format":"standard","meta":{"limit_modified_date":"","last_modified_date":"","jnews-multi-image_gallery":[],"jnews_single_post":[],"jnews_primary_category":[],"jnews_override_counter":[],"footnotes":""},"categories":[93],"tags":[3186,2904,518,13212,266,13213,465],"class_list":["post-66777","post","type-post","status-publish","format-standard","has-post-thumbnail","hentry","category-crna-kronika","tag-jarun","tag-mrtvo-tijelo","tag-muskarac","tag-nestao-muskarac","tag-policija","tag-utopio-se","tag-vatrogasci"],"yoast_head":"<!-- This site is optimized with the Yoast SEO Premium plugin v27.4 (Yoast SEO v27.4) - https:\/\/yoast.com\/product\/yoast-seo-premium-wordpress\/ -->\n<title>Vatrogasci iz Jaruna izvukli mrtvo tijelo mu\u0161karca - Gorica Info<\/title>\n<meta name=\"description\" content=\"Vatrogasci u nedjelju ujutro iz Jaruna izvukli mrtvo tijelo mu\u0161karca. Prema neslu\u017ebenim informacijama radi se o mu\u0161karcu koji je nestao ju\u010der\" \/>\n<meta name=\"robots\" content=\"index, follow, max-snippet:-1, max-image-preview:large, max-video-preview:-1\" \/>\n<link rel=\"canonical\" href=\"https:\/\/gorica.info\/en\/vatrogasci-iz-jaruna-izvukli-mrtvo-tijelo-muskarca\/\" \/>\n<meta property=\"og:locale\" content=\"en_US\" \/>\n<meta property=\"og:type\" content=\"article\" \/>\n<meta property=\"og:title\" content=\"Vatrogasci iz Jaruna izvukli mrtvo tijelo mu\u0161karca\" \/>\n<meta property=\"og:description\" content=\"Vatrogasci u nedjelju ujutro iz Jaruna izvukli mrtvo tijelo mu\u0161karca. Prema neslu\u017ebenim informacijama radi se o mu\u0161karcu koji je nestao ju\u010der\" \/>\n<meta property=\"og:url\" content=\"https:\/\/gorica.info\/en\/vatrogasci-iz-jaruna-izvukli-mrtvo-tijelo-muskarca\/\" \/>\n<meta property=\"og:site_name\" content=\"Gorica Info\" \/>\n<meta property=\"article:publisher\" content=\"https:\/\/www.facebook.com\/Goricainfo-106005144489262\" \/>\n<meta property=\"article:published_time\" content=\"2024-06-30T13:03:27+00:00\" \/>\n<meta property=\"og:image\" content=\"https:\/\/gorica.info\/wp-content\/uploads\/2024\/06\/policija-potraga.jpg\" \/>\n\t<meta property=\"og:image:width\" content=\"750\" \/>\n\t<meta property=\"og:image:height\" content=\"422\" \/>\n\t<meta property=\"og:image:type\" content=\"image\/jpeg\" \/>\n<meta name=\"author\" content=\"Gorica. info\" \/>\n<meta name=\"twitter:card\" content=\"summary_large_image\" \/>\n<meta name=\"twitter:creator\" content=\"@GoricaInfo\" \/>\n<meta name=\"twitter:site\" content=\"@GoricaInfo\" \/>\n<meta name=\"twitter:label1\" content=\"Written by\" \/>\n\t<meta name=\"twitter:data1\" content=\"Gorica. info\" \/>\n\t<meta name=\"twitter:label2\" content=\"Est. reading time\" \/>\n\t<meta name=\"twitter:data2\" content=\"1 minute\" \/>\n<meta name=\"geo.placename\" content=\"Velika Gorica\" \/>\n<meta name=\"geo.region\" content=\"Croatia\" \/>\n<!-- \/ Yoast SEO Premium plugin. -->","yoast_head_json":{"title":"Vatrogasci iz Jaruna izvukli mrtvo tijelo mu\u0161karca - Gorica Info","description":"Vatrogasci u nedjelju ujutro iz Jaruna izvukli mrtvo tijelo mu\u0161karca. Prema neslu\u017ebenim informacijama radi se o mu\u0161karcu koji je nestao ju\u010der","robots":{"index":"index","follow":"follow","max-snippet":"max-snippet:-1","max-image-preview":"max-image-preview:large","max-video-preview":"max-video-preview:-1"},"canonical":"https:\/\/gorica.info\/en\/vatrogasci-iz-jaruna-izvukli-mrtvo-tijelo-muskarca\/","og_locale":"en_US","og_type":"article","og_title":"Vatrogasci iz Jaruna izvukli mrtvo tijelo mu\u0161karca","og_description":"Vatrogasci u nedjelju ujutro iz Jaruna izvukli mrtvo tijelo mu\u0161karca. Prema neslu\u017ebenim informacijama radi se o mu\u0161karcu koji je nestao ju\u010der","og_url":"https:\/\/gorica.info\/en\/vatrogasci-iz-jaruna-izvukli-mrtvo-tijelo-muskarca\/","og_site_name":"Gorica Info","article_publisher":"https:\/\/www.facebook.com\/Goricainfo-106005144489262","article_published_time":"2024-06-30T13:03:27+00:00","og_image":[{"width":750,"height":422,"url":"https:\/\/gorica.info\/wp-content\/uploads\/2024\/06\/policija-potraga.jpg","type":"image\/jpeg"}],"author":"Gorica. info","twitter_card":"summary_large_image","twitter_creator":"@GoricaInfo","twitter_site":"@GoricaInfo","twitter_misc":{"Written by":"Gorica. info","Est. reading time":"1 minute"},"schema":{"@context":"https:\/\/schema.org","@graph":[{"@type":"NewsArticle","@id":"https:\/\/gorica.info\/vatrogasci-iz-jaruna-izvukli-mrtvo-tijelo-muskarca\/#article","isPartOf":{"@id":"https:\/\/gorica.info\/vatrogasci-iz-jaruna-izvukli-mrtvo-tijelo-muskarca\/"},"author":{"name":"Gorica. info","@id":"https:\/\/gorica.info\/#\/schema\/person\/4499af1f22f322670b9b5977ccc2e3de"},"headline":"Vatrogasci iz Jaruna izvukli mrtvo tijelo mu\u0161karca","datePublished":"2024-06-30T13:03:27+00:00","mainEntityOfPage":{"@id":"https:\/\/gorica.info\/vatrogasci-iz-jaruna-izvukli-mrtvo-tijelo-muskarca\/"},"wordCount":59,"commentCount":0,"publisher":{"@id":"https:\/\/gorica.info\/#organization"},"image":{"@id":"https:\/\/gorica.info\/vatrogasci-iz-jaruna-izvukli-mrtvo-tijelo-muskarca\/#primaryimage"},"thumbnailUrl":"https:\/\/gorica.info\/wp-content\/uploads\/2024\/06\/policija-potraga.jpg","keywords":["jarun","mrtvo tijelo","mu\u0161karac","nestao mu\u0161karac","policija","utopio se","vatrogasci"],"articleSection":["CRNA KRONIKA"],"inLanguage":"en-US","potentialAction":[{"@type":"CommentAction","name":"Comment","target":["https:\/\/gorica.info\/vatrogasci-iz-jaruna-izvukli-mrtvo-tijelo-muskarca\/#respond"]}],"copyrightYear":"2024","copyrightHolder":{"@id":"https:\/\/gorica.info\/en\/#organization"}},{"@type":"WebPage","@id":"https:\/\/gorica.info\/vatrogasci-iz-jaruna-izvukli-mrtvo-tijelo-muskarca\/","url":"https:\/\/gorica.info\/vatrogasci-iz-jaruna-izvukli-mrtvo-tijelo-muskarca\/","name":"Vatrogasci iz Jaruna izvukli mrtvo tijelo mu\u0161karca - Gorica Info","isPartOf":{"@id":"https:\/\/gorica.info\/#website"},"primaryImageOfPage":{"@id":"https:\/\/gorica.info\/vatrogasci-iz-jaruna-izvukli-mrtvo-tijelo-muskarca\/#primaryimage"},"image":{"@id":"https:\/\/gorica.info\/vatrogasci-iz-jaruna-izvukli-mrtvo-tijelo-muskarca\/#primaryimage"},"thumbnailUrl":"https:\/\/gorica.info\/wp-content\/uploads\/2024\/06\/policija-potraga.jpg","datePublished":"2024-06-30T13:03:27+00:00","description":"Vatrogasci u nedjelju ujutro iz Jaruna izvukli mrtvo tijelo mu\u0161karca. Prema neslu\u017ebenim informacijama radi se o mu\u0161karcu koji je nestao ju\u010der","breadcrumb":{"@id":"https:\/\/gorica.info\/vatrogasci-iz-jaruna-izvukli-mrtvo-tijelo-muskarca\/#breadcrumb"},"inLanguage":"en-US","potentialAction":[{"@type":"ReadAction","target":["https:\/\/gorica.info\/vatrogasci-iz-jaruna-izvukli-mrtvo-tijelo-muskarca\/"]}]},{"@type":"ImageObject","inLanguage":"en-US","@id":"https:\/\/gorica.info\/vatrogasci-iz-jaruna-izvukli-mrtvo-tijelo-muskarca\/#primaryimage","url":"https:\/\/gorica.info\/wp-content\/uploads\/2024\/06\/policija-potraga.jpg","contentUrl":"https:\/\/gorica.info\/wp-content\/uploads\/2024\/06\/policija-potraga.jpg","width":750,"height":422,"caption":"Arhivska fotografija: Policija"},{"@type":"BreadcrumbList","@id":"https:\/\/gorica.info\/vatrogasci-iz-jaruna-izvukli-mrtvo-tijelo-muskarca\/#breadcrumb","itemListElement":[{"@type":"ListItem","position":1,"name":"Po\u010detna stranica","item":"https:\/\/gorica.info\/"},{"@type":"ListItem","position":2,"name":"Vatrogasci iz Jaruna izvukli mrtvo tijelo mu\u0161karca"}]},{"@type":"WebSite","@id":"https:\/\/gorica.info\/#website","url":"https:\/\/gorica.info\/","name":"Gorica Info","description":"Vijesti iz Velike Gorice i okolice.","publisher":{"@id":"https:\/\/gorica.info\/#organization"},"potentialAction":[{"@type":"SearchAction","target":{"@type":"EntryPoint","urlTemplate":"https:\/\/gorica.info\/?s={search_term_string}"},"query-input":{"@type":"PropertyValueSpecification","valueRequired":true,"valueName":"search_term_string"}}],"inLanguage":"en-US"},{"@type":["Organization","Place","NewsMediaOrganization"],"@id":"https:\/\/gorica.info\/#organization","name":"Gorica Info","url":"https:\/\/gorica.info\/","logo":{"@id":"https:\/\/gorica.info\/vatrogasci-iz-jaruna-izvukli-mrtvo-tijelo-muskarca\/#local-main-organization-logo"},"image":{"@id":"https:\/\/gorica.info\/vatrogasci-iz-jaruna-izvukli-mrtvo-tijelo-muskarca\/#local-main-organization-logo"},"sameAs":["https:\/\/www.facebook.com\/Goricainfo-106005144489262","https:\/\/x.com\/GoricaInfo","https:\/\/www.instagram.com\/gorica.info\/"],"address":{"@id":"https:\/\/gorica.info\/vatrogasci-iz-jaruna-izvukli-mrtvo-tijelo-muskarca\/#local-main-place-address"},"telephone":[],"openingHoursSpecification":[{"@type":"OpeningHoursSpecification","dayOfWeek":["Monday","Tuesday","Wednesday","Thursday","Friday","Saturday","Sunday"],"opens":"09:00","closes":"17:00"}],"email":"redakcija@gorica.info"},{"@type":"Person","@id":"https:\/\/gorica.info\/#\/schema\/person\/4499af1f22f322670b9b5977ccc2e3de","name":"Gorica. info","description":"Gorica.info je lokalni portal koji prati Veliku Goricu i okolici, svakodnevno donosi najnovije vijesti i pri\u010de, kulturna doga\u0111anja i aktualnosti koje oblikuju \u017eivot gra\u0111ana.","url":"https:\/\/gorica.info\/en\/author\/gorica-info\/"},{"@type":"PostalAddress","@id":"https:\/\/gorica.info\/vatrogasci-iz-jaruna-izvukli-mrtvo-tijelo-muskarca\/#local-main-place-address","streetAddress":"Horvatova 97","addressLocality":"Velika Gorica","postalCode":"10410","addressRegion":"Croatia","addressCountry":"HR"},{"@type":"ImageObject","inLanguage":"en-US","@id":"https:\/\/gorica.info\/vatrogasci-iz-jaruna-izvukli-mrtvo-tijelo-muskarca\/#local-main-organization-logo","url":"https:\/\/gorica.info\/wp-content\/uploads\/2024\/07\/Gorica-Info-Logo-mali.png","contentUrl":"https:\/\/gorica.info\/wp-content\/uploads\/2024\/07\/Gorica-Info-Logo-mali.png","width":450,"height":85,"caption":"Gorica Info"}]},"geo.placename":"Velika Gorica","geo.region":"Croatia"},"_links":{"self":[{"href":"https:\/\/gorica.info\/en\/wp-json\/wp\/v2\/posts\/66777","targetHints":{"allow":["GET"]}}],"collection":[{"href":"https:\/\/gorica.info\/en\/wp-json\/wp\/v2\/posts"}],"about":[{"href":"https:\/\/gorica.info\/en\/wp-json\/wp\/v2\/types\/post"}],"author":[{"embeddable":true,"href":"https:\/\/gorica.info\/en\/wp-json\/wp\/v2\/users\/23"}],"replies":[{"embeddable":true,"href":"https:\/\/gorica.info\/en\/wp-json\/wp\/v2\/comments?post=66777"}],"version-history":[{"count":0,"href":"https:\/\/gorica.info\/en\/wp-json\/wp\/v2\/posts\/66777\/revisions"}],"wp:featuredmedia":[{"embeddable":true,"href":"https:\/\/gorica.info\/en\/wp-json\/wp\/v2\/media\/66778"}],"wp:attachment":[{"href":"https:\/\/gorica.info\/en\/wp-json\/wp\/v2\/media?parent=66777"}],"wp:term":[{"taxonomy":"category","embeddable":true,"href":"https:\/\/gorica.info\/en\/wp-json\/wp\/v2\/categories?post=66777"},{"taxonomy":"post_tag","embeddable":true,"href":"https:\/\/gorica.info\/en\/wp-json\/wp\/v2\/tags?post=66777"}],"curies":[{"name":"wp","href":"https:\/\/api.w.org\/{rel}","templated":true}]}}