{"id":67906,"date":"2024-05-06T12:58:46","date_gmt":"2024-05-06T10:58:46","guid":{"rendered":"https:\/\/gorica.info\/?p=64245"},"modified":"2024-05-06T12:58:46","modified_gmt":"2024-05-06T10:58:46","slug":"u-savi-pronadeno-tijelo-nepoznate-muske-osobe-obdukcijom-ce-se-utvrditi-uzrok-smrti","status":"publish","type":"post","link":"https:\/\/gorica.info\/en\/u-savi-pronadeno-tijelo-nepoznate-muske-osobe-obdukcijom-ce-se-utvrditi-uzrok-smrti\/","title":{"rendered":"U Savi prona\u0111eno tijelo nepoznate mu\u0161ke osobe: Obdukcijom \u0107e se utvrditi uzrok smrti"},"content":{"rendered":"<p><strong>U koritu Save<\/strong> u nedjelju je prona\u0111eno<strong> tijelo nepoznate mu\u0161ke osobe<\/strong>. Policija je dobila dojavu oko 10.10 sati od gra\u0111ana koji su na podru\u010dju Pe\u0161\u010denice uo\u010dili tijelo u vodi. Ubrzo su stigli vatrogasci koji su tijelo izvukli iz vode.<\/p>\n<p>Iz <a href=\"https:\/\/zagrebacka-policija.gov.hr\/vijesti\/pronalazak-tijela-97551\/97551\">policije<\/a> navode kako na tijelu nisu uo\u010deni tragovi koji bi upu\u0107ivali da je smrt nastupila kao posljedica kaznenog djela.<\/p>\n<p>Tijelo je prevezeno u <a href=\"https:\/\/gorica.info\/en\/2024\/04\/10\/u-napustenoj-kuci-pronadeno-tijelo-nepoznate-osobe-prevezeno-je-na-zavod-za-sudsku-medicinu-i-kriminalistiku\/\">Zavod za sudsku medicinu i kriminalistiku<\/a> Zagreb kako bi se utvrdio <strong>uzrok smrti<\/strong> i identitet osobe.<\/p>","protected":false},"excerpt":{"rendered":"<p>U koritu Save u nedjelju je prona\u0111eno tijelo nepoznate mu\u0161ke osobe. Policija je dobila dojavu oko 10.10 sati od gra\u0111ana koji su na podru\u010dju Pe\u0161\u010denice uo\u010dili tijelo u vodi. Ubrzo su stigli vatrogasci koji su tijelo izvukli iz vode. Iz policije navode kako na tijelu nisu uo\u010deni tragovi koji bi upu\u0107ivali da je smrt nastupila [&hellip;]<\/p>\n","protected":false},"author":23,"featured_media":64248,"comment_status":"open","ping_status":"open","sticky":false,"template":"","format":"standard","meta":{"limit_modified_date":"","last_modified_date":"","jnews-multi-image_gallery":[],"jnews_single_post":[],"jnews_primary_category":[],"jnews_override_counter":[],"footnotes":""},"categories":[93],"tags":[4735,3893,266,2271,2905],"class_list":["post-67906","post","type-post","status-publish","format-standard","has-post-thumbnail","hentry","category-crna-kronika","tag-nepoznata-muska-osoba","tag-obdukcija","tag-policija","tag-pronadeno-tijelo","tag-sava"],"yoast_head":"<!-- This site is optimized with the Yoast SEO Premium plugin v27.4 (Yoast SEO v27.4) - https:\/\/yoast.com\/product\/yoast-seo-premium-wordpress\/ -->\n<title>U Savi prona\u0111eno tijelo nepoznate mu\u0161ke osobe: Obdukcijom \u0107e se utvrditi uzrok smrti - Gorica Info<\/title>\n<meta name=\"description\" content=\"U Savi prona\u0111eno tijelo nepoznate mu\u0161ke osobe: Obdukcijom \u0107e se utvrditi uzrok smrti, rekli su iz zagreba\u010dkepolicije.\" \/>\n<meta name=\"robots\" content=\"index, follow, max-snippet:-1, max-image-preview:large, max-video-preview:-1\" \/>\n<link rel=\"canonical\" href=\"https:\/\/gorica.info\/en\/u-savi-pronadeno-tijelo-nepoznate-muske-osobe-obdukcijom-ce-se-utvrditi-uzrok-smrti\/\" \/>\n<meta property=\"og:locale\" content=\"en_US\" \/>\n<meta property=\"og:type\" content=\"article\" \/>\n<meta property=\"og:title\" content=\"U Savi prona\u0111eno tijelo nepoznate mu\u0161ke osobe: Obdukcijom \u0107e se utvrditi uzrok smrti\" \/>\n<meta property=\"og:description\" content=\"U Savi prona\u0111eno tijelo nepoznate mu\u0161ke osobe: Obdukcijom \u0107e se utvrditi uzrok smrti, rekli su iz zagreba\u010dkepolicije.\" \/>\n<meta property=\"og:url\" content=\"https:\/\/gorica.info\/en\/u-savi-pronadeno-tijelo-nepoznate-muske-osobe-obdukcijom-ce-se-utvrditi-uzrok-smrti\/\" \/>\n<meta property=\"og:site_name\" content=\"Gorica Info\" \/>\n<meta property=\"article:publisher\" content=\"https:\/\/www.facebook.com\/Goricainfo-106005144489262\" \/>\n<meta property=\"article:published_time\" content=\"2024-05-06T10:58:46+00:00\" \/>\n<meta property=\"og:image\" content=\"https:\/\/gorica.info\/wp-content\/uploads\/2024\/05\/vatrogasci-sava-potraga-foto-jvp-ivanic-grad-e1714993097906.jpg\" \/>\n\t<meta property=\"og:image:width\" content=\"1066\" \/>\n\t<meta property=\"og:image:height\" content=\"633\" \/>\n\t<meta property=\"og:image:type\" content=\"image\/jpeg\" \/>\n<meta name=\"author\" content=\"Gorica. info\" \/>\n<meta name=\"twitter:card\" content=\"summary_large_image\" \/>\n<meta name=\"twitter:creator\" content=\"@GoricaInfo\" \/>\n<meta name=\"twitter:site\" content=\"@GoricaInfo\" \/>\n<meta name=\"twitter:label1\" content=\"Written by\" \/>\n\t<meta name=\"twitter:data1\" content=\"Gorica. info\" \/>\n\t<meta name=\"twitter:label2\" content=\"Est. reading time\" \/>\n\t<meta name=\"twitter:data2\" content=\"1 minute\" \/>\n<meta name=\"geo.placename\" content=\"Velika Gorica\" \/>\n<meta name=\"geo.region\" content=\"Croatia\" \/>\n<!-- \/ Yoast SEO Premium plugin. -->","yoast_head_json":{"title":"U Savi prona\u0111eno tijelo nepoznate mu\u0161ke osobe: Obdukcijom \u0107e se utvrditi uzrok smrti - Gorica Info","description":"U Savi prona\u0111eno tijelo nepoznate mu\u0161ke osobe: Obdukcijom \u0107e se utvrditi uzrok smrti, rekli su iz zagreba\u010dkepolicije.","robots":{"index":"index","follow":"follow","max-snippet":"max-snippet:-1","max-image-preview":"max-image-preview:large","max-video-preview":"max-video-preview:-1"},"canonical":"https:\/\/gorica.info\/en\/u-savi-pronadeno-tijelo-nepoznate-muske-osobe-obdukcijom-ce-se-utvrditi-uzrok-smrti\/","og_locale":"en_US","og_type":"article","og_title":"U Savi prona\u0111eno tijelo nepoznate mu\u0161ke osobe: Obdukcijom \u0107e se utvrditi uzrok smrti","og_description":"U Savi prona\u0111eno tijelo nepoznate mu\u0161ke osobe: Obdukcijom \u0107e se utvrditi uzrok smrti, rekli su iz zagreba\u010dkepolicije.","og_url":"https:\/\/gorica.info\/en\/u-savi-pronadeno-tijelo-nepoznate-muske-osobe-obdukcijom-ce-se-utvrditi-uzrok-smrti\/","og_site_name":"Gorica Info","article_publisher":"https:\/\/www.facebook.com\/Goricainfo-106005144489262","article_published_time":"2024-05-06T10:58:46+00:00","og_image":[{"width":1066,"height":633,"url":"https:\/\/gorica.info\/wp-content\/uploads\/2024\/05\/vatrogasci-sava-potraga-foto-jvp-ivanic-grad-e1714993097906.jpg","type":"image\/jpeg"}],"author":"Gorica. info","twitter_card":"summary_large_image","twitter_creator":"@GoricaInfo","twitter_site":"@GoricaInfo","twitter_misc":{"Written by":"Gorica. info","Est. reading time":"1 minute"},"schema":{"@context":"https:\/\/schema.org","@graph":[{"@type":"NewsArticle","@id":"https:\/\/gorica.info\/u-savi-pronadeno-tijelo-nepoznate-muske-osobe-obdukcijom-ce-se-utvrditi-uzrok-smrti\/#article","isPartOf":{"@id":"https:\/\/gorica.info\/u-savi-pronadeno-tijelo-nepoznate-muske-osobe-obdukcijom-ce-se-utvrditi-uzrok-smrti\/"},"author":{"name":"Gorica. info","@id":"https:\/\/gorica.info\/#\/schema\/person\/4499af1f22f322670b9b5977ccc2e3de"},"headline":"U Savi prona\u0111eno tijelo nepoznate mu\u0161ke osobe: Obdukcijom \u0107e se utvrditi uzrok smrti","datePublished":"2024-05-06T10:58:46+00:00","mainEntityOfPage":{"@id":"https:\/\/gorica.info\/u-savi-pronadeno-tijelo-nepoznate-muske-osobe-obdukcijom-ce-se-utvrditi-uzrok-smrti\/"},"wordCount":101,"commentCount":0,"publisher":{"@id":"https:\/\/gorica.info\/#organization"},"image":{"@id":"https:\/\/gorica.info\/u-savi-pronadeno-tijelo-nepoznate-muske-osobe-obdukcijom-ce-se-utvrditi-uzrok-smrti\/#primaryimage"},"thumbnailUrl":"https:\/\/gorica.info\/wp-content\/uploads\/2024\/05\/vatrogasci-sava-potraga-foto-jvp-ivanic-grad-e1714993097906.jpg","keywords":["nepoznata mu\u0161ka osoba","obdukcija","policija","prona\u0111eno tijelo","sava"],"articleSection":["CRNA KRONIKA"],"inLanguage":"en-US","potentialAction":[{"@type":"CommentAction","name":"Comment","target":["https:\/\/gorica.info\/u-savi-pronadeno-tijelo-nepoznate-muske-osobe-obdukcijom-ce-se-utvrditi-uzrok-smrti\/#respond"]}],"copyrightYear":"2024","copyrightHolder":{"@id":"https:\/\/gorica.info\/en\/#organization"}},{"@type":"WebPage","@id":"https:\/\/gorica.info\/u-savi-pronadeno-tijelo-nepoznate-muske-osobe-obdukcijom-ce-se-utvrditi-uzrok-smrti\/","url":"https:\/\/gorica.info\/u-savi-pronadeno-tijelo-nepoznate-muske-osobe-obdukcijom-ce-se-utvrditi-uzrok-smrti\/","name":"U Savi prona\u0111eno tijelo nepoznate mu\u0161ke osobe: Obdukcijom \u0107e se utvrditi uzrok smrti - Gorica Info","isPartOf":{"@id":"https:\/\/gorica.info\/#website"},"primaryImageOfPage":{"@id":"https:\/\/gorica.info\/u-savi-pronadeno-tijelo-nepoznate-muske-osobe-obdukcijom-ce-se-utvrditi-uzrok-smrti\/#primaryimage"},"image":{"@id":"https:\/\/gorica.info\/u-savi-pronadeno-tijelo-nepoznate-muske-osobe-obdukcijom-ce-se-utvrditi-uzrok-smrti\/#primaryimage"},"thumbnailUrl":"https:\/\/gorica.info\/wp-content\/uploads\/2024\/05\/vatrogasci-sava-potraga-foto-jvp-ivanic-grad-e1714993097906.jpg","datePublished":"2024-05-06T10:58:46+00:00","description":"U Savi prona\u0111eno tijelo nepoznate mu\u0161ke osobe: Obdukcijom \u0107e se utvrditi uzrok smrti, rekli su iz zagreba\u010dkepolicije.","breadcrumb":{"@id":"https:\/\/gorica.info\/u-savi-pronadeno-tijelo-nepoznate-muske-osobe-obdukcijom-ce-se-utvrditi-uzrok-smrti\/#breadcrumb"},"inLanguage":"en-US","potentialAction":[{"@type":"ReadAction","target":["https:\/\/gorica.info\/u-savi-pronadeno-tijelo-nepoznate-muske-osobe-obdukcijom-ce-se-utvrditi-uzrok-smrti\/"]}]},{"@type":"ImageObject","inLanguage":"en-US","@id":"https:\/\/gorica.info\/u-savi-pronadeno-tijelo-nepoznate-muske-osobe-obdukcijom-ce-se-utvrditi-uzrok-smrti\/#primaryimage","url":"https:\/\/gorica.info\/wp-content\/uploads\/2024\/05\/vatrogasci-sava-potraga-foto-jvp-ivanic-grad-e1714993097906.jpg","contentUrl":"https:\/\/gorica.info\/wp-content\/uploads\/2024\/05\/vatrogasci-sava-potraga-foto-jvp-ivanic-grad-e1714993097906.jpg","width":1066,"height":633,"caption":"Arhivska fotografija: Vatrogasci"},{"@type":"BreadcrumbList","@id":"https:\/\/gorica.info\/u-savi-pronadeno-tijelo-nepoznate-muske-osobe-obdukcijom-ce-se-utvrditi-uzrok-smrti\/#breadcrumb","itemListElement":[{"@type":"ListItem","position":1,"name":"Po\u010detna stranica","item":"https:\/\/gorica.info\/"},{"@type":"ListItem","position":2,"name":"U Savi prona\u0111eno tijelo nepoznate mu\u0161ke osobe: Obdukcijom \u0107e se utvrditi uzrok smrti"}]},{"@type":"WebSite","@id":"https:\/\/gorica.info\/#website","url":"https:\/\/gorica.info\/","name":"Gorica Info","description":"Vijesti iz Velike Gorice i okolice.","publisher":{"@id":"https:\/\/gorica.info\/#organization"},"potentialAction":[{"@type":"SearchAction","target":{"@type":"EntryPoint","urlTemplate":"https:\/\/gorica.info\/?s={search_term_string}"},"query-input":{"@type":"PropertyValueSpecification","valueRequired":true,"valueName":"search_term_string"}}],"inLanguage":"en-US"},{"@type":["Organization","Place","NewsMediaOrganization"],"@id":"https:\/\/gorica.info\/#organization","name":"Gorica Info","url":"https:\/\/gorica.info\/","logo":{"@id":"https:\/\/gorica.info\/u-savi-pronadeno-tijelo-nepoznate-muske-osobe-obdukcijom-ce-se-utvrditi-uzrok-smrti\/#local-main-organization-logo"},"image":{"@id":"https:\/\/gorica.info\/u-savi-pronadeno-tijelo-nepoznate-muske-osobe-obdukcijom-ce-se-utvrditi-uzrok-smrti\/#local-main-organization-logo"},"sameAs":["https:\/\/www.facebook.com\/Goricainfo-106005144489262","https:\/\/x.com\/GoricaInfo","https:\/\/www.instagram.com\/gorica.info\/"],"address":{"@id":"https:\/\/gorica.info\/u-savi-pronadeno-tijelo-nepoznate-muske-osobe-obdukcijom-ce-se-utvrditi-uzrok-smrti\/#local-main-place-address"},"telephone":[],"openingHoursSpecification":[{"@type":"OpeningHoursSpecification","dayOfWeek":["Monday","Tuesday","Wednesday","Thursday","Friday","Saturday","Sunday"],"opens":"09:00","closes":"17:00"}],"email":"redakcija@gorica.info"},{"@type":"Person","@id":"https:\/\/gorica.info\/#\/schema\/person\/4499af1f22f322670b9b5977ccc2e3de","name":"Gorica. info","description":"Gorica.info je lokalni portal koji prati Veliku Goricu i okolici, svakodnevno donosi najnovije vijesti i pri\u010de, kulturna doga\u0111anja i aktualnosti koje oblikuju \u017eivot gra\u0111ana.","url":"https:\/\/gorica.info\/en\/author\/gorica-info\/"},{"@type":"PostalAddress","@id":"https:\/\/gorica.info\/u-savi-pronadeno-tijelo-nepoznate-muske-osobe-obdukcijom-ce-se-utvrditi-uzrok-smrti\/#local-main-place-address","streetAddress":"Horvatova 97","addressLocality":"Velika Gorica","postalCode":"10410","addressRegion":"Croatia","addressCountry":"HR"},{"@type":"ImageObject","inLanguage":"en-US","@id":"https:\/\/gorica.info\/u-savi-pronadeno-tijelo-nepoznate-muske-osobe-obdukcijom-ce-se-utvrditi-uzrok-smrti\/#local-main-organization-logo","url":"https:\/\/gorica.info\/wp-content\/uploads\/2024\/07\/Gorica-Info-Logo-mali.png","contentUrl":"https:\/\/gorica.info\/wp-content\/uploads\/2024\/07\/Gorica-Info-Logo-mali.png","width":450,"height":85,"caption":"Gorica Info"}]},"geo.placename":"Velika Gorica","geo.region":"Croatia"},"_links":{"self":[{"href":"https:\/\/gorica.info\/en\/wp-json\/wp\/v2\/posts\/67906","targetHints":{"allow":["GET"]}}],"collection":[{"href":"https:\/\/gorica.info\/en\/wp-json\/wp\/v2\/posts"}],"about":[{"href":"https:\/\/gorica.info\/en\/wp-json\/wp\/v2\/types\/post"}],"author":[{"embeddable":true,"href":"https:\/\/gorica.info\/en\/wp-json\/wp\/v2\/users\/23"}],"replies":[{"embeddable":true,"href":"https:\/\/gorica.info\/en\/wp-json\/wp\/v2\/comments?post=67906"}],"version-history":[{"count":0,"href":"https:\/\/gorica.info\/en\/wp-json\/wp\/v2\/posts\/67906\/revisions"}],"wp:featuredmedia":[{"embeddable":true,"href":"https:\/\/gorica.info\/en\/wp-json\/wp\/v2\/media\/64248"}],"wp:attachment":[{"href":"https:\/\/gorica.info\/en\/wp-json\/wp\/v2\/media?parent=67906"}],"wp:term":[{"taxonomy":"category","embeddable":true,"href":"https:\/\/gorica.info\/en\/wp-json\/wp\/v2\/categories?post=67906"},{"taxonomy":"post_tag","embeddable":true,"href":"https:\/\/gorica.info\/en\/wp-json\/wp\/v2\/tags?post=67906"}],"curies":[{"name":"wp","href":"https:\/\/api.w.org\/{rel}","templated":true}]}}