{"id":73497,"date":"2024-07-11T10:11:54","date_gmt":"2024-07-11T08:11:54","guid":{"rendered":"https:\/\/gorica.info\/?p=73497"},"modified":"2024-07-11T10:11:57","modified_gmt":"2024-07-11T08:11:57","slug":"ana-orkic-bolest-mi-je-uzela-izgled-drzava-sve-ostalo-ali-ne-predajem-se","status":"publish","type":"post","link":"https:\/\/gorica.info\/en\/ana-orkic-bolest-mi-je-uzela-izgled-drzava-sve-ostalo-ali-ne-predajem-se\/","title":{"rendered":"Ana Orki\u0107: Bolest mi je uzela izgled, dr\u017eava sve ostalo, ali ne predajem se"},"content":{"rendered":"<p class=\"has-medium-font-size\">U suradnji s portalom <a href=\"https:\/\/pomaknigranice.hr\/\">PomakniGranice.hr<\/a> donosimo inspirativne pri\u010de o ljudima koji pomi\u010du granice. Ana Orki\u0107 u dobi od \u0161est godina <a href=\"https:\/\/pomaknigranice.hr\/inspiracija\/ana-orkic\/\">pre\u017eivjela je dje\u010dju paralizu<\/a>, a do danas se bori s nepravdom sustava i te\u0161kim \u017eivotnim okolnostima<\/p>\n\n\n\n<p class=\"has-medium-font-size\">Ana Orki\u0107 (55) rodila se me\u0111u<strong> 11 djece obitelji Orki\u0107<\/strong> iz Bo\u0161njaka, op\u0107ine u Vukovarsko-srijemskoj \u017eupaniji. Ka\u017ee kako je imala prosje\u010dno djetinjstvo sve do \u0161estog ro\u0111endana. A onda se situacija promijenila.<\/p>\n\n\n\n<p class=\"has-medium-font-size\">\u2013 Primila sam <strong>cjepivo protiv dje\u010dje paralize<\/strong>. Sljede\u0107eg dana dobila sam temperaturu i bolove, a potom sam \u0161est mjeseci provela u bolnicama na raznim testiranjima i ispitivanjima. <a href=\"https:\/\/gorica.info\/en\/borba-s-kilogramima-adela-francekovic-operirala-je-zeludac-i-skinula-50-kila\/\">Lije\u010dnici <\/a>su na kraju rekli da sam preboljela dje\u010dju paralizu i da vjerojatno ne\u0107u pre\u017eivjeti 20. ro\u0111endan. Posljedica su <strong>brojne deformacije tijela<\/strong>,<strong> skolioza kralje\u017enice<\/strong>, <strong>zglob desne noge<\/strong> mi je iskrivljen i sva sam nagnuta u desnu stranu, a ekstremiteti su mi bez mi\u0161i\u0107a \u2013 zapo\u010dinje svoju pri\u010du Ana kojoj je unato\u010d te\u0161kom fizi\u010dkom stanju intelektualni kapacitet ostao sa\u010duvan.<\/p>\n\n\n\n<p class=\"has-medium-font-size\"><strong>Suo\u010davala se s tragedijama<\/strong><\/p>\n\n\n\n<p class=\"has-medium-font-size\">S podrugivanjem i ru\u017enim komentarima nau\u010dila se nositi, a<strong> bol u kostima i zglobovima<\/strong> postao je stalni suputnik s kojim se i danas bori. Uz sve te\u0161ko\u0107e, \u017eivot se nastavio poigravati njezinom sudbinom.<\/p>\n\n\n\n<p class=\"has-medium-font-size\">\u2013 Imala sam 17 godina kad mi se otac objesio. Potom sam <strong>do\u017eivjela sr\u010dani udar<\/strong> u dobi od 20 godina. Bra\u0107a su mi oti\u0161la u rat i sre\u0107om su pre\u017eivjeli, a onda mi je 1996. godine u prometnoj nesre\u0107i poginula jedna od sestara. U svemu tome, \u017eivim u tijelu kakvo je i ne mogu ga mijenjati, no zbog njega su me drugi, uklju\u010duju\u0107i dr\u017eavu, percipirali kao nekog tko nije vrijedan postojanja \u2013 prepri\u010dava Ana \u010dija nevjerojatna \u017eivotna pri\u010da zapo\u010dinje u vrijeme nakon \u0161to je dobila dijagnozu.<\/p>\n\n\n\n<p class=\"has-medium-font-size\">\u2013 Tad nam je u ku\u0107u do\u0161la <strong>socijalna radnica <\/strong>i rekla je da me \u0161alju u dom u Zagreb kako bih i\u0161la u \u0161kolu za djecu s te\u0161ko\u0107ama. Imala sam sedam godina i ideja da me odvode iz ku\u0107e nije mi se svidjela, kao ni mojim roditeljima. Odbili su to, pa im je rekla da bi bilo najbolje da me dr\u017ee doma da ne pla\u0161im drugu djecu. Nitko me nikad nije testirao kako bi provjerio trebam li zaista u \u0161kolu za djecu s te\u0161ko\u0107ama i u kakvom sam stanju \u2013 prisje\u0107a se Ana tvrde\u0107i kako se vi\u0161e nikad nitko nije vratio niti je pitao za njezino \u0161kolovanje.<\/p>\n\n\n\n<p class=\"has-medium-font-size\"><strong>Osnovnu \u0161kolu zavr\u0161ila je u dobi od 37 godina<\/strong><\/p>\n\n\n\n<p class=\"has-medium-font-size\">\u2013 Ina\u010de, ja sam ve\u0107 u dobi od sedam godina uz bra\u0107u i sestre nau\u010dila \u010ditati i pisati tako da sam mla\u0111ima poslije pomagala s u\u010denjem i pisanjem zada\u0107a. Ta je socijalna radnica zaklju\u010dila da nisam za \u0161kolu samo zato \u0161to izgledam druk\u010dije, a potom me stigma mog izgleda pratila cijelog \u017eivota. Naime, gdje god da sam do\u0161la, morala sam dokazivati da razumijem i da mogu isto kao drugi \u2013 obja\u0161njava na\u0161a sugovornica.<\/p>\n\n\n\n<p class=\"has-medium-font-size\">Starija bra\u0107a i sestre su se o\u017eenili i udale, \u0161kolovali su se, preselili, a me\u0111u njima su bili brat i sestra u Zagrebu. S punoljetno\u0161\u0107u, Ana je razmi\u0161ljala kako bi u glavnom gradu mo\u017eda imala vi\u0161e prilike za neki posao, pa se doselila bra\u0107i.<\/p>\n\n\n\n<p class=\"has-medium-font-size\">\u2013 Javljala sam se na <strong>razne natje\u010daje<\/strong> i radila sam koje\u0161ta, od \u010di\u0161\u0107enja stanova i stubi\u0161ta do peglanja, nema \u0161to nisam radila. Naravno, sve je to bilo na crno i nitko me nije htio zaposliti samo zato \u0161to izgledam druga\u010dije i svima sam morala dokazivati stalno i iznova da nisam potkapacitirana. Zbog svega toga u meni je rastao neki inat i \u017eelja da ipak zavr\u0161im \u0161kolu \u2013 nastavila je Ana koja se povjerila prijateljici.<\/p>\n\n\n\n<p class=\"has-medium-font-size\">Uputila ju je na Pu\u010dko otvoreno u\u010dili\u0161te i Ana se upisala u <strong>prvi razred osnovne \u0161kole<\/strong>. Zavr\u0161ila je osmi razred u dobi od 37 godina.<\/p>\n\n\n\n<p class=\"has-medium-font-size\"><strong>Zavr\u0161ila je za kuharicu<\/strong><\/p>\n\n\n\n<p class=\"has-medium-font-size\">\u2013 Sve sam pro\u0161la s <strong>odli\u010dnim uspjehom<\/strong>, a onda sam odlu\u010dila i\u0107i dalje. Zavr\u0161ila sam <strong>\u0161kolu za kuharicu<\/strong>, potom sam se prekvalificirala za <strong>turisti\u010dko hotelijerskog komercijalista<\/strong>, polo\u017eila sam ispit za specijalista nacionalnih slastica i usto sam polo\u017eila pedago\u0161ku izobrazbu. Ina\u010de, ni to nije pro\u0161lo jednostavno. Za kuharsku \u0161kolu morala sam donijeti lije\u010dni\u010dko uvjerenje. Doktorica u Zagrebu mi je doslovno zalupila vrata ordinacije pred nosom uz re\u010denicu da nikad ne\u0107u biti kuharica. Oti\u0161la sam u drugi dom zdravlja i bez problema dobila uvjerenje \u2013 pri\u010da Ana koja je nakon zavr\u0161enih edukacija radila catering i organizirala je u suradnji s udrugama razne kulinarske radionice.<\/p>\n\n\n\n<p class=\"has-medium-font-size\">Ka\u017ee da nije tim \u0161kolovanjem postigla ni\u0161ta posebno ni druga\u010dije po pitanju svojih prava niti je dobila nove prilike. Uspjela je tek ostvariti \u017eelju svog srca i dokazati sebi i drugima da nema ograni\u010denja te da je uspjela zavr\u0161iti \u0161kolovanje za koje su mnogi tvrdili da nije sposobna.<\/p>\n\n\n\n<p class=\"has-medium-font-size\">\u2013 Dokazala sam da i mi,<strong> ljudi s invaliditetom<\/strong>, ipak ne\u0161to vrijedimo. No svi poslovi koje sam radila i dalje su bili na crno. Ljuti me \u0161to nikad nisam uspjela u ovoj dr\u017eavi ostvariti ba\u0161 nikakva prava. Na vje\u0161ta\u010denju za tjelesno o\u0161te\u0107enje su me triput odbijali, a lani sam predala zahtjev i rekla sam da je to zadnji put te da ako opet bude odbijenica, tu\u017eit \u0107u Hrvatsku Sudu za ljudska prava. Dakle, tek sam lani u 54. godini \u017eivota ostvarila <strong>pravo na inkluzivni dodatak<\/strong> \u2013 ogor\u010dena je Ana koja ka\u017ee da tako\u0111er nije ostvarila pravo na invalidsku mirovinu jer je dr\u017eava smatrala da je sposobna za rad, a istovremeno je od Centra za socijalnu skrb dobivala naknadu u iznosu od 55 eura na mjesec.<\/p>\n\n\n\n<p class=\"has-medium-font-size\"><strong>Nitko joj nije htio dati posao<\/strong><\/p>\n\n\n\n<p class=\"has-medium-font-size\">\u2013 Smatrali su da mi je to dovoljno za \u017eivot. Javljala sam se na natje\u010daje za posao za koje sam imala kvalifikacije, ali nikad nisam dobila povratni odgovor niti su me zvali na razgovor. Zbog zavr\u0161ene \u0161kole, dobila sam nagradu Masla\u010dak znanja 2012. godine. Iznos je bio 3.000 kuna i sav novac sam ulo\u017eila u te\u010daj engleskog jezika tako da sam nau\u010dila i strani jezik \u2013 ponosna je Ana, no ni to nije pomoglo da ostvari bolju poziciju na tr\u017ei\u0161tu rada.<\/p>\n\n\n\n<p class=\"has-medium-font-size\">Isti\u010de kako nikad nije bila lijena ni izbirljiva oko poslova, no nije dobila ni jednu priliku.<\/p>\n\n\n\n<figure class=\"wp-block-image size-full\"><img fetchpriority=\"high\" decoding=\"async\" width=\"940\" height=\"788\" src=\"https:\/\/gorica.info\/wp-content\/uploads\/2024\/07\/ana-orkic-majka.jpg\" alt=\"\" class=\"wp-image-73499\" srcset=\"https:\/\/gorica.info\/wp-content\/uploads\/2024\/07\/ana-orkic-majka.jpg 940w, https:\/\/gorica.info\/wp-content\/uploads\/2024\/07\/ana-orkic-majka-300x251.jpg 300w, https:\/\/gorica.info\/wp-content\/uploads\/2024\/07\/ana-orkic-majka-768x644.jpg 768w, https:\/\/gorica.info\/wp-content\/uploads\/2024\/07\/ana-orkic-majka-14x12.jpg 14w, https:\/\/gorica.info\/wp-content\/uploads\/2024\/07\/ana-orkic-majka-750x629.jpg 750w\" sizes=\"(max-width: 940px) 100vw, 940px\" \/><figcaption class=\"wp-element-caption\">Foto: Privatna arhiva<\/figcaption><\/figure>\n\n\n\n<p class=\"has-medium-font-size\">\u2013 Nakon 21 godine \u017eivota u Zagrebu uvidjela sam da sam imala pogre\u0161ne snove i da ovdje za mene nije bilo kruha. Taman u to vrijeme, 2019. godine, mama se razboljela i do\u0161la sam doma u Bo\u0161njake kako bih je njegovala. Umrla je samo tjedan dana poslije. Ostala sam u<strong> roditeljskoj ku\u0107ici<\/strong> koju zovem mojim dvorcem i tu \u017eivim s bratom \u2013 obja\u0161njava Ana.<\/p>\n\n\n\n<p class=\"has-medium-font-size\">Njezin dvorac je ku\u0107ica od 45 \u010detvornih metara, a brat je umirovljeni branitelj s PTSP-om koji je ostvario pravo na minimalnu mirovinu.<\/p>\n\n\n\n<p class=\"has-medium-font-size\">\u2013 Ja sam pak imala sre\u0107e utoliko \u0161to sam naslijedila obiteljsku mirovinu roditelja uz iznosu od 350 eura i zahvaljuju\u0107i tom novcu imam za vrlo skroman \u017eivot, bez ikakvog luksuza. Sretna sam i zahvalna jer mi to daje makar minimalnu sigurnost, iako \u2013 kad platim re\u017eije ostaje vrlo malo za hranu. Me\u0111utim, nakon ove velike posljednje oluje ostala sam doslovno i bez krova nad glavom \u2013 po\u017ealila se Ana kroz suze.<\/p>\n\n\n\n<p class=\"has-medium-font-size\"><strong>Ana Orki\u0107 u borbi s institucijama<\/strong><\/p>\n\n\n\n<p class=\"has-medium-font-size\">Tu\u010da joj je uni\u0161tila krovi\u0161te i pro\u010delje, pa sad o\u010dajni\u010dki poku\u0161ava prona\u0107i na\u010din da sanira \u0161tetu.<\/p>\n\n\n\n<figure class=\"wp-block-image size-full\"><img decoding=\"async\" width=\"940\" height=\"788\" src=\"https:\/\/gorica.info\/wp-content\/uploads\/2024\/07\/ostecena-kuca.jpg\" alt=\"\" class=\"wp-image-73500\" srcset=\"https:\/\/gorica.info\/wp-content\/uploads\/2024\/07\/ostecena-kuca.jpg 940w, https:\/\/gorica.info\/wp-content\/uploads\/2024\/07\/ostecena-kuca-300x251.jpg 300w, https:\/\/gorica.info\/wp-content\/uploads\/2024\/07\/ostecena-kuca-768x644.jpg 768w, https:\/\/gorica.info\/wp-content\/uploads\/2024\/07\/ostecena-kuca-14x12.jpg 14w, https:\/\/gorica.info\/wp-content\/uploads\/2024\/07\/ostecena-kuca-750x629.jpg 750w\" sizes=\"(max-width: 940px) 100vw, 940px\" \/><figcaption class=\"wp-element-caption\">Foto: Privatna arhiva<\/figcaption><\/figure>\n\n\n\n<p class=\"has-medium-font-size\">\u2013 Nisam se razo\u010darala u ljude jer ih ima svakakvih, i dobrih i lo\u0161ih. <strong>Razo\u010darala sam se u dr\u017eavu <\/strong>i institucije koje su mi cijeli \u017eivot<strong> podmetale nogu<\/strong> i odmagale gdje su god stigle. Iskreno, dr\u017ei me vjera u dragog Boga. Institucije su mi toliko puta zatvorile vrata, i kad sam ve\u0107 mislila odustati, On je uvijek prona\u0161ao na\u010din da otvori neka druga \u2013 ogor\u010dena je na\u0161a sugovornica koja nema novca za sanaciju ku\u0107e i nada se pomo\u0107i dobrih ljudi. Stoga je zamolila da podijelimo njezin kontakt i da joj se jave oni koji bi mogli pomo\u0107i na bilo koji na\u010din.<\/p>\n\n\n\n<p class=\"has-medium-font-size\"><strong>mail: ana.orkic@gmail.com i mobitel: 091\/5212502<\/strong><\/p>\n\n\n\n<p class=\"has-medium-font-size\">\u2013 Nikad u \u017eivotu <strong>nisam tra\u017eila pomo\u0107<\/strong>, ali sad nemam vi\u0161e izbora. Moji bra\u0107a i sestre imaju svoje obitelji o kojima brinu, a ja imam 55 godina, bez dana sam radnog sta\u017ea i fizi\u010dki vi\u0161e ne mogu raditi poslove u kuhinji. Sad mi samo preostaje baciti se u politiku i po\u010deti raditi na tome da u\u0111em u Sabor kako bih ondje zastupala djecu i osobe s invaliditetom. Ne \u0161alim se \u2013 govori Ana dodaju\u0107i kako je svake godine odustajala od jednog po jednog sna koji je imala, pa joj nije ostalo puno nade.<\/p>\n\n\n\n<p class=\"has-medium-font-size\">\u2013 Uvijek sam nekako mislila da <strong>moj \u017eivot nije uzaludan<\/strong> i da mogu poslu\u017eiti kao primjer i motivacija drugima. Zato sam sanjala o tome da pokrenem ne\u0161to svoje, obrt ili tvrtku, kako bih pomagala ljudima poput mene, osobama s invaliditetom koje nitko ne \u017eeli zaposliti. Ja bih im pru\u017eila priliku da imaju posao, a pritom volim znanje prenositi drugima \u2013 otkrila je Ana dodaju\u0107i kako je od tih snova odustala svjesna da ih je te\u0161ko realizirati.<\/p>\n\n\n\n<p class=\"has-medium-font-size\">\u2013 Mo\u017eda mogu biti <strong>motivacijski govornik<\/strong>. \u017divimo u svijetu s previ\u0161e nesretnih ljudi, obeshrabrenih, depresivnih\u2026. Ako ja mogu uzdignuti glavu i hodati sretno, mogu i drugi. Nije moja pri\u010da divna, kako neki komentiraju, nego je divna \u010dinjenica da \u017eelim \u017eivjeti najbolje \u0161to znam unato\u010d svim preprekama \u2013 zaklju\u010dila je na\u0161a sugovornica.<\/p>","protected":false},"excerpt":{"rendered":"<p>U suradnji s portalom PomakniGranice.hr donosimo inspirativne pri\u010de o ljudima koji pomi\u010du granice. Ana Orki\u0107 u dobi od \u0161est godina pre\u017eivjela je dje\u010dju paralizu, a do danas se bori s nepravdom sustava i te\u0161kim \u017eivotnim okolnostima Ana Orki\u0107 (55) rodila se me\u0111u 11 djece obitelji Orki\u0107 iz Bo\u0161njaka, op\u0107ine u Vukovarsko-srijemskoj \u017eupaniji. Ka\u017ee kako je [&hellip;]<\/p>\n","protected":false},"author":23,"featured_media":73498,"comment_status":"closed","ping_status":"closed","sticky":false,"template":"","format":"standard","meta":{"limit_modified_date":"","last_modified_date":"","jnews-multi-image_gallery":[],"jnews_single_post":{"subtitle":"","format":"standard","video":"","gallery":"","source_name":"","source_url":"","via_name":"","via_url":"","override_template":"0","override":[{"template":"3","single_blog_custom":"","parallax":"1","fullscreen":"1","layout":"right-sidebar","sidebar":"default-sidebar","second_sidebar":"default-sidebar","sticky_sidebar":"1","share_position":"top","share_float_style":"share-monocrhome","show_share_counter":"0","show_view_counter":"0","show_featured":"1","show_post_meta":"1","show_post_author":"1","show_post_author_image":"1","show_post_date":"1","post_date_format":"default","post_date_format_custom":"Y\/m\/d","show_post_category":"1","show_post_reading_time":"1","post_reading_time_wpm":"300","post_calculate_word_method":"str_word_count","show_zoom_button":"0","zoom_button_out_step":"2","zoom_button_in_step":"3","show_post_tag":"1","show_prev_next_post":"0","show_popup_post":"1","number_popup_post":"1","show_author_box":"0","show_post_related":"1","show_inline_post_related":"0"}],"override_image_size":"0","image_override":[{"single_post_thumbnail_size":"crop-500","single_post_gallery_size":"crop-500"}],"trending_post":"0","trending_post_position":"meta","trending_post_label":"Trending","sponsored_post":"0","sponsored_post_label":"Sponsored by","sponsored_post_name":"","sponsored_post_url":"","sponsored_post_logo_enable":"0","sponsored_post_logo":"","sponsored_post_desc":"","disable_ad":"0"},"jnews_primary_category":{"id":"","hide":""},"jnews_override_counter":{"override_view_counter":"0","view_counter_number":"0","override_share_counter":"0","share_counter_number":"0","override_like_counter":"0","like_counter_number":"0","override_dislike_counter":"0","dislike_counter_number":"0"},"footnotes":""},"categories":[109],"tags":[13415,13413,13416,1401,5190,11955,11325],"class_list":["post-73497","post","type-post","status-publish","format-standard","has-post-thumbnail","hentry","category-zivot","tag-ana-orkic","tag-djecja-paraliza","tag-invaliditet","tag-lijecnici","tag-skolovanje","tag-teska-dijagnoza","tag-zivot"],"yoast_head":"<!-- This site is optimized with the Yoast SEO Premium plugin v27.4 (Yoast SEO v27.4) - https:\/\/yoast.com\/product\/yoast-seo-premium-wordpress\/ -->\n<title>Ana Orki\u0107: Bolest mi je uzela izgled, dr\u017eava sve ostalo, ali ne predajem se - Gorica Info<\/title>\n<meta name=\"description\" content=\"Ana Orki\u0107: Bolest mi je uzela izgled, dr\u017eava sve ostalo, ali ne predajem se. Sada Ana treba na\u0161u pomo\u0107 jer joj je ku\u0107a jako o\u0161te\u0107ena.\" \/>\n<meta name=\"robots\" content=\"index, follow, max-snippet:-1, max-image-preview:large, max-video-preview:-1\" \/>\n<link rel=\"canonical\" href=\"https:\/\/gorica.info\/en\/ana-orkic-bolest-mi-je-uzela-izgled-drzava-sve-ostalo-ali-ne-predajem-se\/\" \/>\n<meta property=\"og:locale\" content=\"en_US\" \/>\n<meta property=\"og:type\" content=\"article\" \/>\n<meta property=\"og:title\" content=\"Ana Orki\u0107: Bolest mi je uzela izgled, dr\u017eava sve ostalo, ali ne predajem se\" \/>\n<meta property=\"og:description\" content=\"Ana Orki\u0107: Bolest mi je uzela izgled, dr\u017eava sve ostalo, ali ne predajem se. Sada Ana treba na\u0161u pomo\u0107 jer joj je ku\u0107a jako o\u0161te\u0107ena.\" \/>\n<meta property=\"og:url\" content=\"https:\/\/gorica.info\/en\/ana-orkic-bolest-mi-je-uzela-izgled-drzava-sve-ostalo-ali-ne-predajem-se\/\" \/>\n<meta property=\"og:site_name\" content=\"Gorica Info\" \/>\n<meta property=\"article:publisher\" content=\"https:\/\/www.facebook.com\/Goricainfo-106005144489262\" \/>\n<meta property=\"article:published_time\" content=\"2024-07-11T08:11:54+00:00\" \/>\n<meta property=\"article:modified_time\" content=\"2024-07-11T08:11:57+00:00\" \/>\n<meta property=\"og:image\" content=\"https:\/\/gorica.info\/wp-content\/uploads\/2024\/07\/ana-orkic-foto-privatna-arhiva.jpg\" \/>\n\t<meta property=\"og:image:width\" content=\"1200\" \/>\n\t<meta property=\"og:image:height\" content=\"528\" \/>\n\t<meta property=\"og:image:type\" content=\"image\/jpeg\" \/>\n<meta name=\"author\" content=\"Gorica. info\" \/>\n<meta name=\"twitter:card\" content=\"summary_large_image\" \/>\n<meta name=\"twitter:creator\" content=\"@GoricaInfo\" \/>\n<meta name=\"twitter:site\" content=\"@GoricaInfo\" \/>\n<meta name=\"twitter:label1\" content=\"Written by\" \/>\n\t<meta name=\"twitter:data1\" content=\"Gorica. info\" \/>\n\t<meta name=\"twitter:label2\" content=\"Est. reading time\" \/>\n\t<meta name=\"twitter:data2\" content=\"9 minutes\" \/>\n<meta name=\"geo.placename\" content=\"Velika Gorica\" \/>\n<meta name=\"geo.region\" content=\"Croatia\" \/>\n<!-- \/ Yoast SEO Premium plugin. -->","yoast_head_json":{"title":"Ana Orki\u0107: Bolest mi je uzela izgled, dr\u017eava sve ostalo, ali ne predajem se - Gorica Info","description":"Ana Orki\u0107: Bolest mi je uzela izgled, dr\u017eava sve ostalo, ali ne predajem se. Sada Ana treba na\u0161u pomo\u0107 jer joj je ku\u0107a jako o\u0161te\u0107ena.","robots":{"index":"index","follow":"follow","max-snippet":"max-snippet:-1","max-image-preview":"max-image-preview:large","max-video-preview":"max-video-preview:-1"},"canonical":"https:\/\/gorica.info\/en\/ana-orkic-bolest-mi-je-uzela-izgled-drzava-sve-ostalo-ali-ne-predajem-se\/","og_locale":"en_US","og_type":"article","og_title":"Ana Orki\u0107: Bolest mi je uzela izgled, dr\u017eava sve ostalo, ali ne predajem se","og_description":"Ana Orki\u0107: Bolest mi je uzela izgled, dr\u017eava sve ostalo, ali ne predajem se. Sada Ana treba na\u0161u pomo\u0107 jer joj je ku\u0107a jako o\u0161te\u0107ena.","og_url":"https:\/\/gorica.info\/en\/ana-orkic-bolest-mi-je-uzela-izgled-drzava-sve-ostalo-ali-ne-predajem-se\/","og_site_name":"Gorica Info","article_publisher":"https:\/\/www.facebook.com\/Goricainfo-106005144489262","article_published_time":"2024-07-11T08:11:54+00:00","article_modified_time":"2024-07-11T08:11:57+00:00","og_image":[{"width":1200,"height":528,"url":"https:\/\/gorica.info\/wp-content\/uploads\/2024\/07\/ana-orkic-foto-privatna-arhiva.jpg","type":"image\/jpeg"}],"author":"Gorica. info","twitter_card":"summary_large_image","twitter_creator":"@GoricaInfo","twitter_site":"@GoricaInfo","twitter_misc":{"Written by":"Gorica. info","Est. reading time":"9 minutes"},"schema":{"@context":"https:\/\/schema.org","@graph":[{"@type":"NewsArticle","@id":"https:\/\/gorica.info\/ana-orkic-bolest-mi-je-uzela-izgled-drzava-sve-ostalo-ali-ne-predajem-se\/#article","isPartOf":{"@id":"https:\/\/gorica.info\/ana-orkic-bolest-mi-je-uzela-izgled-drzava-sve-ostalo-ali-ne-predajem-se\/"},"author":{"name":"Gorica. info","@id":"https:\/\/gorica.info\/#\/schema\/person\/4499af1f22f322670b9b5977ccc2e3de"},"headline":"Ana Orki\u0107: Bolest mi je uzela izgled, dr\u017eava sve ostalo, ali ne predajem se","datePublished":"2024-07-11T08:11:54+00:00","dateModified":"2024-07-11T08:11:57+00:00","mainEntityOfPage":{"@id":"https:\/\/gorica.info\/ana-orkic-bolest-mi-je-uzela-izgled-drzava-sve-ostalo-ali-ne-predajem-se\/"},"wordCount":1655,"publisher":{"@id":"https:\/\/gorica.info\/#organization"},"image":{"@id":"https:\/\/gorica.info\/ana-orkic-bolest-mi-je-uzela-izgled-drzava-sve-ostalo-ali-ne-predajem-se\/#primaryimage"},"thumbnailUrl":"https:\/\/gorica.info\/wp-content\/uploads\/2024\/07\/ana-orkic-foto-privatna-arhiva.jpg","keywords":["ana orki\u0107","dje\u010dja paraliza","invaliditet","lije\u010dnici","\u0161kolovanje","te\u0161ka dijagnoza","\u017eivot"],"articleSection":["\u017dIVOT"],"inLanguage":"en-US","copyrightYear":"2024","copyrightHolder":{"@id":"https:\/\/gorica.info\/en\/#organization"}},{"@type":"WebPage","@id":"https:\/\/gorica.info\/ana-orkic-bolest-mi-je-uzela-izgled-drzava-sve-ostalo-ali-ne-predajem-se\/","url":"https:\/\/gorica.info\/ana-orkic-bolest-mi-je-uzela-izgled-drzava-sve-ostalo-ali-ne-predajem-se\/","name":"Ana Orki\u0107: Bolest mi je uzela izgled, dr\u017eava sve ostalo, ali ne predajem se - Gorica Info","isPartOf":{"@id":"https:\/\/gorica.info\/#website"},"primaryImageOfPage":{"@id":"https:\/\/gorica.info\/ana-orkic-bolest-mi-je-uzela-izgled-drzava-sve-ostalo-ali-ne-predajem-se\/#primaryimage"},"image":{"@id":"https:\/\/gorica.info\/ana-orkic-bolest-mi-je-uzela-izgled-drzava-sve-ostalo-ali-ne-predajem-se\/#primaryimage"},"thumbnailUrl":"https:\/\/gorica.info\/wp-content\/uploads\/2024\/07\/ana-orkic-foto-privatna-arhiva.jpg","datePublished":"2024-07-11T08:11:54+00:00","dateModified":"2024-07-11T08:11:57+00:00","description":"Ana Orki\u0107: Bolest mi je uzela izgled, dr\u017eava sve ostalo, ali ne predajem se. Sada Ana treba na\u0161u pomo\u0107 jer joj je ku\u0107a jako o\u0161te\u0107ena.","breadcrumb":{"@id":"https:\/\/gorica.info\/ana-orkic-bolest-mi-je-uzela-izgled-drzava-sve-ostalo-ali-ne-predajem-se\/#breadcrumb"},"inLanguage":"en-US","potentialAction":[{"@type":"ReadAction","target":["https:\/\/gorica.info\/ana-orkic-bolest-mi-je-uzela-izgled-drzava-sve-ostalo-ali-ne-predajem-se\/"]}]},{"@type":"ImageObject","inLanguage":"en-US","@id":"https:\/\/gorica.info\/ana-orkic-bolest-mi-je-uzela-izgled-drzava-sve-ostalo-ali-ne-predajem-se\/#primaryimage","url":"https:\/\/gorica.info\/wp-content\/uploads\/2024\/07\/ana-orkic-foto-privatna-arhiva.jpg","contentUrl":"https:\/\/gorica.info\/wp-content\/uploads\/2024\/07\/ana-orkic-foto-privatna-arhiva.jpg","width":1100,"height":484,"caption":"Foto: Privatna arhiva"},{"@type":"BreadcrumbList","@id":"https:\/\/gorica.info\/ana-orkic-bolest-mi-je-uzela-izgled-drzava-sve-ostalo-ali-ne-predajem-se\/#breadcrumb","itemListElement":[{"@type":"ListItem","position":1,"name":"Po\u010detna stranica","item":"https:\/\/gorica.info\/"},{"@type":"ListItem","position":2,"name":"Ana Orki\u0107: Bolest mi je uzela izgled, dr\u017eava sve ostalo, ali ne predajem se"}]},{"@type":"WebSite","@id":"https:\/\/gorica.info\/#website","url":"https:\/\/gorica.info\/","name":"Gorica Info","description":"Vijesti iz Velike Gorice i okolice.","publisher":{"@id":"https:\/\/gorica.info\/#organization"},"potentialAction":[{"@type":"SearchAction","target":{"@type":"EntryPoint","urlTemplate":"https:\/\/gorica.info\/?s={search_term_string}"},"query-input":{"@type":"PropertyValueSpecification","valueRequired":true,"valueName":"search_term_string"}}],"inLanguage":"en-US"},{"@type":["Organization","Place","NewsMediaOrganization"],"@id":"https:\/\/gorica.info\/#organization","name":"Gorica Info","url":"https:\/\/gorica.info\/","logo":{"@id":"https:\/\/gorica.info\/ana-orkic-bolest-mi-je-uzela-izgled-drzava-sve-ostalo-ali-ne-predajem-se\/#local-main-organization-logo"},"image":{"@id":"https:\/\/gorica.info\/ana-orkic-bolest-mi-je-uzela-izgled-drzava-sve-ostalo-ali-ne-predajem-se\/#local-main-organization-logo"},"sameAs":["https:\/\/www.facebook.com\/Goricainfo-106005144489262","https:\/\/x.com\/GoricaInfo","https:\/\/www.instagram.com\/gorica.info\/"],"address":{"@id":"https:\/\/gorica.info\/ana-orkic-bolest-mi-je-uzela-izgled-drzava-sve-ostalo-ali-ne-predajem-se\/#local-main-place-address"},"telephone":[],"openingHoursSpecification":[{"@type":"OpeningHoursSpecification","dayOfWeek":["Monday","Tuesday","Wednesday","Thursday","Friday","Saturday","Sunday"],"opens":"09:00","closes":"17:00"}],"email":"redakcija@gorica.info"},{"@type":"Person","@id":"https:\/\/gorica.info\/#\/schema\/person\/4499af1f22f322670b9b5977ccc2e3de","name":"Gorica. info","description":"Gorica.info je lokalni portal koji prati Veliku Goricu i okolici, svakodnevno donosi najnovije vijesti i pri\u010de, kulturna doga\u0111anja i aktualnosti koje oblikuju \u017eivot gra\u0111ana.","url":"https:\/\/gorica.info\/en\/author\/gorica-info\/"},{"@type":"PostalAddress","@id":"https:\/\/gorica.info\/ana-orkic-bolest-mi-je-uzela-izgled-drzava-sve-ostalo-ali-ne-predajem-se\/#local-main-place-address","streetAddress":"Horvatova 97","addressLocality":"Velika Gorica","postalCode":"10410","addressRegion":"Croatia","addressCountry":"HR"},{"@type":"ImageObject","inLanguage":"en-US","@id":"https:\/\/gorica.info\/ana-orkic-bolest-mi-je-uzela-izgled-drzava-sve-ostalo-ali-ne-predajem-se\/#local-main-organization-logo","url":"https:\/\/gorica.info\/wp-content\/uploads\/2024\/07\/Gorica-Info-Logo-mali.png","contentUrl":"https:\/\/gorica.info\/wp-content\/uploads\/2024\/07\/Gorica-Info-Logo-mali.png","width":450,"height":85,"caption":"Gorica Info"}]},"geo.placename":"Velika Gorica","geo.region":"Croatia"},"_links":{"self":[{"href":"https:\/\/gorica.info\/en\/wp-json\/wp\/v2\/posts\/73497","targetHints":{"allow":["GET"]}}],"collection":[{"href":"https:\/\/gorica.info\/en\/wp-json\/wp\/v2\/posts"}],"about":[{"href":"https:\/\/gorica.info\/en\/wp-json\/wp\/v2\/types\/post"}],"author":[{"embeddable":true,"href":"https:\/\/gorica.info\/en\/wp-json\/wp\/v2\/users\/23"}],"replies":[{"embeddable":true,"href":"https:\/\/gorica.info\/en\/wp-json\/wp\/v2\/comments?post=73497"}],"version-history":[{"count":1,"href":"https:\/\/gorica.info\/en\/wp-json\/wp\/v2\/posts\/73497\/revisions"}],"predecessor-version":[{"id":73501,"href":"https:\/\/gorica.info\/en\/wp-json\/wp\/v2\/posts\/73497\/revisions\/73501"}],"wp:featuredmedia":[{"embeddable":true,"href":"https:\/\/gorica.info\/en\/wp-json\/wp\/v2\/media\/73498"}],"wp:attachment":[{"href":"https:\/\/gorica.info\/en\/wp-json\/wp\/v2\/media?parent=73497"}],"wp:term":[{"taxonomy":"category","embeddable":true,"href":"https:\/\/gorica.info\/en\/wp-json\/wp\/v2\/categories?post=73497"},{"taxonomy":"post_tag","embeddable":true,"href":"https:\/\/gorica.info\/en\/wp-json\/wp\/v2\/tags?post=73497"}],"curies":[{"name":"wp","href":"https:\/\/api.w.org\/{rel}","templated":true}]}}