{"id":73744,"date":"2024-07-16T14:56:00","date_gmt":"2024-07-16T12:56:00","guid":{"rendered":"https:\/\/gorica.info\/?p=73744"},"modified":"2024-07-16T17:30:11","modified_gmt":"2024-07-16T15:30:11","slug":"zagrebacki-policajac-pijan-zaspao-u-bmw-u-nasred-ceste","status":"publish","type":"post","link":"https:\/\/gorica.info\/en\/zagrebacki-policajac-pijan-zaspao-u-bmw-u-nasred-ceste\/","title":{"rendered":"Zagreba\u010dki policajac pijan zaspao u BMW-u nasred ceste"},"content":{"rendered":"<p class=\"has-medium-font-size\">Nakon dojave gra\u0111ana da u <strong>BMW-u na cesti spava voza\u010d<\/strong>, zagreba\u010dki policajci ostali su neugodni iznena\u0111eni. Naime, u automobilu je spavao njihov kolega policajac koji je bio i <a href=\"https:\/\/gorica.info\/en\/pijani-policajac-u-rano-jutro-skrivio-prometnu-nesrecu-u-sluzbenom-vozilu-nalazio-se-i-policijski-pas\/\">pijan.<\/a> Sve se to doga\u0111alo ujutro ne\u0161to prije \u0161est sati, a policajac je bio <strong>izvan slu\u017ebe<\/strong>.<\/p>\n\n\n\n<blockquote class=\"wp-block-quote is-layout-flow wp-block-quote-is-layout-flow\">\n<p class=\"has-medium-font-size\">Policija je na <strong>Zagreba\u010dkoj aveniji<\/strong> kod benzinske postaje, postupaju\u0107i po dojavi, zatekla u desnom prometnom traku zaustavljeni BMW njema\u010dkih registarskih oznaka u kojem je osoba spavala na mjestu voza\u010da.<\/p>\n<\/blockquote>\n\n\n\n<p class=\"has-medium-font-size\">Obavljena je provjera te utvr\u0111eno da se radi o <strong>policijskom slu\u017ebeniku Policijske uprave \u00a0zagreba\u010dke<\/strong> koji je bio u vidno alkoholiziranom stanju. Provedenim kriminalisti\u010dkim istra\u017eivanjem je utvr\u0111eno da je voza\u010d privatnog osobnog automobila po\u010dinio<strong> vi\u0161e prekr\u0161aja<\/strong> iz Zakona o sigurnosti prometa na cestama. Pijani policajac je <strong>odbio alkotestiranje<\/strong>, bio je <strong>nepropisno zaustavljen<\/strong> na kolniku i<strong> ometao promet<\/strong> kao voza\u010d osobnog automobila \u2013 navode iz<a href=\"https:\/\/zagrebacka-policija.gov.hr\/vijesti\/priveden-na-sud-zbog-pocinjenih-prometnih-prekrsaja\/98210\"> policije<\/a>.<\/p>\n\n\n\n<p class=\"has-medium-font-size\">Policajac je <strong>nakon trije\u017enjenja<\/strong> doveden na Op\u0107inski prekr\u0161ajni sud u Zagrebu uz optu\u017eni prijedlog zbog po\u010dinjenih <a href=\"https:\/\/gorica.info\/en\/pijani-policajac-izvan-sluzbe-skrivio-prometnu-nesrecu-u-sluzbenom-vozilu\/\">prekr\u0161aja<\/a>.<\/p>\n\n\n\n<p class=\"has-medium-font-size\">Tako\u0111er, za policijskog slu\u017ebenika je u tijeku utvr\u0111ivanje <strong>elemenata disciplinske odgovornosti<\/strong> za povrede slu\u017ebene du\u017enosti sukladno odredbama Zakona o policiji, priop\u0107ila je Policijska uprava zagreba\u010dka.<\/p>","protected":false},"excerpt":{"rendered":"<p>Nakon dojave gra\u0111ana da u BMW-u na cesti spava voza\u010d, zagreba\u010dki policajci ostali su neugodni iznena\u0111eni. Naime, u automobilu je spavao njihov kolega policajac koji je bio i pijan. Sve se to doga\u0111alo ujutro ne\u0161to prije \u0161est sati, a policajac je bio izvan slu\u017ebe. Policija je na Zagreba\u010dkoj aveniji kod benzinske postaje, postupaju\u0107i po dojavi, [&hellip;]<\/p>\n","protected":false},"author":25,"featured_media":73745,"comment_status":"closed","ping_status":"closed","sticky":false,"template":"","format":"standard","meta":{"limit_modified_date":"","last_modified_date":"","jnews-multi-image_gallery":[],"jnews_single_post":{"subtitle":"","format":"standard","video":"","gallery":"","source_name":"","source_url":"","via_name":"","via_url":"","override_template":"0","override":[{"template":"3","single_blog_custom":"","parallax":"1","fullscreen":"1","layout":"right-sidebar","sidebar":"default-sidebar","second_sidebar":"default-sidebar","sticky_sidebar":"1","share_position":"top","share_float_style":"share-monocrhome","show_share_counter":"0","show_view_counter":"0","show_featured":"1","show_post_meta":"1","show_post_author":"1","show_post_author_image":"1","show_post_date":"1","post_date_format":"default","post_date_format_custom":"Y\/m\/d","show_post_category":"1","show_post_reading_time":"1","post_reading_time_wpm":"300","post_calculate_word_method":"str_word_count","show_zoom_button":"0","zoom_button_out_step":"2","zoom_button_in_step":"3","show_post_tag":"1","show_prev_next_post":"0","show_popup_post":"1","number_popup_post":"1","show_author_box":"0","show_post_related":"1","show_inline_post_related":"0"}],"override_image_size":"0","image_override":[{"single_post_thumbnail_size":"crop-500","single_post_gallery_size":"crop-500"}],"trending_post":"0","trending_post_position":"meta","trending_post_label":"Trending","sponsored_post":"0","sponsored_post_label":"Sponsored by","sponsored_post_name":"","sponsored_post_url":"","sponsored_post_logo_enable":"0","sponsored_post_logo":"","sponsored_post_desc":"","disable_ad":"0"},"jnews_primary_category":{"id":"","hide":""},"jnews_override_counter":{"override_view_counter":"0","view_counter_number":"0","override_share_counter":"0","share_counter_number":"0","override_like_counter":"0","like_counter_number":"0","override_dislike_counter":"0","dislike_counter_number":"0"},"footnotes":""},"categories":[96],"tags":[2824,266,1202,13479,13480],"class_list":["post-73744","post","type-post","status-publish","format-standard","has-post-thumbnail","hentry","category-vijesti","tag-pijani-policajac","tag-policija","tag-prekrsajni-sud","tag-spavao-u-automobilu","tag-zaspao-u-bmw-u"],"yoast_head":"<!-- This site is optimized with the Yoast SEO Premium plugin v27.4 (Yoast SEO v27.4) - https:\/\/yoast.com\/product\/yoast-seo-premium-wordpress\/ -->\n<title>Zagreba\u010dki policajac pijan zaspao u BMW-u nasred ceste - Gorica Info<\/title>\n<meta name=\"description\" content=\"Zagreba\u010dki policajac izvan slu\u017ebe u rano jutro pijan zaspao u BMW-u nasred ceste, izvijestila je Policijska uprava zagreba\u010dka.\" \/>\n<meta name=\"robots\" content=\"index, follow, max-snippet:-1, max-image-preview:large, max-video-preview:-1\" \/>\n<link rel=\"canonical\" href=\"https:\/\/gorica.info\/en\/zagrebacki-policajac-pijan-zaspao-u-bmw-u-nasred-ceste\/\" \/>\n<meta property=\"og:locale\" content=\"en_US\" \/>\n<meta property=\"og:type\" content=\"article\" \/>\n<meta property=\"og:title\" content=\"Zagreba\u010dki policajac pijan zaspao u BMW-u nasred ceste\" \/>\n<meta property=\"og:description\" content=\"Zagreba\u010dki policajac izvan slu\u017ebe u rano jutro pijan zaspao u BMW-u nasred ceste, izvijestila je Policijska uprava zagreba\u010dka.\" \/>\n<meta property=\"og:url\" content=\"https:\/\/gorica.info\/en\/zagrebacki-policajac-pijan-zaspao-u-bmw-u-nasred-ceste\/\" \/>\n<meta property=\"og:site_name\" content=\"Gorica Info\" \/>\n<meta property=\"article:publisher\" content=\"https:\/\/www.facebook.com\/Goricainfo-106005144489262\" \/>\n<meta property=\"article:published_time\" content=\"2024-07-16T12:56:00+00:00\" \/>\n<meta property=\"article:modified_time\" content=\"2024-07-16T15:30:11+00:00\" \/>\n<meta property=\"og:image\" content=\"https:\/\/gorica.info\/wp-content\/uploads\/2024\/07\/policija-vozilo-2.jpg\" \/>\n\t<meta property=\"og:image:width\" content=\"750\" \/>\n\t<meta property=\"og:image:height\" content=\"500\" \/>\n\t<meta property=\"og:image:type\" content=\"image\/jpeg\" \/>\n<meta name=\"author\" content=\"Marta Horvat\" \/>\n<meta name=\"twitter:card\" content=\"summary_large_image\" \/>\n<meta name=\"twitter:creator\" content=\"@GoricaInfo\" \/>\n<meta name=\"twitter:site\" content=\"@GoricaInfo\" \/>\n<meta name=\"twitter:label1\" content=\"Written by\" \/>\n\t<meta name=\"twitter:data1\" content=\"Marta Horvat\" \/>\n\t<meta name=\"twitter:label2\" content=\"Est. reading time\" \/>\n\t<meta name=\"twitter:data2\" content=\"2 minutes\" \/>\n<meta name=\"geo.placename\" content=\"Velika Gorica\" \/>\n<meta name=\"geo.region\" content=\"Croatia\" \/>\n<!-- \/ Yoast SEO Premium plugin. -->","yoast_head_json":{"title":"Zagreba\u010dki policajac pijan zaspao u BMW-u nasred ceste - Gorica Info","description":"Zagreba\u010dki policajac izvan slu\u017ebe u rano jutro pijan zaspao u BMW-u nasred ceste, izvijestila je Policijska uprava zagreba\u010dka.","robots":{"index":"index","follow":"follow","max-snippet":"max-snippet:-1","max-image-preview":"max-image-preview:large","max-video-preview":"max-video-preview:-1"},"canonical":"https:\/\/gorica.info\/en\/zagrebacki-policajac-pijan-zaspao-u-bmw-u-nasred-ceste\/","og_locale":"en_US","og_type":"article","og_title":"Zagreba\u010dki policajac pijan zaspao u BMW-u nasred ceste","og_description":"Zagreba\u010dki policajac izvan slu\u017ebe u rano jutro pijan zaspao u BMW-u nasred ceste, izvijestila je Policijska uprava zagreba\u010dka.","og_url":"https:\/\/gorica.info\/en\/zagrebacki-policajac-pijan-zaspao-u-bmw-u-nasred-ceste\/","og_site_name":"Gorica Info","article_publisher":"https:\/\/www.facebook.com\/Goricainfo-106005144489262","article_published_time":"2024-07-16T12:56:00+00:00","article_modified_time":"2024-07-16T15:30:11+00:00","og_image":[{"width":750,"height":500,"url":"https:\/\/gorica.info\/wp-content\/uploads\/2024\/07\/policija-vozilo-2.jpg","type":"image\/jpeg"}],"author":"Marta Horvat","twitter_card":"summary_large_image","twitter_creator":"@GoricaInfo","twitter_site":"@GoricaInfo","twitter_misc":{"Written by":"Marta Horvat","Est. reading time":"2 minutes"},"schema":{"@context":"https:\/\/schema.org","@graph":[{"@type":"NewsArticle","@id":"https:\/\/gorica.info\/zagrebacki-policajac-pijan-zaspao-u-bmw-u-nasred-ceste\/#article","isPartOf":{"@id":"https:\/\/gorica.info\/zagrebacki-policajac-pijan-zaspao-u-bmw-u-nasred-ceste\/"},"author":{"name":"Marta Horvat","@id":"https:\/\/gorica.info\/#\/schema\/person\/b2df2f6fb2a9073c0fa5af2672befd52"},"headline":"Zagreba\u010dki policajac pijan zaspao u BMW-u nasred ceste","datePublished":"2024-07-16T12:56:00+00:00","dateModified":"2024-07-16T15:30:11+00:00","mainEntityOfPage":{"@id":"https:\/\/gorica.info\/zagrebacki-policajac-pijan-zaspao-u-bmw-u-nasred-ceste\/"},"wordCount":219,"publisher":{"@id":"https:\/\/gorica.info\/#organization"},"image":{"@id":"https:\/\/gorica.info\/zagrebacki-policajac-pijan-zaspao-u-bmw-u-nasred-ceste\/#primaryimage"},"thumbnailUrl":"https:\/\/gorica.info\/wp-content\/uploads\/2024\/07\/policija-vozilo-2.jpg","keywords":["pijani policajac","policija","prekr\u0161ajni sud","spavao u automobilu","zaspao u BMW-u"],"articleSection":["VIJESTI"],"inLanguage":"en-US","copyrightYear":"2024","copyrightHolder":{"@id":"https:\/\/gorica.info\/en\/#organization"}},{"@type":"WebPage","@id":"https:\/\/gorica.info\/zagrebacki-policajac-pijan-zaspao-u-bmw-u-nasred-ceste\/","url":"https:\/\/gorica.info\/zagrebacki-policajac-pijan-zaspao-u-bmw-u-nasred-ceste\/","name":"Zagreba\u010dki policajac pijan zaspao u BMW-u nasred ceste - Gorica Info","isPartOf":{"@id":"https:\/\/gorica.info\/#website"},"primaryImageOfPage":{"@id":"https:\/\/gorica.info\/zagrebacki-policajac-pijan-zaspao-u-bmw-u-nasred-ceste\/#primaryimage"},"image":{"@id":"https:\/\/gorica.info\/zagrebacki-policajac-pijan-zaspao-u-bmw-u-nasred-ceste\/#primaryimage"},"thumbnailUrl":"https:\/\/gorica.info\/wp-content\/uploads\/2024\/07\/policija-vozilo-2.jpg","datePublished":"2024-07-16T12:56:00+00:00","dateModified":"2024-07-16T15:30:11+00:00","description":"Zagreba\u010dki policajac izvan slu\u017ebe u rano jutro pijan zaspao u BMW-u nasred ceste, izvijestila je Policijska uprava zagreba\u010dka.","breadcrumb":{"@id":"https:\/\/gorica.info\/zagrebacki-policajac-pijan-zaspao-u-bmw-u-nasred-ceste\/#breadcrumb"},"inLanguage":"en-US","potentialAction":[{"@type":"ReadAction","target":["https:\/\/gorica.info\/zagrebacki-policajac-pijan-zaspao-u-bmw-u-nasred-ceste\/"]}]},{"@type":"ImageObject","inLanguage":"en-US","@id":"https:\/\/gorica.info\/zagrebacki-policajac-pijan-zaspao-u-bmw-u-nasred-ceste\/#primaryimage","url":"https:\/\/gorica.info\/wp-content\/uploads\/2024\/07\/policija-vozilo-2.jpg","contentUrl":"https:\/\/gorica.info\/wp-content\/uploads\/2024\/07\/policija-vozilo-2.jpg","width":750,"height":500,"caption":"Foto: Policija"},{"@type":"BreadcrumbList","@id":"https:\/\/gorica.info\/zagrebacki-policajac-pijan-zaspao-u-bmw-u-nasred-ceste\/#breadcrumb","itemListElement":[{"@type":"ListItem","position":1,"name":"Po\u010detna stranica","item":"https:\/\/gorica.info\/"},{"@type":"ListItem","position":2,"name":"Zagreba\u010dki policajac pijan zaspao u BMW-u nasred ceste"}]},{"@type":"WebSite","@id":"https:\/\/gorica.info\/#website","url":"https:\/\/gorica.info\/","name":"Gorica Info","description":"Vijesti iz Velike Gorice i okolice.","publisher":{"@id":"https:\/\/gorica.info\/#organization"},"potentialAction":[{"@type":"SearchAction","target":{"@type":"EntryPoint","urlTemplate":"https:\/\/gorica.info\/?s={search_term_string}"},"query-input":{"@type":"PropertyValueSpecification","valueRequired":true,"valueName":"search_term_string"}}],"inLanguage":"en-US"},{"@type":["Organization","Place","NewsMediaOrganization"],"@id":"https:\/\/gorica.info\/#organization","name":"Gorica Info","url":"https:\/\/gorica.info\/","logo":{"@id":"https:\/\/gorica.info\/zagrebacki-policajac-pijan-zaspao-u-bmw-u-nasred-ceste\/#local-main-organization-logo"},"image":{"@id":"https:\/\/gorica.info\/zagrebacki-policajac-pijan-zaspao-u-bmw-u-nasred-ceste\/#local-main-organization-logo"},"sameAs":["https:\/\/www.facebook.com\/Goricainfo-106005144489262","https:\/\/x.com\/GoricaInfo","https:\/\/www.instagram.com\/gorica.info\/"],"address":{"@id":"https:\/\/gorica.info\/zagrebacki-policajac-pijan-zaspao-u-bmw-u-nasred-ceste\/#local-main-place-address"},"telephone":[],"openingHoursSpecification":[{"@type":"OpeningHoursSpecification","dayOfWeek":["Monday","Tuesday","Wednesday","Thursday","Friday","Saturday","Sunday"],"opens":"09:00","closes":"17:00"}],"email":"redakcija@gorica.info"},{"@type":"Person","@id":"https:\/\/gorica.info\/#\/schema\/person\/b2df2f6fb2a9073c0fa5af2672befd52","name":"Marta Horvat","description":"Marta Horvat je studentica koja redovito pi\u0161e za portal, prati sva gradska doga\u0111anja i u\u017eiva isprobavati nove recept koje dijeli s na\u0161im \u010ditateljima.","url":"https:\/\/gorica.info\/en\/author\/marta-horvat\/"},{"@type":"PostalAddress","@id":"https:\/\/gorica.info\/zagrebacki-policajac-pijan-zaspao-u-bmw-u-nasred-ceste\/#local-main-place-address","streetAddress":"Horvatova 97","addressLocality":"Velika Gorica","postalCode":"10410","addressRegion":"Croatia","addressCountry":"HR"},{"@type":"ImageObject","inLanguage":"en-US","@id":"https:\/\/gorica.info\/zagrebacki-policajac-pijan-zaspao-u-bmw-u-nasred-ceste\/#local-main-organization-logo","url":"https:\/\/gorica.info\/wp-content\/uploads\/2024\/07\/Gorica-Info-Logo-mali.png","contentUrl":"https:\/\/gorica.info\/wp-content\/uploads\/2024\/07\/Gorica-Info-Logo-mali.png","width":450,"height":85,"caption":"Gorica Info"}]},"geo.placename":"Velika Gorica","geo.region":"Croatia"},"_links":{"self":[{"href":"https:\/\/gorica.info\/en\/wp-json\/wp\/v2\/posts\/73744","targetHints":{"allow":["GET"]}}],"collection":[{"href":"https:\/\/gorica.info\/en\/wp-json\/wp\/v2\/posts"}],"about":[{"href":"https:\/\/gorica.info\/en\/wp-json\/wp\/v2\/types\/post"}],"author":[{"embeddable":true,"href":"https:\/\/gorica.info\/en\/wp-json\/wp\/v2\/users\/25"}],"replies":[{"embeddable":true,"href":"https:\/\/gorica.info\/en\/wp-json\/wp\/v2\/comments?post=73744"}],"version-history":[{"count":2,"href":"https:\/\/gorica.info\/en\/wp-json\/wp\/v2\/posts\/73744\/revisions"}],"predecessor-version":[{"id":73747,"href":"https:\/\/gorica.info\/en\/wp-json\/wp\/v2\/posts\/73744\/revisions\/73747"}],"wp:featuredmedia":[{"embeddable":true,"href":"https:\/\/gorica.info\/en\/wp-json\/wp\/v2\/media\/73745"}],"wp:attachment":[{"href":"https:\/\/gorica.info\/en\/wp-json\/wp\/v2\/media?parent=73744"}],"wp:term":[{"taxonomy":"category","embeddable":true,"href":"https:\/\/gorica.info\/en\/wp-json\/wp\/v2\/categories?post=73744"},{"taxonomy":"post_tag","embeddable":true,"href":"https:\/\/gorica.info\/en\/wp-json\/wp\/v2\/tags?post=73744"}],"curies":[{"name":"wp","href":"https:\/\/api.w.org\/{rel}","templated":true}]}}