{"id":73859,"date":"2024-07-19T08:00:00","date_gmt":"2024-07-19T06:00:00","guid":{"rendered":"https:\/\/gorica.info\/?p=73859"},"modified":"2024-07-18T18:17:36","modified_gmt":"2024-07-18T16:17:36","slug":"dvije-goricke-ulice-danas-popodne-bez-vode-zbog-radova-na-vodoopskrbnom-sustavu","status":"publish","type":"post","link":"https:\/\/gorica.info\/en\/dvije-goricke-ulice-danas-popodne-bez-vode-zbog-radova-na-vodoopskrbnom-sustavu\/","title":{"rendered":"Dvije gori\u010dke ulice danas popodne bez vode zbog radova"},"content":{"rendered":"<p class=\"has-medium-font-size\">Zbog radova na<strong> vodoopskrbnom sustavu<\/strong> u petak <strong>od 12 do 18 sati<\/strong> ne\u0107e biti vode u dvije gori\u010dke ulice. Bez vode \u0107e biti stanari <strong>Ulice Hrvatske Bratske Zajednice<\/strong> k\u010d.br. 1 te Zagreba\u010dke ulice <strong>k\u010d.br. 78, 80, 88\/1 i 88\/2.<\/strong><\/p>\n\n\n\n<blockquote class=\"wp-block-quote is-layout-flow wp-block-quote-is-layout-flow\">\n<p class=\"has-medium-font-size\"><strong>Cisterna s vodom<\/strong> nalazit \u0107e se na raskri\u017eju Ulica Hrvatske Bratske Zajednice i Zagreba\u010dke ulice. Opskrba vodom bit \u0107e omogu\u0107ena u najkra\u0107em mogu\u0107em roku nakon zavr\u0161etka radova, javili su iz <a href=\"https:\/\/www.vgvodoopskrba.hr\/aktualno\/obavijest-korisnicima-javne-vodoopskrbe\/\">VG Vodoopskrbe<\/a>.<\/p>\n<\/blockquote>\n\n\n\n<p class=\"has-medium-font-size\">Podsjetimo ovaj tjedan su <a href=\"https:\/\/gorica.info\/en\/pocinje-zamjena-cjevovoda-u-zagrebackoj-ulici-ocekuju-se-guzve-u-prometu\/\">po\u010deli radovi<\/a> na zamjeni cjevovoda na Zagreba\u010dkoj ulici od kri\u017eanja s ulicom Hrvatske bratske zajednice do ulice Rudolfa Fizira\u201c,\u00a0<strong>ukupne duljine cca 1350 m<\/strong><\/p>\n\n\n\n<blockquote class=\"wp-block-quote is-layout-flow wp-block-quote-is-layout-flow\">\n<p class=\"has-medium-font-size\"><em>Predvi\u0111eno je polaganje\u00a0<\/em><strong>zamjenskog cjevovoda<\/strong><em>\u00a0u sjeverni (desni) vozni trak Zagreba\u010dke ulice. Kako bi se prona\u0161lo najbolje rje\u0161enje za promet, a gu\u017eve svele na minimum, trasa je<\/em><strong>\u00a0podijeljena na 12 dionica<\/strong><em>.<\/em><\/p>\n<\/blockquote>\n\n\n\n<p class=\"has-medium-font-size\">Postoje\u0107i\u00a0<strong>cjevovod je dotrajao<\/strong>, nedovoljnog kapaciteta i sklon puknu\u0107ima zbog \u010dega dolazi do prekida u opskrbi vodom. Zato je potrebno izgraditi novi cjevovod od kvalitetnijeg materijala i ve\u0107eg profila, poja\u0161njavaju iz\u00a0<a href=\"https:\/\/gorica.info\/en\/vg-vodoopskrba-dobila-39-milijuna-eura-sredstva-su-namijenjena-za-sve-odradene-poslove-na-prvoj-fazi-aglomeracije\/\">VG Vodoopskrbe<\/a>.<\/p>\n\n\n\n<p><\/p>","protected":false},"excerpt":{"rendered":"<p>Zbog radova na vodoopskrbnom sustavu u petak od 12 do 18 sati ne\u0107e biti vode u dvije gori\u010dke ulice. Bez vode \u0107e biti stanari Ulice Hrvatske Bratske Zajednice k\u010d.br. 1 te Zagreba\u010dke ulice k\u010d.br. 78, 80, 88\/1 i 88\/2. Cisterna s vodom nalazit \u0107e se na raskri\u017eju Ulica Hrvatske Bratske Zajednice i Zagreba\u010dke ulice. Opskrba [&hellip;]<\/p>\n","protected":false},"author":23,"featured_media":73861,"comment_status":"closed","ping_status":"closed","sticky":false,"template":"","format":"standard","meta":{"limit_modified_date":"","last_modified_date":"","jnews-multi-image_gallery":[],"jnews_single_post":{"subtitle":"","format":"standard","video":"","gallery":"","source_name":"","source_url":"","via_name":"","via_url":"","override_template":"0","override":[{"template":"3","single_blog_custom":"","parallax":"1","fullscreen":"1","layout":"right-sidebar","sidebar":"default-sidebar","second_sidebar":"default-sidebar","sticky_sidebar":"1","share_position":"top","share_float_style":"share-monocrhome","show_share_counter":"0","show_view_counter":"0","show_featured":"1","show_post_meta":"1","show_post_author":"1","show_post_author_image":"1","show_post_date":"1","post_date_format":"default","post_date_format_custom":"Y\/m\/d","show_post_category":"1","show_post_reading_time":"1","post_reading_time_wpm":"300","post_calculate_word_method":"str_word_count","show_zoom_button":"0","zoom_button_out_step":"2","zoom_button_in_step":"3","show_post_tag":"1","show_prev_next_post":"0","show_popup_post":"1","number_popup_post":"1","show_author_box":"0","show_post_related":"1","show_inline_post_related":"0"}],"override_image_size":"0","image_override":[{"single_post_thumbnail_size":"crop-500","single_post_gallery_size":"crop-500"}],"trending_post":"0","trending_post_position":"meta","trending_post_label":"Trending","sponsored_post":"0","sponsored_post_label":"Sponsored by","sponsored_post_name":"","sponsored_post_url":"","sponsored_post_logo_enable":"0","sponsored_post_logo":"","sponsored_post_desc":"","disable_ad":"0"},"jnews_primary_category":{"id":"","hide":""},"jnews_override_counter":{"override_view_counter":"0","view_counter_number":"0","override_share_counter":"0","share_counter_number":"0","override_like_counter":"0","like_counter_number":"0","override_dislike_counter":"0","dislike_counter_number":"0"},"footnotes":""},"categories":[87],"tags":[3342,13523,13522,153,878,1361,13524],"class_list":["post-73859","post","type-post","status-publish","format-standard","has-post-thumbnail","hentry","category-gorica","tag-bez-vode","tag-cisterna-s-vodom","tag-obavijest-stanarima","tag-radovi","tag-vg-vodoopskrba","tag-voda","tag-zamjena-cjevovoda"],"yoast_head":"<!-- This site is optimized with the Yoast SEO Premium plugin v27.4 (Yoast SEO v27.4) - https:\/\/yoast.com\/product\/yoast-seo-premium-wordpress\/ -->\n<title>Dvije gori\u010dke ulice danas popodne bez vode zbog radova - Gorica Info<\/title>\n<meta name=\"description\" content=\"Dvije gori\u010dke ulice danas popodne bez vode zbog radova na vodoopskrbnom sustavu, najavila je Vg Vodoopskrba.\" \/>\n<meta name=\"robots\" content=\"index, follow, max-snippet:-1, max-image-preview:large, max-video-preview:-1\" \/>\n<link rel=\"canonical\" href=\"https:\/\/gorica.info\/en\/dvije-goricke-ulice-danas-popodne-bez-vode-zbog-radova-na-vodoopskrbnom-sustavu\/\" \/>\n<meta property=\"og:locale\" content=\"en_US\" \/>\n<meta property=\"og:type\" content=\"article\" \/>\n<meta property=\"og:title\" content=\"Dvije gori\u010dke ulice danas popodne bez vode zbog radova\" \/>\n<meta property=\"og:description\" content=\"Dvije gori\u010dke ulice danas popodne bez vode zbog radova na vodoopskrbnom sustavu, najavila je Vg Vodoopskrba.\" \/>\n<meta property=\"og:url\" content=\"https:\/\/gorica.info\/en\/dvije-goricke-ulice-danas-popodne-bez-vode-zbog-radova-na-vodoopskrbnom-sustavu\/\" \/>\n<meta property=\"og:site_name\" content=\"Gorica Info\" \/>\n<meta property=\"article:publisher\" content=\"https:\/\/www.facebook.com\/Goricainfo-106005144489262\" \/>\n<meta property=\"article:published_time\" content=\"2024-07-19T06:00:00+00:00\" \/>\n<meta property=\"og:image\" content=\"https:\/\/gorica.info\/wp-content\/uploads\/2024\/07\/radovi-zagrebacka-ulica-voda-foto-goricainfo.jpg\" \/>\n\t<meta property=\"og:image:width\" content=\"732\" \/>\n\t<meta property=\"og:image:height\" content=\"800\" \/>\n\t<meta property=\"og:image:type\" content=\"image\/jpeg\" \/>\n<meta name=\"author\" content=\"Gorica. info\" \/>\n<meta name=\"twitter:card\" content=\"summary_large_image\" \/>\n<meta name=\"twitter:creator\" content=\"@GoricaInfo\" \/>\n<meta name=\"twitter:site\" content=\"@GoricaInfo\" \/>\n<meta name=\"twitter:label1\" content=\"Written by\" \/>\n\t<meta name=\"twitter:data1\" content=\"Gorica. info\" \/>\n\t<meta name=\"twitter:label2\" content=\"Est. reading time\" \/>\n\t<meta name=\"twitter:data2\" content=\"1 minute\" \/>\n<meta name=\"geo.placename\" content=\"Velika Gorica\" \/>\n<meta name=\"geo.region\" content=\"Croatia\" \/>\n<!-- \/ Yoast SEO Premium plugin. -->","yoast_head_json":{"title":"Dvije gori\u010dke ulice danas popodne bez vode zbog radova - Gorica Info","description":"Dvije gori\u010dke ulice danas popodne bez vode zbog radova na vodoopskrbnom sustavu, najavila je Vg Vodoopskrba.","robots":{"index":"index","follow":"follow","max-snippet":"max-snippet:-1","max-image-preview":"max-image-preview:large","max-video-preview":"max-video-preview:-1"},"canonical":"https:\/\/gorica.info\/en\/dvije-goricke-ulice-danas-popodne-bez-vode-zbog-radova-na-vodoopskrbnom-sustavu\/","og_locale":"en_US","og_type":"article","og_title":"Dvije gori\u010dke ulice danas popodne bez vode zbog radova","og_description":"Dvije gori\u010dke ulice danas popodne bez vode zbog radova na vodoopskrbnom sustavu, najavila je Vg Vodoopskrba.","og_url":"https:\/\/gorica.info\/en\/dvije-goricke-ulice-danas-popodne-bez-vode-zbog-radova-na-vodoopskrbnom-sustavu\/","og_site_name":"Gorica Info","article_publisher":"https:\/\/www.facebook.com\/Goricainfo-106005144489262","article_published_time":"2024-07-19T06:00:00+00:00","og_image":[{"width":732,"height":800,"url":"https:\/\/gorica.info\/wp-content\/uploads\/2024\/07\/radovi-zagrebacka-ulica-voda-foto-goricainfo.jpg","type":"image\/jpeg"}],"author":"Gorica. info","twitter_card":"summary_large_image","twitter_creator":"@GoricaInfo","twitter_site":"@GoricaInfo","twitter_misc":{"Written by":"Gorica. info","Est. reading time":"1 minute"},"schema":{"@context":"https:\/\/schema.org","@graph":[{"@type":"NewsArticle","@id":"https:\/\/gorica.info\/dvije-goricke-ulice-danas-popodne-bez-vode-zbog-radova-na-vodoopskrbnom-sustavu\/#article","isPartOf":{"@id":"https:\/\/gorica.info\/dvije-goricke-ulice-danas-popodne-bez-vode-zbog-radova-na-vodoopskrbnom-sustavu\/"},"author":{"name":"Gorica. info","@id":"https:\/\/gorica.info\/#\/schema\/person\/4499af1f22f322670b9b5977ccc2e3de"},"headline":"Dvije gori\u010dke ulice danas popodne bez vode zbog radova","datePublished":"2024-07-19T06:00:00+00:00","mainEntityOfPage":{"@id":"https:\/\/gorica.info\/dvije-goricke-ulice-danas-popodne-bez-vode-zbog-radova-na-vodoopskrbnom-sustavu\/"},"wordCount":187,"publisher":{"@id":"https:\/\/gorica.info\/#organization"},"image":{"@id":"https:\/\/gorica.info\/dvije-goricke-ulice-danas-popodne-bez-vode-zbog-radova-na-vodoopskrbnom-sustavu\/#primaryimage"},"thumbnailUrl":"https:\/\/gorica.info\/wp-content\/uploads\/2024\/07\/radovi-zagrebacka-ulica-voda-foto-goricainfo.jpg","keywords":["bez vode","cisterna s vodom","obavijest stanarima","radovi","vg vodoopskrba","voda","zamjena cjevovoda"],"articleSection":["GORICA"],"inLanguage":"en-US","copyrightYear":"2024","copyrightHolder":{"@id":"https:\/\/gorica.info\/en\/#organization"}},{"@type":"WebPage","@id":"https:\/\/gorica.info\/dvije-goricke-ulice-danas-popodne-bez-vode-zbog-radova-na-vodoopskrbnom-sustavu\/","url":"https:\/\/gorica.info\/dvije-goricke-ulice-danas-popodne-bez-vode-zbog-radova-na-vodoopskrbnom-sustavu\/","name":"Dvije gori\u010dke ulice danas popodne bez vode zbog radova - Gorica Info","isPartOf":{"@id":"https:\/\/gorica.info\/#website"},"primaryImageOfPage":{"@id":"https:\/\/gorica.info\/dvije-goricke-ulice-danas-popodne-bez-vode-zbog-radova-na-vodoopskrbnom-sustavu\/#primaryimage"},"image":{"@id":"https:\/\/gorica.info\/dvije-goricke-ulice-danas-popodne-bez-vode-zbog-radova-na-vodoopskrbnom-sustavu\/#primaryimage"},"thumbnailUrl":"https:\/\/gorica.info\/wp-content\/uploads\/2024\/07\/radovi-zagrebacka-ulica-voda-foto-goricainfo.jpg","datePublished":"2024-07-19T06:00:00+00:00","description":"Dvije gori\u010dke ulice danas popodne bez vode zbog radova na vodoopskrbnom sustavu, najavila je Vg Vodoopskrba.","breadcrumb":{"@id":"https:\/\/gorica.info\/dvije-goricke-ulice-danas-popodne-bez-vode-zbog-radova-na-vodoopskrbnom-sustavu\/#breadcrumb"},"inLanguage":"en-US","potentialAction":[{"@type":"ReadAction","target":["https:\/\/gorica.info\/dvije-goricke-ulice-danas-popodne-bez-vode-zbog-radova-na-vodoopskrbnom-sustavu\/"]}]},{"@type":"ImageObject","inLanguage":"en-US","@id":"https:\/\/gorica.info\/dvije-goricke-ulice-danas-popodne-bez-vode-zbog-radova-na-vodoopskrbnom-sustavu\/#primaryimage","url":"https:\/\/gorica.info\/wp-content\/uploads\/2024\/07\/radovi-zagrebacka-ulica-voda-foto-goricainfo.jpg","contentUrl":"https:\/\/gorica.info\/wp-content\/uploads\/2024\/07\/radovi-zagrebacka-ulica-voda-foto-goricainfo.jpg","width":732,"height":800,"caption":"Foto: Gorica.info"},{"@type":"BreadcrumbList","@id":"https:\/\/gorica.info\/dvije-goricke-ulice-danas-popodne-bez-vode-zbog-radova-na-vodoopskrbnom-sustavu\/#breadcrumb","itemListElement":[{"@type":"ListItem","position":1,"name":"Po\u010detna stranica","item":"https:\/\/gorica.info\/"},{"@type":"ListItem","position":2,"name":"Dvije gori\u010dke ulice danas popodne bez vode zbog radova"}]},{"@type":"WebSite","@id":"https:\/\/gorica.info\/#website","url":"https:\/\/gorica.info\/","name":"Gorica Info","description":"Vijesti iz Velike Gorice i okolice.","publisher":{"@id":"https:\/\/gorica.info\/#organization"},"potentialAction":[{"@type":"SearchAction","target":{"@type":"EntryPoint","urlTemplate":"https:\/\/gorica.info\/?s={search_term_string}"},"query-input":{"@type":"PropertyValueSpecification","valueRequired":true,"valueName":"search_term_string"}}],"inLanguage":"en-US"},{"@type":["Organization","Place","NewsMediaOrganization"],"@id":"https:\/\/gorica.info\/#organization","name":"Gorica Info","url":"https:\/\/gorica.info\/","logo":{"@id":"https:\/\/gorica.info\/dvije-goricke-ulice-danas-popodne-bez-vode-zbog-radova-na-vodoopskrbnom-sustavu\/#local-main-organization-logo"},"image":{"@id":"https:\/\/gorica.info\/dvije-goricke-ulice-danas-popodne-bez-vode-zbog-radova-na-vodoopskrbnom-sustavu\/#local-main-organization-logo"},"sameAs":["https:\/\/www.facebook.com\/Goricainfo-106005144489262","https:\/\/x.com\/GoricaInfo","https:\/\/www.instagram.com\/gorica.info\/"],"address":{"@id":"https:\/\/gorica.info\/dvije-goricke-ulice-danas-popodne-bez-vode-zbog-radova-na-vodoopskrbnom-sustavu\/#local-main-place-address"},"telephone":[],"openingHoursSpecification":[{"@type":"OpeningHoursSpecification","dayOfWeek":["Monday","Tuesday","Wednesday","Thursday","Friday","Saturday","Sunday"],"opens":"09:00","closes":"17:00"}],"email":"redakcija@gorica.info"},{"@type":"Person","@id":"https:\/\/gorica.info\/#\/schema\/person\/4499af1f22f322670b9b5977ccc2e3de","name":"Gorica. info","description":"Gorica.info je lokalni portal koji prati Veliku Goricu i okolici, svakodnevno donosi najnovije vijesti i pri\u010de, kulturna doga\u0111anja i aktualnosti koje oblikuju \u017eivot gra\u0111ana.","url":"https:\/\/gorica.info\/en\/author\/gorica-info\/"},{"@type":"PostalAddress","@id":"https:\/\/gorica.info\/dvije-goricke-ulice-danas-popodne-bez-vode-zbog-radova-na-vodoopskrbnom-sustavu\/#local-main-place-address","streetAddress":"Horvatova 97","addressLocality":"Velika Gorica","postalCode":"10410","addressRegion":"Croatia","addressCountry":"HR"},{"@type":"ImageObject","inLanguage":"en-US","@id":"https:\/\/gorica.info\/dvije-goricke-ulice-danas-popodne-bez-vode-zbog-radova-na-vodoopskrbnom-sustavu\/#local-main-organization-logo","url":"https:\/\/gorica.info\/wp-content\/uploads\/2024\/07\/Gorica-Info-Logo-mali.png","contentUrl":"https:\/\/gorica.info\/wp-content\/uploads\/2024\/07\/Gorica-Info-Logo-mali.png","width":450,"height":85,"caption":"Gorica Info"}]},"geo.placename":"Velika Gorica","geo.region":"Croatia"},"_links":{"self":[{"href":"https:\/\/gorica.info\/en\/wp-json\/wp\/v2\/posts\/73859","targetHints":{"allow":["GET"]}}],"collection":[{"href":"https:\/\/gorica.info\/en\/wp-json\/wp\/v2\/posts"}],"about":[{"href":"https:\/\/gorica.info\/en\/wp-json\/wp\/v2\/types\/post"}],"author":[{"embeddable":true,"href":"https:\/\/gorica.info\/en\/wp-json\/wp\/v2\/users\/23"}],"replies":[{"embeddable":true,"href":"https:\/\/gorica.info\/en\/wp-json\/wp\/v2\/comments?post=73859"}],"version-history":[{"count":3,"href":"https:\/\/gorica.info\/en\/wp-json\/wp\/v2\/posts\/73859\/revisions"}],"predecessor-version":[{"id":73867,"href":"https:\/\/gorica.info\/en\/wp-json\/wp\/v2\/posts\/73859\/revisions\/73867"}],"wp:featuredmedia":[{"embeddable":true,"href":"https:\/\/gorica.info\/en\/wp-json\/wp\/v2\/media\/73861"}],"wp:attachment":[{"href":"https:\/\/gorica.info\/en\/wp-json\/wp\/v2\/media?parent=73859"}],"wp:term":[{"taxonomy":"category","embeddable":true,"href":"https:\/\/gorica.info\/en\/wp-json\/wp\/v2\/categories?post=73859"},{"taxonomy":"post_tag","embeddable":true,"href":"https:\/\/gorica.info\/en\/wp-json\/wp\/v2\/tags?post=73859"}],"curies":[{"name":"wp","href":"https:\/\/api.w.org\/{rel}","templated":true}]}}